{"id":4297,"date":"2012-07-20T13:18:42","date_gmt":"2012-07-20T11:18:42","guid":{"rendered":"http:\/\/www.altercampagne.net\/?p=4297"},"modified":"2016-04-19T13:23:46","modified_gmt":"2016-04-19T11:23:46","slug":"un-tour-de-france-alternatif","status":"publish","type":"post","link":"https:\/\/www.altercampagne.net\/?p=4297","title":{"rendered":"Un Tour de France alternatif"},"content":{"rendered":"<p><img loading=\"lazy\" decoding=\"async\" class=\" alignleft\" src=\"http:\/\/www.sudouest.fr\/images\/2012\/07\/20\/774353_20831132_460x306.jpg\" alt=\"\" width=\"460\" height=\"306\" \/>L&rsquo;AlterTour de l&rsquo;association AlterCampagne passera par le Lot-et-Garonne.<\/p>\n<p class=\"Style153\" align=\"justify\">Cette ann\u00e9e, l&rsquo;AlterTour passe dans la r\u00e9gion. \u00c0 travers cette course cycliste sans comp\u00e9tition, l&rsquo;association milite contre le dopage sportif et en faveur de projets \u00e9conomiques, solidaires et de d\u00e9veloppements alternatifs.<\/p>\n<p class=\"Style153\" align=\"justify\">D\u00e9but ao\u00fbt, la course cycliste organis\u00e9e par l&rsquo;association Altercampagne en marge du Tour de France fera escale dans le Lot-et-Garonne. Pour cette cinqui\u00e8me \u00e9dition, trois \u00e9tapes sont pr\u00e9vues dans le d\u00e9partement. Ce sera l&rsquo;occasion pour les acteurs locaux de pr\u00e9senter aux sportifs amateurs diff\u00e9rents projets de d\u00e9veloppement alternatifs.<\/p>\n<p class=\"Style153\" align=\"justify\">Le 8 ao\u00fbt, les participants pourront visiter une maison collective regroupant trois familles lors de leur arr\u00eat au hameau de Bouss\u00e8res, \u00e0 Port-Sainte-Marie. Le lendemain, ils planteront leur tente sur le terrain de rugby de Montpezat-d&rsquo;Agenais o\u00f9 ils d\u00e9couvriront les vertus de plantes m\u00e9dicinales et aromatiques gr\u00e2ce \u00e0 une entreprise locale. Enfin, le 10 ao\u00fbt, ils passeront leur derni\u00e8re nuit dans le d\u00e9partement avec l&rsquo;association Au fil des S\u00e9ounes pour une projection du documentaire \u00ab \u00c9nergie, le futur \u00e0 contre-courant \u00bb, de Claude Lahr.<\/p>\n<p class=\"Style153\" align=\"justify\">Une demi-\u00e9tape \u00e0 Agen est \u00e9galement pr\u00e9vue place Armand-Falli\u00e8res. Les cyclistes pourront \u00e9changer avec les associations locales et une p\u00e9tition contre le gaz de schiste sera d&rsquo;ailleurs d\u00e9pos\u00e9e \u00e0 la pr\u00e9fecture.<\/p>\n<p class=\"Style153\" align=\"justify\">Partis le 12 juillet de Foix (09), les cyclistes rouleront jusqu&rsquo;au 19 ao\u00fbt pour gagner Bedous (64) \u00e0 la force des cuisses. Cette ann\u00e9e, l&rsquo;association AlterCampagne a d\u00e9cid\u00e9 d&rsquo;organiser son AlterTour annuel dans le Sud-Ouest. Le parcours traverse la r\u00e9gion Midi-Pyr\u00e9n\u00e9es, l&rsquo;Aquitaine et le Languedoc-Roussillon.<\/p>\n<p class=\"Style153\" align=\"justify\">Source : <a href=\"http:\/\/www.sudouest.fr\/2012\/07\/20\/un-tour-de-france-alternatif-774353-3783.php\" target=\"_blank\">http:\/\/www.sudouest.fr\/2012\/07\/20\/un-tour-de-france-alternatif-774353-3783.php<\/a><\/p>\n","protected":false},"excerpt":{"rendered":"<p>L&rsquo;AlterTour de l&rsquo;association AlterCampagne passera par le Lot-et-Garonne. Cette ann\u00e9e, l&rsquo;AlterTour passe dans la r\u00e9gion. \u00c0 travers cette course cycliste sans comp\u00e9tition, l&rsquo;association milite contre le dopage sportif et en faveur de projets \u00e9conomiques, solidaires et de d\u00e9veloppements alternatifs. D\u00e9but ao\u00fbt, la course cycliste organis\u00e9e par l&rsquo;association Altercampagne en marge &#8230; <\/p>\n<div><a href=\"https:\/\/www.altercampagne.net\/?p=4297\" class=\"more-link\">Read More<\/a><\/div>\n","protected":false},"author":214,"featured_media":0,"comment_status":"closed","ping_status":"closed","sticky":false,"template":"","format":"standard","meta":{"footnotes":""},"categories":[239],"tags":[287,852,892,1814,1873,1875,1886,1889,1890,1943,1944],"class_list":["post-4297","post","type-post","status-publish","format-standard","hentry","category-revue-de-presse","tag-gaz-de-schiste","tag-altertour-2012","tag-aquitaine","tag-1814","tag-lot-et-garonne","tag-agen","tag-au-fil-des-seounes","tag-port-sainte-marie","tag-montpezat-dagenais","tag-hameau-de-bousseres","tag-claude-lahr","no-post-thumbnail"],"yoast_head":"<!-- This site is optimized with the Yoast SEO plugin v27.3 - https:\/\/yoast.com\/product\/yoast-seo-wordpress\/ -->\n<title>Un Tour de France alternatif - AlterTour<\/title>\n<meta name=\"robots\" content=\"index, follow, max-snippet:-1, max-image-preview:large, max-video-preview:-1\" \/>\n<link rel=\"canonical\" href=\"https:\/\/www.altercampagne.net\/?p=4297\" \/>\n<meta property=\"og:locale\" content=\"fr_FR\" \/>\n<meta property=\"og:type\" content=\"article\" \/>\n<meta property=\"og:title\" content=\"Un Tour de France alternatif - AlterTour\" \/>\n<meta property=\"og:description\" content=\"L&rsquo;AlterTour de l&rsquo;association AlterCampagne passera par le Lot-et-Garonne. Cette ann\u00e9e, l&rsquo;AlterTour passe dans la r\u00e9gion. \u00c0 travers cette course cycliste sans comp\u00e9tition, l&rsquo;association milite contre le dopage sportif et en faveur de projets \u00e9conomiques, solidaires et de d\u00e9veloppements alternatifs. D\u00e9but ao\u00fbt, la course cycliste organis\u00e9e par l&rsquo;association Altercampagne en marge ... Read More\" \/>\n<meta property=\"og:url\" content=\"https:\/\/www.altercampagne.net\/?p=4297\" \/>\n<meta property=\"og:site_name\" content=\"AlterTour\" \/>\n<meta property=\"article:published_time\" content=\"2012-07-20T11:18:42+00:00\" \/>\n<meta property=\"article:modified_time\" content=\"2016-04-19T11:23:46+00:00\" \/>\n<meta property=\"og:image\" content=\"http:\/\/www.sudouest.fr\/images\/2012\/07\/20\/774353_20831132_460x306.jpg\" \/>\n<meta name=\"author\" content=\"Mathieu\" \/>\n<meta name=\"twitter:card\" content=\"summary_large_image\" \/>\n<meta name=\"twitter:label1\" content=\"\u00c9crit par\" \/>\n\t<meta name=\"twitter:data1\" content=\"Mathieu\" \/>\n\t<meta name=\"twitter:label2\" content=\"Dur\u00e9e de lecture estim\u00e9e\" \/>\n\t<meta name=\"twitter:data2\" content=\"1 minute\" \/>\n<script type=\"application\/ld+json\" class=\"yoast-schema-graph\">{\"@context\":\"https:\\\/\\\/schema.org\",\"@graph\":[{\"@type\":\"Article\",\"@id\":\"https:\\\/\\\/www.altercampagne.net\\\/?p=4297#article\",\"isPartOf\":{\"@id\":\"https:\\\/\\\/www.altercampagne.net\\\/?p=4297\"},\"author\":{\"name\":\"Mathieu\",\"@id\":\"https:\\\/\\\/www.altercampagne.net\\\/#\\\/schema\\\/person\\\/0f261460c09e430caa0f9bcffa319109\"},\"headline\":\"Un Tour de France alternatif\",\"datePublished\":\"2012-07-20T11:18:42+00:00\",\"dateModified\":\"2016-04-19T11:23:46+00:00\",\"mainEntityOfPage\":{\"@id\":\"https:\\\/\\\/www.altercampagne.net\\\/?p=4297\"},\"wordCount\":294,\"image\":{\"@id\":\"https:\\\/\\\/www.altercampagne.net\\\/?p=4297#primaryimage\"},\"thumbnailUrl\":\"http:\\\/\\\/www.sudouest.fr\\\/images\\\/2012\\\/07\\\/20\\\/774353_20831132_460x306.jpg\",\"keywords\":[\"gaz de schiste\",\"AlterTour 2012\",\"Aquitaine\",\"2012\",\"Lot-et-Garonne\",\"Agen\",\"Au fil des S\u00e9ounes\",\"Port-Sainte-Marie\",\"Montpezat-d'Agenais\",\"hameau de Bouss\u00e8res\",\"Claude Lahr\"],\"articleSection\":[\"Revue de presse\"],\"inLanguage\":\"fr-FR\"},{\"@type\":\"WebPage\",\"@id\":\"https:\\\/\\\/www.altercampagne.net\\\/?p=4297\",\"url\":\"https:\\\/\\\/www.altercampagne.net\\\/?p=4297\",\"name\":\"Un Tour de France alternatif - AlterTour\",\"isPartOf\":{\"@id\":\"https:\\\/\\\/www.altercampagne.net\\\/#website\"},\"primaryImageOfPage\":{\"@id\":\"https:\\\/\\\/www.altercampagne.net\\\/?p=4297#primaryimage\"},\"image\":{\"@id\":\"https:\\\/\\\/www.altercampagne.net\\\/?p=4297#primaryimage\"},\"thumbnailUrl\":\"http:\\\/\\\/www.sudouest.fr\\\/images\\\/2012\\\/07\\\/20\\\/774353_20831132_460x306.jpg\",\"datePublished\":\"2012-07-20T11:18:42+00:00\",\"dateModified\":\"2016-04-19T11:23:46+00:00\",\"author\":{\"@id\":\"https:\\\/\\\/www.altercampagne.net\\\/#\\\/schema\\\/person\\\/0f261460c09e430caa0f9bcffa319109\"},\"breadcrumb\":{\"@id\":\"https:\\\/\\\/www.altercampagne.net\\\/?p=4297#breadcrumb\"},\"inLanguage\":\"fr-FR\",\"potentialAction\":[{\"@type\":\"ReadAction\",\"target\":[\"https:\\\/\\\/www.altercampagne.net\\\/?p=4297\"]}]},{\"@type\":\"ImageObject\",\"inLanguage\":\"fr-FR\",\"@id\":\"https:\\\/\\\/www.altercampagne.net\\\/?p=4297#primaryimage\",\"url\":\"http:\\\/\\\/www.sudouest.fr\\\/images\\\/2012\\\/07\\\/20\\\/774353_20831132_460x306.jpg\",\"contentUrl\":\"http:\\\/\\\/www.sudouest.fr\\\/images\\\/2012\\\/07\\\/20\\\/774353_20831132_460x306.jpg\"},{\"@type\":\"BreadcrumbList\",\"@id\":\"https:\\\/\\\/www.altercampagne.net\\\/?p=4297#breadcrumb\",\"itemListElement\":[{\"@type\":\"ListItem\",\"position\":1,\"name\":\"Accueil\",\"item\":\"https:\\\/\\\/www.altercampagne.net\\\/\"},{\"@type\":\"ListItem\",\"position\":2,\"name\":\"Un Tour de France alternatif\"}]},{\"@type\":\"WebSite\",\"@id\":\"https:\\\/\\\/www.altercampagne.net\\\/#website\",\"url\":\"https:\\\/\\\/www.altercampagne.net\\\/\",\"name\":\"AlterTour\",\"description\":\"Reliez les Alternatives \u00e0 v\u00e9lo\",\"potentialAction\":[{\"@type\":\"SearchAction\",\"target\":{\"@type\":\"EntryPoint\",\"urlTemplate\":\"https:\\\/\\\/www.altercampagne.net\\\/?s={search_term_string}\"},\"query-input\":{\"@type\":\"PropertyValueSpecification\",\"valueRequired\":true,\"valueName\":\"search_term_string\"}}],\"inLanguage\":\"fr-FR\"},{\"@type\":\"Person\",\"@id\":\"https:\\\/\\\/www.altercampagne.net\\\/#\\\/schema\\\/person\\\/0f261460c09e430caa0f9bcffa319109\",\"name\":\"Mathieu\",\"image\":{\"@type\":\"ImageObject\",\"inLanguage\":\"fr-FR\",\"@id\":\"https:\\\/\\\/secure.gravatar.com\\\/avatar\\\/aa9d3d24c83f2141e5e2709d0f63d09a99f6be6bb7a50abc4915838d9f54501a?s=96&d=mm&r=g\",\"url\":\"https:\\\/\\\/secure.gravatar.com\\\/avatar\\\/aa9d3d24c83f2141e5e2709d0f63d09a99f6be6bb7a50abc4915838d9f54501a?s=96&d=mm&r=g\",\"contentUrl\":\"https:\\\/\\\/secure.gravatar.com\\\/avatar\\\/aa9d3d24c83f2141e5e2709d0f63d09a99f6be6bb7a50abc4915838d9f54501a?s=96&d=mm&r=g\",\"caption\":\"Mathieu\"},\"url\":\"https:\\\/\\\/www.altercampagne.net\\\/?author=214\"}]}<\/script>\n<!-- \/ Yoast SEO plugin. -->","yoast_head_json":{"title":"Un Tour de France alternatif - AlterTour","robots":{"index":"index","follow":"follow","max-snippet":"max-snippet:-1","max-image-preview":"max-image-preview:large","max-video-preview":"max-video-preview:-1"},"canonical":"https:\/\/www.altercampagne.net\/?p=4297","og_locale":"fr_FR","og_type":"article","og_title":"Un Tour de France alternatif - AlterTour","og_description":"L&rsquo;AlterTour de l&rsquo;association AlterCampagne passera par le Lot-et-Garonne. Cette ann\u00e9e, l&rsquo;AlterTour passe dans la r\u00e9gion. \u00c0 travers cette course cycliste sans comp\u00e9tition, l&rsquo;association milite contre le dopage sportif et en faveur de projets \u00e9conomiques, solidaires et de d\u00e9veloppements alternatifs. D\u00e9but ao\u00fbt, la course cycliste organis\u00e9e par l&rsquo;association Altercampagne en marge ... Read More","og_url":"https:\/\/www.altercampagne.net\/?p=4297","og_site_name":"AlterTour","article_published_time":"2012-07-20T11:18:42+00:00","article_modified_time":"2016-04-19T11:23:46+00:00","og_image":[{"url":"http:\/\/www.sudouest.fr\/images\/2012\/07\/20\/774353_20831132_460x306.jpg","type":"","width":"","height":""}],"author":"Mathieu","twitter_card":"summary_large_image","twitter_misc":{"\u00c9crit par":"Mathieu","Dur\u00e9e de lecture estim\u00e9e":"1 minute"},"schema":{"@context":"https:\/\/schema.org","@graph":[{"@type":"Article","@id":"https:\/\/www.altercampagne.net\/?p=4297#article","isPartOf":{"@id":"https:\/\/www.altercampagne.net\/?p=4297"},"author":{"name":"Mathieu","@id":"https:\/\/www.altercampagne.net\/#\/schema\/person\/0f261460c09e430caa0f9bcffa319109"},"headline":"Un Tour de France alternatif","datePublished":"2012-07-20T11:18:42+00:00","dateModified":"2016-04-19T11:23:46+00:00","mainEntityOfPage":{"@id":"https:\/\/www.altercampagne.net\/?p=4297"},"wordCount":294,"image":{"@id":"https:\/\/www.altercampagne.net\/?p=4297#primaryimage"},"thumbnailUrl":"http:\/\/www.sudouest.fr\/images\/2012\/07\/20\/774353_20831132_460x306.jpg","keywords":["gaz de schiste","AlterTour 2012","Aquitaine","2012","Lot-et-Garonne","Agen","Au fil des S\u00e9ounes","Port-Sainte-Marie","Montpezat-d'Agenais","hameau de Bouss\u00e8res","Claude Lahr"],"articleSection":["Revue de presse"],"inLanguage":"fr-FR"},{"@type":"WebPage","@id":"https:\/\/www.altercampagne.net\/?p=4297","url":"https:\/\/www.altercampagne.net\/?p=4297","name":"Un Tour de France alternatif - AlterTour","isPartOf":{"@id":"https:\/\/www.altercampagne.net\/#website"},"primaryImageOfPage":{"@id":"https:\/\/www.altercampagne.net\/?p=4297#primaryimage"},"image":{"@id":"https:\/\/www.altercampagne.net\/?p=4297#primaryimage"},"thumbnailUrl":"http:\/\/www.sudouest.fr\/images\/2012\/07\/20\/774353_20831132_460x306.jpg","datePublished":"2012-07-20T11:18:42+00:00","dateModified":"2016-04-19T11:23:46+00:00","author":{"@id":"https:\/\/www.altercampagne.net\/#\/schema\/person\/0f261460c09e430caa0f9bcffa319109"},"breadcrumb":{"@id":"https:\/\/www.altercampagne.net\/?p=4297#breadcrumb"},"inLanguage":"fr-FR","potentialAction":[{"@type":"ReadAction","target":["https:\/\/www.altercampagne.net\/?p=4297"]}]},{"@type":"ImageObject","inLanguage":"fr-FR","@id":"https:\/\/www.altercampagne.net\/?p=4297#primaryimage","url":"http:\/\/www.sudouest.fr\/images\/2012\/07\/20\/774353_20831132_460x306.jpg","contentUrl":"http:\/\/www.sudouest.fr\/images\/2012\/07\/20\/774353_20831132_460x306.jpg"},{"@type":"BreadcrumbList","@id":"https:\/\/www.altercampagne.net\/?p=4297#breadcrumb","itemListElement":[{"@type":"ListItem","position":1,"name":"Accueil","item":"https:\/\/www.altercampagne.net\/"},{"@type":"ListItem","position":2,"name":"Un Tour de France alternatif"}]},{"@type":"WebSite","@id":"https:\/\/www.altercampagne.net\/#website","url":"https:\/\/www.altercampagne.net\/","name":"AlterTour","description":"Reliez les Alternatives \u00e0 v\u00e9lo","potentialAction":[{"@type":"SearchAction","target":{"@type":"EntryPoint","urlTemplate":"https:\/\/www.altercampagne.net\/?s={search_term_string}"},"query-input":{"@type":"PropertyValueSpecification","valueRequired":true,"valueName":"search_term_string"}}],"inLanguage":"fr-FR"},{"@type":"Person","@id":"https:\/\/www.altercampagne.net\/#\/schema\/person\/0f261460c09e430caa0f9bcffa319109","name":"Mathieu","image":{"@type":"ImageObject","inLanguage":"fr-FR","@id":"https:\/\/secure.gravatar.com\/avatar\/aa9d3d24c83f2141e5e2709d0f63d09a99f6be6bb7a50abc4915838d9f54501a?s=96&d=mm&r=g","url":"https:\/\/secure.gravatar.com\/avatar\/aa9d3d24c83f2141e5e2709d0f63d09a99f6be6bb7a50abc4915838d9f54501a?s=96&d=mm&r=g","contentUrl":"https:\/\/secure.gravatar.com\/avatar\/aa9d3d24c83f2141e5e2709d0f63d09a99f6be6bb7a50abc4915838d9f54501a?s=96&d=mm&r=g","caption":"Mathieu"},"url":"https:\/\/www.altercampagne.net\/?author=214"}]}},"_links":{"self":[{"href":"https:\/\/www.altercampagne.net\/index.php?rest_route=\/wp\/v2\/posts\/4297","targetHints":{"allow":["GET"]}}],"collection":[{"href":"https:\/\/www.altercampagne.net\/index.php?rest_route=\/wp\/v2\/posts"}],"about":[{"href":"https:\/\/www.altercampagne.net\/index.php?rest_route=\/wp\/v2\/types\/post"}],"author":[{"embeddable":true,"href":"https:\/\/www.altercampagne.net\/index.php?rest_route=\/wp\/v2\/users\/214"}],"replies":[{"embeddable":true,"href":"https:\/\/www.altercampagne.net\/index.php?rest_route=%2Fwp%2Fv2%2Fcomments&post=4297"}],"version-history":[{"count":0,"href":"https:\/\/www.altercampagne.net\/index.php?rest_route=\/wp\/v2\/posts\/4297\/revisions"}],"wp:attachment":[{"href":"https:\/\/www.altercampagne.net\/index.php?rest_route=%2Fwp%2Fv2%2Fmedia&parent=4297"}],"wp:term":[{"taxonomy":"category","embeddable":true,"href":"https:\/\/www.altercampagne.net\/index.php?rest_route=%2Fwp%2Fv2%2Fcategories&post=4297"},{"taxonomy":"post_tag","embeddable":true,"href":"https:\/\/www.altercampagne.net\/index.php?rest_route=%2Fwp%2Fv2%2Ftags&post=4297"}],"curies":[{"name":"wp","href":"https:\/\/api.w.org\/{rel}","templated":true}]}}