{"id":4301,"date":"2012-07-20T12:28:10","date_gmt":"2012-07-20T10:28:10","guid":{"rendered":"http:\/\/www.altercampagne.net\/?p=4301"},"modified":"2016-04-19T13:32:30","modified_gmt":"2016-04-19T11:32:30","slug":"milhars-lalter-tour-cultive-les-alternatives","status":"publish","type":"post","link":"https:\/\/www.altercampagne.net\/?p=4301","title":{"rendered":"Milhars. L&rsquo;Alter Tour cultive les alternatives"},"content":{"rendered":"<p><span class=\"Style153\"><img loading=\"lazy\" decoding=\"async\" class=\" alignleft\" src=\"http:\/\/static.ladepeche.fr\/content\/photo\/biz\/2012\/07\/20\/201207201432_w350.jpg\" alt=\"\" width=\"350\" height=\"164\" \/>Le 22 et 23 juillet, c&rsquo;est d&rsquo;une autre forme de tour cycliste dont il sera question \u00e0 Milhars en cette p\u00e9riode estivale. L&rsquo;AlterTour fera escale dans le petit village tarnais. L&rsquo;occasion d&rsquo;une s\u00e9rie de manifestation autour de la prise en compte d&rsquo;une nouvelle forme de d\u00e9veloppement et de soci\u00e9t\u00e9.<br \/>\nPour les altercyclistes, \u00abune autre faim du monde est possible.<\/span><\/p>\n<p class=\"Style153\" align=\"justify\">Pr\u00f4nant des solutions plus \u00e9cologiques, plus respectueuses de l&rsquo;environnement dans un esprit d&rsquo;\u00e9quilibre avec la nature, ils s&rsquo;opposent au dopage dans le sport mais aussi dans l&rsquo;agriculture (OGM).<\/p>\n<p class=\"Style153\" align=\"justify\">Partis de Foix, le 11 juillet, ils vont traverser plusieurs d\u00e9partements du grand sud pour rejoindre les Pyr\u00e9n\u00e9es Atlantiques le 19 ao\u00fbt.<br \/>\nCet autre tour de France familial et non comp\u00e9titif propose, pour la 5e ann\u00e9e cons\u00e9cutive, de relier en v\u00e9lo des associations, des collectifs, des individus exp\u00e9rimentant d&rsquo;autres modes de vie et de production: les circuits courts, les \u00e9nergies alternaitves, le recyclage, l&rsquo;\u00e9co-habitat, l&rsquo;\u00e9ducation \u00e0 l&rsquo;environnement et \u00e0 la d\u00e9croissance&#8230;<\/p>\n<p class=\"Style142\"><strong>AU PROGRAMME<\/strong><\/p>\n<p class=\"Style153\" align=\"justify\">A Milhars, l&rsquo;association Les funambules accueillera l&rsquo;AlterTour. Elle a concoct\u00e9 un programme d&rsquo;animations autour des actions qui ont justement \u00e9t\u00e9 engag\u00e9es sur le village.<br \/>\nLe dimanche 22 juillet, les altercyclistes devraient arriver vers 17 heures. Une visite du jardin associatif des funambules est organis\u00e9e suivie d&rsquo;un ap\u00e9ro et spectacle de cirque musical. Le soire, place au baloche avec un repas compos\u00e9 uniquement de produits locaux et naturels.<br \/>\nLe lendemain, 23 juillet, les cyclistes repartiront dans la matin\u00e9e. A 111 heures, projection du film \u00abEn transition 2.0\u00bb suivi de la pr\u00e9sentation du mouvement des territoires en transition. Apr\u00e8s un d\u00e9jeuner partag\u00e9, la journ\u00e9e se poursuivra autour d&rsquo;ateliers sur la transition \u00e9nerg\u00e9tique.<\/p>\n<p class=\"Style153\" align=\"justify\">Le Jardin des Funambules, La Terrisse 81170 Milhars (09 80 50 42 69)<br \/>\n<a href=\"mailto:jardin@lesfunambules.fr\">jardin@lesfunambules.fr<\/a><br \/>\n<a href=\"http:\/\/www.lesfunambules.fr\" target=\"_blank\">http:\/\/www.lesfunambules.fr<\/a><\/p>\n<p class=\"Style153\" align=\"right\">La D\u00e9p\u00eache du Midi<\/p>\n<p class=\"Style153\" style=\"text-align: left;\" align=\"right\">Source : <a href=\"http:\/\/www.ladepeche.fr\/article\/2012\/07\/20\/1403505-milhars-l-alter-tour-cultive-les-alternatives.html\" target=\"_blank\">http:\/\/www.ladepeche.fr\/article\/2012\/07\/20\/1403505-milhars-l-alter-tour-cultive-les-alternatives.html<\/a><\/p>\n","protected":false},"excerpt":{"rendered":"<p>Le 22 et 23 juillet, c&rsquo;est d&rsquo;une autre forme de tour cycliste dont il sera question \u00e0 Milhars en cette p\u00e9riode estivale. L&rsquo;AlterTour fera escale dans le petit village tarnais. L&rsquo;occasion d&rsquo;une s\u00e9rie de manifestation autour de la prise en compte d&rsquo;une nouvelle forme de d\u00e9veloppement et de soci\u00e9t\u00e9. Pour &#8230; <\/p>\n<div><a href=\"https:\/\/www.altercampagne.net\/?p=4301\" class=\"more-link\">Read More<\/a><\/div>\n","protected":false},"author":214,"featured_media":0,"comment_status":"closed","ping_status":"closed","sticky":false,"template":"","format":"standard","meta":{"footnotes":""},"categories":[239],"tags":[852,1215,1257,1814,1844,1941],"class_list":["post-4301","post","type-post","status-publish","format-standard","hentry","category-revue-de-presse","tag-altertour-2012","tag-milhars","tag-jardin-des-funambules","tag-1814","tag-midi-pyrenees","tag-tarn","no-post-thumbnail"],"yoast_head":"<!-- This site is optimized with the Yoast SEO plugin v27.3 - https:\/\/yoast.com\/product\/yoast-seo-wordpress\/ -->\n<title>Milhars. L&#039;Alter Tour cultive les alternatives - AlterTour<\/title>\n<meta name=\"robots\" content=\"index, follow, max-snippet:-1, max-image-preview:large, max-video-preview:-1\" \/>\n<link rel=\"canonical\" href=\"https:\/\/www.altercampagne.net\/?p=4301\" \/>\n<meta property=\"og:locale\" content=\"fr_FR\" \/>\n<meta property=\"og:type\" content=\"article\" \/>\n<meta property=\"og:title\" content=\"Milhars. L&#039;Alter Tour cultive les alternatives - AlterTour\" \/>\n<meta property=\"og:description\" content=\"Le 22 et 23 juillet, c&rsquo;est d&rsquo;une autre forme de tour cycliste dont il sera question \u00e0 Milhars en cette p\u00e9riode estivale. L&rsquo;AlterTour fera escale dans le petit village tarnais. L&rsquo;occasion d&rsquo;une s\u00e9rie de manifestation autour de la prise en compte d&rsquo;une nouvelle forme de d\u00e9veloppement et de soci\u00e9t\u00e9. Pour ... Read More\" \/>\n<meta property=\"og:url\" content=\"https:\/\/www.altercampagne.net\/?p=4301\" \/>\n<meta property=\"og:site_name\" content=\"AlterTour\" \/>\n<meta property=\"article:published_time\" content=\"2012-07-20T10:28:10+00:00\" \/>\n<meta property=\"article:modified_time\" content=\"2016-04-19T11:32:30+00:00\" \/>\n<meta property=\"og:image\" content=\"http:\/\/static.ladepeche.fr\/content\/photo\/biz\/2012\/07\/20\/201207201432_w350.jpg\" \/>\n<meta name=\"author\" content=\"Mathieu\" \/>\n<meta name=\"twitter:card\" content=\"summary_large_image\" \/>\n<meta name=\"twitter:label1\" content=\"\u00c9crit par\" \/>\n\t<meta name=\"twitter:data1\" content=\"Mathieu\" \/>\n\t<meta name=\"twitter:label2\" content=\"Dur\u00e9e de lecture estim\u00e9e\" \/>\n\t<meta name=\"twitter:data2\" content=\"2 minutes\" \/>\n<script type=\"application\/ld+json\" class=\"yoast-schema-graph\">{\"@context\":\"https:\\\/\\\/schema.org\",\"@graph\":[{\"@type\":\"Article\",\"@id\":\"https:\\\/\\\/www.altercampagne.net\\\/?p=4301#article\",\"isPartOf\":{\"@id\":\"https:\\\/\\\/www.altercampagne.net\\\/?p=4301\"},\"author\":{\"name\":\"Mathieu\",\"@id\":\"https:\\\/\\\/www.altercampagne.net\\\/#\\\/schema\\\/person\\\/0f261460c09e430caa0f9bcffa319109\"},\"headline\":\"Milhars. L&rsquo;Alter Tour cultive les alternatives\",\"datePublished\":\"2012-07-20T10:28:10+00:00\",\"dateModified\":\"2016-04-19T11:32:30+00:00\",\"mainEntityOfPage\":{\"@id\":\"https:\\\/\\\/www.altercampagne.net\\\/?p=4301\"},\"wordCount\":336,\"image\":{\"@id\":\"https:\\\/\\\/www.altercampagne.net\\\/?p=4301#primaryimage\"},\"thumbnailUrl\":\"http:\\\/\\\/static.ladepeche.fr\\\/content\\\/photo\\\/biz\\\/2012\\\/07\\\/20\\\/201207201432_w350.jpg\",\"keywords\":[\"AlterTour 2012\",\"Milhars\",\"Jardin des Funambules\",\"2012\",\"Midi-Pyr\u00e9n\u00e9es\",\"Tarn\"],\"articleSection\":[\"Revue de presse\"],\"inLanguage\":\"fr-FR\"},{\"@type\":\"WebPage\",\"@id\":\"https:\\\/\\\/www.altercampagne.net\\\/?p=4301\",\"url\":\"https:\\\/\\\/www.altercampagne.net\\\/?p=4301\",\"name\":\"Milhars. L'Alter Tour cultive les alternatives - AlterTour\",\"isPartOf\":{\"@id\":\"https:\\\/\\\/www.altercampagne.net\\\/#website\"},\"primaryImageOfPage\":{\"@id\":\"https:\\\/\\\/www.altercampagne.net\\\/?p=4301#primaryimage\"},\"image\":{\"@id\":\"https:\\\/\\\/www.altercampagne.net\\\/?p=4301#primaryimage\"},\"thumbnailUrl\":\"http:\\\/\\\/static.ladepeche.fr\\\/content\\\/photo\\\/biz\\\/2012\\\/07\\\/20\\\/201207201432_w350.jpg\",\"datePublished\":\"2012-07-20T10:28:10+00:00\",\"dateModified\":\"2016-04-19T11:32:30+00:00\",\"author\":{\"@id\":\"https:\\\/\\\/www.altercampagne.net\\\/#\\\/schema\\\/person\\\/0f261460c09e430caa0f9bcffa319109\"},\"breadcrumb\":{\"@id\":\"https:\\\/\\\/www.altercampagne.net\\\/?p=4301#breadcrumb\"},\"inLanguage\":\"fr-FR\",\"potentialAction\":[{\"@type\":\"ReadAction\",\"target\":[\"https:\\\/\\\/www.altercampagne.net\\\/?p=4301\"]}]},{\"@type\":\"ImageObject\",\"inLanguage\":\"fr-FR\",\"@id\":\"https:\\\/\\\/www.altercampagne.net\\\/?p=4301#primaryimage\",\"url\":\"http:\\\/\\\/static.ladepeche.fr\\\/content\\\/photo\\\/biz\\\/2012\\\/07\\\/20\\\/201207201432_w350.jpg\",\"contentUrl\":\"http:\\\/\\\/static.ladepeche.fr\\\/content\\\/photo\\\/biz\\\/2012\\\/07\\\/20\\\/201207201432_w350.jpg\"},{\"@type\":\"BreadcrumbList\",\"@id\":\"https:\\\/\\\/www.altercampagne.net\\\/?p=4301#breadcrumb\",\"itemListElement\":[{\"@type\":\"ListItem\",\"position\":1,\"name\":\"Accueil\",\"item\":\"https:\\\/\\\/www.altercampagne.net\\\/\"},{\"@type\":\"ListItem\",\"position\":2,\"name\":\"Milhars. L&rsquo;Alter Tour cultive les alternatives\"}]},{\"@type\":\"WebSite\",\"@id\":\"https:\\\/\\\/www.altercampagne.net\\\/#website\",\"url\":\"https:\\\/\\\/www.altercampagne.net\\\/\",\"name\":\"AlterTour\",\"description\":\"Reliez les Alternatives \u00e0 v\u00e9lo\",\"potentialAction\":[{\"@type\":\"SearchAction\",\"target\":{\"@type\":\"EntryPoint\",\"urlTemplate\":\"https:\\\/\\\/www.altercampagne.net\\\/?s={search_term_string}\"},\"query-input\":{\"@type\":\"PropertyValueSpecification\",\"valueRequired\":true,\"valueName\":\"search_term_string\"}}],\"inLanguage\":\"fr-FR\"},{\"@type\":\"Person\",\"@id\":\"https:\\\/\\\/www.altercampagne.net\\\/#\\\/schema\\\/person\\\/0f261460c09e430caa0f9bcffa319109\",\"name\":\"Mathieu\",\"image\":{\"@type\":\"ImageObject\",\"inLanguage\":\"fr-FR\",\"@id\":\"https:\\\/\\\/secure.gravatar.com\\\/avatar\\\/aa9d3d24c83f2141e5e2709d0f63d09a99f6be6bb7a50abc4915838d9f54501a?s=96&d=mm&r=g\",\"url\":\"https:\\\/\\\/secure.gravatar.com\\\/avatar\\\/aa9d3d24c83f2141e5e2709d0f63d09a99f6be6bb7a50abc4915838d9f54501a?s=96&d=mm&r=g\",\"contentUrl\":\"https:\\\/\\\/secure.gravatar.com\\\/avatar\\\/aa9d3d24c83f2141e5e2709d0f63d09a99f6be6bb7a50abc4915838d9f54501a?s=96&d=mm&r=g\",\"caption\":\"Mathieu\"},\"url\":\"https:\\\/\\\/www.altercampagne.net\\\/?author=214\"}]}<\/script>\n<!-- \/ Yoast SEO plugin. -->","yoast_head_json":{"title":"Milhars. L'Alter Tour cultive les alternatives - AlterTour","robots":{"index":"index","follow":"follow","max-snippet":"max-snippet:-1","max-image-preview":"max-image-preview:large","max-video-preview":"max-video-preview:-1"},"canonical":"https:\/\/www.altercampagne.net\/?p=4301","og_locale":"fr_FR","og_type":"article","og_title":"Milhars. L'Alter Tour cultive les alternatives - AlterTour","og_description":"Le 22 et 23 juillet, c&rsquo;est d&rsquo;une autre forme de tour cycliste dont il sera question \u00e0 Milhars en cette p\u00e9riode estivale. L&rsquo;AlterTour fera escale dans le petit village tarnais. L&rsquo;occasion d&rsquo;une s\u00e9rie de manifestation autour de la prise en compte d&rsquo;une nouvelle forme de d\u00e9veloppement et de soci\u00e9t\u00e9. Pour ... Read More","og_url":"https:\/\/www.altercampagne.net\/?p=4301","og_site_name":"AlterTour","article_published_time":"2012-07-20T10:28:10+00:00","article_modified_time":"2016-04-19T11:32:30+00:00","og_image":[{"url":"http:\/\/static.ladepeche.fr\/content\/photo\/biz\/2012\/07\/20\/201207201432_w350.jpg","type":"","width":"","height":""}],"author":"Mathieu","twitter_card":"summary_large_image","twitter_misc":{"\u00c9crit par":"Mathieu","Dur\u00e9e de lecture estim\u00e9e":"2 minutes"},"schema":{"@context":"https:\/\/schema.org","@graph":[{"@type":"Article","@id":"https:\/\/www.altercampagne.net\/?p=4301#article","isPartOf":{"@id":"https:\/\/www.altercampagne.net\/?p=4301"},"author":{"name":"Mathieu","@id":"https:\/\/www.altercampagne.net\/#\/schema\/person\/0f261460c09e430caa0f9bcffa319109"},"headline":"Milhars. L&rsquo;Alter Tour cultive les alternatives","datePublished":"2012-07-20T10:28:10+00:00","dateModified":"2016-04-19T11:32:30+00:00","mainEntityOfPage":{"@id":"https:\/\/www.altercampagne.net\/?p=4301"},"wordCount":336,"image":{"@id":"https:\/\/www.altercampagne.net\/?p=4301#primaryimage"},"thumbnailUrl":"http:\/\/static.ladepeche.fr\/content\/photo\/biz\/2012\/07\/20\/201207201432_w350.jpg","keywords":["AlterTour 2012","Milhars","Jardin des Funambules","2012","Midi-Pyr\u00e9n\u00e9es","Tarn"],"articleSection":["Revue de presse"],"inLanguage":"fr-FR"},{"@type":"WebPage","@id":"https:\/\/www.altercampagne.net\/?p=4301","url":"https:\/\/www.altercampagne.net\/?p=4301","name":"Milhars. L'Alter Tour cultive les alternatives - AlterTour","isPartOf":{"@id":"https:\/\/www.altercampagne.net\/#website"},"primaryImageOfPage":{"@id":"https:\/\/www.altercampagne.net\/?p=4301#primaryimage"},"image":{"@id":"https:\/\/www.altercampagne.net\/?p=4301#primaryimage"},"thumbnailUrl":"http:\/\/static.ladepeche.fr\/content\/photo\/biz\/2012\/07\/20\/201207201432_w350.jpg","datePublished":"2012-07-20T10:28:10+00:00","dateModified":"2016-04-19T11:32:30+00:00","author":{"@id":"https:\/\/www.altercampagne.net\/#\/schema\/person\/0f261460c09e430caa0f9bcffa319109"},"breadcrumb":{"@id":"https:\/\/www.altercampagne.net\/?p=4301#breadcrumb"},"inLanguage":"fr-FR","potentialAction":[{"@type":"ReadAction","target":["https:\/\/www.altercampagne.net\/?p=4301"]}]},{"@type":"ImageObject","inLanguage":"fr-FR","@id":"https:\/\/www.altercampagne.net\/?p=4301#primaryimage","url":"http:\/\/static.ladepeche.fr\/content\/photo\/biz\/2012\/07\/20\/201207201432_w350.jpg","contentUrl":"http:\/\/static.ladepeche.fr\/content\/photo\/biz\/2012\/07\/20\/201207201432_w350.jpg"},{"@type":"BreadcrumbList","@id":"https:\/\/www.altercampagne.net\/?p=4301#breadcrumb","itemListElement":[{"@type":"ListItem","position":1,"name":"Accueil","item":"https:\/\/www.altercampagne.net\/"},{"@type":"ListItem","position":2,"name":"Milhars. L&rsquo;Alter Tour cultive les alternatives"}]},{"@type":"WebSite","@id":"https:\/\/www.altercampagne.net\/#website","url":"https:\/\/www.altercampagne.net\/","name":"AlterTour","description":"Reliez les Alternatives \u00e0 v\u00e9lo","potentialAction":[{"@type":"SearchAction","target":{"@type":"EntryPoint","urlTemplate":"https:\/\/www.altercampagne.net\/?s={search_term_string}"},"query-input":{"@type":"PropertyValueSpecification","valueRequired":true,"valueName":"search_term_string"}}],"inLanguage":"fr-FR"},{"@type":"Person","@id":"https:\/\/www.altercampagne.net\/#\/schema\/person\/0f261460c09e430caa0f9bcffa319109","name":"Mathieu","image":{"@type":"ImageObject","inLanguage":"fr-FR","@id":"https:\/\/secure.gravatar.com\/avatar\/aa9d3d24c83f2141e5e2709d0f63d09a99f6be6bb7a50abc4915838d9f54501a?s=96&d=mm&r=g","url":"https:\/\/secure.gravatar.com\/avatar\/aa9d3d24c83f2141e5e2709d0f63d09a99f6be6bb7a50abc4915838d9f54501a?s=96&d=mm&r=g","contentUrl":"https:\/\/secure.gravatar.com\/avatar\/aa9d3d24c83f2141e5e2709d0f63d09a99f6be6bb7a50abc4915838d9f54501a?s=96&d=mm&r=g","caption":"Mathieu"},"url":"https:\/\/www.altercampagne.net\/?author=214"}]}},"_links":{"self":[{"href":"https:\/\/www.altercampagne.net\/index.php?rest_route=\/wp\/v2\/posts\/4301","targetHints":{"allow":["GET"]}}],"collection":[{"href":"https:\/\/www.altercampagne.net\/index.php?rest_route=\/wp\/v2\/posts"}],"about":[{"href":"https:\/\/www.altercampagne.net\/index.php?rest_route=\/wp\/v2\/types\/post"}],"author":[{"embeddable":true,"href":"https:\/\/www.altercampagne.net\/index.php?rest_route=\/wp\/v2\/users\/214"}],"replies":[{"embeddable":true,"href":"https:\/\/www.altercampagne.net\/index.php?rest_route=%2Fwp%2Fv2%2Fcomments&post=4301"}],"version-history":[{"count":0,"href":"https:\/\/www.altercampagne.net\/index.php?rest_route=\/wp\/v2\/posts\/4301\/revisions"}],"wp:attachment":[{"href":"https:\/\/www.altercampagne.net\/index.php?rest_route=%2Fwp%2Fv2%2Fmedia&parent=4301"}],"wp:term":[{"taxonomy":"category","embeddable":true,"href":"https:\/\/www.altercampagne.net\/index.php?rest_route=%2Fwp%2Fv2%2Fcategories&post=4301"},{"taxonomy":"post_tag","embeddable":true,"href":"https:\/\/www.altercampagne.net\/index.php?rest_route=%2Fwp%2Fv2%2Ftags&post=4301"}],"curies":[{"name":"wp","href":"https:\/\/api.w.org\/{rel}","templated":true}]}}