{"id":4303,"date":"2012-07-17T13:32:54","date_gmt":"2012-07-17T11:32:54","guid":{"rendered":"http:\/\/www.altercampagne.net\/?p=4303"},"modified":"2016-04-19T13:38:39","modified_gmt":"2016-04-19T11:38:39","slug":"le-tour-ecolo-fait-escale-dans-le-lot-et-garonne","status":"publish","type":"post","link":"https:\/\/www.altercampagne.net\/?p=4303","title":{"rendered":"Le Tour \u00e9colo fait escale dans le Lot-et-Garonne"},"content":{"rendered":"<p><span class=\"Style153\"><img loading=\"lazy\" decoding=\"async\" class=\" alignleft\" src=\"http:\/\/static.ladepeche.fr\/content\/photo\/biz\/2012\/07\/17\/201207171289_w350.jpg\" alt=\"\" width=\"350\" height=\"205\" \/>De passage dans le d\u00e9partement, le parcours \u00e9cologique \u00e0 v\u00e9lo AlterTour s&rsquo;arr\u00eatera \u00e0 Agen jeudi 9 ao\u00fbt. Une premi\u00e8re.<\/p>\n<p>N\u00e9 en 2008, l&rsquo;AlterTour s&rsquo;est pos\u00e9 comme une r\u00e9ponse \u00e0 la crise \u00e9conomique, sociale et \u00e9cologique qui s\u00e9vit depuis. Cette cinqui\u00e8me \u00e9dition d\u00e9marrera le 11 juillet \u00e0 Foix (Ari\u00e8ge) et s&rsquo;ach\u00e8vera le 19 ao\u00fbt \u00e0 Bedous, apr\u00e8s que les quelques deux cents \u00e0 trois cents coureurs attendus aient travers\u00e9 treize d\u00e9partements du Grand Sud-Ouest. Un programme charg\u00e9 certes, mais qui repose sur des valeurs et des principes \u00e0 m\u00eame de motiver tout un chacun : solidarit\u00e9, \u00e9cologie et convivialit\u00e9<\/span>.<\/p>\n<p class=\"Style153\" align=\"justify\">Ici, pas d&rsquo;esprit de comp\u00e9tition ; le but est de s&rsquo;amuser en famille ou entre amis tout en appr\u00e9ciant les particularit\u00e9s de chacune des \u00e9tapes du trajet.<\/p>\n<p class=\"Style153\" align=\"justify\">En partant de ce postulat, les organisateurs ont trac\u00e9 une feuille de route qui permettra aux participants de d\u00e9couvrir des projets et des modes de vie locaux en accord avec la philosophie de l&rsquo;\u00e9v\u00e9nement, tout en faisant travailler ses muscles puisque l&rsquo;ensemble du parcours s&rsquo;effectue \u00e0 v\u00e9lo.<br \/>\nPour son passage dans le Lot-et-Garonne, l&rsquo;AlterTour sera du 8 au 10 ao\u00fbt \u00e0 Port-Sainte-Marie, Montpezat-d&rsquo;Agenais et Saint-Romain-le-Noble. Chacune de ses pauses permettra aux curieux d&rsquo;observer l&rsquo;accomplissement d&rsquo;initiatives locales pas toujours reconnues.<br \/>\nA Port-Sainte-Marie par exemple, les cyclistes seront accueillis au hameau de Bouss\u00e8res, en reconstruction mais n\u00e9anmoins habitable. Y sont propos\u00e9es des activit\u00e9s sous forme d&rsquo;associations, autour du th\u00e9\u00e2tre, de la musique ou de l&rsquo;artisanat entre autres.<br \/>\nLes coureurs iront par la suite dans une ferme sur Montpezat o\u00f9 l&rsquo;id\u00e9e sera de pouvoir go\u00fbter aux produits bio, et de participer ensemble \u00e0 un d\u00e9bat sur le devenir de l&rsquo;agriculture biologique. La troisi\u00e8me \u00e9tape lot-et-garonnaise sera donc \u00e0 Saint-Romain-le-Noble o\u00f9, toujours dans le m\u00eame ordre d&rsquo;id\u00e9e, les participants pourront notamment r\u00e9fl\u00e9chir sur le futur des \u00e9nergies renouvelables.<br \/>\nAu passage, les \u00abaltercyclistes\u00bb s&#8217;empareront de la place Armand-Falli\u00e8res d&rsquo;Agen le 9 ao\u00fbt, en compagnie d&rsquo;associations amies dont les Indign\u00e9s ou Non au gaz de schiste 47.<\/p>\n<p class=\"Style142\"><strong>UN SUCC\u00c8S CROISSANT<\/strong><\/p>\n<p class=\"Style153\" align=\"justify\">Depuis sa cr\u00e9ation, cette manifestation \u00e9cologique a re\u00e7u beaucoup de soutiens, dont celui de la Conf\u00e9d\u00e9ration paysanne, et son succ\u00e8s ne se d\u00e9ment pas d&rsquo;ann\u00e9e en ann\u00e9e. Et que ceux qui ne disposent pas de v\u00e9lo ne s&rsquo;inqui\u00e8tent pas : les organisateurs ont pr\u00e9vu une trentaine de VTT pour les participants. Enfin, il est tout \u00e0 fait possible de se greffer au \u00abpeloton\u00bb pour une \u00e9tape locale, sans \u00eatre oblig\u00e9 de faire l&rsquo;ensemble du parcours. En somme, voil\u00e0 une bonne id\u00e9e pour changer d&rsquo;air cet \u00e9t\u00e9, sans s&rsquo;\u00e9loigner du Lot-et-Garonne.<\/p>\n<p class=\"Style153\" align=\"right\"><em>Olivier Philippe<\/em><\/p>\n<p class=\"Style153\" style=\"text-align: left;\" align=\"right\">Source : <a href=\"http:\/\/www.ladepeche.fr\/article\/2012\/07\/17\/1401698-le-tour-ecolo-fait-escale-dans-le-lot-et-garonne.html\" target=\"_blank\">http:\/\/www.ladepeche.fr\/article\/2012\/07\/17\/1401698-le-tour-ecolo-fait-escale-dans-le-lot-et-garonne.html<\/a><\/p>\n","protected":false},"excerpt":{"rendered":"<p>De passage dans le d\u00e9partement, le parcours \u00e9cologique \u00e0 v\u00e9lo AlterTour s&rsquo;arr\u00eatera \u00e0 Agen jeudi 9 ao\u00fbt. Une premi\u00e8re. N\u00e9 en 2008, l&rsquo;AlterTour s&rsquo;est pos\u00e9 comme une r\u00e9ponse \u00e0 la crise \u00e9conomique, sociale et \u00e9cologique qui s\u00e9vit depuis. Cette cinqui\u00e8me \u00e9dition d\u00e9marrera le 11 juillet \u00e0 Foix (Ari\u00e8ge) et s&rsquo;ach\u00e8vera &#8230; <\/p>\n<div><a href=\"https:\/\/www.altercampagne.net\/?p=4303\" class=\"more-link\">Read More<\/a><\/div>\n","protected":false},"author":214,"featured_media":0,"comment_status":"closed","ping_status":"closed","sticky":false,"template":"","format":"standard","meta":{"footnotes":""},"categories":[239],"tags":[852,892,1814,1873,1875,1885,1889,1890,1892,1946,1947,1948],"class_list":["post-4303","post","type-post","status-publish","format-standard","hentry","category-revue-de-presse","tag-altertour-2012","tag-aquitaine","tag-1814","tag-lot-et-garonne","tag-agen","tag-indignes-agen","tag-port-sainte-marie","tag-montpezat-dagenais","tag-saint-romain-le-noble","tag-ferme-sur-montpezat","tag-place-armand-fallieres","tag-non-au-gaz-de-schiste-47","no-post-thumbnail"],"yoast_head":"<!-- This site is optimized with the Yoast SEO plugin v27.3 - https:\/\/yoast.com\/product\/yoast-seo-wordpress\/ -->\n<title>Le Tour \u00e9colo fait escale dans le Lot-et-Garonne - AlterTour<\/title>\n<meta name=\"robots\" content=\"index, follow, max-snippet:-1, max-image-preview:large, max-video-preview:-1\" \/>\n<link rel=\"canonical\" href=\"https:\/\/www.altercampagne.net\/?p=4303\" \/>\n<meta property=\"og:locale\" content=\"fr_FR\" \/>\n<meta property=\"og:type\" content=\"article\" \/>\n<meta property=\"og:title\" content=\"Le Tour \u00e9colo fait escale dans le Lot-et-Garonne - AlterTour\" \/>\n<meta property=\"og:description\" content=\"De passage dans le d\u00e9partement, le parcours \u00e9cologique \u00e0 v\u00e9lo AlterTour s&rsquo;arr\u00eatera \u00e0 Agen jeudi 9 ao\u00fbt. Une premi\u00e8re. N\u00e9 en 2008, l&rsquo;AlterTour s&rsquo;est pos\u00e9 comme une r\u00e9ponse \u00e0 la crise \u00e9conomique, sociale et \u00e9cologique qui s\u00e9vit depuis. Cette cinqui\u00e8me \u00e9dition d\u00e9marrera le 11 juillet \u00e0 Foix (Ari\u00e8ge) et s&rsquo;ach\u00e8vera ... Read More\" \/>\n<meta property=\"og:url\" content=\"https:\/\/www.altercampagne.net\/?p=4303\" \/>\n<meta property=\"og:site_name\" content=\"AlterTour\" \/>\n<meta property=\"article:published_time\" content=\"2012-07-17T11:32:54+00:00\" \/>\n<meta property=\"article:modified_time\" content=\"2016-04-19T11:38:39+00:00\" \/>\n<meta property=\"og:image\" content=\"http:\/\/static.ladepeche.fr\/content\/photo\/biz\/2012\/07\/17\/201207171289_w350.jpg\" \/>\n<meta name=\"author\" content=\"Mathieu\" \/>\n<meta name=\"twitter:card\" content=\"summary_large_image\" \/>\n<meta name=\"twitter:label1\" content=\"\u00c9crit par\" \/>\n\t<meta name=\"twitter:data1\" content=\"Mathieu\" \/>\n\t<meta name=\"twitter:label2\" content=\"Dur\u00e9e de lecture estim\u00e9e\" \/>\n\t<meta name=\"twitter:data2\" content=\"2 minutes\" \/>\n<script type=\"application\/ld+json\" class=\"yoast-schema-graph\">{\"@context\":\"https:\\\/\\\/schema.org\",\"@graph\":[{\"@type\":\"Article\",\"@id\":\"https:\\\/\\\/www.altercampagne.net\\\/?p=4303#article\",\"isPartOf\":{\"@id\":\"https:\\\/\\\/www.altercampagne.net\\\/?p=4303\"},\"author\":{\"name\":\"Mathieu\",\"@id\":\"https:\\\/\\\/www.altercampagne.net\\\/#\\\/schema\\\/person\\\/0f261460c09e430caa0f9bcffa319109\"},\"headline\":\"Le Tour \u00e9colo fait escale dans le Lot-et-Garonne\",\"datePublished\":\"2012-07-17T11:32:54+00:00\",\"dateModified\":\"2016-04-19T11:38:39+00:00\",\"mainEntityOfPage\":{\"@id\":\"https:\\\/\\\/www.altercampagne.net\\\/?p=4303\"},\"wordCount\":492,\"image\":{\"@id\":\"https:\\\/\\\/www.altercampagne.net\\\/?p=4303#primaryimage\"},\"thumbnailUrl\":\"http:\\\/\\\/static.ladepeche.fr\\\/content\\\/photo\\\/biz\\\/2012\\\/07\\\/17\\\/201207171289_w350.jpg\",\"keywords\":[\"AlterTour 2012\",\"Aquitaine\",\"2012\",\"Lot-et-Garonne\",\"Agen\",\"indign\u00e9s Agen\",\"Port-Sainte-Marie\",\"Montpezat-d'Agenais\",\"Saint-Romain-le-Noble\",\"ferme sur Montpezat\",\"place Armand-Falli\u00e8res\",\"Non au gaz de schiste 47\"],\"articleSection\":[\"Revue de presse\"],\"inLanguage\":\"fr-FR\"},{\"@type\":\"WebPage\",\"@id\":\"https:\\\/\\\/www.altercampagne.net\\\/?p=4303\",\"url\":\"https:\\\/\\\/www.altercampagne.net\\\/?p=4303\",\"name\":\"Le Tour \u00e9colo fait escale dans le Lot-et-Garonne - AlterTour\",\"isPartOf\":{\"@id\":\"https:\\\/\\\/www.altercampagne.net\\\/#website\"},\"primaryImageOfPage\":{\"@id\":\"https:\\\/\\\/www.altercampagne.net\\\/?p=4303#primaryimage\"},\"image\":{\"@id\":\"https:\\\/\\\/www.altercampagne.net\\\/?p=4303#primaryimage\"},\"thumbnailUrl\":\"http:\\\/\\\/static.ladepeche.fr\\\/content\\\/photo\\\/biz\\\/2012\\\/07\\\/17\\\/201207171289_w350.jpg\",\"datePublished\":\"2012-07-17T11:32:54+00:00\",\"dateModified\":\"2016-04-19T11:38:39+00:00\",\"author\":{\"@id\":\"https:\\\/\\\/www.altercampagne.net\\\/#\\\/schema\\\/person\\\/0f261460c09e430caa0f9bcffa319109\"},\"breadcrumb\":{\"@id\":\"https:\\\/\\\/www.altercampagne.net\\\/?p=4303#breadcrumb\"},\"inLanguage\":\"fr-FR\",\"potentialAction\":[{\"@type\":\"ReadAction\",\"target\":[\"https:\\\/\\\/www.altercampagne.net\\\/?p=4303\"]}]},{\"@type\":\"ImageObject\",\"inLanguage\":\"fr-FR\",\"@id\":\"https:\\\/\\\/www.altercampagne.net\\\/?p=4303#primaryimage\",\"url\":\"http:\\\/\\\/static.ladepeche.fr\\\/content\\\/photo\\\/biz\\\/2012\\\/07\\\/17\\\/201207171289_w350.jpg\",\"contentUrl\":\"http:\\\/\\\/static.ladepeche.fr\\\/content\\\/photo\\\/biz\\\/2012\\\/07\\\/17\\\/201207171289_w350.jpg\"},{\"@type\":\"BreadcrumbList\",\"@id\":\"https:\\\/\\\/www.altercampagne.net\\\/?p=4303#breadcrumb\",\"itemListElement\":[{\"@type\":\"ListItem\",\"position\":1,\"name\":\"Accueil\",\"item\":\"https:\\\/\\\/www.altercampagne.net\\\/\"},{\"@type\":\"ListItem\",\"position\":2,\"name\":\"Le Tour \u00e9colo fait escale dans le Lot-et-Garonne\"}]},{\"@type\":\"WebSite\",\"@id\":\"https:\\\/\\\/www.altercampagne.net\\\/#website\",\"url\":\"https:\\\/\\\/www.altercampagne.net\\\/\",\"name\":\"AlterTour\",\"description\":\"Reliez les Alternatives \u00e0 v\u00e9lo\",\"potentialAction\":[{\"@type\":\"SearchAction\",\"target\":{\"@type\":\"EntryPoint\",\"urlTemplate\":\"https:\\\/\\\/www.altercampagne.net\\\/?s={search_term_string}\"},\"query-input\":{\"@type\":\"PropertyValueSpecification\",\"valueRequired\":true,\"valueName\":\"search_term_string\"}}],\"inLanguage\":\"fr-FR\"},{\"@type\":\"Person\",\"@id\":\"https:\\\/\\\/www.altercampagne.net\\\/#\\\/schema\\\/person\\\/0f261460c09e430caa0f9bcffa319109\",\"name\":\"Mathieu\",\"image\":{\"@type\":\"ImageObject\",\"inLanguage\":\"fr-FR\",\"@id\":\"https:\\\/\\\/secure.gravatar.com\\\/avatar\\\/aa9d3d24c83f2141e5e2709d0f63d09a99f6be6bb7a50abc4915838d9f54501a?s=96&d=mm&r=g\",\"url\":\"https:\\\/\\\/secure.gravatar.com\\\/avatar\\\/aa9d3d24c83f2141e5e2709d0f63d09a99f6be6bb7a50abc4915838d9f54501a?s=96&d=mm&r=g\",\"contentUrl\":\"https:\\\/\\\/secure.gravatar.com\\\/avatar\\\/aa9d3d24c83f2141e5e2709d0f63d09a99f6be6bb7a50abc4915838d9f54501a?s=96&d=mm&r=g\",\"caption\":\"Mathieu\"},\"url\":\"https:\\\/\\\/www.altercampagne.net\\\/?author=214\"}]}<\/script>\n<!-- \/ Yoast SEO plugin. -->","yoast_head_json":{"title":"Le Tour \u00e9colo fait escale dans le Lot-et-Garonne - AlterTour","robots":{"index":"index","follow":"follow","max-snippet":"max-snippet:-1","max-image-preview":"max-image-preview:large","max-video-preview":"max-video-preview:-1"},"canonical":"https:\/\/www.altercampagne.net\/?p=4303","og_locale":"fr_FR","og_type":"article","og_title":"Le Tour \u00e9colo fait escale dans le Lot-et-Garonne - AlterTour","og_description":"De passage dans le d\u00e9partement, le parcours \u00e9cologique \u00e0 v\u00e9lo AlterTour s&rsquo;arr\u00eatera \u00e0 Agen jeudi 9 ao\u00fbt. Une premi\u00e8re. N\u00e9 en 2008, l&rsquo;AlterTour s&rsquo;est pos\u00e9 comme une r\u00e9ponse \u00e0 la crise \u00e9conomique, sociale et \u00e9cologique qui s\u00e9vit depuis. Cette cinqui\u00e8me \u00e9dition d\u00e9marrera le 11 juillet \u00e0 Foix (Ari\u00e8ge) et s&rsquo;ach\u00e8vera ... Read More","og_url":"https:\/\/www.altercampagne.net\/?p=4303","og_site_name":"AlterTour","article_published_time":"2012-07-17T11:32:54+00:00","article_modified_time":"2016-04-19T11:38:39+00:00","og_image":[{"url":"http:\/\/static.ladepeche.fr\/content\/photo\/biz\/2012\/07\/17\/201207171289_w350.jpg","type":"","width":"","height":""}],"author":"Mathieu","twitter_card":"summary_large_image","twitter_misc":{"\u00c9crit par":"Mathieu","Dur\u00e9e de lecture estim\u00e9e":"2 minutes"},"schema":{"@context":"https:\/\/schema.org","@graph":[{"@type":"Article","@id":"https:\/\/www.altercampagne.net\/?p=4303#article","isPartOf":{"@id":"https:\/\/www.altercampagne.net\/?p=4303"},"author":{"name":"Mathieu","@id":"https:\/\/www.altercampagne.net\/#\/schema\/person\/0f261460c09e430caa0f9bcffa319109"},"headline":"Le Tour \u00e9colo fait escale dans le Lot-et-Garonne","datePublished":"2012-07-17T11:32:54+00:00","dateModified":"2016-04-19T11:38:39+00:00","mainEntityOfPage":{"@id":"https:\/\/www.altercampagne.net\/?p=4303"},"wordCount":492,"image":{"@id":"https:\/\/www.altercampagne.net\/?p=4303#primaryimage"},"thumbnailUrl":"http:\/\/static.ladepeche.fr\/content\/photo\/biz\/2012\/07\/17\/201207171289_w350.jpg","keywords":["AlterTour 2012","Aquitaine","2012","Lot-et-Garonne","Agen","indign\u00e9s Agen","Port-Sainte-Marie","Montpezat-d'Agenais","Saint-Romain-le-Noble","ferme sur Montpezat","place Armand-Falli\u00e8res","Non au gaz de schiste 47"],"articleSection":["Revue de presse"],"inLanguage":"fr-FR"},{"@type":"WebPage","@id":"https:\/\/www.altercampagne.net\/?p=4303","url":"https:\/\/www.altercampagne.net\/?p=4303","name":"Le Tour \u00e9colo fait escale dans le Lot-et-Garonne - AlterTour","isPartOf":{"@id":"https:\/\/www.altercampagne.net\/#website"},"primaryImageOfPage":{"@id":"https:\/\/www.altercampagne.net\/?p=4303#primaryimage"},"image":{"@id":"https:\/\/www.altercampagne.net\/?p=4303#primaryimage"},"thumbnailUrl":"http:\/\/static.ladepeche.fr\/content\/photo\/biz\/2012\/07\/17\/201207171289_w350.jpg","datePublished":"2012-07-17T11:32:54+00:00","dateModified":"2016-04-19T11:38:39+00:00","author":{"@id":"https:\/\/www.altercampagne.net\/#\/schema\/person\/0f261460c09e430caa0f9bcffa319109"},"breadcrumb":{"@id":"https:\/\/www.altercampagne.net\/?p=4303#breadcrumb"},"inLanguage":"fr-FR","potentialAction":[{"@type":"ReadAction","target":["https:\/\/www.altercampagne.net\/?p=4303"]}]},{"@type":"ImageObject","inLanguage":"fr-FR","@id":"https:\/\/www.altercampagne.net\/?p=4303#primaryimage","url":"http:\/\/static.ladepeche.fr\/content\/photo\/biz\/2012\/07\/17\/201207171289_w350.jpg","contentUrl":"http:\/\/static.ladepeche.fr\/content\/photo\/biz\/2012\/07\/17\/201207171289_w350.jpg"},{"@type":"BreadcrumbList","@id":"https:\/\/www.altercampagne.net\/?p=4303#breadcrumb","itemListElement":[{"@type":"ListItem","position":1,"name":"Accueil","item":"https:\/\/www.altercampagne.net\/"},{"@type":"ListItem","position":2,"name":"Le Tour \u00e9colo fait escale dans le Lot-et-Garonne"}]},{"@type":"WebSite","@id":"https:\/\/www.altercampagne.net\/#website","url":"https:\/\/www.altercampagne.net\/","name":"AlterTour","description":"Reliez les Alternatives \u00e0 v\u00e9lo","potentialAction":[{"@type":"SearchAction","target":{"@type":"EntryPoint","urlTemplate":"https:\/\/www.altercampagne.net\/?s={search_term_string}"},"query-input":{"@type":"PropertyValueSpecification","valueRequired":true,"valueName":"search_term_string"}}],"inLanguage":"fr-FR"},{"@type":"Person","@id":"https:\/\/www.altercampagne.net\/#\/schema\/person\/0f261460c09e430caa0f9bcffa319109","name":"Mathieu","image":{"@type":"ImageObject","inLanguage":"fr-FR","@id":"https:\/\/secure.gravatar.com\/avatar\/aa9d3d24c83f2141e5e2709d0f63d09a99f6be6bb7a50abc4915838d9f54501a?s=96&d=mm&r=g","url":"https:\/\/secure.gravatar.com\/avatar\/aa9d3d24c83f2141e5e2709d0f63d09a99f6be6bb7a50abc4915838d9f54501a?s=96&d=mm&r=g","contentUrl":"https:\/\/secure.gravatar.com\/avatar\/aa9d3d24c83f2141e5e2709d0f63d09a99f6be6bb7a50abc4915838d9f54501a?s=96&d=mm&r=g","caption":"Mathieu"},"url":"https:\/\/www.altercampagne.net\/?author=214"}]}},"_links":{"self":[{"href":"https:\/\/www.altercampagne.net\/index.php?rest_route=\/wp\/v2\/posts\/4303","targetHints":{"allow":["GET"]}}],"collection":[{"href":"https:\/\/www.altercampagne.net\/index.php?rest_route=\/wp\/v2\/posts"}],"about":[{"href":"https:\/\/www.altercampagne.net\/index.php?rest_route=\/wp\/v2\/types\/post"}],"author":[{"embeddable":true,"href":"https:\/\/www.altercampagne.net\/index.php?rest_route=\/wp\/v2\/users\/214"}],"replies":[{"embeddable":true,"href":"https:\/\/www.altercampagne.net\/index.php?rest_route=%2Fwp%2Fv2%2Fcomments&post=4303"}],"version-history":[{"count":0,"href":"https:\/\/www.altercampagne.net\/index.php?rest_route=\/wp\/v2\/posts\/4303\/revisions"}],"wp:attachment":[{"href":"https:\/\/www.altercampagne.net\/index.php?rest_route=%2Fwp%2Fv2%2Fmedia&parent=4303"}],"wp:term":[{"taxonomy":"category","embeddable":true,"href":"https:\/\/www.altercampagne.net\/index.php?rest_route=%2Fwp%2Fv2%2Fcategories&post=4303"},{"taxonomy":"post_tag","embeddable":true,"href":"https:\/\/www.altercampagne.net\/index.php?rest_route=%2Fwp%2Fv2%2Ftags&post=4303"}],"curies":[{"name":"wp","href":"https:\/\/api.w.org\/{rel}","templated":true}]}}