{"id":4305,"date":"2012-07-13T13:39:40","date_gmt":"2012-07-13T11:39:40","guid":{"rendered":"http:\/\/www.altercampagne.net\/?p=4305"},"modified":"2016-04-19T13:41:35","modified_gmt":"2016-04-19T11:41:35","slug":"laltertour-cycliste-fait-etape-a-landiras-lundi-6-aout","status":"publish","type":"post","link":"https:\/\/www.altercampagne.net\/?p=4305","title":{"rendered":"L\u2019AlterTour cycliste fait \u00e9tape \u00e0 Landiras lundi 6 ao\u00fbt"},"content":{"rendered":"<p>La 5\u00e8me \u00e9dition de l\u2019AlterTour se d\u00e9roulera du 11 juillet au 19 ao\u00fbt 2012 dans le grand Sud-Ouest. Il s\u2019\u00e9lancera de Foix et reliera Castres, Rodez, P\u00e9rigueux, Bordeaux, Toulouse, Auch et Pau.<\/p>\n<p>L\u2019AlterTour est ouvert aux personnes qui aiment le v\u00e9lo, sans exigence de performance. En relais solidaire, les altercyclistes voyagent ensemble \u00e0 la rencontre d\u2019Alternatives. C\u2019est un tour \u00ab\u00a0\u00e0 la carte\u00a0\u00bb, en autogestion pour celles et ceux qui souhaitent partager une belle tranche de vie collective dans la simplicit\u00e9 volontaire, d\u00e9couvrir des terroirs pr\u00e9serv\u00e9s, avoir une activit\u00e9 physique source de sant\u00e9, et dire ensemble\u00a0: \u00ab\u00a0Nous voulons un monde sans dopages, plus \u00e9quitable et plus juste\u00a0\u00bb.<\/p>\n<p>Apr\u00e8s une \u00e9tape qui les conduira de Bordeaux vers le Sud-Gironde, les altercyclistes arriveront lundi 6 ao\u00fbt \u00e0 Landiras et ce sera l\u2019occasion d\u2019un moment de rencontre festif et tr\u00e8s convivial sur la place du village et dans la salle des f\u00eates.<\/p>\n<p>Nous vous invitons \u00e0 venir nombreux les accueillir et les encourager\u00a0:<br \/>\n<img loading=\"lazy\" decoding=\"async\" class=\"puce\" src=\"http:\/\/lgpe.fr\/local\/cache-vignettes\/L8xH11\/puce-32883.gif\" alt=\"-\" width=\"8\" height=\"11\" \/>\u00a0\u00e0 18h30, accueil en fanfare et ap\u00e9ro musical offert par la mairie aux participants et aux habitants.<br \/>\n<img loading=\"lazy\" decoding=\"async\" class=\"puce\" src=\"http:\/\/lgpe.fr\/local\/cache-vignettes\/L8xH11\/puce-32883.gif\" alt=\"-\" width=\"8\" height=\"11\" \/>\u00a0\u00e0 19h30, conf\u00e9rence \u00ab\u00a0LGV ou Dopage \u00e0 Grande Vitesse\u00a0\u00bb dans la salle des f\u00eates.<br \/>\n<img loading=\"lazy\" decoding=\"async\" class=\"puce\" src=\"http:\/\/lgpe.fr\/local\/cache-vignettes\/L8xH11\/puce-32883.gif\" alt=\"-\" width=\"8\" height=\"11\" \/>\u00a0\u00e0 20h30, repas avec les cyclistes dans la salle des f\u00eates.<\/p>\n<p>Le repas sera une \u00ab\u00a0Auberge espagnole\u00a0\u00bb c\u2019est \u00e0 dira que chacun pourra participer en apportant un plat ou une boisson \u00e0 partager avec les autres convives.<\/p>\n<p>Contact\u00a0: Association LEA \u2013 lea.asso@free.fr \u2013 05 56 62 99 57<br \/>\nBP 3 \u2013 33720 Landiras<\/p>\n","protected":false},"excerpt":{"rendered":"<p>La 5\u00e8me \u00e9dition de l\u2019AlterTour se d\u00e9roulera du 11 juillet au 19 ao\u00fbt 2012 dans le grand Sud-Ouest. Il s\u2019\u00e9lancera de Foix et reliera Castres, Rodez, P\u00e9rigueux, Bordeaux, Toulouse, Auch et Pau. L\u2019AlterTour est ouvert aux personnes qui aiment le v\u00e9lo, sans exigence de performance. En relais solidaire, les altercyclistes &#8230; <\/p>\n<div><a href=\"https:\/\/www.altercampagne.net\/?p=4305\" class=\"more-link\">Read More<\/a><\/div>\n","protected":false},"author":214,"featured_media":0,"comment_status":"closed","ping_status":"closed","sticky":false,"template":"","format":"standard","meta":{"footnotes":""},"categories":[1],"tags":[852,892,1814,1876,1903,1949],"class_list":["post-4305","post","type-post","status-publish","format-standard","hentry","category-non-classe","tag-altertour-2012","tag-aquitaine","tag-1814","tag-gironde","tag-landiras","tag-association-lea","no-post-thumbnail"],"yoast_head":"<!-- This site is optimized with the Yoast SEO plugin v27.3 - https:\/\/yoast.com\/product\/yoast-seo-wordpress\/ -->\n<title>L\u2019AlterTour cycliste fait \u00e9tape \u00e0 Landiras lundi 6 ao\u00fbt - AlterTour<\/title>\n<meta name=\"robots\" content=\"index, follow, max-snippet:-1, max-image-preview:large, max-video-preview:-1\" \/>\n<link rel=\"canonical\" href=\"https:\/\/www.altercampagne.net\/?p=4305\" \/>\n<meta property=\"og:locale\" content=\"fr_FR\" \/>\n<meta property=\"og:type\" content=\"article\" \/>\n<meta property=\"og:title\" content=\"L\u2019AlterTour cycliste fait \u00e9tape \u00e0 Landiras lundi 6 ao\u00fbt - AlterTour\" \/>\n<meta property=\"og:description\" content=\"La 5\u00e8me \u00e9dition de l\u2019AlterTour se d\u00e9roulera du 11 juillet au 19 ao\u00fbt 2012 dans le grand Sud-Ouest. Il s\u2019\u00e9lancera de Foix et reliera Castres, Rodez, P\u00e9rigueux, Bordeaux, Toulouse, Auch et Pau. L\u2019AlterTour est ouvert aux personnes qui aiment le v\u00e9lo, sans exigence de performance. En relais solidaire, les altercyclistes ... Read More\" \/>\n<meta property=\"og:url\" content=\"https:\/\/www.altercampagne.net\/?p=4305\" \/>\n<meta property=\"og:site_name\" content=\"AlterTour\" \/>\n<meta property=\"article:published_time\" content=\"2012-07-13T11:39:40+00:00\" \/>\n<meta property=\"article:modified_time\" content=\"2016-04-19T11:41:35+00:00\" \/>\n<meta property=\"og:image\" content=\"http:\/\/lgpe.fr\/local\/cache-vignettes\/L8xH11\/puce-32883.gif\" \/>\n<meta name=\"author\" content=\"Mathieu\" \/>\n<meta name=\"twitter:card\" content=\"summary_large_image\" \/>\n<meta name=\"twitter:label1\" content=\"\u00c9crit par\" \/>\n\t<meta name=\"twitter:data1\" content=\"Mathieu\" \/>\n\t<meta name=\"twitter:label2\" content=\"Dur\u00e9e de lecture estim\u00e9e\" \/>\n\t<meta name=\"twitter:data2\" content=\"1 minute\" \/>\n<script type=\"application\/ld+json\" class=\"yoast-schema-graph\">{\"@context\":\"https:\\\/\\\/schema.org\",\"@graph\":[{\"@type\":\"Article\",\"@id\":\"https:\\\/\\\/www.altercampagne.net\\\/?p=4305#article\",\"isPartOf\":{\"@id\":\"https:\\\/\\\/www.altercampagne.net\\\/?p=4305\"},\"author\":{\"name\":\"Mathieu\",\"@id\":\"https:\\\/\\\/www.altercampagne.net\\\/#\\\/schema\\\/person\\\/0f261460c09e430caa0f9bcffa319109\"},\"headline\":\"L\u2019AlterTour cycliste fait \u00e9tape \u00e0 Landiras lundi 6 ao\u00fbt\",\"datePublished\":\"2012-07-13T11:39:40+00:00\",\"dateModified\":\"2016-04-19T11:41:35+00:00\",\"mainEntityOfPage\":{\"@id\":\"https:\\\/\\\/www.altercampagne.net\\\/?p=4305\"},\"wordCount\":254,\"image\":{\"@id\":\"https:\\\/\\\/www.altercampagne.net\\\/?p=4305#primaryimage\"},\"thumbnailUrl\":\"http:\\\/\\\/lgpe.fr\\\/local\\\/cache-vignettes\\\/L8xH11\\\/puce-32883.gif\",\"keywords\":[\"AlterTour 2012\",\"Aquitaine\",\"2012\",\"Gironde\",\"Landiras\",\"Association LEA\"],\"inLanguage\":\"fr-FR\"},{\"@type\":\"WebPage\",\"@id\":\"https:\\\/\\\/www.altercampagne.net\\\/?p=4305\",\"url\":\"https:\\\/\\\/www.altercampagne.net\\\/?p=4305\",\"name\":\"L\u2019AlterTour cycliste fait \u00e9tape \u00e0 Landiras lundi 6 ao\u00fbt - AlterTour\",\"isPartOf\":{\"@id\":\"https:\\\/\\\/www.altercampagne.net\\\/#website\"},\"primaryImageOfPage\":{\"@id\":\"https:\\\/\\\/www.altercampagne.net\\\/?p=4305#primaryimage\"},\"image\":{\"@id\":\"https:\\\/\\\/www.altercampagne.net\\\/?p=4305#primaryimage\"},\"thumbnailUrl\":\"http:\\\/\\\/lgpe.fr\\\/local\\\/cache-vignettes\\\/L8xH11\\\/puce-32883.gif\",\"datePublished\":\"2012-07-13T11:39:40+00:00\",\"dateModified\":\"2016-04-19T11:41:35+00:00\",\"author\":{\"@id\":\"https:\\\/\\\/www.altercampagne.net\\\/#\\\/schema\\\/person\\\/0f261460c09e430caa0f9bcffa319109\"},\"breadcrumb\":{\"@id\":\"https:\\\/\\\/www.altercampagne.net\\\/?p=4305#breadcrumb\"},\"inLanguage\":\"fr-FR\",\"potentialAction\":[{\"@type\":\"ReadAction\",\"target\":[\"https:\\\/\\\/www.altercampagne.net\\\/?p=4305\"]}]},{\"@type\":\"ImageObject\",\"inLanguage\":\"fr-FR\",\"@id\":\"https:\\\/\\\/www.altercampagne.net\\\/?p=4305#primaryimage\",\"url\":\"http:\\\/\\\/lgpe.fr\\\/local\\\/cache-vignettes\\\/L8xH11\\\/puce-32883.gif\",\"contentUrl\":\"http:\\\/\\\/lgpe.fr\\\/local\\\/cache-vignettes\\\/L8xH11\\\/puce-32883.gif\"},{\"@type\":\"BreadcrumbList\",\"@id\":\"https:\\\/\\\/www.altercampagne.net\\\/?p=4305#breadcrumb\",\"itemListElement\":[{\"@type\":\"ListItem\",\"position\":1,\"name\":\"Accueil\",\"item\":\"https:\\\/\\\/www.altercampagne.net\\\/\"},{\"@type\":\"ListItem\",\"position\":2,\"name\":\"L\u2019AlterTour cycliste fait \u00e9tape \u00e0 Landiras lundi 6 ao\u00fbt\"}]},{\"@type\":\"WebSite\",\"@id\":\"https:\\\/\\\/www.altercampagne.net\\\/#website\",\"url\":\"https:\\\/\\\/www.altercampagne.net\\\/\",\"name\":\"AlterTour\",\"description\":\"Reliez les Alternatives \u00e0 v\u00e9lo\",\"potentialAction\":[{\"@type\":\"SearchAction\",\"target\":{\"@type\":\"EntryPoint\",\"urlTemplate\":\"https:\\\/\\\/www.altercampagne.net\\\/?s={search_term_string}\"},\"query-input\":{\"@type\":\"PropertyValueSpecification\",\"valueRequired\":true,\"valueName\":\"search_term_string\"}}],\"inLanguage\":\"fr-FR\"},{\"@type\":\"Person\",\"@id\":\"https:\\\/\\\/www.altercampagne.net\\\/#\\\/schema\\\/person\\\/0f261460c09e430caa0f9bcffa319109\",\"name\":\"Mathieu\",\"image\":{\"@type\":\"ImageObject\",\"inLanguage\":\"fr-FR\",\"@id\":\"https:\\\/\\\/secure.gravatar.com\\\/avatar\\\/aa9d3d24c83f2141e5e2709d0f63d09a99f6be6bb7a50abc4915838d9f54501a?s=96&d=mm&r=g\",\"url\":\"https:\\\/\\\/secure.gravatar.com\\\/avatar\\\/aa9d3d24c83f2141e5e2709d0f63d09a99f6be6bb7a50abc4915838d9f54501a?s=96&d=mm&r=g\",\"contentUrl\":\"https:\\\/\\\/secure.gravatar.com\\\/avatar\\\/aa9d3d24c83f2141e5e2709d0f63d09a99f6be6bb7a50abc4915838d9f54501a?s=96&d=mm&r=g\",\"caption\":\"Mathieu\"},\"url\":\"https:\\\/\\\/www.altercampagne.net\\\/?author=214\"}]}<\/script>\n<!-- \/ Yoast SEO plugin. -->","yoast_head_json":{"title":"L\u2019AlterTour cycliste fait \u00e9tape \u00e0 Landiras lundi 6 ao\u00fbt - AlterTour","robots":{"index":"index","follow":"follow","max-snippet":"max-snippet:-1","max-image-preview":"max-image-preview:large","max-video-preview":"max-video-preview:-1"},"canonical":"https:\/\/www.altercampagne.net\/?p=4305","og_locale":"fr_FR","og_type":"article","og_title":"L\u2019AlterTour cycliste fait \u00e9tape \u00e0 Landiras lundi 6 ao\u00fbt - AlterTour","og_description":"La 5\u00e8me \u00e9dition de l\u2019AlterTour se d\u00e9roulera du 11 juillet au 19 ao\u00fbt 2012 dans le grand Sud-Ouest. Il s\u2019\u00e9lancera de Foix et reliera Castres, Rodez, P\u00e9rigueux, Bordeaux, Toulouse, Auch et Pau. L\u2019AlterTour est ouvert aux personnes qui aiment le v\u00e9lo, sans exigence de performance. En relais solidaire, les altercyclistes ... Read More","og_url":"https:\/\/www.altercampagne.net\/?p=4305","og_site_name":"AlterTour","article_published_time":"2012-07-13T11:39:40+00:00","article_modified_time":"2016-04-19T11:41:35+00:00","og_image":[{"url":"http:\/\/lgpe.fr\/local\/cache-vignettes\/L8xH11\/puce-32883.gif","type":"","width":"","height":""}],"author":"Mathieu","twitter_card":"summary_large_image","twitter_misc":{"\u00c9crit par":"Mathieu","Dur\u00e9e de lecture estim\u00e9e":"1 minute"},"schema":{"@context":"https:\/\/schema.org","@graph":[{"@type":"Article","@id":"https:\/\/www.altercampagne.net\/?p=4305#article","isPartOf":{"@id":"https:\/\/www.altercampagne.net\/?p=4305"},"author":{"name":"Mathieu","@id":"https:\/\/www.altercampagne.net\/#\/schema\/person\/0f261460c09e430caa0f9bcffa319109"},"headline":"L\u2019AlterTour cycliste fait \u00e9tape \u00e0 Landiras lundi 6 ao\u00fbt","datePublished":"2012-07-13T11:39:40+00:00","dateModified":"2016-04-19T11:41:35+00:00","mainEntityOfPage":{"@id":"https:\/\/www.altercampagne.net\/?p=4305"},"wordCount":254,"image":{"@id":"https:\/\/www.altercampagne.net\/?p=4305#primaryimage"},"thumbnailUrl":"http:\/\/lgpe.fr\/local\/cache-vignettes\/L8xH11\/puce-32883.gif","keywords":["AlterTour 2012","Aquitaine","2012","Gironde","Landiras","Association LEA"],"inLanguage":"fr-FR"},{"@type":"WebPage","@id":"https:\/\/www.altercampagne.net\/?p=4305","url":"https:\/\/www.altercampagne.net\/?p=4305","name":"L\u2019AlterTour cycliste fait \u00e9tape \u00e0 Landiras lundi 6 ao\u00fbt - AlterTour","isPartOf":{"@id":"https:\/\/www.altercampagne.net\/#website"},"primaryImageOfPage":{"@id":"https:\/\/www.altercampagne.net\/?p=4305#primaryimage"},"image":{"@id":"https:\/\/www.altercampagne.net\/?p=4305#primaryimage"},"thumbnailUrl":"http:\/\/lgpe.fr\/local\/cache-vignettes\/L8xH11\/puce-32883.gif","datePublished":"2012-07-13T11:39:40+00:00","dateModified":"2016-04-19T11:41:35+00:00","author":{"@id":"https:\/\/www.altercampagne.net\/#\/schema\/person\/0f261460c09e430caa0f9bcffa319109"},"breadcrumb":{"@id":"https:\/\/www.altercampagne.net\/?p=4305#breadcrumb"},"inLanguage":"fr-FR","potentialAction":[{"@type":"ReadAction","target":["https:\/\/www.altercampagne.net\/?p=4305"]}]},{"@type":"ImageObject","inLanguage":"fr-FR","@id":"https:\/\/www.altercampagne.net\/?p=4305#primaryimage","url":"http:\/\/lgpe.fr\/local\/cache-vignettes\/L8xH11\/puce-32883.gif","contentUrl":"http:\/\/lgpe.fr\/local\/cache-vignettes\/L8xH11\/puce-32883.gif"},{"@type":"BreadcrumbList","@id":"https:\/\/www.altercampagne.net\/?p=4305#breadcrumb","itemListElement":[{"@type":"ListItem","position":1,"name":"Accueil","item":"https:\/\/www.altercampagne.net\/"},{"@type":"ListItem","position":2,"name":"L\u2019AlterTour cycliste fait \u00e9tape \u00e0 Landiras lundi 6 ao\u00fbt"}]},{"@type":"WebSite","@id":"https:\/\/www.altercampagne.net\/#website","url":"https:\/\/www.altercampagne.net\/","name":"AlterTour","description":"Reliez les Alternatives \u00e0 v\u00e9lo","potentialAction":[{"@type":"SearchAction","target":{"@type":"EntryPoint","urlTemplate":"https:\/\/www.altercampagne.net\/?s={search_term_string}"},"query-input":{"@type":"PropertyValueSpecification","valueRequired":true,"valueName":"search_term_string"}}],"inLanguage":"fr-FR"},{"@type":"Person","@id":"https:\/\/www.altercampagne.net\/#\/schema\/person\/0f261460c09e430caa0f9bcffa319109","name":"Mathieu","image":{"@type":"ImageObject","inLanguage":"fr-FR","@id":"https:\/\/secure.gravatar.com\/avatar\/aa9d3d24c83f2141e5e2709d0f63d09a99f6be6bb7a50abc4915838d9f54501a?s=96&d=mm&r=g","url":"https:\/\/secure.gravatar.com\/avatar\/aa9d3d24c83f2141e5e2709d0f63d09a99f6be6bb7a50abc4915838d9f54501a?s=96&d=mm&r=g","contentUrl":"https:\/\/secure.gravatar.com\/avatar\/aa9d3d24c83f2141e5e2709d0f63d09a99f6be6bb7a50abc4915838d9f54501a?s=96&d=mm&r=g","caption":"Mathieu"},"url":"https:\/\/www.altercampagne.net\/?author=214"}]}},"_links":{"self":[{"href":"https:\/\/www.altercampagne.net\/index.php?rest_route=\/wp\/v2\/posts\/4305","targetHints":{"allow":["GET"]}}],"collection":[{"href":"https:\/\/www.altercampagne.net\/index.php?rest_route=\/wp\/v2\/posts"}],"about":[{"href":"https:\/\/www.altercampagne.net\/index.php?rest_route=\/wp\/v2\/types\/post"}],"author":[{"embeddable":true,"href":"https:\/\/www.altercampagne.net\/index.php?rest_route=\/wp\/v2\/users\/214"}],"replies":[{"embeddable":true,"href":"https:\/\/www.altercampagne.net\/index.php?rest_route=%2Fwp%2Fv2%2Fcomments&post=4305"}],"version-history":[{"count":0,"href":"https:\/\/www.altercampagne.net\/index.php?rest_route=\/wp\/v2\/posts\/4305\/revisions"}],"wp:attachment":[{"href":"https:\/\/www.altercampagne.net\/index.php?rest_route=%2Fwp%2Fv2%2Fmedia&parent=4305"}],"wp:term":[{"taxonomy":"category","embeddable":true,"href":"https:\/\/www.altercampagne.net\/index.php?rest_route=%2Fwp%2Fv2%2Fcategories&post=4305"},{"taxonomy":"post_tag","embeddable":true,"href":"https:\/\/www.altercampagne.net\/index.php?rest_route=%2Fwp%2Fv2%2Ftags&post=4305"}],"curies":[{"name":"wp","href":"https:\/\/api.w.org\/{rel}","templated":true}]}}