{"id":4309,"date":"2012-07-12T12:45:28","date_gmt":"2012-07-12T10:45:28","guid":{"rendered":"http:\/\/www.altercampagne.net\/?p=4309"},"modified":"2016-04-19T13:51:09","modified_gmt":"2016-04-19T11:51:09","slug":"foix-depart-de-laltertour-un-autre-tour-de-france","status":"publish","type":"post","link":"https:\/\/www.altercampagne.net\/?p=4309","title":{"rendered":"Foix : d\u00e9part de l&rsquo;AlterTour, un autre Tour de France"},"content":{"rendered":"<p class=\"Style153\" align=\"justify\"><strong>Le Tour de France est attendu dimanche \u00e0 Foix, ville arriv\u00e9e de la 14\u00e8me \u00e9tape de la grande boucle\u2026 mais en marge de cet \u00e9v\u00e8nement plan\u00e9taire, ce matin presque en catimini, une poign\u00e9e de cyclistes s\u2019\u00e9lan\u00e7aient de la cit\u00e9 comtale pour un tour alternatif et festif.<\/strong><\/p>\n<p>Ici point de caravane publicitaire, ni de trafic de compl\u00e9ments alimentaires frauduleux, c\u2019est un tour \u00e0 la carte, en autogestion, une aventure collective pour d\u00e9couvrir des terroirs pr\u00e9serv\u00e9s.<\/p>\n<p>Si bien que dimanche ces \u00ab<em>altercyclistes<\/em>\u00bb emprunteront la vall\u00e9e du Douctouyre pour aller d\u00e9guster produits du terroir et recharger les batteries chez Philippe Babin, producteur de vin bio ari\u00e9geois.<\/p>\n<p>Le message est clair d\u00e8s le d\u00e9part : \u00ab<em>nous voulons un monde sans dopage, plus \u00e9quitable et plus juste<\/em>\u00bb et sur les v\u00e9los (rebaptis\u00e9s pour l\u2019occasion \u00ab<em>altercyclettes<\/em>\u00bb) des messages ou des logos fleurissent en fonction des sensibilit\u00e9s de chacun : non au nucl\u00e9aire, aux OGM, aux \u00e9oliennes&#8230;<\/p>\n<p>Ce tour est ouvert \u00e0 tous les amoureux de la petite reine sans exigence de performances, en relais solidaire, les \u00ab<em>altercyclistes<\/em>\u00bb voyagent ensemble \u00e0 la rencontre d\u2019alternatifs qui ont des choix de vie diff\u00e9rents car on se nourrit de la diff\u00e9rence des autres et c\u00f4t\u00e9 aventure humaine, ceux qui y ont go\u00fbt\u00e9 une fois, reviennent sans se faire prier comme Marie France, une dynamique retrait\u00e9e originaire de Bourg en Bresse dans l\u2019Ain: \u00ab<em>je pratique le v\u00e9lo depuis longtemps, j\u2019ai commenc\u00e9 sur l\u2019AlterTour en 2009 en participant \u00e0 une \u00e9tape, depuis j\u2019y reviens chaque ann\u00e9e et je le suivrai le plus longtemps possible<\/em>\u00bb<\/p>\n<p>Pour Pierre, travailleur au Samu social de Lyon, il s\u2019agit de la premi\u00e8re exp\u00e9rience et ses motivations sont plurielles : se d\u00e9placer de mani\u00e8re non polluante, rencontrer des alternatifs, faire passer des messages pour une vie meilleure et partager une aventure humaine : \u00ab<em>en fait, c\u2019est en famille que je participe \u00e0 l\u2019AlterTour,<\/em>\u00a0pr\u00e9cise le jeune lyonnais.<\/p>\n<p><em>C\u2019est ma s\u0153ur, une inconditionnelle de l\u2019\u00e9preuve qui m\u2019a motiv\u00e9 \u00e0 prendre le d\u00e9part et \u00e0 la suivre dans cette aventure qui pour elle est une exp\u00e9rience extraordinaire renouvel\u00e9e chaque ann\u00e9e<\/em>\u00bb<\/p>\n<p>Justine en est \u00e0 son 4\u00e8me AlterTour, elle revient chaque ann\u00e9e car elle y fait de belles rencontres: \u00ab<em>cette initiative prouve qu\u2019un autre monde est possible<\/em>\u00bb<\/p>\n<p>Quant \u00e0 Bruno, le r\u00e9gional de l\u2019\u00e9tape, il organise l\u2019AlterTour en Ari\u00e8ge depuis cinq ans il pr\u00e9cise bien qu\u2019il n\u2019a pas la pr\u00e9tention d\u2019\u00eatre le Tour de France : \u00ab<em>c\u2019est un tour parall\u00e8le, alternatif, on est dans la lutte, dans la non comp\u00e9tition, on d\u00e9nonce le dopage [\u2026] 200 \u00abaltercyclistes\u00bb sont inscrits sur cette \u00e9preuve, nous sommes une cinquantaine par \u00e9tape et on peut nous rejoindre en cours de route, c\u2019est ce qui fait aussi le charme de cette manifestation<\/em>\u00bb<\/p>\n<p><strong>La 5\u00e8me \u00e9dition de l\u2019AlterTour se d\u00e9roule du 12 juillet au 19 ao\u00fbt, il s\u2019\u00e9lance de Foix et reliera 12 d\u00e9partements dans le grand Sud-Ouest, avant d\u2019atteindre le B\u00e9arn pour une arriv\u00e9e \u00e0 Pau, soit un total de 2000 km.<\/strong><\/p>\n<p>Un tour alternatif qui prend le contre pied du Tour de France, \u00ab<em>r\u00e9sistant \u00e0 tout esprit de comp\u00e9tition qui conduit au dopage sous toutes ses formes<\/em>\u00bb comme l\u2019indiquent les organisateurs qui ont fait de cette phrase du Mahatma Gandhi, leur \u00e9tendard : \u00ab<em>nous devons vivre simple pour que d\u2019autres puissent simplement vivre<\/em>\u00bb<\/p>\n<p class=\"Style153\" align=\"justify\"><strong>L\u2019AlterTour, une manifestation \u00e9ducative et festive<\/strong><\/p>\n<p>A chaque \u00e9tape sont pr\u00e9vues des conf\u00e9rences, projections de films et visites.<\/p>\n<p>Le Festival R\u00e9sistances, haut lieu du cin\u00e9ma citoyen, donne cette ann\u00e9e une carte blanche \u00e0 l\u2019AlterTour samedi 14 juillet \u00e0 14h avec la projection du film \u00ab<em>L&rsquo;\u00e2ge de tous les dopages<\/em>\u00bb de Dominique B\u00e9roule.<\/p>\n","protected":false},"excerpt":{"rendered":"<p>Le Tour de France est attendu dimanche \u00e0 Foix, ville arriv\u00e9e de la 14\u00e8me \u00e9tape de la grande boucle\u2026 mais en marge de cet \u00e9v\u00e8nement plan\u00e9taire, ce matin presque en catimini, une poign\u00e9e de cyclistes s\u2019\u00e9lan\u00e7aient de la cit\u00e9 comtale pour un tour alternatif et festif. Ici point de caravane &#8230; <\/p>\n<div><a href=\"https:\/\/www.altercampagne.net\/?p=4309\" class=\"more-link\">Read More<\/a><\/div>\n","protected":false},"author":214,"featured_media":0,"comment_status":"closed","ping_status":"closed","sticky":false,"template":"","format":"standard","meta":{"footnotes":""},"categories":[239],"tags":[852,1022,1023,1242,1814,1844,1945],"class_list":["post-4309","post","type-post","status-publish","format-standard","hentry","category-revue-de-presse","tag-altertour-2012","tag-foix","tag-festival-resistances","tag-philippe-babin","tag-1814","tag-midi-pyrenees","tag-ariege","no-post-thumbnail"],"yoast_head":"<!-- This site is optimized with the Yoast SEO plugin v27.3 - https:\/\/yoast.com\/product\/yoast-seo-wordpress\/ -->\n<title>Foix : d\u00e9part de l&#039;AlterTour, un autre Tour de France - AlterTour<\/title>\n<meta name=\"robots\" content=\"index, follow, max-snippet:-1, max-image-preview:large, max-video-preview:-1\" \/>\n<link rel=\"canonical\" href=\"https:\/\/www.altercampagne.net\/?p=4309\" \/>\n<meta property=\"og:locale\" content=\"fr_FR\" \/>\n<meta property=\"og:type\" content=\"article\" \/>\n<meta property=\"og:title\" content=\"Foix : d\u00e9part de l&#039;AlterTour, un autre Tour de France - AlterTour\" \/>\n<meta property=\"og:description\" content=\"Le Tour de France est attendu dimanche \u00e0 Foix, ville arriv\u00e9e de la 14\u00e8me \u00e9tape de la grande boucle\u2026 mais en marge de cet \u00e9v\u00e8nement plan\u00e9taire, ce matin presque en catimini, une poign\u00e9e de cyclistes s\u2019\u00e9lan\u00e7aient de la cit\u00e9 comtale pour un tour alternatif et festif. Ici point de caravane ... Read More\" \/>\n<meta property=\"og:url\" content=\"https:\/\/www.altercampagne.net\/?p=4309\" \/>\n<meta property=\"og:site_name\" content=\"AlterTour\" \/>\n<meta property=\"article:published_time\" content=\"2012-07-12T10:45:28+00:00\" \/>\n<meta property=\"article:modified_time\" content=\"2016-04-19T11:51:09+00:00\" \/>\n<meta name=\"author\" content=\"Mathieu\" \/>\n<meta name=\"twitter:card\" content=\"summary_large_image\" \/>\n<meta name=\"twitter:label1\" content=\"\u00c9crit par\" \/>\n\t<meta name=\"twitter:data1\" content=\"Mathieu\" \/>\n\t<meta name=\"twitter:label2\" content=\"Dur\u00e9e de lecture estim\u00e9e\" \/>\n\t<meta name=\"twitter:data2\" content=\"3 minutes\" \/>\n<script type=\"application\/ld+json\" class=\"yoast-schema-graph\">{\"@context\":\"https:\\\/\\\/schema.org\",\"@graph\":[{\"@type\":\"Article\",\"@id\":\"https:\\\/\\\/www.altercampagne.net\\\/?p=4309#article\",\"isPartOf\":{\"@id\":\"https:\\\/\\\/www.altercampagne.net\\\/?p=4309\"},\"author\":{\"name\":\"Mathieu\",\"@id\":\"https:\\\/\\\/www.altercampagne.net\\\/#\\\/schema\\\/person\\\/0f261460c09e430caa0f9bcffa319109\"},\"headline\":\"Foix : d\u00e9part de l&rsquo;AlterTour, un autre Tour de France\",\"datePublished\":\"2012-07-12T10:45:28+00:00\",\"dateModified\":\"2016-04-19T11:51:09+00:00\",\"mainEntityOfPage\":{\"@id\":\"https:\\\/\\\/www.altercampagne.net\\\/?p=4309\"},\"wordCount\":659,\"keywords\":[\"AlterTour 2012\",\"Foix\",\"Festival R\u00e9sistances\",\"Philippe Babin\",\"2012\",\"Midi-Pyr\u00e9n\u00e9es\",\"Ari\u00e8ge\"],\"articleSection\":[\"Revue de presse\"],\"inLanguage\":\"fr-FR\"},{\"@type\":\"WebPage\",\"@id\":\"https:\\\/\\\/www.altercampagne.net\\\/?p=4309\",\"url\":\"https:\\\/\\\/www.altercampagne.net\\\/?p=4309\",\"name\":\"Foix : d\u00e9part de l'AlterTour, un autre Tour de France - AlterTour\",\"isPartOf\":{\"@id\":\"https:\\\/\\\/www.altercampagne.net\\\/#website\"},\"datePublished\":\"2012-07-12T10:45:28+00:00\",\"dateModified\":\"2016-04-19T11:51:09+00:00\",\"author\":{\"@id\":\"https:\\\/\\\/www.altercampagne.net\\\/#\\\/schema\\\/person\\\/0f261460c09e430caa0f9bcffa319109\"},\"breadcrumb\":{\"@id\":\"https:\\\/\\\/www.altercampagne.net\\\/?p=4309#breadcrumb\"},\"inLanguage\":\"fr-FR\",\"potentialAction\":[{\"@type\":\"ReadAction\",\"target\":[\"https:\\\/\\\/www.altercampagne.net\\\/?p=4309\"]}]},{\"@type\":\"BreadcrumbList\",\"@id\":\"https:\\\/\\\/www.altercampagne.net\\\/?p=4309#breadcrumb\",\"itemListElement\":[{\"@type\":\"ListItem\",\"position\":1,\"name\":\"Accueil\",\"item\":\"https:\\\/\\\/www.altercampagne.net\\\/\"},{\"@type\":\"ListItem\",\"position\":2,\"name\":\"Foix : d\u00e9part de l&rsquo;AlterTour, un autre Tour de France\"}]},{\"@type\":\"WebSite\",\"@id\":\"https:\\\/\\\/www.altercampagne.net\\\/#website\",\"url\":\"https:\\\/\\\/www.altercampagne.net\\\/\",\"name\":\"AlterTour\",\"description\":\"Reliez les Alternatives \u00e0 v\u00e9lo\",\"potentialAction\":[{\"@type\":\"SearchAction\",\"target\":{\"@type\":\"EntryPoint\",\"urlTemplate\":\"https:\\\/\\\/www.altercampagne.net\\\/?s={search_term_string}\"},\"query-input\":{\"@type\":\"PropertyValueSpecification\",\"valueRequired\":true,\"valueName\":\"search_term_string\"}}],\"inLanguage\":\"fr-FR\"},{\"@type\":\"Person\",\"@id\":\"https:\\\/\\\/www.altercampagne.net\\\/#\\\/schema\\\/person\\\/0f261460c09e430caa0f9bcffa319109\",\"name\":\"Mathieu\",\"image\":{\"@type\":\"ImageObject\",\"inLanguage\":\"fr-FR\",\"@id\":\"https:\\\/\\\/secure.gravatar.com\\\/avatar\\\/aa9d3d24c83f2141e5e2709d0f63d09a99f6be6bb7a50abc4915838d9f54501a?s=96&d=mm&r=g\",\"url\":\"https:\\\/\\\/secure.gravatar.com\\\/avatar\\\/aa9d3d24c83f2141e5e2709d0f63d09a99f6be6bb7a50abc4915838d9f54501a?s=96&d=mm&r=g\",\"contentUrl\":\"https:\\\/\\\/secure.gravatar.com\\\/avatar\\\/aa9d3d24c83f2141e5e2709d0f63d09a99f6be6bb7a50abc4915838d9f54501a?s=96&d=mm&r=g\",\"caption\":\"Mathieu\"},\"url\":\"https:\\\/\\\/www.altercampagne.net\\\/?author=214\"}]}<\/script>\n<!-- \/ Yoast SEO plugin. -->","yoast_head_json":{"title":"Foix : d\u00e9part de l'AlterTour, un autre Tour de France - AlterTour","robots":{"index":"index","follow":"follow","max-snippet":"max-snippet:-1","max-image-preview":"max-image-preview:large","max-video-preview":"max-video-preview:-1"},"canonical":"https:\/\/www.altercampagne.net\/?p=4309","og_locale":"fr_FR","og_type":"article","og_title":"Foix : d\u00e9part de l'AlterTour, un autre Tour de France - AlterTour","og_description":"Le Tour de France est attendu dimanche \u00e0 Foix, ville arriv\u00e9e de la 14\u00e8me \u00e9tape de la grande boucle\u2026 mais en marge de cet \u00e9v\u00e8nement plan\u00e9taire, ce matin presque en catimini, une poign\u00e9e de cyclistes s\u2019\u00e9lan\u00e7aient de la cit\u00e9 comtale pour un tour alternatif et festif. Ici point de caravane ... Read More","og_url":"https:\/\/www.altercampagne.net\/?p=4309","og_site_name":"AlterTour","article_published_time":"2012-07-12T10:45:28+00:00","article_modified_time":"2016-04-19T11:51:09+00:00","author":"Mathieu","twitter_card":"summary_large_image","twitter_misc":{"\u00c9crit par":"Mathieu","Dur\u00e9e de lecture estim\u00e9e":"3 minutes"},"schema":{"@context":"https:\/\/schema.org","@graph":[{"@type":"Article","@id":"https:\/\/www.altercampagne.net\/?p=4309#article","isPartOf":{"@id":"https:\/\/www.altercampagne.net\/?p=4309"},"author":{"name":"Mathieu","@id":"https:\/\/www.altercampagne.net\/#\/schema\/person\/0f261460c09e430caa0f9bcffa319109"},"headline":"Foix : d\u00e9part de l&rsquo;AlterTour, un autre Tour de France","datePublished":"2012-07-12T10:45:28+00:00","dateModified":"2016-04-19T11:51:09+00:00","mainEntityOfPage":{"@id":"https:\/\/www.altercampagne.net\/?p=4309"},"wordCount":659,"keywords":["AlterTour 2012","Foix","Festival R\u00e9sistances","Philippe Babin","2012","Midi-Pyr\u00e9n\u00e9es","Ari\u00e8ge"],"articleSection":["Revue de presse"],"inLanguage":"fr-FR"},{"@type":"WebPage","@id":"https:\/\/www.altercampagne.net\/?p=4309","url":"https:\/\/www.altercampagne.net\/?p=4309","name":"Foix : d\u00e9part de l'AlterTour, un autre Tour de France - AlterTour","isPartOf":{"@id":"https:\/\/www.altercampagne.net\/#website"},"datePublished":"2012-07-12T10:45:28+00:00","dateModified":"2016-04-19T11:51:09+00:00","author":{"@id":"https:\/\/www.altercampagne.net\/#\/schema\/person\/0f261460c09e430caa0f9bcffa319109"},"breadcrumb":{"@id":"https:\/\/www.altercampagne.net\/?p=4309#breadcrumb"},"inLanguage":"fr-FR","potentialAction":[{"@type":"ReadAction","target":["https:\/\/www.altercampagne.net\/?p=4309"]}]},{"@type":"BreadcrumbList","@id":"https:\/\/www.altercampagne.net\/?p=4309#breadcrumb","itemListElement":[{"@type":"ListItem","position":1,"name":"Accueil","item":"https:\/\/www.altercampagne.net\/"},{"@type":"ListItem","position":2,"name":"Foix : d\u00e9part de l&rsquo;AlterTour, un autre Tour de France"}]},{"@type":"WebSite","@id":"https:\/\/www.altercampagne.net\/#website","url":"https:\/\/www.altercampagne.net\/","name":"AlterTour","description":"Reliez les Alternatives \u00e0 v\u00e9lo","potentialAction":[{"@type":"SearchAction","target":{"@type":"EntryPoint","urlTemplate":"https:\/\/www.altercampagne.net\/?s={search_term_string}"},"query-input":{"@type":"PropertyValueSpecification","valueRequired":true,"valueName":"search_term_string"}}],"inLanguage":"fr-FR"},{"@type":"Person","@id":"https:\/\/www.altercampagne.net\/#\/schema\/person\/0f261460c09e430caa0f9bcffa319109","name":"Mathieu","image":{"@type":"ImageObject","inLanguage":"fr-FR","@id":"https:\/\/secure.gravatar.com\/avatar\/aa9d3d24c83f2141e5e2709d0f63d09a99f6be6bb7a50abc4915838d9f54501a?s=96&d=mm&r=g","url":"https:\/\/secure.gravatar.com\/avatar\/aa9d3d24c83f2141e5e2709d0f63d09a99f6be6bb7a50abc4915838d9f54501a?s=96&d=mm&r=g","contentUrl":"https:\/\/secure.gravatar.com\/avatar\/aa9d3d24c83f2141e5e2709d0f63d09a99f6be6bb7a50abc4915838d9f54501a?s=96&d=mm&r=g","caption":"Mathieu"},"url":"https:\/\/www.altercampagne.net\/?author=214"}]}},"_links":{"self":[{"href":"https:\/\/www.altercampagne.net\/index.php?rest_route=\/wp\/v2\/posts\/4309","targetHints":{"allow":["GET"]}}],"collection":[{"href":"https:\/\/www.altercampagne.net\/index.php?rest_route=\/wp\/v2\/posts"}],"about":[{"href":"https:\/\/www.altercampagne.net\/index.php?rest_route=\/wp\/v2\/types\/post"}],"author":[{"embeddable":true,"href":"https:\/\/www.altercampagne.net\/index.php?rest_route=\/wp\/v2\/users\/214"}],"replies":[{"embeddable":true,"href":"https:\/\/www.altercampagne.net\/index.php?rest_route=%2Fwp%2Fv2%2Fcomments&post=4309"}],"version-history":[{"count":0,"href":"https:\/\/www.altercampagne.net\/index.php?rest_route=\/wp\/v2\/posts\/4309\/revisions"}],"wp:attachment":[{"href":"https:\/\/www.altercampagne.net\/index.php?rest_route=%2Fwp%2Fv2%2Fmedia&parent=4309"}],"wp:term":[{"taxonomy":"category","embeddable":true,"href":"https:\/\/www.altercampagne.net\/index.php?rest_route=%2Fwp%2Fv2%2Fcategories&post=4309"},{"taxonomy":"post_tag","embeddable":true,"href":"https:\/\/www.altercampagne.net\/index.php?rest_route=%2Fwp%2Fv2%2Ftags&post=4309"}],"curies":[{"name":"wp","href":"https:\/\/api.w.org\/{rel}","templated":true}]}}