{"id":4311,"date":"2012-07-10T13:51:47","date_gmt":"2012-07-10T11:51:47","guid":{"rendered":"http:\/\/www.altercampagne.net\/?p=4311"},"modified":"2016-04-19T13:53:56","modified_gmt":"2016-04-19T11:53:56","slug":"laltertour-passe-a-milhars-81-les-22-et-23-juillet-2012","status":"publish","type":"post","link":"https:\/\/www.altercampagne.net\/?p=4311","title":{"rendered":"L\u2019AlterTour passe \u00e0 Milhars (81) les 22 et 23 juillet 2012"},"content":{"rendered":"<p class=\"Style153\" align=\"justify\">Les 22 et 23 juillet, l\u2019AlterTour fera \u00e9tape \u00e0 Mihars (Tarn).<\/p>\n<p class=\"Style153\" align=\"justify\">L\u2019AlterTour, c\u2019est un \u00ab\u00a0autre\u00a0\u00bb Tour de France, sans comp\u00e9tition et sans dopage. Vous pouvez avoir des infos sur www.altertour.net. \u00c0 cette occasion donc, nous organisons deux jours de \u00ab\u00a0r\u00e9flexion festive\u00a0\u00bb avec visite (et d\u00e9gustation !) au Jardin des Funambules, jardin associatif et oasis vivri\u00e8re en permaculture (infos sur <a href=\"http:\/\/www.lesfunambules.fr\" target=\"_blank\">www.lesfunambules.fr<\/a>) le dimanche et consacrons le lundi au Mouvement des Territoires en Transition avec projection d\u2019un nouveau doc et ateliers pratiques. La Transition, c\u2019est donner aux citoyens des outils d\u2019imagination et d\u2019organisation collective pour construire le futur. Rien que \u00e7a ! Honn\u00eatement, c\u2019est vraiment enthousiasmant. A l\u2019heure du \u00ab qu\u2019est-ce qu\u2019on peut faire on peut rien faire \u00bb, la Transition fait du bien. Vous pouvez avoir des infos sur la Transition sur <a href=\"http:\/\/www.transitionfrance.fr\" target=\"_blank\">www.transitionfrance.fr<\/a><\/p>\n<p class=\"Style153\" align=\"justify\">Source : <a href=\"http:\/\/www.fakirpresse.info\/\" target=\"_blank\">http:\/\/www.fakirpresse.info\/<\/a><\/p>\n","protected":false},"excerpt":{"rendered":"<p>Les 22 et 23 juillet, l\u2019AlterTour fera \u00e9tape \u00e0 Mihars (Tarn). L\u2019AlterTour, c\u2019est un \u00ab\u00a0autre\u00a0\u00bb Tour de France, sans comp\u00e9tition et sans dopage. Vous pouvez avoir des infos sur www.altertour.net. \u00c0 cette occasion donc, nous organisons deux jours de \u00ab\u00a0r\u00e9flexion festive\u00a0\u00bb avec visite (et d\u00e9gustation !) au Jardin des Funambules, &#8230; <\/p>\n<div><a href=\"https:\/\/www.altercampagne.net\/?p=4311\" class=\"more-link\">Read More<\/a><\/div>\n","protected":false},"author":214,"featured_media":0,"comment_status":"closed","ping_status":"closed","sticky":false,"template":"","format":"standard","meta":{"footnotes":""},"categories":[239],"tags":[73,852,1257,1814,1844,1941,1950],"class_list":["post-4311","post","type-post","status-publish","format-standard","hentry","category-revue-de-presse","tag-transition","tag-altertour-2012","tag-jardin-des-funambules","tag-1814","tag-midi-pyrenees","tag-tarn","tag-mihars","no-post-thumbnail"],"yoast_head":"<!-- This site is optimized with the Yoast SEO plugin v27.3 - https:\/\/yoast.com\/product\/yoast-seo-wordpress\/ -->\n<title>L\u2019AlterTour passe \u00e0 Milhars (81) les 22 et 23 juillet 2012 - AlterTour<\/title>\n<meta name=\"robots\" content=\"index, follow, max-snippet:-1, max-image-preview:large, max-video-preview:-1\" \/>\n<link rel=\"canonical\" href=\"https:\/\/www.altercampagne.net\/?p=4311\" \/>\n<meta property=\"og:locale\" content=\"fr_FR\" \/>\n<meta property=\"og:type\" content=\"article\" \/>\n<meta property=\"og:title\" content=\"L\u2019AlterTour passe \u00e0 Milhars (81) les 22 et 23 juillet 2012 - AlterTour\" \/>\n<meta property=\"og:description\" content=\"Les 22 et 23 juillet, l\u2019AlterTour fera \u00e9tape \u00e0 Mihars (Tarn). L\u2019AlterTour, c\u2019est un \u00ab\u00a0autre\u00a0\u00bb Tour de France, sans comp\u00e9tition et sans dopage. Vous pouvez avoir des infos sur www.altertour.net. \u00c0 cette occasion donc, nous organisons deux jours de \u00ab\u00a0r\u00e9flexion festive\u00a0\u00bb avec visite (et d\u00e9gustation !) au Jardin des Funambules, ... Read More\" \/>\n<meta property=\"og:url\" content=\"https:\/\/www.altercampagne.net\/?p=4311\" \/>\n<meta property=\"og:site_name\" content=\"AlterTour\" \/>\n<meta property=\"article:published_time\" content=\"2012-07-10T11:51:47+00:00\" \/>\n<meta property=\"article:modified_time\" content=\"2016-04-19T11:53:56+00:00\" \/>\n<meta name=\"author\" content=\"Mathieu\" \/>\n<meta name=\"twitter:card\" content=\"summary_large_image\" \/>\n<meta name=\"twitter:label1\" content=\"\u00c9crit par\" \/>\n\t<meta name=\"twitter:data1\" content=\"Mathieu\" \/>\n\t<meta name=\"twitter:label2\" content=\"Dur\u00e9e de lecture estim\u00e9e\" \/>\n\t<meta name=\"twitter:data2\" content=\"1 minute\" \/>\n<script type=\"application\/ld+json\" class=\"yoast-schema-graph\">{\"@context\":\"https:\\\/\\\/schema.org\",\"@graph\":[{\"@type\":\"Article\",\"@id\":\"https:\\\/\\\/www.altercampagne.net\\\/?p=4311#article\",\"isPartOf\":{\"@id\":\"https:\\\/\\\/www.altercampagne.net\\\/?p=4311\"},\"author\":{\"name\":\"Mathieu\",\"@id\":\"https:\\\/\\\/www.altercampagne.net\\\/#\\\/schema\\\/person\\\/0f261460c09e430caa0f9bcffa319109\"},\"headline\":\"L\u2019AlterTour passe \u00e0 Milhars (81) les 22 et 23 juillet 2012\",\"datePublished\":\"2012-07-10T11:51:47+00:00\",\"dateModified\":\"2016-04-19T11:53:56+00:00\",\"mainEntityOfPage\":{\"@id\":\"https:\\\/\\\/www.altercampagne.net\\\/?p=4311\"},\"wordCount\":158,\"keywords\":[\"Transition\",\"AlterTour 2012\",\"Jardin des Funambules\",\"2012\",\"Midi-Pyr\u00e9n\u00e9es\",\"Tarn\",\"Mihars\"],\"articleSection\":[\"Revue de presse\"],\"inLanguage\":\"fr-FR\"},{\"@type\":\"WebPage\",\"@id\":\"https:\\\/\\\/www.altercampagne.net\\\/?p=4311\",\"url\":\"https:\\\/\\\/www.altercampagne.net\\\/?p=4311\",\"name\":\"L\u2019AlterTour passe \u00e0 Milhars (81) les 22 et 23 juillet 2012 - AlterTour\",\"isPartOf\":{\"@id\":\"https:\\\/\\\/www.altercampagne.net\\\/#website\"},\"datePublished\":\"2012-07-10T11:51:47+00:00\",\"dateModified\":\"2016-04-19T11:53:56+00:00\",\"author\":{\"@id\":\"https:\\\/\\\/www.altercampagne.net\\\/#\\\/schema\\\/person\\\/0f261460c09e430caa0f9bcffa319109\"},\"breadcrumb\":{\"@id\":\"https:\\\/\\\/www.altercampagne.net\\\/?p=4311#breadcrumb\"},\"inLanguage\":\"fr-FR\",\"potentialAction\":[{\"@type\":\"ReadAction\",\"target\":[\"https:\\\/\\\/www.altercampagne.net\\\/?p=4311\"]}]},{\"@type\":\"BreadcrumbList\",\"@id\":\"https:\\\/\\\/www.altercampagne.net\\\/?p=4311#breadcrumb\",\"itemListElement\":[{\"@type\":\"ListItem\",\"position\":1,\"name\":\"Accueil\",\"item\":\"https:\\\/\\\/www.altercampagne.net\\\/\"},{\"@type\":\"ListItem\",\"position\":2,\"name\":\"L\u2019AlterTour passe \u00e0 Milhars (81) les 22 et 23 juillet 2012\"}]},{\"@type\":\"WebSite\",\"@id\":\"https:\\\/\\\/www.altercampagne.net\\\/#website\",\"url\":\"https:\\\/\\\/www.altercampagne.net\\\/\",\"name\":\"AlterTour\",\"description\":\"Reliez les Alternatives \u00e0 v\u00e9lo\",\"potentialAction\":[{\"@type\":\"SearchAction\",\"target\":{\"@type\":\"EntryPoint\",\"urlTemplate\":\"https:\\\/\\\/www.altercampagne.net\\\/?s={search_term_string}\"},\"query-input\":{\"@type\":\"PropertyValueSpecification\",\"valueRequired\":true,\"valueName\":\"search_term_string\"}}],\"inLanguage\":\"fr-FR\"},{\"@type\":\"Person\",\"@id\":\"https:\\\/\\\/www.altercampagne.net\\\/#\\\/schema\\\/person\\\/0f261460c09e430caa0f9bcffa319109\",\"name\":\"Mathieu\",\"image\":{\"@type\":\"ImageObject\",\"inLanguage\":\"fr-FR\",\"@id\":\"https:\\\/\\\/secure.gravatar.com\\\/avatar\\\/aa9d3d24c83f2141e5e2709d0f63d09a99f6be6bb7a50abc4915838d9f54501a?s=96&d=mm&r=g\",\"url\":\"https:\\\/\\\/secure.gravatar.com\\\/avatar\\\/aa9d3d24c83f2141e5e2709d0f63d09a99f6be6bb7a50abc4915838d9f54501a?s=96&d=mm&r=g\",\"contentUrl\":\"https:\\\/\\\/secure.gravatar.com\\\/avatar\\\/aa9d3d24c83f2141e5e2709d0f63d09a99f6be6bb7a50abc4915838d9f54501a?s=96&d=mm&r=g\",\"caption\":\"Mathieu\"},\"url\":\"https:\\\/\\\/www.altercampagne.net\\\/?author=214\"}]}<\/script>\n<!-- \/ Yoast SEO plugin. -->","yoast_head_json":{"title":"L\u2019AlterTour passe \u00e0 Milhars (81) les 22 et 23 juillet 2012 - AlterTour","robots":{"index":"index","follow":"follow","max-snippet":"max-snippet:-1","max-image-preview":"max-image-preview:large","max-video-preview":"max-video-preview:-1"},"canonical":"https:\/\/www.altercampagne.net\/?p=4311","og_locale":"fr_FR","og_type":"article","og_title":"L\u2019AlterTour passe \u00e0 Milhars (81) les 22 et 23 juillet 2012 - AlterTour","og_description":"Les 22 et 23 juillet, l\u2019AlterTour fera \u00e9tape \u00e0 Mihars (Tarn). L\u2019AlterTour, c\u2019est un \u00ab\u00a0autre\u00a0\u00bb Tour de France, sans comp\u00e9tition et sans dopage. Vous pouvez avoir des infos sur www.altertour.net. \u00c0 cette occasion donc, nous organisons deux jours de \u00ab\u00a0r\u00e9flexion festive\u00a0\u00bb avec visite (et d\u00e9gustation !) au Jardin des Funambules, ... Read More","og_url":"https:\/\/www.altercampagne.net\/?p=4311","og_site_name":"AlterTour","article_published_time":"2012-07-10T11:51:47+00:00","article_modified_time":"2016-04-19T11:53:56+00:00","author":"Mathieu","twitter_card":"summary_large_image","twitter_misc":{"\u00c9crit par":"Mathieu","Dur\u00e9e de lecture estim\u00e9e":"1 minute"},"schema":{"@context":"https:\/\/schema.org","@graph":[{"@type":"Article","@id":"https:\/\/www.altercampagne.net\/?p=4311#article","isPartOf":{"@id":"https:\/\/www.altercampagne.net\/?p=4311"},"author":{"name":"Mathieu","@id":"https:\/\/www.altercampagne.net\/#\/schema\/person\/0f261460c09e430caa0f9bcffa319109"},"headline":"L\u2019AlterTour passe \u00e0 Milhars (81) les 22 et 23 juillet 2012","datePublished":"2012-07-10T11:51:47+00:00","dateModified":"2016-04-19T11:53:56+00:00","mainEntityOfPage":{"@id":"https:\/\/www.altercampagne.net\/?p=4311"},"wordCount":158,"keywords":["Transition","AlterTour 2012","Jardin des Funambules","2012","Midi-Pyr\u00e9n\u00e9es","Tarn","Mihars"],"articleSection":["Revue de presse"],"inLanguage":"fr-FR"},{"@type":"WebPage","@id":"https:\/\/www.altercampagne.net\/?p=4311","url":"https:\/\/www.altercampagne.net\/?p=4311","name":"L\u2019AlterTour passe \u00e0 Milhars (81) les 22 et 23 juillet 2012 - AlterTour","isPartOf":{"@id":"https:\/\/www.altercampagne.net\/#website"},"datePublished":"2012-07-10T11:51:47+00:00","dateModified":"2016-04-19T11:53:56+00:00","author":{"@id":"https:\/\/www.altercampagne.net\/#\/schema\/person\/0f261460c09e430caa0f9bcffa319109"},"breadcrumb":{"@id":"https:\/\/www.altercampagne.net\/?p=4311#breadcrumb"},"inLanguage":"fr-FR","potentialAction":[{"@type":"ReadAction","target":["https:\/\/www.altercampagne.net\/?p=4311"]}]},{"@type":"BreadcrumbList","@id":"https:\/\/www.altercampagne.net\/?p=4311#breadcrumb","itemListElement":[{"@type":"ListItem","position":1,"name":"Accueil","item":"https:\/\/www.altercampagne.net\/"},{"@type":"ListItem","position":2,"name":"L\u2019AlterTour passe \u00e0 Milhars (81) les 22 et 23 juillet 2012"}]},{"@type":"WebSite","@id":"https:\/\/www.altercampagne.net\/#website","url":"https:\/\/www.altercampagne.net\/","name":"AlterTour","description":"Reliez les Alternatives \u00e0 v\u00e9lo","potentialAction":[{"@type":"SearchAction","target":{"@type":"EntryPoint","urlTemplate":"https:\/\/www.altercampagne.net\/?s={search_term_string}"},"query-input":{"@type":"PropertyValueSpecification","valueRequired":true,"valueName":"search_term_string"}}],"inLanguage":"fr-FR"},{"@type":"Person","@id":"https:\/\/www.altercampagne.net\/#\/schema\/person\/0f261460c09e430caa0f9bcffa319109","name":"Mathieu","image":{"@type":"ImageObject","inLanguage":"fr-FR","@id":"https:\/\/secure.gravatar.com\/avatar\/aa9d3d24c83f2141e5e2709d0f63d09a99f6be6bb7a50abc4915838d9f54501a?s=96&d=mm&r=g","url":"https:\/\/secure.gravatar.com\/avatar\/aa9d3d24c83f2141e5e2709d0f63d09a99f6be6bb7a50abc4915838d9f54501a?s=96&d=mm&r=g","contentUrl":"https:\/\/secure.gravatar.com\/avatar\/aa9d3d24c83f2141e5e2709d0f63d09a99f6be6bb7a50abc4915838d9f54501a?s=96&d=mm&r=g","caption":"Mathieu"},"url":"https:\/\/www.altercampagne.net\/?author=214"}]}},"_links":{"self":[{"href":"https:\/\/www.altercampagne.net\/index.php?rest_route=\/wp\/v2\/posts\/4311","targetHints":{"allow":["GET"]}}],"collection":[{"href":"https:\/\/www.altercampagne.net\/index.php?rest_route=\/wp\/v2\/posts"}],"about":[{"href":"https:\/\/www.altercampagne.net\/index.php?rest_route=\/wp\/v2\/types\/post"}],"author":[{"embeddable":true,"href":"https:\/\/www.altercampagne.net\/index.php?rest_route=\/wp\/v2\/users\/214"}],"replies":[{"embeddable":true,"href":"https:\/\/www.altercampagne.net\/index.php?rest_route=%2Fwp%2Fv2%2Fcomments&post=4311"}],"version-history":[{"count":0,"href":"https:\/\/www.altercampagne.net\/index.php?rest_route=\/wp\/v2\/posts\/4311\/revisions"}],"wp:attachment":[{"href":"https:\/\/www.altercampagne.net\/index.php?rest_route=%2Fwp%2Fv2%2Fmedia&parent=4311"}],"wp:term":[{"taxonomy":"category","embeddable":true,"href":"https:\/\/www.altercampagne.net\/index.php?rest_route=%2Fwp%2Fv2%2Fcategories&post=4311"},{"taxonomy":"post_tag","embeddable":true,"href":"https:\/\/www.altercampagne.net\/index.php?rest_route=%2Fwp%2Fv2%2Ftags&post=4311"}],"curies":[{"name":"wp","href":"https:\/\/api.w.org\/{rel}","templated":true}]}}