{"id":4313,"date":"2012-07-10T13:54:27","date_gmt":"2012-07-10T11:54:27","guid":{"rendered":"http:\/\/www.altercampagne.net\/?p=4313"},"modified":"2016-04-19T13:58:12","modified_gmt":"2016-04-19T11:58:12","slug":"sainte-croix-volvestre-marche-o-initiatives-locales","status":"publish","type":"post","link":"https:\/\/www.altercampagne.net\/?p=4313","title":{"rendered":"Sainte-Croix Volvestre : March\u00e9 \u00d4 initiatives locales"},"content":{"rendered":"<p class=\"Style153\" align=\"justify\">Aujourd\u2019hui, les occasions d\u2019\u00e9changer des id\u00e9es se r\u00e9duisent \u00e0 des r\u00e9unions souvent longues et r\u00e9barbatives.<\/p>\n<p class=\"Style153\" align=\"justify\"><strong> Pour renouer avec d\u2019anciennes traditions d\u2019\u00e9changes, l\u2019association du march\u00e9 de Sainte Croix Volvestre propose ce mercredi son March\u00e9 \u00d4 initiatives locales. <\/strong><\/p>\n<p class=\"Style153\" align=\"justify\">En proposant le mercredi 11 juillet un march\u00e9 aux initiatives, locales, bio, \u00e9quitables et solidaires, l\u2019association du march\u00e9 de Sainte Croix Volvestre a souhait\u00e9 \u00e9galement s\u2019associer \u00e0 la fois au festival R\u00e9sistances (Foix du 6 au 14 juillet), \u00e0 l\u2019<strong>AlterTour<\/strong> <strong>2012<\/strong> (samedi 14 juillet d\u00e9part \u00e0 Foix d\u2019un autre Tour de France qui d\u00e9nonce tous les dopages), ainsi qu\u2019aux 30 ans de la revue \u00abS!lence\u00bb (le 13 juillet au festival R\u00e9sistances) et aux rencontres des \u00abAmi-e-s de S!lence\u00bb (du 9 au 22 juillet \u00e0 Loubi\u00e8res).<\/p>\n<p class=\"Style153\" align=\"justify\">A l\u2019image de la revue qui se veut un lien entre toutes celles et ceux qui pensent qu\u2019aujourd\u2019hui il est possible de vivre autrement, le \u00abMarch\u00e9 \u00d4 initiatives\u00bb entend \u00eatre l\u2019amorce d\u2019une nouvelle \u00e9dition actualis\u00e9e des alternatives en Ari\u00e8ge.<\/p>\n<p class=\"Style153\" align=\"justify\">Le march\u00e9 de Sainte Croix Volvestre est notamment l\u2019occasion de pr\u00e9senter des initiatives locales permettant de reprendre pied sur le projet de monnaie solidaire ari\u00e9geoise, d\u2019exp\u00e9riences de finances solidaires avec la Nef, de pr\u00e9senter les microcr\u00e9dits pour demandeurs d\u2019emploi avec l\u2019Adie, soci\u00e9t\u00e9 coop\u00e9rative d\u2019int\u00e9r\u00eat collectif de capital-risque solidaire, ou encore le Collectif pour un audit citoyen de la dette publique, v\u00e9ritables alternatives aux banques.<\/p>\n<p class=\"Style153\" align=\"justify\">Apr\u00e8s une ann\u00e9e de sommeil, la r\u00e9flexion sur la pertinence de cr\u00e9er une monnaie locale compl\u00e9mentaire sur le territoire se voit ainsi relanc\u00e9e.<\/p>\n<p class=\"Style153\" align=\"justify\">Une monnaie provisoirement appel\u00e9e \u00able volp\u00bb pour \u00abV\u00e9ritable Objet L\u00e9gal de Paiement\u00bb du nom de la rivi\u00e8re qui arrose le chef-lieu, mais \u00e9galement une appellation riche de symbolique \u00e0 d\u00e9couvrir ce mercredi.<\/p>\n<p class=\"Style153\" align=\"justify\">Une monnaie qui a vocation \u00e0 d\u00e9velopper la solidarit\u00e9 sur tout le canton de Sainte Croix Volvestre.<\/p>\n<p class=\"Style153\" align=\"justify\">Depuis 6 ans maintenant ce march\u00e9 associatif affirme sa diff\u00e9rence: \u00eatre un march\u00e9 g\u00e9r\u00e9 par un conseil d\u2019administration compos\u00e9 de producteurs et de \u00abmangeurs b\u00e9n\u00e9voles\u00bb qui d\u00e9cident ensemble des orientations lors de r\u00e9unions \u00abrepas partag\u00e9s\u00bb trimestrielles.<\/p>\n<p class=\"Style153\" align=\"justify\">Le march\u00e9 qui accueille en priorit\u00e9 des producteurs et des revendeurs locaux entend renouer avec la signification ancienne du march\u00e9 qui en grec se dit agora et en latin forum.<\/p>\n<p class=\"Style153\" align=\"justify\">A l\u2019\u00e9poque on y \u00e9changeait des nouvelles et des id\u00e9es autant que des produits, voire plus.<\/p>\n<p class=\"Style153\" align=\"justify\">Bref, en toute modestie, face \u00e0 la crise actuelle, le march\u00e9 aux initiatives entend proposer des solutions locales pour agir local.<\/p>\n<p class=\"Style153\" align=\"justify\">Un peu partout dans le monde il existe des citoyens ordinaires qui tentent de tracer de nouvelles voies.<\/p>\n<p class=\"Style153\" align=\"justify\">L\u2019un des objectifs de ce march\u00e9 aux initiatives est de permettre non seulement que les porteurs d\u2019initiatives se rencontrent mais \u00e9galement de donner \u00e0 voir aux visiteurs combien les alternatives pour une soci\u00e9t\u00e9 plus conviviale existent d\u00e9j\u00e0 ici en Ari\u00e8ge.<\/p>\n<p class=\"Style153\" align=\"justify\">Aussi ce mercredi 11 juillet, d\u00e8s 9h, le march\u00e9 proprement dit d\u00e9marrera et sera ponctu\u00e9 de rencontres et d\u00e9bats, de projections documentaires, pour finir sur un \u00e9change autour de la monnaie locale solidaire.<\/p>\n<p class=\"Style153\" align=\"justify\">Une exposition \u00abl\u2019\u00e9cologie en 200 dates\u00bb sera \u00e9galement propos\u00e9e.<\/p>\n<p class=\"Style153\" align=\"justify\">Une quarantaine de participants associatifs et autres participeront aux animations qui seront propos\u00e9es tout au long de la journ\u00e9e.<\/p>\n<p class=\"Style153\" align=\"justify\">Bref, un march\u00e9 pas si atypique que cela, qu\u2019il convient de prendre le temps de d\u00e9couvrir et de partager !<\/p>\n<p class=\"Style153\" align=\"justify\">Source : <a href=\"http:\/\/www.ariegenews.com\/ariege\/communes\/2012\/49980\/sainte-croix-volvestre-marche-initiatives-locales.html\" target=\"_blank\">http:\/\/www.ariegenews.com\/ariege\/communes\/2012\/49980\/sainte-croix-volvestre-marche-initiatives-locales.html<\/a><\/p>\n","protected":false},"excerpt":{"rendered":"<p>Aujourd\u2019hui, les occasions d\u2019\u00e9changer des id\u00e9es se r\u00e9duisent \u00e0 des r\u00e9unions souvent longues et r\u00e9barbatives. Pour renouer avec d\u2019anciennes traditions d\u2019\u00e9changes, l\u2019association du march\u00e9 de Sainte Croix Volvestre propose ce mercredi son March\u00e9 \u00d4 initiatives locales. En proposant le mercredi 11 juillet un march\u00e9 aux initiatives, locales, bio, \u00e9quitables et &#8230; <\/p>\n<div><a href=\"https:\/\/www.altercampagne.net\/?p=4313\" class=\"more-link\">Read More<\/a><\/div>\n","protected":false},"author":214,"featured_media":0,"comment_status":"closed","ping_status":"closed","sticky":false,"template":"","format":"standard","meta":{"footnotes":""},"categories":[239],"tags":[852,1814,1844,1945,1951,1952,1953],"class_list":["post-4313","post","type-post","status-publish","format-standard","hentry","category-revue-de-presse","tag-altertour-2012","tag-1814","tag-midi-pyrenees","tag-ariege","tag-sainte-croix-volvestre","tag-nef","tag-le-volp","no-post-thumbnail"],"yoast_head":"<!-- This site is optimized with the Yoast SEO plugin v27.3 - https:\/\/yoast.com\/product\/yoast-seo-wordpress\/ -->\n<title>Sainte-Croix Volvestre : March\u00e9 \u00d4 initiatives locales - AlterTour<\/title>\n<meta name=\"robots\" content=\"index, follow, max-snippet:-1, max-image-preview:large, max-video-preview:-1\" \/>\n<link rel=\"canonical\" href=\"https:\/\/www.altercampagne.net\/?p=4313\" \/>\n<meta property=\"og:locale\" content=\"fr_FR\" \/>\n<meta property=\"og:type\" content=\"article\" \/>\n<meta property=\"og:title\" content=\"Sainte-Croix Volvestre : March\u00e9 \u00d4 initiatives locales - AlterTour\" \/>\n<meta property=\"og:description\" content=\"Aujourd\u2019hui, les occasions d\u2019\u00e9changer des id\u00e9es se r\u00e9duisent \u00e0 des r\u00e9unions souvent longues et r\u00e9barbatives. Pour renouer avec d\u2019anciennes traditions d\u2019\u00e9changes, l\u2019association du march\u00e9 de Sainte Croix Volvestre propose ce mercredi son March\u00e9 \u00d4 initiatives locales. En proposant le mercredi 11 juillet un march\u00e9 aux initiatives, locales, bio, \u00e9quitables et ... Read More\" \/>\n<meta property=\"og:url\" content=\"https:\/\/www.altercampagne.net\/?p=4313\" \/>\n<meta property=\"og:site_name\" content=\"AlterTour\" \/>\n<meta property=\"article:published_time\" content=\"2012-07-10T11:54:27+00:00\" \/>\n<meta property=\"article:modified_time\" content=\"2016-04-19T11:58:12+00:00\" \/>\n<meta name=\"author\" content=\"Mathieu\" \/>\n<meta name=\"twitter:card\" content=\"summary_large_image\" \/>\n<meta name=\"twitter:label1\" content=\"\u00c9crit par\" \/>\n\t<meta name=\"twitter:data1\" content=\"Mathieu\" \/>\n\t<meta name=\"twitter:label2\" content=\"Dur\u00e9e de lecture estim\u00e9e\" \/>\n\t<meta name=\"twitter:data2\" content=\"3 minutes\" \/>\n<script type=\"application\/ld+json\" class=\"yoast-schema-graph\">{\"@context\":\"https:\\\/\\\/schema.org\",\"@graph\":[{\"@type\":\"Article\",\"@id\":\"https:\\\/\\\/www.altercampagne.net\\\/?p=4313#article\",\"isPartOf\":{\"@id\":\"https:\\\/\\\/www.altercampagne.net\\\/?p=4313\"},\"author\":{\"name\":\"Mathieu\",\"@id\":\"https:\\\/\\\/www.altercampagne.net\\\/#\\\/schema\\\/person\\\/0f261460c09e430caa0f9bcffa319109\"},\"headline\":\"Sainte-Croix Volvestre : March\u00e9 \u00d4 initiatives locales\",\"datePublished\":\"2012-07-10T11:54:27+00:00\",\"dateModified\":\"2016-04-19T11:58:12+00:00\",\"mainEntityOfPage\":{\"@id\":\"https:\\\/\\\/www.altercampagne.net\\\/?p=4313\"},\"wordCount\":607,\"keywords\":[\"AlterTour 2012\",\"2012\",\"Midi-Pyr\u00e9n\u00e9es\",\"Ari\u00e8ge\",\"Sainte Croix Volvestre\",\"Nef\",\"le volp\"],\"articleSection\":[\"Revue de presse\"],\"inLanguage\":\"fr-FR\"},{\"@type\":\"WebPage\",\"@id\":\"https:\\\/\\\/www.altercampagne.net\\\/?p=4313\",\"url\":\"https:\\\/\\\/www.altercampagne.net\\\/?p=4313\",\"name\":\"Sainte-Croix Volvestre : March\u00e9 \u00d4 initiatives locales - AlterTour\",\"isPartOf\":{\"@id\":\"https:\\\/\\\/www.altercampagne.net\\\/#website\"},\"datePublished\":\"2012-07-10T11:54:27+00:00\",\"dateModified\":\"2016-04-19T11:58:12+00:00\",\"author\":{\"@id\":\"https:\\\/\\\/www.altercampagne.net\\\/#\\\/schema\\\/person\\\/0f261460c09e430caa0f9bcffa319109\"},\"breadcrumb\":{\"@id\":\"https:\\\/\\\/www.altercampagne.net\\\/?p=4313#breadcrumb\"},\"inLanguage\":\"fr-FR\",\"potentialAction\":[{\"@type\":\"ReadAction\",\"target\":[\"https:\\\/\\\/www.altercampagne.net\\\/?p=4313\"]}]},{\"@type\":\"BreadcrumbList\",\"@id\":\"https:\\\/\\\/www.altercampagne.net\\\/?p=4313#breadcrumb\",\"itemListElement\":[{\"@type\":\"ListItem\",\"position\":1,\"name\":\"Accueil\",\"item\":\"https:\\\/\\\/www.altercampagne.net\\\/\"},{\"@type\":\"ListItem\",\"position\":2,\"name\":\"Sainte-Croix Volvestre : March\u00e9 \u00d4 initiatives locales\"}]},{\"@type\":\"WebSite\",\"@id\":\"https:\\\/\\\/www.altercampagne.net\\\/#website\",\"url\":\"https:\\\/\\\/www.altercampagne.net\\\/\",\"name\":\"AlterTour\",\"description\":\"Reliez les Alternatives \u00e0 v\u00e9lo\",\"potentialAction\":[{\"@type\":\"SearchAction\",\"target\":{\"@type\":\"EntryPoint\",\"urlTemplate\":\"https:\\\/\\\/www.altercampagne.net\\\/?s={search_term_string}\"},\"query-input\":{\"@type\":\"PropertyValueSpecification\",\"valueRequired\":true,\"valueName\":\"search_term_string\"}}],\"inLanguage\":\"fr-FR\"},{\"@type\":\"Person\",\"@id\":\"https:\\\/\\\/www.altercampagne.net\\\/#\\\/schema\\\/person\\\/0f261460c09e430caa0f9bcffa319109\",\"name\":\"Mathieu\",\"image\":{\"@type\":\"ImageObject\",\"inLanguage\":\"fr-FR\",\"@id\":\"https:\\\/\\\/secure.gravatar.com\\\/avatar\\\/aa9d3d24c83f2141e5e2709d0f63d09a99f6be6bb7a50abc4915838d9f54501a?s=96&d=mm&r=g\",\"url\":\"https:\\\/\\\/secure.gravatar.com\\\/avatar\\\/aa9d3d24c83f2141e5e2709d0f63d09a99f6be6bb7a50abc4915838d9f54501a?s=96&d=mm&r=g\",\"contentUrl\":\"https:\\\/\\\/secure.gravatar.com\\\/avatar\\\/aa9d3d24c83f2141e5e2709d0f63d09a99f6be6bb7a50abc4915838d9f54501a?s=96&d=mm&r=g\",\"caption\":\"Mathieu\"},\"url\":\"https:\\\/\\\/www.altercampagne.net\\\/?author=214\"}]}<\/script>\n<!-- \/ Yoast SEO plugin. -->","yoast_head_json":{"title":"Sainte-Croix Volvestre : March\u00e9 \u00d4 initiatives locales - AlterTour","robots":{"index":"index","follow":"follow","max-snippet":"max-snippet:-1","max-image-preview":"max-image-preview:large","max-video-preview":"max-video-preview:-1"},"canonical":"https:\/\/www.altercampagne.net\/?p=4313","og_locale":"fr_FR","og_type":"article","og_title":"Sainte-Croix Volvestre : March\u00e9 \u00d4 initiatives locales - AlterTour","og_description":"Aujourd\u2019hui, les occasions d\u2019\u00e9changer des id\u00e9es se r\u00e9duisent \u00e0 des r\u00e9unions souvent longues et r\u00e9barbatives. Pour renouer avec d\u2019anciennes traditions d\u2019\u00e9changes, l\u2019association du march\u00e9 de Sainte Croix Volvestre propose ce mercredi son March\u00e9 \u00d4 initiatives locales. En proposant le mercredi 11 juillet un march\u00e9 aux initiatives, locales, bio, \u00e9quitables et ... Read More","og_url":"https:\/\/www.altercampagne.net\/?p=4313","og_site_name":"AlterTour","article_published_time":"2012-07-10T11:54:27+00:00","article_modified_time":"2016-04-19T11:58:12+00:00","author":"Mathieu","twitter_card":"summary_large_image","twitter_misc":{"\u00c9crit par":"Mathieu","Dur\u00e9e de lecture estim\u00e9e":"3 minutes"},"schema":{"@context":"https:\/\/schema.org","@graph":[{"@type":"Article","@id":"https:\/\/www.altercampagne.net\/?p=4313#article","isPartOf":{"@id":"https:\/\/www.altercampagne.net\/?p=4313"},"author":{"name":"Mathieu","@id":"https:\/\/www.altercampagne.net\/#\/schema\/person\/0f261460c09e430caa0f9bcffa319109"},"headline":"Sainte-Croix Volvestre : March\u00e9 \u00d4 initiatives locales","datePublished":"2012-07-10T11:54:27+00:00","dateModified":"2016-04-19T11:58:12+00:00","mainEntityOfPage":{"@id":"https:\/\/www.altercampagne.net\/?p=4313"},"wordCount":607,"keywords":["AlterTour 2012","2012","Midi-Pyr\u00e9n\u00e9es","Ari\u00e8ge","Sainte Croix Volvestre","Nef","le volp"],"articleSection":["Revue de presse"],"inLanguage":"fr-FR"},{"@type":"WebPage","@id":"https:\/\/www.altercampagne.net\/?p=4313","url":"https:\/\/www.altercampagne.net\/?p=4313","name":"Sainte-Croix Volvestre : March\u00e9 \u00d4 initiatives locales - AlterTour","isPartOf":{"@id":"https:\/\/www.altercampagne.net\/#website"},"datePublished":"2012-07-10T11:54:27+00:00","dateModified":"2016-04-19T11:58:12+00:00","author":{"@id":"https:\/\/www.altercampagne.net\/#\/schema\/person\/0f261460c09e430caa0f9bcffa319109"},"breadcrumb":{"@id":"https:\/\/www.altercampagne.net\/?p=4313#breadcrumb"},"inLanguage":"fr-FR","potentialAction":[{"@type":"ReadAction","target":["https:\/\/www.altercampagne.net\/?p=4313"]}]},{"@type":"BreadcrumbList","@id":"https:\/\/www.altercampagne.net\/?p=4313#breadcrumb","itemListElement":[{"@type":"ListItem","position":1,"name":"Accueil","item":"https:\/\/www.altercampagne.net\/"},{"@type":"ListItem","position":2,"name":"Sainte-Croix Volvestre : March\u00e9 \u00d4 initiatives locales"}]},{"@type":"WebSite","@id":"https:\/\/www.altercampagne.net\/#website","url":"https:\/\/www.altercampagne.net\/","name":"AlterTour","description":"Reliez les Alternatives \u00e0 v\u00e9lo","potentialAction":[{"@type":"SearchAction","target":{"@type":"EntryPoint","urlTemplate":"https:\/\/www.altercampagne.net\/?s={search_term_string}"},"query-input":{"@type":"PropertyValueSpecification","valueRequired":true,"valueName":"search_term_string"}}],"inLanguage":"fr-FR"},{"@type":"Person","@id":"https:\/\/www.altercampagne.net\/#\/schema\/person\/0f261460c09e430caa0f9bcffa319109","name":"Mathieu","image":{"@type":"ImageObject","inLanguage":"fr-FR","@id":"https:\/\/secure.gravatar.com\/avatar\/aa9d3d24c83f2141e5e2709d0f63d09a99f6be6bb7a50abc4915838d9f54501a?s=96&d=mm&r=g","url":"https:\/\/secure.gravatar.com\/avatar\/aa9d3d24c83f2141e5e2709d0f63d09a99f6be6bb7a50abc4915838d9f54501a?s=96&d=mm&r=g","contentUrl":"https:\/\/secure.gravatar.com\/avatar\/aa9d3d24c83f2141e5e2709d0f63d09a99f6be6bb7a50abc4915838d9f54501a?s=96&d=mm&r=g","caption":"Mathieu"},"url":"https:\/\/www.altercampagne.net\/?author=214"}]}},"_links":{"self":[{"href":"https:\/\/www.altercampagne.net\/index.php?rest_route=\/wp\/v2\/posts\/4313","targetHints":{"allow":["GET"]}}],"collection":[{"href":"https:\/\/www.altercampagne.net\/index.php?rest_route=\/wp\/v2\/posts"}],"about":[{"href":"https:\/\/www.altercampagne.net\/index.php?rest_route=\/wp\/v2\/types\/post"}],"author":[{"embeddable":true,"href":"https:\/\/www.altercampagne.net\/index.php?rest_route=\/wp\/v2\/users\/214"}],"replies":[{"embeddable":true,"href":"https:\/\/www.altercampagne.net\/index.php?rest_route=%2Fwp%2Fv2%2Fcomments&post=4313"}],"version-history":[{"count":0,"href":"https:\/\/www.altercampagne.net\/index.php?rest_route=\/wp\/v2\/posts\/4313\/revisions"}],"wp:attachment":[{"href":"https:\/\/www.altercampagne.net\/index.php?rest_route=%2Fwp%2Fv2%2Fmedia&parent=4313"}],"wp:term":[{"taxonomy":"category","embeddable":true,"href":"https:\/\/www.altercampagne.net\/index.php?rest_route=%2Fwp%2Fv2%2Fcategories&post=4313"},{"taxonomy":"post_tag","embeddable":true,"href":"https:\/\/www.altercampagne.net\/index.php?rest_route=%2Fwp%2Fv2%2Ftags&post=4313"}],"curies":[{"name":"wp","href":"https:\/\/api.w.org\/{rel}","templated":true}]}}