{"id":4315,"date":"2012-07-07T13:58:32","date_gmt":"2012-07-07T11:58:32","guid":{"rendered":"http:\/\/www.altercampagne.net\/?p=4315"},"modified":"2016-04-19T14:01:05","modified_gmt":"2016-04-19T12:01:05","slug":"foix-le-cinema-africain-a-lhonneur","status":"publish","type":"post","link":"https:\/\/www.altercampagne.net\/?p=4315","title":{"rendered":"Foix. Le cin\u00e9ma africain \u00e0 l&rsquo;honneur"},"content":{"rendered":"<p class=\"Style153\" align=\"justify\">Cette ann\u00e9e, le festival R\u00e9sistances a choisi de mettre le cin\u00e9ma africain \u00e0 l&rsquo;honneur. Jusqu&rsquo;au 14 juillet, on pourra donc d\u00e9couvrir chaque soir \u00e0 18 heures, un film d&rsquo;un r\u00e9alisateur africain. Parmi les r\u00e9alisateurs \u00e0 l&rsquo;honneur, deux ont eu les honneurs de Cannes : Moussa Tour\u00e9 dont \u00ab La pirogue \u00bb a fait l&rsquo;ouverture du festival hier soir. Et Souleymane Ciss\u00e9, prim\u00e9 \u00e0 Cannes dans les ann\u00e9es \u00ab 80 \u00bb. Ce dernier sera pr\u00e9sent \u00e0 Foix durant la quinzaine.<\/p>\n<p class=\"Style153\" align=\"justify\">Mais R\u00e9sistances ne s&rsquo;int\u00e9ressera pas uniquement \u00e0 l&rsquo;Afrique. En quinze jours, ce sont pas moins d&rsquo;une centaine de films qui seront projet\u00e9s \u00e0 la sc\u00e8ne nationale de Foix, dont trois en avant-premi\u00e8res. Quatre th\u00e8mes ont \u00e9t\u00e9 choisis : norme sociale et handicap, montagne sacr\u00e9e, montagne sacrifi\u00e9e, jeunesse, musique et r\u00e9bellion et la fabrique des croyances.<\/p>\n<p class=\"Style153\" align=\"justify\">Comme l&rsquo;an dernier, une journ\u00e9e sera consacr\u00e9e aux Pyr\u00e9n\u00e9es (le 10 juillet). L&rsquo;occasion de visionner des films documentaires et des fictions tourn\u00e9s dans le massif. Particularit\u00e9 de l&rsquo;exercice, il s&rsquo;agit de tournages participatifs effectu\u00e9s en lien avec les cin\u00e9s rencontres de Prades et une t\u00e9l\u00e9vision du pays basque.<\/p>\n<p class=\"Style153\" align=\"justify\">Cette ann\u00e9e, le festival sera la terre d &lsquo;accueil de l&rsquo;AlterTour, une ballade cycliste alternative qui lutte contre le dopage sous toutes ses formes.<\/p>\n<p class=\"Style153\" align=\"justify\">Jusqu&rsquo;au 14 juillet. 4 \u20ac la place. Pass adultes : 50\u20ac. Tel.05 61 65 44 23. <a href=\"http:\/\/www.festival-resistances.fr\" target=\"_blank\">festival-resistances.fr<\/a><\/p>\n<p class=\"Style153\" align=\"justify\">Source : <a href=\"http:\/\/www.ladepeche.fr\/article\/2012\/07\/07\/1395983-foix-le-cinema-africain-a-l-honneur.html\" target=\"_blank\">http:\/\/www.ladepeche.fr\/article\/2012\/07\/07\/1395983-foix-le-cinema-africain-a-l-honneur.html<\/a><\/p>\n<p class=\"Style153\" align=\"right\">E.D<\/p>\n","protected":false},"excerpt":{"rendered":"<p>Cette ann\u00e9e, le festival R\u00e9sistances a choisi de mettre le cin\u00e9ma africain \u00e0 l&rsquo;honneur. Jusqu&rsquo;au 14 juillet, on pourra donc d\u00e9couvrir chaque soir \u00e0 18 heures, un film d&rsquo;un r\u00e9alisateur africain. Parmi les r\u00e9alisateurs \u00e0 l&rsquo;honneur, deux ont eu les honneurs de Cannes : Moussa Tour\u00e9 dont \u00ab La pirogue &#8230; <\/p>\n<div><a href=\"https:\/\/www.altercampagne.net\/?p=4315\" class=\"more-link\">Read More<\/a><\/div>\n","protected":false},"author":214,"featured_media":0,"comment_status":"closed","ping_status":"closed","sticky":false,"template":"","format":"standard","meta":{"footnotes":""},"categories":[239],"tags":[852,1022,1023,1814,1844,1945],"class_list":["post-4315","post","type-post","status-publish","format-standard","hentry","category-revue-de-presse","tag-altertour-2012","tag-foix","tag-festival-resistances","tag-1814","tag-midi-pyrenees","tag-ariege","no-post-thumbnail"],"yoast_head":"<!-- This site is optimized with the Yoast SEO plugin v27.3 - https:\/\/yoast.com\/product\/yoast-seo-wordpress\/ -->\n<title>Foix. Le cin\u00e9ma africain \u00e0 l&#039;honneur - AlterTour<\/title>\n<meta name=\"robots\" content=\"index, follow, max-snippet:-1, max-image-preview:large, max-video-preview:-1\" \/>\n<link rel=\"canonical\" href=\"https:\/\/www.altercampagne.net\/?p=4315\" \/>\n<meta property=\"og:locale\" content=\"fr_FR\" \/>\n<meta property=\"og:type\" content=\"article\" \/>\n<meta property=\"og:title\" content=\"Foix. Le cin\u00e9ma africain \u00e0 l&#039;honneur - AlterTour\" \/>\n<meta property=\"og:description\" content=\"Cette ann\u00e9e, le festival R\u00e9sistances a choisi de mettre le cin\u00e9ma africain \u00e0 l&rsquo;honneur. Jusqu&rsquo;au 14 juillet, on pourra donc d\u00e9couvrir chaque soir \u00e0 18 heures, un film d&rsquo;un r\u00e9alisateur africain. Parmi les r\u00e9alisateurs \u00e0 l&rsquo;honneur, deux ont eu les honneurs de Cannes : Moussa Tour\u00e9 dont \u00ab La pirogue ... Read More\" \/>\n<meta property=\"og:url\" content=\"https:\/\/www.altercampagne.net\/?p=4315\" \/>\n<meta property=\"og:site_name\" content=\"AlterTour\" \/>\n<meta property=\"article:published_time\" content=\"2012-07-07T11:58:32+00:00\" \/>\n<meta property=\"article:modified_time\" content=\"2016-04-19T12:01:05+00:00\" \/>\n<meta name=\"author\" content=\"Mathieu\" \/>\n<meta name=\"twitter:card\" content=\"summary_large_image\" \/>\n<meta name=\"twitter:label1\" content=\"\u00c9crit par\" \/>\n\t<meta name=\"twitter:data1\" content=\"Mathieu\" \/>\n\t<meta name=\"twitter:label2\" content=\"Dur\u00e9e de lecture estim\u00e9e\" \/>\n\t<meta name=\"twitter:data2\" content=\"1 minute\" \/>\n<script type=\"application\/ld+json\" class=\"yoast-schema-graph\">{\"@context\":\"https:\\\/\\\/schema.org\",\"@graph\":[{\"@type\":\"Article\",\"@id\":\"https:\\\/\\\/www.altercampagne.net\\\/?p=4315#article\",\"isPartOf\":{\"@id\":\"https:\\\/\\\/www.altercampagne.net\\\/?p=4315\"},\"author\":{\"name\":\"Mathieu\",\"@id\":\"https:\\\/\\\/www.altercampagne.net\\\/#\\\/schema\\\/person\\\/0f261460c09e430caa0f9bcffa319109\"},\"headline\":\"Foix. Le cin\u00e9ma africain \u00e0 l&rsquo;honneur\",\"datePublished\":\"2012-07-07T11:58:32+00:00\",\"dateModified\":\"2016-04-19T12:01:05+00:00\",\"mainEntityOfPage\":{\"@id\":\"https:\\\/\\\/www.altercampagne.net\\\/?p=4315\"},\"wordCount\":256,\"keywords\":[\"AlterTour 2012\",\"Foix\",\"Festival R\u00e9sistances\",\"2012\",\"Midi-Pyr\u00e9n\u00e9es\",\"Ari\u00e8ge\"],\"articleSection\":[\"Revue de presse\"],\"inLanguage\":\"fr-FR\"},{\"@type\":\"WebPage\",\"@id\":\"https:\\\/\\\/www.altercampagne.net\\\/?p=4315\",\"url\":\"https:\\\/\\\/www.altercampagne.net\\\/?p=4315\",\"name\":\"Foix. Le cin\u00e9ma africain \u00e0 l'honneur - AlterTour\",\"isPartOf\":{\"@id\":\"https:\\\/\\\/www.altercampagne.net\\\/#website\"},\"datePublished\":\"2012-07-07T11:58:32+00:00\",\"dateModified\":\"2016-04-19T12:01:05+00:00\",\"author\":{\"@id\":\"https:\\\/\\\/www.altercampagne.net\\\/#\\\/schema\\\/person\\\/0f261460c09e430caa0f9bcffa319109\"},\"breadcrumb\":{\"@id\":\"https:\\\/\\\/www.altercampagne.net\\\/?p=4315#breadcrumb\"},\"inLanguage\":\"fr-FR\",\"potentialAction\":[{\"@type\":\"ReadAction\",\"target\":[\"https:\\\/\\\/www.altercampagne.net\\\/?p=4315\"]}]},{\"@type\":\"BreadcrumbList\",\"@id\":\"https:\\\/\\\/www.altercampagne.net\\\/?p=4315#breadcrumb\",\"itemListElement\":[{\"@type\":\"ListItem\",\"position\":1,\"name\":\"Accueil\",\"item\":\"https:\\\/\\\/www.altercampagne.net\\\/\"},{\"@type\":\"ListItem\",\"position\":2,\"name\":\"Foix. Le cin\u00e9ma africain \u00e0 l&rsquo;honneur\"}]},{\"@type\":\"WebSite\",\"@id\":\"https:\\\/\\\/www.altercampagne.net\\\/#website\",\"url\":\"https:\\\/\\\/www.altercampagne.net\\\/\",\"name\":\"AlterTour\",\"description\":\"Reliez les Alternatives \u00e0 v\u00e9lo\",\"potentialAction\":[{\"@type\":\"SearchAction\",\"target\":{\"@type\":\"EntryPoint\",\"urlTemplate\":\"https:\\\/\\\/www.altercampagne.net\\\/?s={search_term_string}\"},\"query-input\":{\"@type\":\"PropertyValueSpecification\",\"valueRequired\":true,\"valueName\":\"search_term_string\"}}],\"inLanguage\":\"fr-FR\"},{\"@type\":\"Person\",\"@id\":\"https:\\\/\\\/www.altercampagne.net\\\/#\\\/schema\\\/person\\\/0f261460c09e430caa0f9bcffa319109\",\"name\":\"Mathieu\",\"image\":{\"@type\":\"ImageObject\",\"inLanguage\":\"fr-FR\",\"@id\":\"https:\\\/\\\/secure.gravatar.com\\\/avatar\\\/aa9d3d24c83f2141e5e2709d0f63d09a99f6be6bb7a50abc4915838d9f54501a?s=96&d=mm&r=g\",\"url\":\"https:\\\/\\\/secure.gravatar.com\\\/avatar\\\/aa9d3d24c83f2141e5e2709d0f63d09a99f6be6bb7a50abc4915838d9f54501a?s=96&d=mm&r=g\",\"contentUrl\":\"https:\\\/\\\/secure.gravatar.com\\\/avatar\\\/aa9d3d24c83f2141e5e2709d0f63d09a99f6be6bb7a50abc4915838d9f54501a?s=96&d=mm&r=g\",\"caption\":\"Mathieu\"},\"url\":\"https:\\\/\\\/www.altercampagne.net\\\/?author=214\"}]}<\/script>\n<!-- \/ Yoast SEO plugin. -->","yoast_head_json":{"title":"Foix. Le cin\u00e9ma africain \u00e0 l'honneur - AlterTour","robots":{"index":"index","follow":"follow","max-snippet":"max-snippet:-1","max-image-preview":"max-image-preview:large","max-video-preview":"max-video-preview:-1"},"canonical":"https:\/\/www.altercampagne.net\/?p=4315","og_locale":"fr_FR","og_type":"article","og_title":"Foix. Le cin\u00e9ma africain \u00e0 l'honneur - AlterTour","og_description":"Cette ann\u00e9e, le festival R\u00e9sistances a choisi de mettre le cin\u00e9ma africain \u00e0 l&rsquo;honneur. Jusqu&rsquo;au 14 juillet, on pourra donc d\u00e9couvrir chaque soir \u00e0 18 heures, un film d&rsquo;un r\u00e9alisateur africain. Parmi les r\u00e9alisateurs \u00e0 l&rsquo;honneur, deux ont eu les honneurs de Cannes : Moussa Tour\u00e9 dont \u00ab La pirogue ... Read More","og_url":"https:\/\/www.altercampagne.net\/?p=4315","og_site_name":"AlterTour","article_published_time":"2012-07-07T11:58:32+00:00","article_modified_time":"2016-04-19T12:01:05+00:00","author":"Mathieu","twitter_card":"summary_large_image","twitter_misc":{"\u00c9crit par":"Mathieu","Dur\u00e9e de lecture estim\u00e9e":"1 minute"},"schema":{"@context":"https:\/\/schema.org","@graph":[{"@type":"Article","@id":"https:\/\/www.altercampagne.net\/?p=4315#article","isPartOf":{"@id":"https:\/\/www.altercampagne.net\/?p=4315"},"author":{"name":"Mathieu","@id":"https:\/\/www.altercampagne.net\/#\/schema\/person\/0f261460c09e430caa0f9bcffa319109"},"headline":"Foix. Le cin\u00e9ma africain \u00e0 l&rsquo;honneur","datePublished":"2012-07-07T11:58:32+00:00","dateModified":"2016-04-19T12:01:05+00:00","mainEntityOfPage":{"@id":"https:\/\/www.altercampagne.net\/?p=4315"},"wordCount":256,"keywords":["AlterTour 2012","Foix","Festival R\u00e9sistances","2012","Midi-Pyr\u00e9n\u00e9es","Ari\u00e8ge"],"articleSection":["Revue de presse"],"inLanguage":"fr-FR"},{"@type":"WebPage","@id":"https:\/\/www.altercampagne.net\/?p=4315","url":"https:\/\/www.altercampagne.net\/?p=4315","name":"Foix. Le cin\u00e9ma africain \u00e0 l'honneur - AlterTour","isPartOf":{"@id":"https:\/\/www.altercampagne.net\/#website"},"datePublished":"2012-07-07T11:58:32+00:00","dateModified":"2016-04-19T12:01:05+00:00","author":{"@id":"https:\/\/www.altercampagne.net\/#\/schema\/person\/0f261460c09e430caa0f9bcffa319109"},"breadcrumb":{"@id":"https:\/\/www.altercampagne.net\/?p=4315#breadcrumb"},"inLanguage":"fr-FR","potentialAction":[{"@type":"ReadAction","target":["https:\/\/www.altercampagne.net\/?p=4315"]}]},{"@type":"BreadcrumbList","@id":"https:\/\/www.altercampagne.net\/?p=4315#breadcrumb","itemListElement":[{"@type":"ListItem","position":1,"name":"Accueil","item":"https:\/\/www.altercampagne.net\/"},{"@type":"ListItem","position":2,"name":"Foix. Le cin\u00e9ma africain \u00e0 l&rsquo;honneur"}]},{"@type":"WebSite","@id":"https:\/\/www.altercampagne.net\/#website","url":"https:\/\/www.altercampagne.net\/","name":"AlterTour","description":"Reliez les Alternatives \u00e0 v\u00e9lo","potentialAction":[{"@type":"SearchAction","target":{"@type":"EntryPoint","urlTemplate":"https:\/\/www.altercampagne.net\/?s={search_term_string}"},"query-input":{"@type":"PropertyValueSpecification","valueRequired":true,"valueName":"search_term_string"}}],"inLanguage":"fr-FR"},{"@type":"Person","@id":"https:\/\/www.altercampagne.net\/#\/schema\/person\/0f261460c09e430caa0f9bcffa319109","name":"Mathieu","image":{"@type":"ImageObject","inLanguage":"fr-FR","@id":"https:\/\/secure.gravatar.com\/avatar\/aa9d3d24c83f2141e5e2709d0f63d09a99f6be6bb7a50abc4915838d9f54501a?s=96&d=mm&r=g","url":"https:\/\/secure.gravatar.com\/avatar\/aa9d3d24c83f2141e5e2709d0f63d09a99f6be6bb7a50abc4915838d9f54501a?s=96&d=mm&r=g","contentUrl":"https:\/\/secure.gravatar.com\/avatar\/aa9d3d24c83f2141e5e2709d0f63d09a99f6be6bb7a50abc4915838d9f54501a?s=96&d=mm&r=g","caption":"Mathieu"},"url":"https:\/\/www.altercampagne.net\/?author=214"}]}},"_links":{"self":[{"href":"https:\/\/www.altercampagne.net\/index.php?rest_route=\/wp\/v2\/posts\/4315","targetHints":{"allow":["GET"]}}],"collection":[{"href":"https:\/\/www.altercampagne.net\/index.php?rest_route=\/wp\/v2\/posts"}],"about":[{"href":"https:\/\/www.altercampagne.net\/index.php?rest_route=\/wp\/v2\/types\/post"}],"author":[{"embeddable":true,"href":"https:\/\/www.altercampagne.net\/index.php?rest_route=\/wp\/v2\/users\/214"}],"replies":[{"embeddable":true,"href":"https:\/\/www.altercampagne.net\/index.php?rest_route=%2Fwp%2Fv2%2Fcomments&post=4315"}],"version-history":[{"count":0,"href":"https:\/\/www.altercampagne.net\/index.php?rest_route=\/wp\/v2\/posts\/4315\/revisions"}],"wp:attachment":[{"href":"https:\/\/www.altercampagne.net\/index.php?rest_route=%2Fwp%2Fv2%2Fmedia&parent=4315"}],"wp:term":[{"taxonomy":"category","embeddable":true,"href":"https:\/\/www.altercampagne.net\/index.php?rest_route=%2Fwp%2Fv2%2Fcategories&post=4315"},{"taxonomy":"post_tag","embeddable":true,"href":"https:\/\/www.altercampagne.net\/index.php?rest_route=%2Fwp%2Fv2%2Ftags&post=4315"}],"curies":[{"name":"wp","href":"https:\/\/api.w.org\/{rel}","templated":true}]}}