{"id":4317,"date":"2012-07-04T14:01:25","date_gmt":"2012-07-04T12:01:25","guid":{"rendered":"http:\/\/www.altercampagne.net\/?p=4317"},"modified":"2016-04-19T14:06:30","modified_gmt":"2016-04-19T12:06:30","slug":"rodez-lamap-cest-du-bon-sens-pres-de-chez-vous","status":"publish","type":"post","link":"https:\/\/www.altercampagne.net\/?p=4317","title":{"rendered":"Rodez. L&rsquo;AMAP c&rsquo;est du bon sens pr\u00e8s de chez vous !"},"content":{"rendered":"<p><span class=\"Style153\"><img loading=\"lazy\" decoding=\"async\" class=\" alignleft\" src=\"http:\/\/static.ladepeche.fr\/content\/photo\/biz\/2012\/07\/04\/201207041588_w350.jpg\" alt=\"\" width=\"350\" height=\"170\" \/>D\u00e9but juin, sur l&rsquo;exploitation agricole de Bel-Rosier, un regroupement d&rsquo;\u00ab amapiens \u00bb avait lieu pour la visite de la ferme de Beno\u00eet Veyrac. Avant tout pr\u00e9ambule, Beno\u00eet Veyrac, mara\u00eecher bio, nous explique comment devenir amapien : \u00ab Adh\u00e9rer \u00e0 une AMAP permet de soutenir directement un agriculteur local, d\u00e9velopper les circuits courts, privil\u00e9gier un lien direct avec les consommateurs, respecter l&rsquo;environnement pour manger au rythme des saisons. L&rsquo;amapien s&rsquo;engage \u00e0 prendre un demi-panier \u00e0 un panier sur une saison et renouvelle son contrat \u00bb<\/span>.<\/p>\n<p class=\"Style153\">Il rajoute aussi : \u00ab L&rsquo;int\u00e9r\u00eat de conclure un contrat AMAP est que le producteur et les consommateurs se concertent tout au long de la saison sur l&rsquo;\u00e9volution de leur partenariat, comme c&rsquo;est le cas aujourd&rsquo;hui avec la visite de la ferme. Il s&rsquo;agit d&rsquo;un contrat solidaire car nous assumons ensemble les al\u00e9as de la production et nous partageons les \u00e9ventuels surplus de production.\u00bb<\/p>\n<p class=\"Style153\" align=\"justify\">Jean-Paul Vergnes, amapien fid\u00e8le depuis trois ans, rajoute : \u00ab Pour ma part, je connaissais le syst\u00e8me des AMAP mais ne l&rsquo;avais jamais pratiqu\u00e9. Convaincu des bienfaits de consommer des produits frais, de saison, avec une qualit\u00e9 gustative, j&rsquo;\u00e9tais \u00e0 la recherche d&rsquo;une AMAP. En revanche, le fait de consommer bio n&rsquo;\u00e9tait pas une priorit\u00e9. \u00bb Il rajoute que sa rencontre avec Beno\u00eet Veyrac a \u00e9t\u00e9 d\u00e9cisive. \u00ab Il s&rsquo;agit avant tout d&rsquo;une rencontre humaine. J&rsquo;arrive toujours en fin de distribution des paniers et nous prenons toujours le temps d&rsquo;un \u00e9change, ce qui est pour moi tr\u00e8s important. Beno\u00eet s&rsquo;int\u00e9resse \u00e0 plein de choses, donne de bons conseils et met un point d&rsquo;honneur \u00e0 distribuer des l\u00e9gumes cueillis du matin. Ce qui nous garantit la fra\u00eecheur. R\u00e9apprendre \u00e0 consommer des produits de saison est aussi tr\u00e8s important, le fait qu&rsquo;ils soient bio est un plus. Aujourd&rsquo;hui, je ne reviendrai pas en arri\u00e8re. Si je devais d\u00e9m\u00e9nager, je chercherai \u00e0 me rapprocher d&rsquo;une autre AMAP aussi s\u00e9rieuse que celle de Bel-Rosier !\u00bb<\/p>\n<p class=\"Style142\"><strong>EN ATTENDANT L&rsquo;ALTERTOUR<\/strong><\/p>\n<p class=\"Style153\" align=\"justify\">Beno\u00eet Veyrac annonce en fin de visite l&rsquo;AlterTour, un autre Tour de France r\u00e9alis\u00e9 du 11 juillet au 19 ao\u00fbt en Languedoc-Roussillon, Midi-Pyr\u00e9n\u00e9es et Aquitaine. Il s&rsquo;agit d&rsquo;un tour cycliste solidaire qui d\u00e9nonce le sport de comp\u00e9tition illustr\u00e9 par les Jeux Olympiques et le Tour de France et qui d\u00e9fend entre autres les valeurs du jeu et des alternatives \u00e9mancipatrices. V\u00e9ritable parcours en relais \u00e0 v\u00e9lo, accessible \u00e0 tous et second\u00e9 par l&rsquo;Alter Bus qui transporte les participants quand ils ne p\u00e9dalent pas, l&rsquo;AlterTour s&rsquo;arr\u00eatera sur des visites p\u00e9dagogiques de site (dont la ferme de Bel-Rosier, fin juillet), sera l&rsquo;occasion de soir\u00e9es festives et d\u00e9veloppera du lien local avec des manifestations amies. Pour toute information sur cet \u00e9v\u00e9nement militant autog\u00e9r\u00e9 : <a href=\"mailto:altertour@gmail.com\">altertour@gmail.com<\/a><\/p>\n<p class=\"Style153\" align=\"right\">La D\u00e9p\u00eache du Midi<\/p>\n<p class=\"Style153\" style=\"text-align: left;\" align=\"right\">Source :\u00a0<a href=\"http:\/\/www.ladepeche.fr\/article\/2012\/07\/04\/1393134-l-amap-c-est-du-bon-sens-pres-de-chez-vous.html\" target=\"_blank\">http:\/\/www.ladepeche.fr\/article\/2012\/07\/04\/1393134-l-amap-c-est-du-bon-sens-pres-de-chez-vous.html <\/a><\/p>\n","protected":false},"excerpt":{"rendered":"<p>D\u00e9but juin, sur l&rsquo;exploitation agricole de Bel-Rosier, un regroupement d&rsquo;\u00ab amapiens \u00bb avait lieu pour la visite de la ferme de Beno\u00eet Veyrac. Avant tout pr\u00e9ambule, Beno\u00eet Veyrac, mara\u00eecher bio, nous explique comment devenir amapien : \u00ab Adh\u00e9rer \u00e0 une AMAP permet de soutenir directement un agriculteur local, d\u00e9velopper les &#8230; <\/p>\n<div><a href=\"https:\/\/www.altercampagne.net\/?p=4317\" class=\"more-link\">Read More<\/a><\/div>\n","protected":false},"author":214,"featured_media":0,"comment_status":"closed","ping_status":"closed","sticky":false,"template":"","format":"standard","meta":{"footnotes":""},"categories":[239],"tags":[852,1814,1844,1921,1923,1927,1954],"class_list":["post-4317","post","type-post","status-publish","format-standard","hentry","category-revue-de-presse","tag-altertour-2012","tag-1814","tag-midi-pyrenees","tag-benoit-veyrac","tag-aveyron","tag-rodez","tag-jean-paul-vergnes","no-post-thumbnail"],"yoast_head":"<!-- This site is optimized with the Yoast SEO plugin v27.3 - https:\/\/yoast.com\/product\/yoast-seo-wordpress\/ -->\n<title>Rodez. L&#039;AMAP c&#039;est du bon sens pr\u00e8s de chez vous ! - AlterTour<\/title>\n<meta name=\"robots\" content=\"index, follow, max-snippet:-1, max-image-preview:large, max-video-preview:-1\" \/>\n<link rel=\"canonical\" href=\"https:\/\/www.altercampagne.net\/?p=4317\" \/>\n<meta property=\"og:locale\" content=\"fr_FR\" \/>\n<meta property=\"og:type\" content=\"article\" \/>\n<meta property=\"og:title\" content=\"Rodez. L&#039;AMAP c&#039;est du bon sens pr\u00e8s de chez vous ! - AlterTour\" \/>\n<meta property=\"og:description\" content=\"D\u00e9but juin, sur l&rsquo;exploitation agricole de Bel-Rosier, un regroupement d&rsquo;\u00ab amapiens \u00bb avait lieu pour la visite de la ferme de Beno\u00eet Veyrac. Avant tout pr\u00e9ambule, Beno\u00eet Veyrac, mara\u00eecher bio, nous explique comment devenir amapien : \u00ab Adh\u00e9rer \u00e0 une AMAP permet de soutenir directement un agriculteur local, d\u00e9velopper les ... Read More\" \/>\n<meta property=\"og:url\" content=\"https:\/\/www.altercampagne.net\/?p=4317\" \/>\n<meta property=\"og:site_name\" content=\"AlterTour\" \/>\n<meta property=\"article:published_time\" content=\"2012-07-04T12:01:25+00:00\" \/>\n<meta property=\"article:modified_time\" content=\"2016-04-19T12:06:30+00:00\" \/>\n<meta property=\"og:image\" content=\"http:\/\/static.ladepeche.fr\/content\/photo\/biz\/2012\/07\/04\/201207041588_w350.jpg\" \/>\n<meta name=\"author\" content=\"Mathieu\" \/>\n<meta name=\"twitter:card\" content=\"summary_large_image\" \/>\n<meta name=\"twitter:label1\" content=\"\u00c9crit par\" \/>\n\t<meta name=\"twitter:data1\" content=\"Mathieu\" \/>\n\t<meta name=\"twitter:label2\" content=\"Dur\u00e9e de lecture estim\u00e9e\" \/>\n\t<meta name=\"twitter:data2\" content=\"2 minutes\" \/>\n<script type=\"application\/ld+json\" class=\"yoast-schema-graph\">{\"@context\":\"https:\\\/\\\/schema.org\",\"@graph\":[{\"@type\":\"Article\",\"@id\":\"https:\\\/\\\/www.altercampagne.net\\\/?p=4317#article\",\"isPartOf\":{\"@id\":\"https:\\\/\\\/www.altercampagne.net\\\/?p=4317\"},\"author\":{\"name\":\"Mathieu\",\"@id\":\"https:\\\/\\\/www.altercampagne.net\\\/#\\\/schema\\\/person\\\/0f261460c09e430caa0f9bcffa319109\"},\"headline\":\"Rodez. L&rsquo;AMAP c&rsquo;est du bon sens pr\u00e8s de chez vous !\",\"datePublished\":\"2012-07-04T12:01:25+00:00\",\"dateModified\":\"2016-04-19T12:06:30+00:00\",\"mainEntityOfPage\":{\"@id\":\"https:\\\/\\\/www.altercampagne.net\\\/?p=4317\"},\"wordCount\":523,\"image\":{\"@id\":\"https:\\\/\\\/www.altercampagne.net\\\/?p=4317#primaryimage\"},\"thumbnailUrl\":\"http:\\\/\\\/static.ladepeche.fr\\\/content\\\/photo\\\/biz\\\/2012\\\/07\\\/04\\\/201207041588_w350.jpg\",\"keywords\":[\"AlterTour 2012\",\"2012\",\"Midi-Pyr\u00e9n\u00e9es\",\"Beno\u00eet Veyrac\",\"Aveyron\",\"Rodez\",\"Jean-Paul Vergnes\"],\"articleSection\":[\"Revue de presse\"],\"inLanguage\":\"fr-FR\"},{\"@type\":\"WebPage\",\"@id\":\"https:\\\/\\\/www.altercampagne.net\\\/?p=4317\",\"url\":\"https:\\\/\\\/www.altercampagne.net\\\/?p=4317\",\"name\":\"Rodez. L'AMAP c'est du bon sens pr\u00e8s de chez vous ! - AlterTour\",\"isPartOf\":{\"@id\":\"https:\\\/\\\/www.altercampagne.net\\\/#website\"},\"primaryImageOfPage\":{\"@id\":\"https:\\\/\\\/www.altercampagne.net\\\/?p=4317#primaryimage\"},\"image\":{\"@id\":\"https:\\\/\\\/www.altercampagne.net\\\/?p=4317#primaryimage\"},\"thumbnailUrl\":\"http:\\\/\\\/static.ladepeche.fr\\\/content\\\/photo\\\/biz\\\/2012\\\/07\\\/04\\\/201207041588_w350.jpg\",\"datePublished\":\"2012-07-04T12:01:25+00:00\",\"dateModified\":\"2016-04-19T12:06:30+00:00\",\"author\":{\"@id\":\"https:\\\/\\\/www.altercampagne.net\\\/#\\\/schema\\\/person\\\/0f261460c09e430caa0f9bcffa319109\"},\"breadcrumb\":{\"@id\":\"https:\\\/\\\/www.altercampagne.net\\\/?p=4317#breadcrumb\"},\"inLanguage\":\"fr-FR\",\"potentialAction\":[{\"@type\":\"ReadAction\",\"target\":[\"https:\\\/\\\/www.altercampagne.net\\\/?p=4317\"]}]},{\"@type\":\"ImageObject\",\"inLanguage\":\"fr-FR\",\"@id\":\"https:\\\/\\\/www.altercampagne.net\\\/?p=4317#primaryimage\",\"url\":\"http:\\\/\\\/static.ladepeche.fr\\\/content\\\/photo\\\/biz\\\/2012\\\/07\\\/04\\\/201207041588_w350.jpg\",\"contentUrl\":\"http:\\\/\\\/static.ladepeche.fr\\\/content\\\/photo\\\/biz\\\/2012\\\/07\\\/04\\\/201207041588_w350.jpg\"},{\"@type\":\"BreadcrumbList\",\"@id\":\"https:\\\/\\\/www.altercampagne.net\\\/?p=4317#breadcrumb\",\"itemListElement\":[{\"@type\":\"ListItem\",\"position\":1,\"name\":\"Accueil\",\"item\":\"https:\\\/\\\/www.altercampagne.net\\\/\"},{\"@type\":\"ListItem\",\"position\":2,\"name\":\"Rodez. L&rsquo;AMAP c&rsquo;est du bon sens pr\u00e8s de chez vous !\"}]},{\"@type\":\"WebSite\",\"@id\":\"https:\\\/\\\/www.altercampagne.net\\\/#website\",\"url\":\"https:\\\/\\\/www.altercampagne.net\\\/\",\"name\":\"AlterTour\",\"description\":\"Reliez les Alternatives \u00e0 v\u00e9lo\",\"potentialAction\":[{\"@type\":\"SearchAction\",\"target\":{\"@type\":\"EntryPoint\",\"urlTemplate\":\"https:\\\/\\\/www.altercampagne.net\\\/?s={search_term_string}\"},\"query-input\":{\"@type\":\"PropertyValueSpecification\",\"valueRequired\":true,\"valueName\":\"search_term_string\"}}],\"inLanguage\":\"fr-FR\"},{\"@type\":\"Person\",\"@id\":\"https:\\\/\\\/www.altercampagne.net\\\/#\\\/schema\\\/person\\\/0f261460c09e430caa0f9bcffa319109\",\"name\":\"Mathieu\",\"image\":{\"@type\":\"ImageObject\",\"inLanguage\":\"fr-FR\",\"@id\":\"https:\\\/\\\/secure.gravatar.com\\\/avatar\\\/aa9d3d24c83f2141e5e2709d0f63d09a99f6be6bb7a50abc4915838d9f54501a?s=96&d=mm&r=g\",\"url\":\"https:\\\/\\\/secure.gravatar.com\\\/avatar\\\/aa9d3d24c83f2141e5e2709d0f63d09a99f6be6bb7a50abc4915838d9f54501a?s=96&d=mm&r=g\",\"contentUrl\":\"https:\\\/\\\/secure.gravatar.com\\\/avatar\\\/aa9d3d24c83f2141e5e2709d0f63d09a99f6be6bb7a50abc4915838d9f54501a?s=96&d=mm&r=g\",\"caption\":\"Mathieu\"},\"url\":\"https:\\\/\\\/www.altercampagne.net\\\/?author=214\"}]}<\/script>\n<!-- \/ Yoast SEO plugin. -->","yoast_head_json":{"title":"Rodez. L'AMAP c'est du bon sens pr\u00e8s de chez vous ! - AlterTour","robots":{"index":"index","follow":"follow","max-snippet":"max-snippet:-1","max-image-preview":"max-image-preview:large","max-video-preview":"max-video-preview:-1"},"canonical":"https:\/\/www.altercampagne.net\/?p=4317","og_locale":"fr_FR","og_type":"article","og_title":"Rodez. L'AMAP c'est du bon sens pr\u00e8s de chez vous ! - AlterTour","og_description":"D\u00e9but juin, sur l&rsquo;exploitation agricole de Bel-Rosier, un regroupement d&rsquo;\u00ab amapiens \u00bb avait lieu pour la visite de la ferme de Beno\u00eet Veyrac. Avant tout pr\u00e9ambule, Beno\u00eet Veyrac, mara\u00eecher bio, nous explique comment devenir amapien : \u00ab Adh\u00e9rer \u00e0 une AMAP permet de soutenir directement un agriculteur local, d\u00e9velopper les ... Read More","og_url":"https:\/\/www.altercampagne.net\/?p=4317","og_site_name":"AlterTour","article_published_time":"2012-07-04T12:01:25+00:00","article_modified_time":"2016-04-19T12:06:30+00:00","og_image":[{"url":"http:\/\/static.ladepeche.fr\/content\/photo\/biz\/2012\/07\/04\/201207041588_w350.jpg","type":"","width":"","height":""}],"author":"Mathieu","twitter_card":"summary_large_image","twitter_misc":{"\u00c9crit par":"Mathieu","Dur\u00e9e de lecture estim\u00e9e":"2 minutes"},"schema":{"@context":"https:\/\/schema.org","@graph":[{"@type":"Article","@id":"https:\/\/www.altercampagne.net\/?p=4317#article","isPartOf":{"@id":"https:\/\/www.altercampagne.net\/?p=4317"},"author":{"name":"Mathieu","@id":"https:\/\/www.altercampagne.net\/#\/schema\/person\/0f261460c09e430caa0f9bcffa319109"},"headline":"Rodez. L&rsquo;AMAP c&rsquo;est du bon sens pr\u00e8s de chez vous !","datePublished":"2012-07-04T12:01:25+00:00","dateModified":"2016-04-19T12:06:30+00:00","mainEntityOfPage":{"@id":"https:\/\/www.altercampagne.net\/?p=4317"},"wordCount":523,"image":{"@id":"https:\/\/www.altercampagne.net\/?p=4317#primaryimage"},"thumbnailUrl":"http:\/\/static.ladepeche.fr\/content\/photo\/biz\/2012\/07\/04\/201207041588_w350.jpg","keywords":["AlterTour 2012","2012","Midi-Pyr\u00e9n\u00e9es","Beno\u00eet Veyrac","Aveyron","Rodez","Jean-Paul Vergnes"],"articleSection":["Revue de presse"],"inLanguage":"fr-FR"},{"@type":"WebPage","@id":"https:\/\/www.altercampagne.net\/?p=4317","url":"https:\/\/www.altercampagne.net\/?p=4317","name":"Rodez. L'AMAP c'est du bon sens pr\u00e8s de chez vous ! - AlterTour","isPartOf":{"@id":"https:\/\/www.altercampagne.net\/#website"},"primaryImageOfPage":{"@id":"https:\/\/www.altercampagne.net\/?p=4317#primaryimage"},"image":{"@id":"https:\/\/www.altercampagne.net\/?p=4317#primaryimage"},"thumbnailUrl":"http:\/\/static.ladepeche.fr\/content\/photo\/biz\/2012\/07\/04\/201207041588_w350.jpg","datePublished":"2012-07-04T12:01:25+00:00","dateModified":"2016-04-19T12:06:30+00:00","author":{"@id":"https:\/\/www.altercampagne.net\/#\/schema\/person\/0f261460c09e430caa0f9bcffa319109"},"breadcrumb":{"@id":"https:\/\/www.altercampagne.net\/?p=4317#breadcrumb"},"inLanguage":"fr-FR","potentialAction":[{"@type":"ReadAction","target":["https:\/\/www.altercampagne.net\/?p=4317"]}]},{"@type":"ImageObject","inLanguage":"fr-FR","@id":"https:\/\/www.altercampagne.net\/?p=4317#primaryimage","url":"http:\/\/static.ladepeche.fr\/content\/photo\/biz\/2012\/07\/04\/201207041588_w350.jpg","contentUrl":"http:\/\/static.ladepeche.fr\/content\/photo\/biz\/2012\/07\/04\/201207041588_w350.jpg"},{"@type":"BreadcrumbList","@id":"https:\/\/www.altercampagne.net\/?p=4317#breadcrumb","itemListElement":[{"@type":"ListItem","position":1,"name":"Accueil","item":"https:\/\/www.altercampagne.net\/"},{"@type":"ListItem","position":2,"name":"Rodez. L&rsquo;AMAP c&rsquo;est du bon sens pr\u00e8s de chez vous !"}]},{"@type":"WebSite","@id":"https:\/\/www.altercampagne.net\/#website","url":"https:\/\/www.altercampagne.net\/","name":"AlterTour","description":"Reliez les Alternatives \u00e0 v\u00e9lo","potentialAction":[{"@type":"SearchAction","target":{"@type":"EntryPoint","urlTemplate":"https:\/\/www.altercampagne.net\/?s={search_term_string}"},"query-input":{"@type":"PropertyValueSpecification","valueRequired":true,"valueName":"search_term_string"}}],"inLanguage":"fr-FR"},{"@type":"Person","@id":"https:\/\/www.altercampagne.net\/#\/schema\/person\/0f261460c09e430caa0f9bcffa319109","name":"Mathieu","image":{"@type":"ImageObject","inLanguage":"fr-FR","@id":"https:\/\/secure.gravatar.com\/avatar\/aa9d3d24c83f2141e5e2709d0f63d09a99f6be6bb7a50abc4915838d9f54501a?s=96&d=mm&r=g","url":"https:\/\/secure.gravatar.com\/avatar\/aa9d3d24c83f2141e5e2709d0f63d09a99f6be6bb7a50abc4915838d9f54501a?s=96&d=mm&r=g","contentUrl":"https:\/\/secure.gravatar.com\/avatar\/aa9d3d24c83f2141e5e2709d0f63d09a99f6be6bb7a50abc4915838d9f54501a?s=96&d=mm&r=g","caption":"Mathieu"},"url":"https:\/\/www.altercampagne.net\/?author=214"}]}},"_links":{"self":[{"href":"https:\/\/www.altercampagne.net\/index.php?rest_route=\/wp\/v2\/posts\/4317","targetHints":{"allow":["GET"]}}],"collection":[{"href":"https:\/\/www.altercampagne.net\/index.php?rest_route=\/wp\/v2\/posts"}],"about":[{"href":"https:\/\/www.altercampagne.net\/index.php?rest_route=\/wp\/v2\/types\/post"}],"author":[{"embeddable":true,"href":"https:\/\/www.altercampagne.net\/index.php?rest_route=\/wp\/v2\/users\/214"}],"replies":[{"embeddable":true,"href":"https:\/\/www.altercampagne.net\/index.php?rest_route=%2Fwp%2Fv2%2Fcomments&post=4317"}],"version-history":[{"count":0,"href":"https:\/\/www.altercampagne.net\/index.php?rest_route=\/wp\/v2\/posts\/4317\/revisions"}],"wp:attachment":[{"href":"https:\/\/www.altercampagne.net\/index.php?rest_route=%2Fwp%2Fv2%2Fmedia&parent=4317"}],"wp:term":[{"taxonomy":"category","embeddable":true,"href":"https:\/\/www.altercampagne.net\/index.php?rest_route=%2Fwp%2Fv2%2Fcategories&post=4317"},{"taxonomy":"post_tag","embeddable":true,"href":"https:\/\/www.altercampagne.net\/index.php?rest_route=%2Fwp%2Fv2%2Ftags&post=4317"}],"curies":[{"name":"wp","href":"https:\/\/api.w.org\/{rel}","templated":true}]}}