{"id":4319,"date":"2012-07-03T14:06:49","date_gmt":"2012-07-03T12:06:49","guid":{"rendered":"http:\/\/www.altercampagne.net\/?p=4319"},"modified":"2016-04-19T14:08:28","modified_gmt":"2016-04-19T12:08:28","slug":"ecologie-cest-reparti-pour-un-altertour","status":"publish","type":"post","link":"https:\/\/www.altercampagne.net\/?p=4319","title":{"rendered":"\u00c9cologie : c&rsquo;est reparti pour un AlterTour"},"content":{"rendered":"<p>Du 11 juillet au 19 ao\u00fbt, ce sera la cinqui\u00e8me \u00e9dition de l&rsquo;AlterTour, une promenade en v\u00e9lo sur les routes du Sud-Ouest. Rassembl\u00e9s autour du slogan \u00a0\u00bb\u00a0Une autre faim du monde est possible\u00a0\u00ab\u00a0, les participants, pour une ou plusieurs \u00e9tapes, p\u00e9dalent \u00e0 leur rythme, d\u00e9gustent des produits locaux et organisent des d\u00e9bats sur l&rsquo;\u00e9cologie, sans vainqueurs ni records \u00e0 battre.<\/p>\n<p>Source : <a href=\"http:\/\/www.alternatives-economiques.fr\/ecologie-nbsp-c-est-reparti-pour-un_fr_art_1156_59777.html\" target=\"_blank\">http:\/\/www.alternatives-economiques.fr\/ecologie-nbsp-c-est-reparti-pour-un_fr_art_1156_59777.html<\/a><\/p>\n","protected":false},"excerpt":{"rendered":"<p>Du 11 juillet au 19 ao\u00fbt, ce sera la cinqui\u00e8me \u00e9dition de l&rsquo;AlterTour, une promenade en v\u00e9lo sur les routes du Sud-Ouest. Rassembl\u00e9s autour du slogan \u00a0\u00bb\u00a0Une autre faim du monde est possible\u00a0\u00ab\u00a0, les participants, pour une ou plusieurs \u00e9tapes, p\u00e9dalent \u00e0 leur rythme, d\u00e9gustent des produits locaux et organisent &#8230; <\/p>\n<div><a href=\"https:\/\/www.altercampagne.net\/?p=4319\" class=\"more-link\">Read More<\/a><\/div>\n","protected":false},"author":214,"featured_media":0,"comment_status":"closed","ping_status":"closed","sticky":false,"template":"","format":"standard","meta":{"footnotes":""},"categories":[239],"tags":[852,1807,1814],"class_list":["post-4319","post","type-post","status-publish","format-standard","hentry","category-revue-de-presse","tag-altertour-2012","tag-alternatives-economiques","tag-1814","no-post-thumbnail"],"yoast_head":"<!-- This site is optimized with the Yoast SEO plugin v27.3 - https:\/\/yoast.com\/product\/yoast-seo-wordpress\/ -->\n<title>\u00c9cologie : c&#039;est reparti pour un AlterTour - AlterTour<\/title>\n<meta name=\"robots\" content=\"index, follow, max-snippet:-1, max-image-preview:large, max-video-preview:-1\" \/>\n<link rel=\"canonical\" href=\"https:\/\/www.altercampagne.net\/?p=4319\" \/>\n<meta property=\"og:locale\" content=\"fr_FR\" \/>\n<meta property=\"og:type\" content=\"article\" \/>\n<meta property=\"og:title\" content=\"\u00c9cologie : c&#039;est reparti pour un AlterTour - AlterTour\" \/>\n<meta property=\"og:description\" content=\"Du 11 juillet au 19 ao\u00fbt, ce sera la cinqui\u00e8me \u00e9dition de l&rsquo;AlterTour, une promenade en v\u00e9lo sur les routes du Sud-Ouest. Rassembl\u00e9s autour du slogan \u00a0\u00bb\u00a0Une autre faim du monde est possible\u00a0\u00ab\u00a0, les participants, pour une ou plusieurs \u00e9tapes, p\u00e9dalent \u00e0 leur rythme, d\u00e9gustent des produits locaux et organisent ... Read More\" \/>\n<meta property=\"og:url\" content=\"https:\/\/www.altercampagne.net\/?p=4319\" \/>\n<meta property=\"og:site_name\" content=\"AlterTour\" \/>\n<meta property=\"article:published_time\" content=\"2012-07-03T12:06:49+00:00\" \/>\n<meta property=\"article:modified_time\" content=\"2016-04-19T12:08:28+00:00\" \/>\n<meta name=\"author\" content=\"Mathieu\" \/>\n<meta name=\"twitter:card\" content=\"summary_large_image\" \/>\n<meta name=\"twitter:label1\" content=\"\u00c9crit par\" \/>\n\t<meta name=\"twitter:data1\" content=\"Mathieu\" \/>\n<script type=\"application\/ld+json\" class=\"yoast-schema-graph\">{\"@context\":\"https:\\\/\\\/schema.org\",\"@graph\":[{\"@type\":\"Article\",\"@id\":\"https:\\\/\\\/www.altercampagne.net\\\/?p=4319#article\",\"isPartOf\":{\"@id\":\"https:\\\/\\\/www.altercampagne.net\\\/?p=4319\"},\"author\":{\"name\":\"Mathieu\",\"@id\":\"https:\\\/\\\/www.altercampagne.net\\\/#\\\/schema\\\/person\\\/0f261460c09e430caa0f9bcffa319109\"},\"headline\":\"\u00c9cologie : c&rsquo;est reparti pour un AlterTour\",\"datePublished\":\"2012-07-03T12:06:49+00:00\",\"dateModified\":\"2016-04-19T12:08:28+00:00\",\"mainEntityOfPage\":{\"@id\":\"https:\\\/\\\/www.altercampagne.net\\\/?p=4319\"},\"wordCount\":81,\"keywords\":[\"AlterTour 2012\",\"Alternatives Economiques\",\"2012\"],\"articleSection\":[\"Revue de presse\"],\"inLanguage\":\"fr-FR\"},{\"@type\":\"WebPage\",\"@id\":\"https:\\\/\\\/www.altercampagne.net\\\/?p=4319\",\"url\":\"https:\\\/\\\/www.altercampagne.net\\\/?p=4319\",\"name\":\"\u00c9cologie : c'est reparti pour un AlterTour - AlterTour\",\"isPartOf\":{\"@id\":\"https:\\\/\\\/www.altercampagne.net\\\/#website\"},\"datePublished\":\"2012-07-03T12:06:49+00:00\",\"dateModified\":\"2016-04-19T12:08:28+00:00\",\"author\":{\"@id\":\"https:\\\/\\\/www.altercampagne.net\\\/#\\\/schema\\\/person\\\/0f261460c09e430caa0f9bcffa319109\"},\"breadcrumb\":{\"@id\":\"https:\\\/\\\/www.altercampagne.net\\\/?p=4319#breadcrumb\"},\"inLanguage\":\"fr-FR\",\"potentialAction\":[{\"@type\":\"ReadAction\",\"target\":[\"https:\\\/\\\/www.altercampagne.net\\\/?p=4319\"]}]},{\"@type\":\"BreadcrumbList\",\"@id\":\"https:\\\/\\\/www.altercampagne.net\\\/?p=4319#breadcrumb\",\"itemListElement\":[{\"@type\":\"ListItem\",\"position\":1,\"name\":\"Accueil\",\"item\":\"https:\\\/\\\/www.altercampagne.net\\\/\"},{\"@type\":\"ListItem\",\"position\":2,\"name\":\"\u00c9cologie : c&rsquo;est reparti pour un AlterTour\"}]},{\"@type\":\"WebSite\",\"@id\":\"https:\\\/\\\/www.altercampagne.net\\\/#website\",\"url\":\"https:\\\/\\\/www.altercampagne.net\\\/\",\"name\":\"AlterTour\",\"description\":\"Reliez les Alternatives \u00e0 v\u00e9lo\",\"potentialAction\":[{\"@type\":\"SearchAction\",\"target\":{\"@type\":\"EntryPoint\",\"urlTemplate\":\"https:\\\/\\\/www.altercampagne.net\\\/?s={search_term_string}\"},\"query-input\":{\"@type\":\"PropertyValueSpecification\",\"valueRequired\":true,\"valueName\":\"search_term_string\"}}],\"inLanguage\":\"fr-FR\"},{\"@type\":\"Person\",\"@id\":\"https:\\\/\\\/www.altercampagne.net\\\/#\\\/schema\\\/person\\\/0f261460c09e430caa0f9bcffa319109\",\"name\":\"Mathieu\",\"image\":{\"@type\":\"ImageObject\",\"inLanguage\":\"fr-FR\",\"@id\":\"https:\\\/\\\/secure.gravatar.com\\\/avatar\\\/aa9d3d24c83f2141e5e2709d0f63d09a99f6be6bb7a50abc4915838d9f54501a?s=96&d=mm&r=g\",\"url\":\"https:\\\/\\\/secure.gravatar.com\\\/avatar\\\/aa9d3d24c83f2141e5e2709d0f63d09a99f6be6bb7a50abc4915838d9f54501a?s=96&d=mm&r=g\",\"contentUrl\":\"https:\\\/\\\/secure.gravatar.com\\\/avatar\\\/aa9d3d24c83f2141e5e2709d0f63d09a99f6be6bb7a50abc4915838d9f54501a?s=96&d=mm&r=g\",\"caption\":\"Mathieu\"},\"url\":\"https:\\\/\\\/www.altercampagne.net\\\/?author=214\"}]}<\/script>\n<!-- \/ Yoast SEO plugin. -->","yoast_head_json":{"title":"\u00c9cologie : c'est reparti pour un AlterTour - AlterTour","robots":{"index":"index","follow":"follow","max-snippet":"max-snippet:-1","max-image-preview":"max-image-preview:large","max-video-preview":"max-video-preview:-1"},"canonical":"https:\/\/www.altercampagne.net\/?p=4319","og_locale":"fr_FR","og_type":"article","og_title":"\u00c9cologie : c'est reparti pour un AlterTour - AlterTour","og_description":"Du 11 juillet au 19 ao\u00fbt, ce sera la cinqui\u00e8me \u00e9dition de l&rsquo;AlterTour, une promenade en v\u00e9lo sur les routes du Sud-Ouest. Rassembl\u00e9s autour du slogan \u00a0\u00bb\u00a0Une autre faim du monde est possible\u00a0\u00ab\u00a0, les participants, pour une ou plusieurs \u00e9tapes, p\u00e9dalent \u00e0 leur rythme, d\u00e9gustent des produits locaux et organisent ... Read More","og_url":"https:\/\/www.altercampagne.net\/?p=4319","og_site_name":"AlterTour","article_published_time":"2012-07-03T12:06:49+00:00","article_modified_time":"2016-04-19T12:08:28+00:00","author":"Mathieu","twitter_card":"summary_large_image","twitter_misc":{"\u00c9crit par":"Mathieu"},"schema":{"@context":"https:\/\/schema.org","@graph":[{"@type":"Article","@id":"https:\/\/www.altercampagne.net\/?p=4319#article","isPartOf":{"@id":"https:\/\/www.altercampagne.net\/?p=4319"},"author":{"name":"Mathieu","@id":"https:\/\/www.altercampagne.net\/#\/schema\/person\/0f261460c09e430caa0f9bcffa319109"},"headline":"\u00c9cologie : c&rsquo;est reparti pour un AlterTour","datePublished":"2012-07-03T12:06:49+00:00","dateModified":"2016-04-19T12:08:28+00:00","mainEntityOfPage":{"@id":"https:\/\/www.altercampagne.net\/?p=4319"},"wordCount":81,"keywords":["AlterTour 2012","Alternatives Economiques","2012"],"articleSection":["Revue de presse"],"inLanguage":"fr-FR"},{"@type":"WebPage","@id":"https:\/\/www.altercampagne.net\/?p=4319","url":"https:\/\/www.altercampagne.net\/?p=4319","name":"\u00c9cologie : c'est reparti pour un AlterTour - AlterTour","isPartOf":{"@id":"https:\/\/www.altercampagne.net\/#website"},"datePublished":"2012-07-03T12:06:49+00:00","dateModified":"2016-04-19T12:08:28+00:00","author":{"@id":"https:\/\/www.altercampagne.net\/#\/schema\/person\/0f261460c09e430caa0f9bcffa319109"},"breadcrumb":{"@id":"https:\/\/www.altercampagne.net\/?p=4319#breadcrumb"},"inLanguage":"fr-FR","potentialAction":[{"@type":"ReadAction","target":["https:\/\/www.altercampagne.net\/?p=4319"]}]},{"@type":"BreadcrumbList","@id":"https:\/\/www.altercampagne.net\/?p=4319#breadcrumb","itemListElement":[{"@type":"ListItem","position":1,"name":"Accueil","item":"https:\/\/www.altercampagne.net\/"},{"@type":"ListItem","position":2,"name":"\u00c9cologie : c&rsquo;est reparti pour un AlterTour"}]},{"@type":"WebSite","@id":"https:\/\/www.altercampagne.net\/#website","url":"https:\/\/www.altercampagne.net\/","name":"AlterTour","description":"Reliez les Alternatives \u00e0 v\u00e9lo","potentialAction":[{"@type":"SearchAction","target":{"@type":"EntryPoint","urlTemplate":"https:\/\/www.altercampagne.net\/?s={search_term_string}"},"query-input":{"@type":"PropertyValueSpecification","valueRequired":true,"valueName":"search_term_string"}}],"inLanguage":"fr-FR"},{"@type":"Person","@id":"https:\/\/www.altercampagne.net\/#\/schema\/person\/0f261460c09e430caa0f9bcffa319109","name":"Mathieu","image":{"@type":"ImageObject","inLanguage":"fr-FR","@id":"https:\/\/secure.gravatar.com\/avatar\/aa9d3d24c83f2141e5e2709d0f63d09a99f6be6bb7a50abc4915838d9f54501a?s=96&d=mm&r=g","url":"https:\/\/secure.gravatar.com\/avatar\/aa9d3d24c83f2141e5e2709d0f63d09a99f6be6bb7a50abc4915838d9f54501a?s=96&d=mm&r=g","contentUrl":"https:\/\/secure.gravatar.com\/avatar\/aa9d3d24c83f2141e5e2709d0f63d09a99f6be6bb7a50abc4915838d9f54501a?s=96&d=mm&r=g","caption":"Mathieu"},"url":"https:\/\/www.altercampagne.net\/?author=214"}]}},"_links":{"self":[{"href":"https:\/\/www.altercampagne.net\/index.php?rest_route=\/wp\/v2\/posts\/4319","targetHints":{"allow":["GET"]}}],"collection":[{"href":"https:\/\/www.altercampagne.net\/index.php?rest_route=\/wp\/v2\/posts"}],"about":[{"href":"https:\/\/www.altercampagne.net\/index.php?rest_route=\/wp\/v2\/types\/post"}],"author":[{"embeddable":true,"href":"https:\/\/www.altercampagne.net\/index.php?rest_route=\/wp\/v2\/users\/214"}],"replies":[{"embeddable":true,"href":"https:\/\/www.altercampagne.net\/index.php?rest_route=%2Fwp%2Fv2%2Fcomments&post=4319"}],"version-history":[{"count":0,"href":"https:\/\/www.altercampagne.net\/index.php?rest_route=\/wp\/v2\/posts\/4319\/revisions"}],"wp:attachment":[{"href":"https:\/\/www.altercampagne.net\/index.php?rest_route=%2Fwp%2Fv2%2Fmedia&parent=4319"}],"wp:term":[{"taxonomy":"category","embeddable":true,"href":"https:\/\/www.altercampagne.net\/index.php?rest_route=%2Fwp%2Fv2%2Fcategories&post=4319"},{"taxonomy":"post_tag","embeddable":true,"href":"https:\/\/www.altercampagne.net\/index.php?rest_route=%2Fwp%2Fv2%2Ftags&post=4319"}],"curies":[{"name":"wp","href":"https:\/\/api.w.org\/{rel}","templated":true}]}}