{"id":4321,"date":"2012-07-02T14:09:07","date_gmt":"2012-07-02T12:09:07","guid":{"rendered":"http:\/\/www.altercampagne.net\/?p=4321"},"modified":"2016-04-19T14:13:33","modified_gmt":"2016-04-19T12:13:33","slug":"altertour-une-autre-faim-du-monde-est-possible","status":"publish","type":"post","link":"https:\/\/www.altercampagne.net\/?p=4321","title":{"rendered":"AlterTour, Une Autre Faim du Monde est Possible !"},"content":{"rendered":"<p class=\"Style153\" align=\"justify\">L&rsquo;AlterTour 2012 passera par le Lot et 3 \u00e9tapes sont programm\u00e9es sur le d\u00e9partement :<\/p>\n<p class=\"Style153\" align=\"justify\">Vendredi 27 juillet, de Rignac (Aveyron) \u00e0 Limogne-en-Quercy (Lot)<br \/>\nSamedi 28 juillet, de Limogne-enQuercy \u00e0 Th\u00e9minettes<br \/>\nDimanche 29 juillet, de Th\u00e9minettes \u00e0 Le Vigan<\/p>\n<p class=\"Style153\" align=\"justify\">Les Amis de la Conf\u2019 organiseront et accompagneront la deuxi\u00e8me journ\u00e9e, avec arr\u00eat \u00e0 Marcillac-sur-C\u00e9l\u00e9 pour le repas de midi pr\u00e9par\u00e9 par la Conf\u2019, puis go\u00fbter servi sous la halle centrale \u00e0 Assier, organis\u00e9 par l&rsquo;association REISSA g\u00e9rant un caf\u00e9 associatif.<\/p>\n<p class=\"Style153\" align=\"justify\">Nous irons vers Th\u00e9minettes o\u00f9 les altercyclistes seront re\u00e7us chez un producteur de fromages de ch\u00e8vre avec repas organis\u00e9 par l\u2019assoc\u2019 \u00ab Fais ta valise \u00bb. La parole sera donn\u00e9e aux assoc\u2019 locales suivie d\u2019un concert.<\/p>\n<p class=\"Style153\" align=\"justify\">Le lendemain, tous repartiront vers Le Vigan en passant par S\u00e9naillacLauz\u00e8s, o\u00f9 ils rencontreront le groupe \u00ab Lot en transition \u00bb, et arriveront le soir \u00e0 La Borie-Haute, lieu de projet de reprise agricole avec Terre de Liens.<\/p>\n<p class=\"Style153\" align=\"justify\">Quelques dizaines de kilom\u00e8tres \u00e0 parcourir dans la bonne humeur.<\/p>\n<p class=\"Style153\" style=\"text-align: right;\" align=\"justify\">les Amis de la Conf&rsquo;<\/p>\n","protected":false},"excerpt":{"rendered":"<p>L&rsquo;AlterTour 2012 passera par le Lot et 3 \u00e9tapes sont programm\u00e9es sur le d\u00e9partement : Vendredi 27 juillet, de Rignac (Aveyron) \u00e0 Limogne-en-Quercy (Lot) Samedi 28 juillet, de Limogne-enQuercy \u00e0 Th\u00e9minettes Dimanche 29 juillet, de Th\u00e9minettes \u00e0 Le Vigan Les Amis de la Conf\u2019 organiseront et accompagneront la deuxi\u00e8me journ\u00e9e, &#8230; <\/p>\n<div><a href=\"https:\/\/www.altercampagne.net\/?p=4321\" class=\"more-link\">Read More<\/a><\/div>\n","protected":false},"author":214,"featured_media":0,"comment_status":"closed","ping_status":"closed","sticky":false,"template":"","format":"standard","meta":{"footnotes":""},"categories":[1],"tags":[429,852,1814,1915,1935,1955,1956,1957,1958,1959,1960,1961],"class_list":["post-4321","post","type-post","status-publish","format-standard","hentry","category-non-classe","tag-terre-de-liens","tag-altertour-2012","tag-1814","tag-lot","tag-assier","tag-amis-de-la-conf","tag-marcillac-sur-cele","tag-association-reissa","tag-theminettes","tag-fais-ta-valise","tag-lot-en-transition","tag-la-borie-haute","no-post-thumbnail"],"yoast_head":"<!-- This site is optimized with the Yoast SEO plugin v27.3 - https:\/\/yoast.com\/product\/yoast-seo-wordpress\/ -->\n<title>AlterTour, Une Autre Faim du Monde est Possible ! - AlterTour<\/title>\n<meta name=\"robots\" content=\"index, follow, max-snippet:-1, max-image-preview:large, max-video-preview:-1\" \/>\n<link rel=\"canonical\" href=\"https:\/\/www.altercampagne.net\/?p=4321\" \/>\n<meta property=\"og:locale\" content=\"fr_FR\" \/>\n<meta property=\"og:type\" content=\"article\" \/>\n<meta property=\"og:title\" content=\"AlterTour, Une Autre Faim du Monde est Possible ! - AlterTour\" \/>\n<meta property=\"og:description\" content=\"L&rsquo;AlterTour 2012 passera par le Lot et 3 \u00e9tapes sont programm\u00e9es sur le d\u00e9partement : Vendredi 27 juillet, de Rignac (Aveyron) \u00e0 Limogne-en-Quercy (Lot) Samedi 28 juillet, de Limogne-enQuercy \u00e0 Th\u00e9minettes Dimanche 29 juillet, de Th\u00e9minettes \u00e0 Le Vigan Les Amis de la Conf\u2019 organiseront et accompagneront la deuxi\u00e8me journ\u00e9e, ... Read More\" \/>\n<meta property=\"og:url\" content=\"https:\/\/www.altercampagne.net\/?p=4321\" \/>\n<meta property=\"og:site_name\" content=\"AlterTour\" \/>\n<meta property=\"article:published_time\" content=\"2012-07-02T12:09:07+00:00\" \/>\n<meta property=\"article:modified_time\" content=\"2016-04-19T12:13:33+00:00\" \/>\n<meta name=\"author\" content=\"Mathieu\" \/>\n<meta name=\"twitter:card\" content=\"summary_large_image\" \/>\n<meta name=\"twitter:label1\" content=\"\u00c9crit par\" \/>\n\t<meta name=\"twitter:data1\" content=\"Mathieu\" \/>\n\t<meta name=\"twitter:label2\" content=\"Dur\u00e9e de lecture estim\u00e9e\" \/>\n\t<meta name=\"twitter:data2\" content=\"1 minute\" \/>\n<script type=\"application\/ld+json\" class=\"yoast-schema-graph\">{\"@context\":\"https:\\\/\\\/schema.org\",\"@graph\":[{\"@type\":\"Article\",\"@id\":\"https:\\\/\\\/www.altercampagne.net\\\/?p=4321#article\",\"isPartOf\":{\"@id\":\"https:\\\/\\\/www.altercampagne.net\\\/?p=4321\"},\"author\":{\"name\":\"Mathieu\",\"@id\":\"https:\\\/\\\/www.altercampagne.net\\\/#\\\/schema\\\/person\\\/0f261460c09e430caa0f9bcffa319109\"},\"headline\":\"AlterTour, Une Autre Faim du Monde est Possible !\",\"datePublished\":\"2012-07-02T12:09:07+00:00\",\"dateModified\":\"2016-04-19T12:13:33+00:00\",\"mainEntityOfPage\":{\"@id\":\"https:\\\/\\\/www.altercampagne.net\\\/?p=4321\"},\"wordCount\":182,\"keywords\":[\"terre de liens\",\"AlterTour 2012\",\"2012\",\"Lot\",\"Assier\",\"Amis de la conf'\",\"Marcillac-sur-C\u00e9l\u00e9\",\"association REISSA\",\"Th\u00e9minettes\",\"Fais ta valise\",\"Lot en transition\",\"La Borie-Haute\"],\"inLanguage\":\"fr-FR\"},{\"@type\":\"WebPage\",\"@id\":\"https:\\\/\\\/www.altercampagne.net\\\/?p=4321\",\"url\":\"https:\\\/\\\/www.altercampagne.net\\\/?p=4321\",\"name\":\"AlterTour, Une Autre Faim du Monde est Possible ! - AlterTour\",\"isPartOf\":{\"@id\":\"https:\\\/\\\/www.altercampagne.net\\\/#website\"},\"datePublished\":\"2012-07-02T12:09:07+00:00\",\"dateModified\":\"2016-04-19T12:13:33+00:00\",\"author\":{\"@id\":\"https:\\\/\\\/www.altercampagne.net\\\/#\\\/schema\\\/person\\\/0f261460c09e430caa0f9bcffa319109\"},\"breadcrumb\":{\"@id\":\"https:\\\/\\\/www.altercampagne.net\\\/?p=4321#breadcrumb\"},\"inLanguage\":\"fr-FR\",\"potentialAction\":[{\"@type\":\"ReadAction\",\"target\":[\"https:\\\/\\\/www.altercampagne.net\\\/?p=4321\"]}]},{\"@type\":\"BreadcrumbList\",\"@id\":\"https:\\\/\\\/www.altercampagne.net\\\/?p=4321#breadcrumb\",\"itemListElement\":[{\"@type\":\"ListItem\",\"position\":1,\"name\":\"Accueil\",\"item\":\"https:\\\/\\\/www.altercampagne.net\\\/\"},{\"@type\":\"ListItem\",\"position\":2,\"name\":\"AlterTour, Une Autre Faim du Monde est Possible !\"}]},{\"@type\":\"WebSite\",\"@id\":\"https:\\\/\\\/www.altercampagne.net\\\/#website\",\"url\":\"https:\\\/\\\/www.altercampagne.net\\\/\",\"name\":\"AlterTour\",\"description\":\"Reliez les Alternatives \u00e0 v\u00e9lo\",\"potentialAction\":[{\"@type\":\"SearchAction\",\"target\":{\"@type\":\"EntryPoint\",\"urlTemplate\":\"https:\\\/\\\/www.altercampagne.net\\\/?s={search_term_string}\"},\"query-input\":{\"@type\":\"PropertyValueSpecification\",\"valueRequired\":true,\"valueName\":\"search_term_string\"}}],\"inLanguage\":\"fr-FR\"},{\"@type\":\"Person\",\"@id\":\"https:\\\/\\\/www.altercampagne.net\\\/#\\\/schema\\\/person\\\/0f261460c09e430caa0f9bcffa319109\",\"name\":\"Mathieu\",\"image\":{\"@type\":\"ImageObject\",\"inLanguage\":\"fr-FR\",\"@id\":\"https:\\\/\\\/secure.gravatar.com\\\/avatar\\\/aa9d3d24c83f2141e5e2709d0f63d09a99f6be6bb7a50abc4915838d9f54501a?s=96&d=mm&r=g\",\"url\":\"https:\\\/\\\/secure.gravatar.com\\\/avatar\\\/aa9d3d24c83f2141e5e2709d0f63d09a99f6be6bb7a50abc4915838d9f54501a?s=96&d=mm&r=g\",\"contentUrl\":\"https:\\\/\\\/secure.gravatar.com\\\/avatar\\\/aa9d3d24c83f2141e5e2709d0f63d09a99f6be6bb7a50abc4915838d9f54501a?s=96&d=mm&r=g\",\"caption\":\"Mathieu\"},\"url\":\"https:\\\/\\\/www.altercampagne.net\\\/?author=214\"}]}<\/script>\n<!-- \/ Yoast SEO plugin. -->","yoast_head_json":{"title":"AlterTour, Une Autre Faim du Monde est Possible ! - AlterTour","robots":{"index":"index","follow":"follow","max-snippet":"max-snippet:-1","max-image-preview":"max-image-preview:large","max-video-preview":"max-video-preview:-1"},"canonical":"https:\/\/www.altercampagne.net\/?p=4321","og_locale":"fr_FR","og_type":"article","og_title":"AlterTour, Une Autre Faim du Monde est Possible ! - AlterTour","og_description":"L&rsquo;AlterTour 2012 passera par le Lot et 3 \u00e9tapes sont programm\u00e9es sur le d\u00e9partement : Vendredi 27 juillet, de Rignac (Aveyron) \u00e0 Limogne-en-Quercy (Lot) Samedi 28 juillet, de Limogne-enQuercy \u00e0 Th\u00e9minettes Dimanche 29 juillet, de Th\u00e9minettes \u00e0 Le Vigan Les Amis de la Conf\u2019 organiseront et accompagneront la deuxi\u00e8me journ\u00e9e, ... Read More","og_url":"https:\/\/www.altercampagne.net\/?p=4321","og_site_name":"AlterTour","article_published_time":"2012-07-02T12:09:07+00:00","article_modified_time":"2016-04-19T12:13:33+00:00","author":"Mathieu","twitter_card":"summary_large_image","twitter_misc":{"\u00c9crit par":"Mathieu","Dur\u00e9e de lecture estim\u00e9e":"1 minute"},"schema":{"@context":"https:\/\/schema.org","@graph":[{"@type":"Article","@id":"https:\/\/www.altercampagne.net\/?p=4321#article","isPartOf":{"@id":"https:\/\/www.altercampagne.net\/?p=4321"},"author":{"name":"Mathieu","@id":"https:\/\/www.altercampagne.net\/#\/schema\/person\/0f261460c09e430caa0f9bcffa319109"},"headline":"AlterTour, Une Autre Faim du Monde est Possible !","datePublished":"2012-07-02T12:09:07+00:00","dateModified":"2016-04-19T12:13:33+00:00","mainEntityOfPage":{"@id":"https:\/\/www.altercampagne.net\/?p=4321"},"wordCount":182,"keywords":["terre de liens","AlterTour 2012","2012","Lot","Assier","Amis de la conf'","Marcillac-sur-C\u00e9l\u00e9","association REISSA","Th\u00e9minettes","Fais ta valise","Lot en transition","La Borie-Haute"],"inLanguage":"fr-FR"},{"@type":"WebPage","@id":"https:\/\/www.altercampagne.net\/?p=4321","url":"https:\/\/www.altercampagne.net\/?p=4321","name":"AlterTour, Une Autre Faim du Monde est Possible ! - AlterTour","isPartOf":{"@id":"https:\/\/www.altercampagne.net\/#website"},"datePublished":"2012-07-02T12:09:07+00:00","dateModified":"2016-04-19T12:13:33+00:00","author":{"@id":"https:\/\/www.altercampagne.net\/#\/schema\/person\/0f261460c09e430caa0f9bcffa319109"},"breadcrumb":{"@id":"https:\/\/www.altercampagne.net\/?p=4321#breadcrumb"},"inLanguage":"fr-FR","potentialAction":[{"@type":"ReadAction","target":["https:\/\/www.altercampagne.net\/?p=4321"]}]},{"@type":"BreadcrumbList","@id":"https:\/\/www.altercampagne.net\/?p=4321#breadcrumb","itemListElement":[{"@type":"ListItem","position":1,"name":"Accueil","item":"https:\/\/www.altercampagne.net\/"},{"@type":"ListItem","position":2,"name":"AlterTour, Une Autre Faim du Monde est Possible !"}]},{"@type":"WebSite","@id":"https:\/\/www.altercampagne.net\/#website","url":"https:\/\/www.altercampagne.net\/","name":"AlterTour","description":"Reliez les Alternatives \u00e0 v\u00e9lo","potentialAction":[{"@type":"SearchAction","target":{"@type":"EntryPoint","urlTemplate":"https:\/\/www.altercampagne.net\/?s={search_term_string}"},"query-input":{"@type":"PropertyValueSpecification","valueRequired":true,"valueName":"search_term_string"}}],"inLanguage":"fr-FR"},{"@type":"Person","@id":"https:\/\/www.altercampagne.net\/#\/schema\/person\/0f261460c09e430caa0f9bcffa319109","name":"Mathieu","image":{"@type":"ImageObject","inLanguage":"fr-FR","@id":"https:\/\/secure.gravatar.com\/avatar\/aa9d3d24c83f2141e5e2709d0f63d09a99f6be6bb7a50abc4915838d9f54501a?s=96&d=mm&r=g","url":"https:\/\/secure.gravatar.com\/avatar\/aa9d3d24c83f2141e5e2709d0f63d09a99f6be6bb7a50abc4915838d9f54501a?s=96&d=mm&r=g","contentUrl":"https:\/\/secure.gravatar.com\/avatar\/aa9d3d24c83f2141e5e2709d0f63d09a99f6be6bb7a50abc4915838d9f54501a?s=96&d=mm&r=g","caption":"Mathieu"},"url":"https:\/\/www.altercampagne.net\/?author=214"}]}},"_links":{"self":[{"href":"https:\/\/www.altercampagne.net\/index.php?rest_route=\/wp\/v2\/posts\/4321","targetHints":{"allow":["GET"]}}],"collection":[{"href":"https:\/\/www.altercampagne.net\/index.php?rest_route=\/wp\/v2\/posts"}],"about":[{"href":"https:\/\/www.altercampagne.net\/index.php?rest_route=\/wp\/v2\/types\/post"}],"author":[{"embeddable":true,"href":"https:\/\/www.altercampagne.net\/index.php?rest_route=\/wp\/v2\/users\/214"}],"replies":[{"embeddable":true,"href":"https:\/\/www.altercampagne.net\/index.php?rest_route=%2Fwp%2Fv2%2Fcomments&post=4321"}],"version-history":[{"count":0,"href":"https:\/\/www.altercampagne.net\/index.php?rest_route=\/wp\/v2\/posts\/4321\/revisions"}],"wp:attachment":[{"href":"https:\/\/www.altercampagne.net\/index.php?rest_route=%2Fwp%2Fv2%2Fmedia&parent=4321"}],"wp:term":[{"taxonomy":"category","embeddable":true,"href":"https:\/\/www.altercampagne.net\/index.php?rest_route=%2Fwp%2Fv2%2Fcategories&post=4321"},{"taxonomy":"post_tag","embeddable":true,"href":"https:\/\/www.altercampagne.net\/index.php?rest_route=%2Fwp%2Fv2%2Ftags&post=4321"}],"curies":[{"name":"wp","href":"https:\/\/api.w.org\/{rel}","templated":true}]}}