{"id":4323,"date":"2012-06-29T14:13:44","date_gmt":"2012-06-29T12:13:44","guid":{"rendered":"http:\/\/www.altercampagne.net\/?p=4323"},"modified":"2016-04-19T14:19:00","modified_gmt":"2016-04-19T12:19:00","slug":"cet-ete-en-roue-libre-sur-les-voies-vertes","status":"publish","type":"post","link":"https:\/\/www.altercampagne.net\/?p=4323","title":{"rendered":"Cet \u00e9t\u00e9, en roue libre sur les voies vertes"},"content":{"rendered":"<h2 class=\"Style142\">Tour de France alternatif<\/h2>\n<p class=\"Style153\" align=\"justify\">Cette ann\u00e9e,\u00a0<a href=\"http:\/\/altercampagne.free.fr\/pages\/2008\/AlterTour\/base.html\" target=\"_blank\">l\u2019AlterTour<\/a>\u00a0\u00a0pose ses suspensions dans le Sud-ouest du 11 juillet au 19 ao\u00fbt. Les \u00e9tapes relieront Foix \u00e0 Bedous, en passant par Castres, Rodez, Bordeaux et Pau. Ce \u00ab\u00a0contre-tour de France\u00a0\u00bb, qui entend lutter contre l\u2019esprit de concurrence et le dopage, tant\u00a0<em>\u00ab\u00a0sportif qu\u2019agricole\u00a0\u00bb\u00a0<\/em>(entendez\u00a0: contre les OGM), met les valeurs de coop\u00e9ration et de collectivit\u00e9 au c\u0153ur de sa d\u00e9marche.<br \/>\nLe th\u00e8me de cette cinqui\u00e8me \u00e9dition\u00a0: \u00ab\u00a0Une autre faim du monde est possible.\u00a0\u00bb Pour participer, les cyclistes s\u2019inscrivent sur le site et choisissent de relier les \u00e9tapes de leur choix. Un projet solidaire jusqu\u2019au bout des pneus\u00a0: le montant \u00e0 payer d\u00e9pend des revenus des participants (entre 16 et 35 euros par jour, comprenant restauration, h\u00e9bergement en camping, animations et logistique).<\/p>\n<p class=\"Style153\" align=\"justify\">Source : <a href=\"http:\/\/www.terraeco.net\/Cet-ete-en-roue-libre-sur-les,44666.html\" target=\"_blank\">http:\/\/www.terraeco.net\/Cet-ete-en-roue-libre-sur-les,44666.html<\/a><\/p>\n","protected":false},"excerpt":{"rendered":"<p>Tour de France alternatif Cette ann\u00e9e,\u00a0l\u2019AlterTour\u00a0\u00a0pose ses suspensions dans le Sud-ouest du 11 juillet au 19 ao\u00fbt. Les \u00e9tapes relieront Foix \u00e0 Bedous, en passant par Castres, Rodez, Bordeaux et Pau. Ce \u00ab\u00a0contre-tour de France\u00a0\u00bb, qui entend lutter contre l\u2019esprit de concurrence et le dopage, tant\u00a0\u00ab\u00a0sportif qu\u2019agricole\u00a0\u00bb\u00a0(entendez\u00a0: contre les OGM), &#8230; <\/p>\n<div><a href=\"https:\/\/www.altercampagne.net\/?p=4323\" class=\"more-link\">Read More<\/a><\/div>\n","protected":false},"author":214,"featured_media":0,"comment_status":"closed","ping_status":"closed","sticky":false,"template":"","format":"standard","meta":{"footnotes":""},"categories":[239],"tags":[55,1814],"class_list":["post-4323","post","type-post","status-publish","format-standard","hentry","category-revue-de-presse","tag-accueil-altertour","tag-1814","no-post-thumbnail"],"yoast_head":"<!-- This site is optimized with the Yoast SEO plugin v27.3 - https:\/\/yoast.com\/product\/yoast-seo-wordpress\/ -->\n<title>Cet \u00e9t\u00e9, en roue libre sur les voies vertes - AlterTour<\/title>\n<meta name=\"robots\" content=\"index, follow, max-snippet:-1, max-image-preview:large, max-video-preview:-1\" \/>\n<link rel=\"canonical\" href=\"https:\/\/www.altercampagne.net\/?p=4323\" \/>\n<meta property=\"og:locale\" content=\"fr_FR\" \/>\n<meta property=\"og:type\" content=\"article\" \/>\n<meta property=\"og:title\" content=\"Cet \u00e9t\u00e9, en roue libre sur les voies vertes - AlterTour\" \/>\n<meta property=\"og:description\" content=\"Tour de France alternatif Cette ann\u00e9e,\u00a0l\u2019AlterTour\u00a0\u00a0pose ses suspensions dans le Sud-ouest du 11 juillet au 19 ao\u00fbt. Les \u00e9tapes relieront Foix \u00e0 Bedous, en passant par Castres, Rodez, Bordeaux et Pau. Ce \u00ab\u00a0contre-tour de France\u00a0\u00bb, qui entend lutter contre l\u2019esprit de concurrence et le dopage, tant\u00a0\u00ab\u00a0sportif qu\u2019agricole\u00a0\u00bb\u00a0(entendez\u00a0: contre les OGM), ... Read More\" \/>\n<meta property=\"og:url\" content=\"https:\/\/www.altercampagne.net\/?p=4323\" \/>\n<meta property=\"og:site_name\" content=\"AlterTour\" \/>\n<meta property=\"article:published_time\" content=\"2012-06-29T12:13:44+00:00\" \/>\n<meta property=\"article:modified_time\" content=\"2016-04-19T12:19:00+00:00\" \/>\n<meta name=\"author\" content=\"Mathieu\" \/>\n<meta name=\"twitter:card\" content=\"summary_large_image\" \/>\n<meta name=\"twitter:label1\" content=\"\u00c9crit par\" \/>\n\t<meta name=\"twitter:data1\" content=\"Mathieu\" \/>\n\t<meta name=\"twitter:label2\" content=\"Dur\u00e9e de lecture estim\u00e9e\" \/>\n\t<meta name=\"twitter:data2\" content=\"1 minute\" \/>\n<script type=\"application\/ld+json\" class=\"yoast-schema-graph\">{\"@context\":\"https:\\\/\\\/schema.org\",\"@graph\":[{\"@type\":\"Article\",\"@id\":\"https:\\\/\\\/www.altercampagne.net\\\/?p=4323#article\",\"isPartOf\":{\"@id\":\"https:\\\/\\\/www.altercampagne.net\\\/?p=4323\"},\"author\":{\"name\":\"Mathieu\",\"@id\":\"https:\\\/\\\/www.altercampagne.net\\\/#\\\/schema\\\/person\\\/0f261460c09e430caa0f9bcffa319109\"},\"headline\":\"Cet \u00e9t\u00e9, en roue libre sur les voies vertes\",\"datePublished\":\"2012-06-29T12:13:44+00:00\",\"dateModified\":\"2016-04-19T12:19:00+00:00\",\"mainEntityOfPage\":{\"@id\":\"https:\\\/\\\/www.altercampagne.net\\\/?p=4323\"},\"wordCount\":152,\"keywords\":[\"accueil AlterTour\",\"2012\"],\"articleSection\":[\"Revue de presse\"],\"inLanguage\":\"fr-FR\"},{\"@type\":\"WebPage\",\"@id\":\"https:\\\/\\\/www.altercampagne.net\\\/?p=4323\",\"url\":\"https:\\\/\\\/www.altercampagne.net\\\/?p=4323\",\"name\":\"Cet \u00e9t\u00e9, en roue libre sur les voies vertes - AlterTour\",\"isPartOf\":{\"@id\":\"https:\\\/\\\/www.altercampagne.net\\\/#website\"},\"datePublished\":\"2012-06-29T12:13:44+00:00\",\"dateModified\":\"2016-04-19T12:19:00+00:00\",\"author\":{\"@id\":\"https:\\\/\\\/www.altercampagne.net\\\/#\\\/schema\\\/person\\\/0f261460c09e430caa0f9bcffa319109\"},\"breadcrumb\":{\"@id\":\"https:\\\/\\\/www.altercampagne.net\\\/?p=4323#breadcrumb\"},\"inLanguage\":\"fr-FR\",\"potentialAction\":[{\"@type\":\"ReadAction\",\"target\":[\"https:\\\/\\\/www.altercampagne.net\\\/?p=4323\"]}]},{\"@type\":\"BreadcrumbList\",\"@id\":\"https:\\\/\\\/www.altercampagne.net\\\/?p=4323#breadcrumb\",\"itemListElement\":[{\"@type\":\"ListItem\",\"position\":1,\"name\":\"Accueil\",\"item\":\"https:\\\/\\\/www.altercampagne.net\\\/\"},{\"@type\":\"ListItem\",\"position\":2,\"name\":\"Cet \u00e9t\u00e9, en roue libre sur les voies vertes\"}]},{\"@type\":\"WebSite\",\"@id\":\"https:\\\/\\\/www.altercampagne.net\\\/#website\",\"url\":\"https:\\\/\\\/www.altercampagne.net\\\/\",\"name\":\"AlterTour\",\"description\":\"Reliez les Alternatives \u00e0 v\u00e9lo\",\"potentialAction\":[{\"@type\":\"SearchAction\",\"target\":{\"@type\":\"EntryPoint\",\"urlTemplate\":\"https:\\\/\\\/www.altercampagne.net\\\/?s={search_term_string}\"},\"query-input\":{\"@type\":\"PropertyValueSpecification\",\"valueRequired\":true,\"valueName\":\"search_term_string\"}}],\"inLanguage\":\"fr-FR\"},{\"@type\":\"Person\",\"@id\":\"https:\\\/\\\/www.altercampagne.net\\\/#\\\/schema\\\/person\\\/0f261460c09e430caa0f9bcffa319109\",\"name\":\"Mathieu\",\"image\":{\"@type\":\"ImageObject\",\"inLanguage\":\"fr-FR\",\"@id\":\"https:\\\/\\\/secure.gravatar.com\\\/avatar\\\/aa9d3d24c83f2141e5e2709d0f63d09a99f6be6bb7a50abc4915838d9f54501a?s=96&d=mm&r=g\",\"url\":\"https:\\\/\\\/secure.gravatar.com\\\/avatar\\\/aa9d3d24c83f2141e5e2709d0f63d09a99f6be6bb7a50abc4915838d9f54501a?s=96&d=mm&r=g\",\"contentUrl\":\"https:\\\/\\\/secure.gravatar.com\\\/avatar\\\/aa9d3d24c83f2141e5e2709d0f63d09a99f6be6bb7a50abc4915838d9f54501a?s=96&d=mm&r=g\",\"caption\":\"Mathieu\"},\"url\":\"https:\\\/\\\/www.altercampagne.net\\\/?author=214\"}]}<\/script>\n<!-- \/ Yoast SEO plugin. -->","yoast_head_json":{"title":"Cet \u00e9t\u00e9, en roue libre sur les voies vertes - AlterTour","robots":{"index":"index","follow":"follow","max-snippet":"max-snippet:-1","max-image-preview":"max-image-preview:large","max-video-preview":"max-video-preview:-1"},"canonical":"https:\/\/www.altercampagne.net\/?p=4323","og_locale":"fr_FR","og_type":"article","og_title":"Cet \u00e9t\u00e9, en roue libre sur les voies vertes - AlterTour","og_description":"Tour de France alternatif Cette ann\u00e9e,\u00a0l\u2019AlterTour\u00a0\u00a0pose ses suspensions dans le Sud-ouest du 11 juillet au 19 ao\u00fbt. Les \u00e9tapes relieront Foix \u00e0 Bedous, en passant par Castres, Rodez, Bordeaux et Pau. Ce \u00ab\u00a0contre-tour de France\u00a0\u00bb, qui entend lutter contre l\u2019esprit de concurrence et le dopage, tant\u00a0\u00ab\u00a0sportif qu\u2019agricole\u00a0\u00bb\u00a0(entendez\u00a0: contre les OGM), ... Read More","og_url":"https:\/\/www.altercampagne.net\/?p=4323","og_site_name":"AlterTour","article_published_time":"2012-06-29T12:13:44+00:00","article_modified_time":"2016-04-19T12:19:00+00:00","author":"Mathieu","twitter_card":"summary_large_image","twitter_misc":{"\u00c9crit par":"Mathieu","Dur\u00e9e de lecture estim\u00e9e":"1 minute"},"schema":{"@context":"https:\/\/schema.org","@graph":[{"@type":"Article","@id":"https:\/\/www.altercampagne.net\/?p=4323#article","isPartOf":{"@id":"https:\/\/www.altercampagne.net\/?p=4323"},"author":{"name":"Mathieu","@id":"https:\/\/www.altercampagne.net\/#\/schema\/person\/0f261460c09e430caa0f9bcffa319109"},"headline":"Cet \u00e9t\u00e9, en roue libre sur les voies vertes","datePublished":"2012-06-29T12:13:44+00:00","dateModified":"2016-04-19T12:19:00+00:00","mainEntityOfPage":{"@id":"https:\/\/www.altercampagne.net\/?p=4323"},"wordCount":152,"keywords":["accueil AlterTour","2012"],"articleSection":["Revue de presse"],"inLanguage":"fr-FR"},{"@type":"WebPage","@id":"https:\/\/www.altercampagne.net\/?p=4323","url":"https:\/\/www.altercampagne.net\/?p=4323","name":"Cet \u00e9t\u00e9, en roue libre sur les voies vertes - AlterTour","isPartOf":{"@id":"https:\/\/www.altercampagne.net\/#website"},"datePublished":"2012-06-29T12:13:44+00:00","dateModified":"2016-04-19T12:19:00+00:00","author":{"@id":"https:\/\/www.altercampagne.net\/#\/schema\/person\/0f261460c09e430caa0f9bcffa319109"},"breadcrumb":{"@id":"https:\/\/www.altercampagne.net\/?p=4323#breadcrumb"},"inLanguage":"fr-FR","potentialAction":[{"@type":"ReadAction","target":["https:\/\/www.altercampagne.net\/?p=4323"]}]},{"@type":"BreadcrumbList","@id":"https:\/\/www.altercampagne.net\/?p=4323#breadcrumb","itemListElement":[{"@type":"ListItem","position":1,"name":"Accueil","item":"https:\/\/www.altercampagne.net\/"},{"@type":"ListItem","position":2,"name":"Cet \u00e9t\u00e9, en roue libre sur les voies vertes"}]},{"@type":"WebSite","@id":"https:\/\/www.altercampagne.net\/#website","url":"https:\/\/www.altercampagne.net\/","name":"AlterTour","description":"Reliez les Alternatives \u00e0 v\u00e9lo","potentialAction":[{"@type":"SearchAction","target":{"@type":"EntryPoint","urlTemplate":"https:\/\/www.altercampagne.net\/?s={search_term_string}"},"query-input":{"@type":"PropertyValueSpecification","valueRequired":true,"valueName":"search_term_string"}}],"inLanguage":"fr-FR"},{"@type":"Person","@id":"https:\/\/www.altercampagne.net\/#\/schema\/person\/0f261460c09e430caa0f9bcffa319109","name":"Mathieu","image":{"@type":"ImageObject","inLanguage":"fr-FR","@id":"https:\/\/secure.gravatar.com\/avatar\/aa9d3d24c83f2141e5e2709d0f63d09a99f6be6bb7a50abc4915838d9f54501a?s=96&d=mm&r=g","url":"https:\/\/secure.gravatar.com\/avatar\/aa9d3d24c83f2141e5e2709d0f63d09a99f6be6bb7a50abc4915838d9f54501a?s=96&d=mm&r=g","contentUrl":"https:\/\/secure.gravatar.com\/avatar\/aa9d3d24c83f2141e5e2709d0f63d09a99f6be6bb7a50abc4915838d9f54501a?s=96&d=mm&r=g","caption":"Mathieu"},"url":"https:\/\/www.altercampagne.net\/?author=214"}]}},"_links":{"self":[{"href":"https:\/\/www.altercampagne.net\/index.php?rest_route=\/wp\/v2\/posts\/4323","targetHints":{"allow":["GET"]}}],"collection":[{"href":"https:\/\/www.altercampagne.net\/index.php?rest_route=\/wp\/v2\/posts"}],"about":[{"href":"https:\/\/www.altercampagne.net\/index.php?rest_route=\/wp\/v2\/types\/post"}],"author":[{"embeddable":true,"href":"https:\/\/www.altercampagne.net\/index.php?rest_route=\/wp\/v2\/users\/214"}],"replies":[{"embeddable":true,"href":"https:\/\/www.altercampagne.net\/index.php?rest_route=%2Fwp%2Fv2%2Fcomments&post=4323"}],"version-history":[{"count":0,"href":"https:\/\/www.altercampagne.net\/index.php?rest_route=\/wp\/v2\/posts\/4323\/revisions"}],"wp:attachment":[{"href":"https:\/\/www.altercampagne.net\/index.php?rest_route=%2Fwp%2Fv2%2Fmedia&parent=4323"}],"wp:term":[{"taxonomy":"category","embeddable":true,"href":"https:\/\/www.altercampagne.net\/index.php?rest_route=%2Fwp%2Fv2%2Fcategories&post=4323"},{"taxonomy":"post_tag","embeddable":true,"href":"https:\/\/www.altercampagne.net\/index.php?rest_route=%2Fwp%2Fv2%2Ftags&post=4323"}],"curies":[{"name":"wp","href":"https:\/\/api.w.org\/{rel}","templated":true}]}}