{"id":4325,"date":"2012-06-27T14:19:20","date_gmt":"2012-06-27T12:19:20","guid":{"rendered":"http:\/\/www.altercampagne.net\/?p=4325"},"modified":"2016-04-19T14:21:57","modified_gmt":"2016-04-19T12:21:57","slug":"sainte-croix-volvestre-un-marche-aux-initiatives-locales-le-mercredi-11-juillet","status":"publish","type":"post","link":"https:\/\/www.altercampagne.net\/?p=4325","title":{"rendered":"Sainte-Croix-Volvestre. Un march\u00e9 aux initiatives locales le mercredi 11 juillet"},"content":{"rendered":"<p class=\"Style153\" align=\"justify\">D\u00e9sireuse de s&rsquo;associer \u00e0 la fois au festival R\u00e9sistances, \u00e0 l&rsquo;<strong>AlterTour 2012<\/strong> et aux trente ans de la revue \u00ab Silence \u00bb (le 13 juillet au festival R\u00e9sistances), l&rsquo;Association du march\u00e9 de Sainte-Croix-Volvestre propose un march\u00e9 aux initiatives locales, bio, \u00e9quitables et solidaires le mercredi 11 juillet.<\/p>\n<p class=\"Style153\" align=\"justify\">Le march\u00e9 de Sainte-Croix entend ainsi renouer avec la signification ancienne du march\u00e9. A l&rsquo;\u00e9poque on y \u00e9changeait des nouvelles et des id\u00e9es autant que des produits. Le march\u00e9 aux initiatives entend ainsi proposer des solutions locales pour agir local. Le 11 juillet, de 9 heures \u00e0 13 heures, sous les platanes de la place Fauroux, au c\u0153ur du village, se tiendra le traditionnel march\u00e9 hebdomadaire, auquel viendront s&rsquo;adjoindre des stands proposant des produits \u00e9quitables et solidaires et un espace non marchand-troc \u00e0 tout. Toute la journ\u00e9e, la salle des f\u00eates abritera le march\u00e9 aux initiatives proprement dit, un v\u00e9ritable forum regroupant sur un m\u00eame espace les stands d&rsquo;information des associations et organisations pr\u00e9sentes. Agriculture, social, finances, culture, artisanat, habitat, emploi, tous les domaines seront abord\u00e9s. Seront \u00e9galement pr\u00e9sents plusieurs journaux et revues, notamment le mensuel \u00e9cologique \u00ab Silence \u00bb, autour de l&rsquo;exposition \u00ab L&rsquo;\u00e9cologie en 200 dates \u00bb. Sans oublier l&rsquo;incontournable espace librairie.<\/p>\n<p class=\"Style153\" align=\"justify\">L&rsquo;apr\u00e8s-midi, diverses animations seront propos\u00e9es aux visiteurs (th\u00e9\u00e2tre de rue, crieurs, balade sonore\u2026) et en particulier \u00e0 l&rsquo;intention des plus jeunes (contes, accrobranche\u2026) permettant aux parents de participer aux rencontres-d\u00e9bats.<\/p>\n<p class=\"Style153\" align=\"justify\">Plusieurs rendez-vous sont propos\u00e9s sous l&rsquo;intitul\u00e9 \u00ab Silence, on cause ! \u00bb, notamment la r\u00e9habilitation de la ch\u00e2taigneraie ari\u00e9geoise (par R\u00e9nova), les finances solidaires (par la Nef), une monnaie locale solidaire pour l&rsquo;Ari\u00e8ge (par le Collectif 09). Des projections-d\u00e9bats sont \u00e9galement pr\u00e9vues \u00e0 l&rsquo;initiative des associations pr\u00e9sentes. On pourra se restaurer et se rafra\u00eechir sur place. Pour en savoir plus : <a href=\"http:\/\/www.sainte-croix-volvestre.info\" target=\"_blank\">www.sainte-croix-volvestre.info<\/a> (rubrique \u00ab march\u00e9 hebdo \u00bb) ; t\u00e9l. 05 61 96 57 49.<\/p>\n<p class=\"Style153\" align=\"right\">La D\u00e9p\u00eache du Midi<\/p>\n<p class=\"Style153\" style=\"text-align: left;\" align=\"right\">Source : <a href=\"http:\/\/www.ladepeche.fr\/article\/2012\/06\/27\/1388300-sainte-croix-volvestre-un-marche-aux-initiatives-locales-le-mercredi-11-juillet.html\" target=\"_blank\">http:\/\/www.ladepeche.fr\/article\/2012\/06\/27\/1388300-sainte-croix-volvestre-un-marche-aux-initiatives-locales-le-mercredi-11-juillet.html<\/a><\/p>\n","protected":false},"excerpt":{"rendered":"<p>D\u00e9sireuse de s&rsquo;associer \u00e0 la fois au festival R\u00e9sistances, \u00e0 l&rsquo;AlterTour 2012 et aux trente ans de la revue \u00ab Silence \u00bb (le 13 juillet au festival R\u00e9sistances), l&rsquo;Association du march\u00e9 de Sainte-Croix-Volvestre propose un march\u00e9 aux initiatives locales, bio, \u00e9quitables et solidaires le mercredi 11 juillet. Le march\u00e9 de &#8230; <\/p>\n<div><a href=\"https:\/\/www.altercampagne.net\/?p=4325\" class=\"more-link\">Read More<\/a><\/div>\n","protected":false},"author":214,"featured_media":0,"comment_status":"closed","ping_status":"closed","sticky":false,"template":"","format":"standard","meta":{"footnotes":""},"categories":[239],"tags":[852,1814,1844,1945,1951],"class_list":["post-4325","post","type-post","status-publish","format-standard","hentry","category-revue-de-presse","tag-altertour-2012","tag-1814","tag-midi-pyrenees","tag-ariege","tag-sainte-croix-volvestre","no-post-thumbnail"],"yoast_head":"<!-- This site is optimized with the Yoast SEO plugin v27.3 - https:\/\/yoast.com\/product\/yoast-seo-wordpress\/ -->\n<title>Sainte-Croix-Volvestre. Un march\u00e9 aux initiatives locales le mercredi 11 juillet - AlterTour<\/title>\n<meta name=\"robots\" content=\"index, follow, max-snippet:-1, max-image-preview:large, max-video-preview:-1\" \/>\n<link rel=\"canonical\" href=\"https:\/\/www.altercampagne.net\/?p=4325\" \/>\n<meta property=\"og:locale\" content=\"fr_FR\" \/>\n<meta property=\"og:type\" content=\"article\" \/>\n<meta property=\"og:title\" content=\"Sainte-Croix-Volvestre. Un march\u00e9 aux initiatives locales le mercredi 11 juillet - AlterTour\" \/>\n<meta property=\"og:description\" content=\"D\u00e9sireuse de s&rsquo;associer \u00e0 la fois au festival R\u00e9sistances, \u00e0 l&rsquo;AlterTour 2012 et aux trente ans de la revue \u00ab Silence \u00bb (le 13 juillet au festival R\u00e9sistances), l&rsquo;Association du march\u00e9 de Sainte-Croix-Volvestre propose un march\u00e9 aux initiatives locales, bio, \u00e9quitables et solidaires le mercredi 11 juillet. Le march\u00e9 de ... Read More\" \/>\n<meta property=\"og:url\" content=\"https:\/\/www.altercampagne.net\/?p=4325\" \/>\n<meta property=\"og:site_name\" content=\"AlterTour\" \/>\n<meta property=\"article:published_time\" content=\"2012-06-27T12:19:20+00:00\" \/>\n<meta property=\"article:modified_time\" content=\"2016-04-19T12:21:57+00:00\" \/>\n<meta name=\"author\" content=\"Mathieu\" \/>\n<meta name=\"twitter:card\" content=\"summary_large_image\" \/>\n<meta name=\"twitter:label1\" content=\"\u00c9crit par\" \/>\n\t<meta name=\"twitter:data1\" content=\"Mathieu\" \/>\n\t<meta name=\"twitter:label2\" content=\"Dur\u00e9e de lecture estim\u00e9e\" \/>\n\t<meta name=\"twitter:data2\" content=\"2 minutes\" \/>\n<script type=\"application\/ld+json\" class=\"yoast-schema-graph\">{\"@context\":\"https:\\\/\\\/schema.org\",\"@graph\":[{\"@type\":\"Article\",\"@id\":\"https:\\\/\\\/www.altercampagne.net\\\/?p=4325#article\",\"isPartOf\":{\"@id\":\"https:\\\/\\\/www.altercampagne.net\\\/?p=4325\"},\"author\":{\"name\":\"Mathieu\",\"@id\":\"https:\\\/\\\/www.altercampagne.net\\\/#\\\/schema\\\/person\\\/0f261460c09e430caa0f9bcffa319109\"},\"headline\":\"Sainte-Croix-Volvestre. Un march\u00e9 aux initiatives locales le mercredi 11 juillet\",\"datePublished\":\"2012-06-27T12:19:20+00:00\",\"dateModified\":\"2016-04-19T12:21:57+00:00\",\"mainEntityOfPage\":{\"@id\":\"https:\\\/\\\/www.altercampagne.net\\\/?p=4325\"},\"wordCount\":340,\"keywords\":[\"AlterTour 2012\",\"2012\",\"Midi-Pyr\u00e9n\u00e9es\",\"Ari\u00e8ge\",\"Sainte Croix Volvestre\"],\"articleSection\":[\"Revue de presse\"],\"inLanguage\":\"fr-FR\"},{\"@type\":\"WebPage\",\"@id\":\"https:\\\/\\\/www.altercampagne.net\\\/?p=4325\",\"url\":\"https:\\\/\\\/www.altercampagne.net\\\/?p=4325\",\"name\":\"Sainte-Croix-Volvestre. Un march\u00e9 aux initiatives locales le mercredi 11 juillet - AlterTour\",\"isPartOf\":{\"@id\":\"https:\\\/\\\/www.altercampagne.net\\\/#website\"},\"datePublished\":\"2012-06-27T12:19:20+00:00\",\"dateModified\":\"2016-04-19T12:21:57+00:00\",\"author\":{\"@id\":\"https:\\\/\\\/www.altercampagne.net\\\/#\\\/schema\\\/person\\\/0f261460c09e430caa0f9bcffa319109\"},\"breadcrumb\":{\"@id\":\"https:\\\/\\\/www.altercampagne.net\\\/?p=4325#breadcrumb\"},\"inLanguage\":\"fr-FR\",\"potentialAction\":[{\"@type\":\"ReadAction\",\"target\":[\"https:\\\/\\\/www.altercampagne.net\\\/?p=4325\"]}]},{\"@type\":\"BreadcrumbList\",\"@id\":\"https:\\\/\\\/www.altercampagne.net\\\/?p=4325#breadcrumb\",\"itemListElement\":[{\"@type\":\"ListItem\",\"position\":1,\"name\":\"Accueil\",\"item\":\"https:\\\/\\\/www.altercampagne.net\\\/\"},{\"@type\":\"ListItem\",\"position\":2,\"name\":\"Sainte-Croix-Volvestre. Un march\u00e9 aux initiatives locales le mercredi 11 juillet\"}]},{\"@type\":\"WebSite\",\"@id\":\"https:\\\/\\\/www.altercampagne.net\\\/#website\",\"url\":\"https:\\\/\\\/www.altercampagne.net\\\/\",\"name\":\"AlterTour\",\"description\":\"Reliez les Alternatives \u00e0 v\u00e9lo\",\"potentialAction\":[{\"@type\":\"SearchAction\",\"target\":{\"@type\":\"EntryPoint\",\"urlTemplate\":\"https:\\\/\\\/www.altercampagne.net\\\/?s={search_term_string}\"},\"query-input\":{\"@type\":\"PropertyValueSpecification\",\"valueRequired\":true,\"valueName\":\"search_term_string\"}}],\"inLanguage\":\"fr-FR\"},{\"@type\":\"Person\",\"@id\":\"https:\\\/\\\/www.altercampagne.net\\\/#\\\/schema\\\/person\\\/0f261460c09e430caa0f9bcffa319109\",\"name\":\"Mathieu\",\"image\":{\"@type\":\"ImageObject\",\"inLanguage\":\"fr-FR\",\"@id\":\"https:\\\/\\\/secure.gravatar.com\\\/avatar\\\/aa9d3d24c83f2141e5e2709d0f63d09a99f6be6bb7a50abc4915838d9f54501a?s=96&d=mm&r=g\",\"url\":\"https:\\\/\\\/secure.gravatar.com\\\/avatar\\\/aa9d3d24c83f2141e5e2709d0f63d09a99f6be6bb7a50abc4915838d9f54501a?s=96&d=mm&r=g\",\"contentUrl\":\"https:\\\/\\\/secure.gravatar.com\\\/avatar\\\/aa9d3d24c83f2141e5e2709d0f63d09a99f6be6bb7a50abc4915838d9f54501a?s=96&d=mm&r=g\",\"caption\":\"Mathieu\"},\"url\":\"https:\\\/\\\/www.altercampagne.net\\\/?author=214\"}]}<\/script>\n<!-- \/ Yoast SEO plugin. -->","yoast_head_json":{"title":"Sainte-Croix-Volvestre. Un march\u00e9 aux initiatives locales le mercredi 11 juillet - AlterTour","robots":{"index":"index","follow":"follow","max-snippet":"max-snippet:-1","max-image-preview":"max-image-preview:large","max-video-preview":"max-video-preview:-1"},"canonical":"https:\/\/www.altercampagne.net\/?p=4325","og_locale":"fr_FR","og_type":"article","og_title":"Sainte-Croix-Volvestre. Un march\u00e9 aux initiatives locales le mercredi 11 juillet - AlterTour","og_description":"D\u00e9sireuse de s&rsquo;associer \u00e0 la fois au festival R\u00e9sistances, \u00e0 l&rsquo;AlterTour 2012 et aux trente ans de la revue \u00ab Silence \u00bb (le 13 juillet au festival R\u00e9sistances), l&rsquo;Association du march\u00e9 de Sainte-Croix-Volvestre propose un march\u00e9 aux initiatives locales, bio, \u00e9quitables et solidaires le mercredi 11 juillet. Le march\u00e9 de ... Read More","og_url":"https:\/\/www.altercampagne.net\/?p=4325","og_site_name":"AlterTour","article_published_time":"2012-06-27T12:19:20+00:00","article_modified_time":"2016-04-19T12:21:57+00:00","author":"Mathieu","twitter_card":"summary_large_image","twitter_misc":{"\u00c9crit par":"Mathieu","Dur\u00e9e de lecture estim\u00e9e":"2 minutes"},"schema":{"@context":"https:\/\/schema.org","@graph":[{"@type":"Article","@id":"https:\/\/www.altercampagne.net\/?p=4325#article","isPartOf":{"@id":"https:\/\/www.altercampagne.net\/?p=4325"},"author":{"name":"Mathieu","@id":"https:\/\/www.altercampagne.net\/#\/schema\/person\/0f261460c09e430caa0f9bcffa319109"},"headline":"Sainte-Croix-Volvestre. Un march\u00e9 aux initiatives locales le mercredi 11 juillet","datePublished":"2012-06-27T12:19:20+00:00","dateModified":"2016-04-19T12:21:57+00:00","mainEntityOfPage":{"@id":"https:\/\/www.altercampagne.net\/?p=4325"},"wordCount":340,"keywords":["AlterTour 2012","2012","Midi-Pyr\u00e9n\u00e9es","Ari\u00e8ge","Sainte Croix Volvestre"],"articleSection":["Revue de presse"],"inLanguage":"fr-FR"},{"@type":"WebPage","@id":"https:\/\/www.altercampagne.net\/?p=4325","url":"https:\/\/www.altercampagne.net\/?p=4325","name":"Sainte-Croix-Volvestre. Un march\u00e9 aux initiatives locales le mercredi 11 juillet - AlterTour","isPartOf":{"@id":"https:\/\/www.altercampagne.net\/#website"},"datePublished":"2012-06-27T12:19:20+00:00","dateModified":"2016-04-19T12:21:57+00:00","author":{"@id":"https:\/\/www.altercampagne.net\/#\/schema\/person\/0f261460c09e430caa0f9bcffa319109"},"breadcrumb":{"@id":"https:\/\/www.altercampagne.net\/?p=4325#breadcrumb"},"inLanguage":"fr-FR","potentialAction":[{"@type":"ReadAction","target":["https:\/\/www.altercampagne.net\/?p=4325"]}]},{"@type":"BreadcrumbList","@id":"https:\/\/www.altercampagne.net\/?p=4325#breadcrumb","itemListElement":[{"@type":"ListItem","position":1,"name":"Accueil","item":"https:\/\/www.altercampagne.net\/"},{"@type":"ListItem","position":2,"name":"Sainte-Croix-Volvestre. Un march\u00e9 aux initiatives locales le mercredi 11 juillet"}]},{"@type":"WebSite","@id":"https:\/\/www.altercampagne.net\/#website","url":"https:\/\/www.altercampagne.net\/","name":"AlterTour","description":"Reliez les Alternatives \u00e0 v\u00e9lo","potentialAction":[{"@type":"SearchAction","target":{"@type":"EntryPoint","urlTemplate":"https:\/\/www.altercampagne.net\/?s={search_term_string}"},"query-input":{"@type":"PropertyValueSpecification","valueRequired":true,"valueName":"search_term_string"}}],"inLanguage":"fr-FR"},{"@type":"Person","@id":"https:\/\/www.altercampagne.net\/#\/schema\/person\/0f261460c09e430caa0f9bcffa319109","name":"Mathieu","image":{"@type":"ImageObject","inLanguage":"fr-FR","@id":"https:\/\/secure.gravatar.com\/avatar\/aa9d3d24c83f2141e5e2709d0f63d09a99f6be6bb7a50abc4915838d9f54501a?s=96&d=mm&r=g","url":"https:\/\/secure.gravatar.com\/avatar\/aa9d3d24c83f2141e5e2709d0f63d09a99f6be6bb7a50abc4915838d9f54501a?s=96&d=mm&r=g","contentUrl":"https:\/\/secure.gravatar.com\/avatar\/aa9d3d24c83f2141e5e2709d0f63d09a99f6be6bb7a50abc4915838d9f54501a?s=96&d=mm&r=g","caption":"Mathieu"},"url":"https:\/\/www.altercampagne.net\/?author=214"}]}},"_links":{"self":[{"href":"https:\/\/www.altercampagne.net\/index.php?rest_route=\/wp\/v2\/posts\/4325","targetHints":{"allow":["GET"]}}],"collection":[{"href":"https:\/\/www.altercampagne.net\/index.php?rest_route=\/wp\/v2\/posts"}],"about":[{"href":"https:\/\/www.altercampagne.net\/index.php?rest_route=\/wp\/v2\/types\/post"}],"author":[{"embeddable":true,"href":"https:\/\/www.altercampagne.net\/index.php?rest_route=\/wp\/v2\/users\/214"}],"replies":[{"embeddable":true,"href":"https:\/\/www.altercampagne.net\/index.php?rest_route=%2Fwp%2Fv2%2Fcomments&post=4325"}],"version-history":[{"count":0,"href":"https:\/\/www.altercampagne.net\/index.php?rest_route=\/wp\/v2\/posts\/4325\/revisions"}],"wp:attachment":[{"href":"https:\/\/www.altercampagne.net\/index.php?rest_route=%2Fwp%2Fv2%2Fmedia&parent=4325"}],"wp:term":[{"taxonomy":"category","embeddable":true,"href":"https:\/\/www.altercampagne.net\/index.php?rest_route=%2Fwp%2Fv2%2Fcategories&post=4325"},{"taxonomy":"post_tag","embeddable":true,"href":"https:\/\/www.altercampagne.net\/index.php?rest_route=%2Fwp%2Fv2%2Ftags&post=4325"}],"curies":[{"name":"wp","href":"https:\/\/api.w.org\/{rel}","templated":true}]}}