{"id":4329,"date":"2012-06-03T14:24:44","date_gmt":"2012-06-03T12:24:44","guid":{"rendered":"http:\/\/www.altercampagne.net\/?p=4329"},"modified":"2016-04-19T14:28:54","modified_gmt":"2016-04-19T12:28:54","slug":"laltertour-2012-passera-par-laveyron","status":"publish","type":"post","link":"https:\/\/www.altercampagne.net\/?p=4329","title":{"rendered":"L&rsquo;AlterTour 2012 passera par l&rsquo;Aveyron"},"content":{"rendered":"<p class=\"Style153\" align=\"justify\">L&rsquo;AlterTour cycliste est un tour \u00e0 v\u00e9lo qui se d\u00e9roule chaque ann\u00e9e dans une r\u00e9gion avec un th\u00e8me diff\u00e9rent.<\/p>\n<p class=\"Style153\" align=\"justify\">La 4e \u00e9dition 2011 s&rsquo;\u00e9tait d\u00e9roul\u00e9e dans le sud-est avec l&rsquo;arriv\u00e9e sur le Larzac avec pour th\u00e8me la sobri\u00e9t\u00e9 \u00e9nerg\u00e9tique. Cette ann\u00e9e, pour la 5e \u00e9dition, l&rsquo;AlterTour se d\u00e9roulera dans le grand Sud-Ouest, du 11 juillet au 19 ao\u00fbt. Il s&rsquo;\u00e9lancera de Foix en Ari\u00e8ge, reliera Minerve, Castres, Rodez, P\u00e9rigueux, Bordeaux, Toulouse, Auch et Pau pour les villes moyennes et grandes. Il aura pour th\u00e8me \u00ab Une autre faim du monde est possible \u00bb. C&rsquo;est un relais solidaire familial (chacun choisit de faire le nombre de kilom\u00e8tres qu&rsquo;il veut) qui a pour but d&rsquo;aller \u00e0 la rencontre d&rsquo;alternatives \u00e0 cette soci\u00e9t\u00e9 lib\u00e9rale o\u00f9 l&rsquo;objectif est d&rsquo;\u00e9craser son voisin. C&rsquo;est un tour \u00ab \u00e0 la carte \u00bb (on peut participer 1 ou plusieurs jours), en autogestion (chacun participe \u00e0 son tour \u00e0 toutes les t\u00e2ches) pour celles et ceux qui souhaitent partager une belle tranche de vie collective dans la simplicit\u00e9 volontaire.<\/p>\n<p class=\"Style153\" align=\"justify\">L&rsquo;AlterTour en Aveyron fera \u00e9tape \u00e0 Sever de Castanet le 23 juillet, \u00e0 la rencontre de Pierre Labeyrie, membre de la SCOP ARIA \u00e9nergies (d\u00e9monstration de m\u00e9thanisation pour alimenter un barbecue). D&rsquo;autres rencontres jalonneront le circuit aveyronnais : \u00e0 Rodez, Serge Vabre, agriculteur bio (vaches \u00e0 lait) ; \u00e0 Calmont, Beno\u00eet Veyrac, mara\u00eecher bio en AMAP, puis Olemps o\u00f9 la mairie d&rsquo;Olemps h\u00e9bergera les participants qui b\u00e9n\u00e9ficieront de surcro\u00eet d&rsquo;un repas palestinien confectionn\u00e9 par l&rsquo;association Le Philistin (importation de produits palestiniens). Le 25 juillet, Rodez avec visite historique puis d\u00e9part \u00e0 Sainte-Radegonde o\u00f9 sera \u00e9voqu\u00e9e la probl\u00e9matique des d\u00e9chets pour continuer vers S\u00e9gur \u00e0 la rencontre de la ferme du Vialaret (organisation du partage du travail int\u00e9ressante) et aussi une agricultrice bio en AMAP et qui cultive en traction animale. Nous serons h\u00e9berg\u00e9s par la mairie de S\u00e9gur.<\/p>\n<p class=\"Style153\" align=\"justify\">La derni\u00e8re journ\u00e9e en Aveyron se d\u00e9roulera entre S\u00e9gur et Rignac au conservatoire de la ch\u00e2taigne.<\/p>\n<p class=\"Style153\" align=\"justify\">L&rsquo;id\u00e9e est aussi de ponctuer chaque soir\u00e9e d&rsquo;un spectacle en essayant d&rsquo;impliquer des artistes amateurs ou professionnels locaux. Oui, une autre faim du monde est possible, car \u00ab le monde est assez grand pour satisfaire les besoins de tous, mais il sera toujours trop petit pour satisfaire l&rsquo;avidit\u00e9 de quelques-uns \u00bb. Nous devons \u00ab vivre simplement pour que d&rsquo;autres puissent simplement vivre \u00bb (Gandhi).<\/p>\n<p class=\"Style153\" align=\"justify\">Source : <a href=\"http:\/\/www.ladepeche.fr\/article\/2012\/06\/03\/1368597-l-alter-tour-2012-passera-par-l-aveyron.html\" target=\"_blank\">http:\/\/www.ladepeche.fr\/article\/2012\/06\/03\/1368597-l-alter-tour-2012-passera-par-l-aveyron.html<\/a><\/p>\n","protected":false},"excerpt":{"rendered":"<p>L&rsquo;AlterTour cycliste est un tour \u00e0 v\u00e9lo qui se d\u00e9roule chaque ann\u00e9e dans une r\u00e9gion avec un th\u00e8me diff\u00e9rent. La 4e \u00e9dition 2011 s&rsquo;\u00e9tait d\u00e9roul\u00e9e dans le sud-est avec l&rsquo;arriv\u00e9e sur le Larzac avec pour th\u00e8me la sobri\u00e9t\u00e9 \u00e9nerg\u00e9tique. Cette ann\u00e9e, pour la 5e \u00e9dition, l&rsquo;AlterTour se d\u00e9roulera dans le &#8230; <\/p>\n<div><a href=\"https:\/\/www.altercampagne.net\/?p=4329\" class=\"more-link\">Read More<\/a><\/div>\n","protected":false},"author":214,"featured_media":0,"comment_status":"closed","ping_status":"closed","sticky":false,"template":"","format":"standard","meta":{"footnotes":""},"categories":[239],"tags":[852,1814,1844,1909,1919,1921,1923,1927,1928,1929,1930,1939,1963,1964,1965],"class_list":["post-4329","post","type-post","status-publish","format-standard","hentry","category-revue-de-presse","tag-altertour-2012","tag-1814","tag-midi-pyrenees","tag-aria-energies","tag-calmont","tag-benoit-veyrac","tag-aveyron","tag-rodez","tag-sever-de-castanet","tag-sainte-radegonde","tag-segur","tag-ferme-du-vialaret","tag-pierre-labeyrie","tag-serge-vabre","tag-le-philistin","no-post-thumbnail"],"yoast_head":"<!-- This site is optimized with the Yoast SEO plugin v27.3 - https:\/\/yoast.com\/product\/yoast-seo-wordpress\/ -->\n<title>L&#039;AlterTour 2012 passera par l&#039;Aveyron - AlterTour<\/title>\n<meta name=\"robots\" content=\"index, follow, max-snippet:-1, max-image-preview:large, max-video-preview:-1\" \/>\n<link rel=\"canonical\" href=\"https:\/\/www.altercampagne.net\/?p=4329\" \/>\n<meta property=\"og:locale\" content=\"fr_FR\" \/>\n<meta property=\"og:type\" content=\"article\" \/>\n<meta property=\"og:title\" content=\"L&#039;AlterTour 2012 passera par l&#039;Aveyron - AlterTour\" \/>\n<meta property=\"og:description\" content=\"L&rsquo;AlterTour cycliste est un tour \u00e0 v\u00e9lo qui se d\u00e9roule chaque ann\u00e9e dans une r\u00e9gion avec un th\u00e8me diff\u00e9rent. La 4e \u00e9dition 2011 s&rsquo;\u00e9tait d\u00e9roul\u00e9e dans le sud-est avec l&rsquo;arriv\u00e9e sur le Larzac avec pour th\u00e8me la sobri\u00e9t\u00e9 \u00e9nerg\u00e9tique. Cette ann\u00e9e, pour la 5e \u00e9dition, l&rsquo;AlterTour se d\u00e9roulera dans le ... Read More\" \/>\n<meta property=\"og:url\" content=\"https:\/\/www.altercampagne.net\/?p=4329\" \/>\n<meta property=\"og:site_name\" content=\"AlterTour\" \/>\n<meta property=\"article:published_time\" content=\"2012-06-03T12:24:44+00:00\" \/>\n<meta property=\"article:modified_time\" content=\"2016-04-19T12:28:54+00:00\" \/>\n<meta name=\"author\" content=\"Mathieu\" \/>\n<meta name=\"twitter:card\" content=\"summary_large_image\" \/>\n<meta name=\"twitter:label1\" content=\"\u00c9crit par\" \/>\n\t<meta name=\"twitter:data1\" content=\"Mathieu\" \/>\n\t<meta name=\"twitter:label2\" content=\"Dur\u00e9e de lecture estim\u00e9e\" \/>\n\t<meta name=\"twitter:data2\" content=\"2 minutes\" \/>\n<script type=\"application\/ld+json\" class=\"yoast-schema-graph\">{\"@context\":\"https:\\\/\\\/schema.org\",\"@graph\":[{\"@type\":\"Article\",\"@id\":\"https:\\\/\\\/www.altercampagne.net\\\/?p=4329#article\",\"isPartOf\":{\"@id\":\"https:\\\/\\\/www.altercampagne.net\\\/?p=4329\"},\"author\":{\"name\":\"Mathieu\",\"@id\":\"https:\\\/\\\/www.altercampagne.net\\\/#\\\/schema\\\/person\\\/0f261460c09e430caa0f9bcffa319109\"},\"headline\":\"L&rsquo;AlterTour 2012 passera par l&rsquo;Aveyron\",\"datePublished\":\"2012-06-03T12:24:44+00:00\",\"dateModified\":\"2016-04-19T12:28:54+00:00\",\"mainEntityOfPage\":{\"@id\":\"https:\\\/\\\/www.altercampagne.net\\\/?p=4329\"},\"wordCount\":442,\"keywords\":[\"AlterTour 2012\",\"2012\",\"Midi-Pyr\u00e9n\u00e9es\",\"Aria \u00c9nergies\",\"Calmont\",\"Beno\u00eet Veyrac\",\"Aveyron\",\"Rodez\",\"Sever de Castanet\",\"Sainte-Radegonde\",\"S\u00e9gur\",\"ferme du Vialaret\",\"Pierre Labeyrie\",\"Serge Vabre\",\"Le Philistin\"],\"articleSection\":[\"Revue de presse\"],\"inLanguage\":\"fr-FR\"},{\"@type\":\"WebPage\",\"@id\":\"https:\\\/\\\/www.altercampagne.net\\\/?p=4329\",\"url\":\"https:\\\/\\\/www.altercampagne.net\\\/?p=4329\",\"name\":\"L'AlterTour 2012 passera par l'Aveyron - AlterTour\",\"isPartOf\":{\"@id\":\"https:\\\/\\\/www.altercampagne.net\\\/#website\"},\"datePublished\":\"2012-06-03T12:24:44+00:00\",\"dateModified\":\"2016-04-19T12:28:54+00:00\",\"author\":{\"@id\":\"https:\\\/\\\/www.altercampagne.net\\\/#\\\/schema\\\/person\\\/0f261460c09e430caa0f9bcffa319109\"},\"breadcrumb\":{\"@id\":\"https:\\\/\\\/www.altercampagne.net\\\/?p=4329#breadcrumb\"},\"inLanguage\":\"fr-FR\",\"potentialAction\":[{\"@type\":\"ReadAction\",\"target\":[\"https:\\\/\\\/www.altercampagne.net\\\/?p=4329\"]}]},{\"@type\":\"BreadcrumbList\",\"@id\":\"https:\\\/\\\/www.altercampagne.net\\\/?p=4329#breadcrumb\",\"itemListElement\":[{\"@type\":\"ListItem\",\"position\":1,\"name\":\"Accueil\",\"item\":\"https:\\\/\\\/www.altercampagne.net\\\/\"},{\"@type\":\"ListItem\",\"position\":2,\"name\":\"L&rsquo;AlterTour 2012 passera par l&rsquo;Aveyron\"}]},{\"@type\":\"WebSite\",\"@id\":\"https:\\\/\\\/www.altercampagne.net\\\/#website\",\"url\":\"https:\\\/\\\/www.altercampagne.net\\\/\",\"name\":\"AlterTour\",\"description\":\"Reliez les Alternatives \u00e0 v\u00e9lo\",\"potentialAction\":[{\"@type\":\"SearchAction\",\"target\":{\"@type\":\"EntryPoint\",\"urlTemplate\":\"https:\\\/\\\/www.altercampagne.net\\\/?s={search_term_string}\"},\"query-input\":{\"@type\":\"PropertyValueSpecification\",\"valueRequired\":true,\"valueName\":\"search_term_string\"}}],\"inLanguage\":\"fr-FR\"},{\"@type\":\"Person\",\"@id\":\"https:\\\/\\\/www.altercampagne.net\\\/#\\\/schema\\\/person\\\/0f261460c09e430caa0f9bcffa319109\",\"name\":\"Mathieu\",\"image\":{\"@type\":\"ImageObject\",\"inLanguage\":\"fr-FR\",\"@id\":\"https:\\\/\\\/secure.gravatar.com\\\/avatar\\\/aa9d3d24c83f2141e5e2709d0f63d09a99f6be6bb7a50abc4915838d9f54501a?s=96&d=mm&r=g\",\"url\":\"https:\\\/\\\/secure.gravatar.com\\\/avatar\\\/aa9d3d24c83f2141e5e2709d0f63d09a99f6be6bb7a50abc4915838d9f54501a?s=96&d=mm&r=g\",\"contentUrl\":\"https:\\\/\\\/secure.gravatar.com\\\/avatar\\\/aa9d3d24c83f2141e5e2709d0f63d09a99f6be6bb7a50abc4915838d9f54501a?s=96&d=mm&r=g\",\"caption\":\"Mathieu\"},\"url\":\"https:\\\/\\\/www.altercampagne.net\\\/?author=214\"}]}<\/script>\n<!-- \/ Yoast SEO plugin. -->","yoast_head_json":{"title":"L'AlterTour 2012 passera par l'Aveyron - AlterTour","robots":{"index":"index","follow":"follow","max-snippet":"max-snippet:-1","max-image-preview":"max-image-preview:large","max-video-preview":"max-video-preview:-1"},"canonical":"https:\/\/www.altercampagne.net\/?p=4329","og_locale":"fr_FR","og_type":"article","og_title":"L'AlterTour 2012 passera par l'Aveyron - AlterTour","og_description":"L&rsquo;AlterTour cycliste est un tour \u00e0 v\u00e9lo qui se d\u00e9roule chaque ann\u00e9e dans une r\u00e9gion avec un th\u00e8me diff\u00e9rent. La 4e \u00e9dition 2011 s&rsquo;\u00e9tait d\u00e9roul\u00e9e dans le sud-est avec l&rsquo;arriv\u00e9e sur le Larzac avec pour th\u00e8me la sobri\u00e9t\u00e9 \u00e9nerg\u00e9tique. Cette ann\u00e9e, pour la 5e \u00e9dition, l&rsquo;AlterTour se d\u00e9roulera dans le ... Read More","og_url":"https:\/\/www.altercampagne.net\/?p=4329","og_site_name":"AlterTour","article_published_time":"2012-06-03T12:24:44+00:00","article_modified_time":"2016-04-19T12:28:54+00:00","author":"Mathieu","twitter_card":"summary_large_image","twitter_misc":{"\u00c9crit par":"Mathieu","Dur\u00e9e de lecture estim\u00e9e":"2 minutes"},"schema":{"@context":"https:\/\/schema.org","@graph":[{"@type":"Article","@id":"https:\/\/www.altercampagne.net\/?p=4329#article","isPartOf":{"@id":"https:\/\/www.altercampagne.net\/?p=4329"},"author":{"name":"Mathieu","@id":"https:\/\/www.altercampagne.net\/#\/schema\/person\/0f261460c09e430caa0f9bcffa319109"},"headline":"L&rsquo;AlterTour 2012 passera par l&rsquo;Aveyron","datePublished":"2012-06-03T12:24:44+00:00","dateModified":"2016-04-19T12:28:54+00:00","mainEntityOfPage":{"@id":"https:\/\/www.altercampagne.net\/?p=4329"},"wordCount":442,"keywords":["AlterTour 2012","2012","Midi-Pyr\u00e9n\u00e9es","Aria \u00c9nergies","Calmont","Beno\u00eet Veyrac","Aveyron","Rodez","Sever de Castanet","Sainte-Radegonde","S\u00e9gur","ferme du Vialaret","Pierre Labeyrie","Serge Vabre","Le Philistin"],"articleSection":["Revue de presse"],"inLanguage":"fr-FR"},{"@type":"WebPage","@id":"https:\/\/www.altercampagne.net\/?p=4329","url":"https:\/\/www.altercampagne.net\/?p=4329","name":"L'AlterTour 2012 passera par l'Aveyron - AlterTour","isPartOf":{"@id":"https:\/\/www.altercampagne.net\/#website"},"datePublished":"2012-06-03T12:24:44+00:00","dateModified":"2016-04-19T12:28:54+00:00","author":{"@id":"https:\/\/www.altercampagne.net\/#\/schema\/person\/0f261460c09e430caa0f9bcffa319109"},"breadcrumb":{"@id":"https:\/\/www.altercampagne.net\/?p=4329#breadcrumb"},"inLanguage":"fr-FR","potentialAction":[{"@type":"ReadAction","target":["https:\/\/www.altercampagne.net\/?p=4329"]}]},{"@type":"BreadcrumbList","@id":"https:\/\/www.altercampagne.net\/?p=4329#breadcrumb","itemListElement":[{"@type":"ListItem","position":1,"name":"Accueil","item":"https:\/\/www.altercampagne.net\/"},{"@type":"ListItem","position":2,"name":"L&rsquo;AlterTour 2012 passera par l&rsquo;Aveyron"}]},{"@type":"WebSite","@id":"https:\/\/www.altercampagne.net\/#website","url":"https:\/\/www.altercampagne.net\/","name":"AlterTour","description":"Reliez les Alternatives \u00e0 v\u00e9lo","potentialAction":[{"@type":"SearchAction","target":{"@type":"EntryPoint","urlTemplate":"https:\/\/www.altercampagne.net\/?s={search_term_string}"},"query-input":{"@type":"PropertyValueSpecification","valueRequired":true,"valueName":"search_term_string"}}],"inLanguage":"fr-FR"},{"@type":"Person","@id":"https:\/\/www.altercampagne.net\/#\/schema\/person\/0f261460c09e430caa0f9bcffa319109","name":"Mathieu","image":{"@type":"ImageObject","inLanguage":"fr-FR","@id":"https:\/\/secure.gravatar.com\/avatar\/aa9d3d24c83f2141e5e2709d0f63d09a99f6be6bb7a50abc4915838d9f54501a?s=96&d=mm&r=g","url":"https:\/\/secure.gravatar.com\/avatar\/aa9d3d24c83f2141e5e2709d0f63d09a99f6be6bb7a50abc4915838d9f54501a?s=96&d=mm&r=g","contentUrl":"https:\/\/secure.gravatar.com\/avatar\/aa9d3d24c83f2141e5e2709d0f63d09a99f6be6bb7a50abc4915838d9f54501a?s=96&d=mm&r=g","caption":"Mathieu"},"url":"https:\/\/www.altercampagne.net\/?author=214"}]}},"_links":{"self":[{"href":"https:\/\/www.altercampagne.net\/index.php?rest_route=\/wp\/v2\/posts\/4329","targetHints":{"allow":["GET"]}}],"collection":[{"href":"https:\/\/www.altercampagne.net\/index.php?rest_route=\/wp\/v2\/posts"}],"about":[{"href":"https:\/\/www.altercampagne.net\/index.php?rest_route=\/wp\/v2\/types\/post"}],"author":[{"embeddable":true,"href":"https:\/\/www.altercampagne.net\/index.php?rest_route=\/wp\/v2\/users\/214"}],"replies":[{"embeddable":true,"href":"https:\/\/www.altercampagne.net\/index.php?rest_route=%2Fwp%2Fv2%2Fcomments&post=4329"}],"version-history":[{"count":0,"href":"https:\/\/www.altercampagne.net\/index.php?rest_route=\/wp\/v2\/posts\/4329\/revisions"}],"wp:attachment":[{"href":"https:\/\/www.altercampagne.net\/index.php?rest_route=%2Fwp%2Fv2%2Fmedia&parent=4329"}],"wp:term":[{"taxonomy":"category","embeddable":true,"href":"https:\/\/www.altercampagne.net\/index.php?rest_route=%2Fwp%2Fv2%2Fcategories&post=4329"},{"taxonomy":"post_tag","embeddable":true,"href":"https:\/\/www.altercampagne.net\/index.php?rest_route=%2Fwp%2Fv2%2Ftags&post=4329"}],"curies":[{"name":"wp","href":"https:\/\/api.w.org\/{rel}","templated":true}]}}