{"id":4331,"date":"2012-05-30T14:29:23","date_gmt":"2012-05-30T12:29:23","guid":{"rendered":"http:\/\/www.altercampagne.net\/?p=4331"},"modified":"2016-04-19T14:31:54","modified_gmt":"2016-04-19T12:31:54","slug":"altertour-lanti-tour-de-france","status":"publish","type":"post","link":"https:\/\/www.altercampagne.net\/?p=4331","title":{"rendered":"AlterTour, l&rsquo;anti-Tour de France"},"content":{"rendered":"<p><iframe loading=\"lazy\" src=\"http:\/\/www.frequenceterre.com\/?powerpress_embed=8413-podcast&amp;powerpress_player=mediaelement-audio\" width=\"320\" height=\"30\" frameborder=\"0\" scrolling=\"no\"><\/iframe><\/p>\n<p class=\"Style153\" align=\"justify\">Un autre cyclisme est possible ! Au programme de l&rsquo;AlterTour, des \u00e9tapes de 50km par jour. Un bus joue les voitures-balai pour le compte de cette anti-comp\u00e9tition, o\u00f9 le but n&rsquo;est pas que de p\u00e9daler, mais aussi de r\u00e9fl\u00e9chir aux grandes causes politiques. C&rsquo;est Mathieu Fromont, organisateur de l&rsquo;AlterTour, qui nous en parle.<\/p>\n<p class=\"Style153\" align=\"right\"><a href=\"http:\/\/www.frequenceterre.com\/chroniques-environnement-300512-3029-altertour-l-anti-tour-de-france.html#\">Jean-Brice SENEGAS<\/a>, pour la R\u00e9daction.<\/p>\n<p class=\"Style153\" style=\"text-align: left;\" align=\"right\">Source :\u00a0<a href=\"http:\/\/www.frequenceterre.com\/2012\/05\/30\/altertour-lanti-tour-de-france\/\" target=\"_blank\">http:\/\/www.frequenceterre.com\/2012\/05\/30\/altertour-lanti-tour-de-france\/<\/a><\/p>\n","protected":false},"excerpt":{"rendered":"<p>Un autre cyclisme est possible ! Au programme de l&rsquo;AlterTour, des \u00e9tapes de 50km par jour. Un bus joue les voitures-balai pour le compte de cette anti-comp\u00e9tition, o\u00f9 le but n&rsquo;est pas que de p\u00e9daler, mais aussi de r\u00e9fl\u00e9chir aux grandes causes politiques. C&rsquo;est Mathieu Fromont, organisateur de l&rsquo;AlterTour, qui &#8230; <\/p>\n<div><a href=\"https:\/\/www.altercampagne.net\/?p=4331\" class=\"more-link\">Read More<\/a><\/div>\n","protected":false},"author":214,"featured_media":0,"comment_status":"closed","ping_status":"closed","sticky":false,"template":"","format":"standard","meta":{"footnotes":""},"categories":[239],"tags":[552,852,1814],"class_list":["post-4331","post","type-post","status-publish","format-standard","hentry","category-revue-de-presse","tag-mathieu-fromont","tag-altertour-2012","tag-1814","no-post-thumbnail"],"yoast_head":"<!-- This site is optimized with the Yoast SEO plugin v27.3 - https:\/\/yoast.com\/product\/yoast-seo-wordpress\/ -->\n<title>AlterTour, l&#039;anti-Tour de France - AlterTour<\/title>\n<meta name=\"robots\" content=\"index, follow, max-snippet:-1, max-image-preview:large, max-video-preview:-1\" \/>\n<link rel=\"canonical\" href=\"https:\/\/www.altercampagne.net\/?p=4331\" \/>\n<meta property=\"og:locale\" content=\"fr_FR\" \/>\n<meta property=\"og:type\" content=\"article\" \/>\n<meta property=\"og:title\" content=\"AlterTour, l&#039;anti-Tour de France - AlterTour\" \/>\n<meta property=\"og:description\" content=\"Un autre cyclisme est possible ! Au programme de l&rsquo;AlterTour, des \u00e9tapes de 50km par jour. Un bus joue les voitures-balai pour le compte de cette anti-comp\u00e9tition, o\u00f9 le but n&rsquo;est pas que de p\u00e9daler, mais aussi de r\u00e9fl\u00e9chir aux grandes causes politiques. C&rsquo;est Mathieu Fromont, organisateur de l&rsquo;AlterTour, qui ... Read More\" \/>\n<meta property=\"og:url\" content=\"https:\/\/www.altercampagne.net\/?p=4331\" \/>\n<meta property=\"og:site_name\" content=\"AlterTour\" \/>\n<meta property=\"article:published_time\" content=\"2012-05-30T12:29:23+00:00\" \/>\n<meta property=\"article:modified_time\" content=\"2016-04-19T12:31:54+00:00\" \/>\n<meta name=\"author\" content=\"Mathieu\" \/>\n<meta name=\"twitter:card\" content=\"summary_large_image\" \/>\n<meta name=\"twitter:label1\" content=\"\u00c9crit par\" \/>\n\t<meta name=\"twitter:data1\" content=\"Mathieu\" \/>\n<script type=\"application\/ld+json\" class=\"yoast-schema-graph\">{\"@context\":\"https:\\\/\\\/schema.org\",\"@graph\":[{\"@type\":\"Article\",\"@id\":\"https:\\\/\\\/www.altercampagne.net\\\/?p=4331#article\",\"isPartOf\":{\"@id\":\"https:\\\/\\\/www.altercampagne.net\\\/?p=4331\"},\"author\":{\"name\":\"Mathieu\",\"@id\":\"https:\\\/\\\/www.altercampagne.net\\\/#\\\/schema\\\/person\\\/0f261460c09e430caa0f9bcffa319109\"},\"headline\":\"AlterTour, l&rsquo;anti-Tour de France\",\"datePublished\":\"2012-05-30T12:29:23+00:00\",\"dateModified\":\"2016-04-19T12:31:54+00:00\",\"mainEntityOfPage\":{\"@id\":\"https:\\\/\\\/www.altercampagne.net\\\/?p=4331\"},\"wordCount\":77,\"keywords\":[\"Mathieu Fromont\",\"AlterTour 2012\",\"2012\"],\"articleSection\":[\"Revue de presse\"],\"inLanguage\":\"fr-FR\"},{\"@type\":\"WebPage\",\"@id\":\"https:\\\/\\\/www.altercampagne.net\\\/?p=4331\",\"url\":\"https:\\\/\\\/www.altercampagne.net\\\/?p=4331\",\"name\":\"AlterTour, l'anti-Tour de France - AlterTour\",\"isPartOf\":{\"@id\":\"https:\\\/\\\/www.altercampagne.net\\\/#website\"},\"datePublished\":\"2012-05-30T12:29:23+00:00\",\"dateModified\":\"2016-04-19T12:31:54+00:00\",\"author\":{\"@id\":\"https:\\\/\\\/www.altercampagne.net\\\/#\\\/schema\\\/person\\\/0f261460c09e430caa0f9bcffa319109\"},\"breadcrumb\":{\"@id\":\"https:\\\/\\\/www.altercampagne.net\\\/?p=4331#breadcrumb\"},\"inLanguage\":\"fr-FR\",\"potentialAction\":[{\"@type\":\"ReadAction\",\"target\":[\"https:\\\/\\\/www.altercampagne.net\\\/?p=4331\"]}]},{\"@type\":\"BreadcrumbList\",\"@id\":\"https:\\\/\\\/www.altercampagne.net\\\/?p=4331#breadcrumb\",\"itemListElement\":[{\"@type\":\"ListItem\",\"position\":1,\"name\":\"Accueil\",\"item\":\"https:\\\/\\\/www.altercampagne.net\\\/\"},{\"@type\":\"ListItem\",\"position\":2,\"name\":\"AlterTour, l&rsquo;anti-Tour de France\"}]},{\"@type\":\"WebSite\",\"@id\":\"https:\\\/\\\/www.altercampagne.net\\\/#website\",\"url\":\"https:\\\/\\\/www.altercampagne.net\\\/\",\"name\":\"AlterTour\",\"description\":\"Reliez les Alternatives \u00e0 v\u00e9lo\",\"potentialAction\":[{\"@type\":\"SearchAction\",\"target\":{\"@type\":\"EntryPoint\",\"urlTemplate\":\"https:\\\/\\\/www.altercampagne.net\\\/?s={search_term_string}\"},\"query-input\":{\"@type\":\"PropertyValueSpecification\",\"valueRequired\":true,\"valueName\":\"search_term_string\"}}],\"inLanguage\":\"fr-FR\"},{\"@type\":\"Person\",\"@id\":\"https:\\\/\\\/www.altercampagne.net\\\/#\\\/schema\\\/person\\\/0f261460c09e430caa0f9bcffa319109\",\"name\":\"Mathieu\",\"image\":{\"@type\":\"ImageObject\",\"inLanguage\":\"fr-FR\",\"@id\":\"https:\\\/\\\/secure.gravatar.com\\\/avatar\\\/aa9d3d24c83f2141e5e2709d0f63d09a99f6be6bb7a50abc4915838d9f54501a?s=96&d=mm&r=g\",\"url\":\"https:\\\/\\\/secure.gravatar.com\\\/avatar\\\/aa9d3d24c83f2141e5e2709d0f63d09a99f6be6bb7a50abc4915838d9f54501a?s=96&d=mm&r=g\",\"contentUrl\":\"https:\\\/\\\/secure.gravatar.com\\\/avatar\\\/aa9d3d24c83f2141e5e2709d0f63d09a99f6be6bb7a50abc4915838d9f54501a?s=96&d=mm&r=g\",\"caption\":\"Mathieu\"},\"url\":\"https:\\\/\\\/www.altercampagne.net\\\/?author=214\"}]}<\/script>\n<!-- \/ Yoast SEO plugin. -->","yoast_head_json":{"title":"AlterTour, l'anti-Tour de France - AlterTour","robots":{"index":"index","follow":"follow","max-snippet":"max-snippet:-1","max-image-preview":"max-image-preview:large","max-video-preview":"max-video-preview:-1"},"canonical":"https:\/\/www.altercampagne.net\/?p=4331","og_locale":"fr_FR","og_type":"article","og_title":"AlterTour, l'anti-Tour de France - AlterTour","og_description":"Un autre cyclisme est possible ! Au programme de l&rsquo;AlterTour, des \u00e9tapes de 50km par jour. Un bus joue les voitures-balai pour le compte de cette anti-comp\u00e9tition, o\u00f9 le but n&rsquo;est pas que de p\u00e9daler, mais aussi de r\u00e9fl\u00e9chir aux grandes causes politiques. C&rsquo;est Mathieu Fromont, organisateur de l&rsquo;AlterTour, qui ... Read More","og_url":"https:\/\/www.altercampagne.net\/?p=4331","og_site_name":"AlterTour","article_published_time":"2012-05-30T12:29:23+00:00","article_modified_time":"2016-04-19T12:31:54+00:00","author":"Mathieu","twitter_card":"summary_large_image","twitter_misc":{"\u00c9crit par":"Mathieu"},"schema":{"@context":"https:\/\/schema.org","@graph":[{"@type":"Article","@id":"https:\/\/www.altercampagne.net\/?p=4331#article","isPartOf":{"@id":"https:\/\/www.altercampagne.net\/?p=4331"},"author":{"name":"Mathieu","@id":"https:\/\/www.altercampagne.net\/#\/schema\/person\/0f261460c09e430caa0f9bcffa319109"},"headline":"AlterTour, l&rsquo;anti-Tour de France","datePublished":"2012-05-30T12:29:23+00:00","dateModified":"2016-04-19T12:31:54+00:00","mainEntityOfPage":{"@id":"https:\/\/www.altercampagne.net\/?p=4331"},"wordCount":77,"keywords":["Mathieu Fromont","AlterTour 2012","2012"],"articleSection":["Revue de presse"],"inLanguage":"fr-FR"},{"@type":"WebPage","@id":"https:\/\/www.altercampagne.net\/?p=4331","url":"https:\/\/www.altercampagne.net\/?p=4331","name":"AlterTour, l'anti-Tour de France - AlterTour","isPartOf":{"@id":"https:\/\/www.altercampagne.net\/#website"},"datePublished":"2012-05-30T12:29:23+00:00","dateModified":"2016-04-19T12:31:54+00:00","author":{"@id":"https:\/\/www.altercampagne.net\/#\/schema\/person\/0f261460c09e430caa0f9bcffa319109"},"breadcrumb":{"@id":"https:\/\/www.altercampagne.net\/?p=4331#breadcrumb"},"inLanguage":"fr-FR","potentialAction":[{"@type":"ReadAction","target":["https:\/\/www.altercampagne.net\/?p=4331"]}]},{"@type":"BreadcrumbList","@id":"https:\/\/www.altercampagne.net\/?p=4331#breadcrumb","itemListElement":[{"@type":"ListItem","position":1,"name":"Accueil","item":"https:\/\/www.altercampagne.net\/"},{"@type":"ListItem","position":2,"name":"AlterTour, l&rsquo;anti-Tour de France"}]},{"@type":"WebSite","@id":"https:\/\/www.altercampagne.net\/#website","url":"https:\/\/www.altercampagne.net\/","name":"AlterTour","description":"Reliez les Alternatives \u00e0 v\u00e9lo","potentialAction":[{"@type":"SearchAction","target":{"@type":"EntryPoint","urlTemplate":"https:\/\/www.altercampagne.net\/?s={search_term_string}"},"query-input":{"@type":"PropertyValueSpecification","valueRequired":true,"valueName":"search_term_string"}}],"inLanguage":"fr-FR"},{"@type":"Person","@id":"https:\/\/www.altercampagne.net\/#\/schema\/person\/0f261460c09e430caa0f9bcffa319109","name":"Mathieu","image":{"@type":"ImageObject","inLanguage":"fr-FR","@id":"https:\/\/secure.gravatar.com\/avatar\/aa9d3d24c83f2141e5e2709d0f63d09a99f6be6bb7a50abc4915838d9f54501a?s=96&d=mm&r=g","url":"https:\/\/secure.gravatar.com\/avatar\/aa9d3d24c83f2141e5e2709d0f63d09a99f6be6bb7a50abc4915838d9f54501a?s=96&d=mm&r=g","contentUrl":"https:\/\/secure.gravatar.com\/avatar\/aa9d3d24c83f2141e5e2709d0f63d09a99f6be6bb7a50abc4915838d9f54501a?s=96&d=mm&r=g","caption":"Mathieu"},"url":"https:\/\/www.altercampagne.net\/?author=214"}]}},"_links":{"self":[{"href":"https:\/\/www.altercampagne.net\/index.php?rest_route=\/wp\/v2\/posts\/4331","targetHints":{"allow":["GET"]}}],"collection":[{"href":"https:\/\/www.altercampagne.net\/index.php?rest_route=\/wp\/v2\/posts"}],"about":[{"href":"https:\/\/www.altercampagne.net\/index.php?rest_route=\/wp\/v2\/types\/post"}],"author":[{"embeddable":true,"href":"https:\/\/www.altercampagne.net\/index.php?rest_route=\/wp\/v2\/users\/214"}],"replies":[{"embeddable":true,"href":"https:\/\/www.altercampagne.net\/index.php?rest_route=%2Fwp%2Fv2%2Fcomments&post=4331"}],"version-history":[{"count":0,"href":"https:\/\/www.altercampagne.net\/index.php?rest_route=\/wp\/v2\/posts\/4331\/revisions"}],"wp:attachment":[{"href":"https:\/\/www.altercampagne.net\/index.php?rest_route=%2Fwp%2Fv2%2Fmedia&parent=4331"}],"wp:term":[{"taxonomy":"category","embeddable":true,"href":"https:\/\/www.altercampagne.net\/index.php?rest_route=%2Fwp%2Fv2%2Fcategories&post=4331"},{"taxonomy":"post_tag","embeddable":true,"href":"https:\/\/www.altercampagne.net\/index.php?rest_route=%2Fwp%2Fv2%2Ftags&post=4331"}],"curies":[{"name":"wp","href":"https:\/\/api.w.org\/{rel}","templated":true}]}}