{"id":4335,"date":"2012-05-17T14:35:15","date_gmt":"2012-05-17T12:35:15","guid":{"rendered":"http:\/\/www.altercampagne.net\/?p=4335"},"modified":"2016-04-19T14:37:18","modified_gmt":"2016-04-19T12:37:18","slug":"un-tour-de-france-alternatif-de-passage-dans-le-gers","status":"publish","type":"post","link":"https:\/\/www.altercampagne.net\/?p=4335","title":{"rendered":"Un Tour de France alternatif de passage dans le Gers"},"content":{"rendered":"<p class=\"Style138 Style142\" align=\"justify\">L&rsquo;AlterTour 2012 se pr\u00e9pare. Pour la premi\u00e8re fois, un tour de France alternatif passera dans le Gers en Ao\u00fbt. Jean-Pierre Masson, l&rsquo;un des organisateurs, s&rsquo;est rendu \u00e0 l&rsquo;\u00e9cocentre Pierre et Terre de Riscle, \u00e0 Arbres et Paysages \u00e0 Auch et \u00e0 CalTerra, entreprise de construction en terre crue et \u00e9co-g\u00eete ; pour organiser la venue de pr\u00e8s de 60 cyclistes pour les \u00e9tapes gersoises.<\/p>\n<p class=\"Style138 Style142\" align=\"justify\">En r\u00e9ponse aux probl\u00e9matiques environnementales et sociales, 200 participants relieront les alternatives \u00e0 v\u00e9lo d\u00e8s le 11 juillet dans les r\u00e9gions Midi-Pyr\u00e9n\u00e9es, Aquitaine et Languedoc. \u00ab On avait d\u00e9j\u00e0 fr\u00f4l\u00e9 le Gers en 2008 \u00bb, pr\u00e9cise Jean-Pierre Masson. Cette ann\u00e9e, les cyclistes effectueront l&rsquo;AlterTour en 40 \u00e9tapes, dont trois dans le Gers. A.V<\/p>\n<p class=\"Style138 Style142\" align=\"justify\">Source : <a href=\"http:\/\/www.ladepeche.fr\/article\/2012\/04\/17\/1332594-un-tour-de-france-alternatif.html\" target=\"_blank\">http:\/\/www.ladepeche.fr\/article\/2012\/04\/17\/1332594-un-tour-de-france-alternatif.html<\/a><\/p>\n","protected":false},"excerpt":{"rendered":"<p>L&rsquo;AlterTour 2012 se pr\u00e9pare. Pour la premi\u00e8re fois, un tour de France alternatif passera dans le Gers en Ao\u00fbt. Jean-Pierre Masson, l&rsquo;un des organisateurs, s&rsquo;est rendu \u00e0 l&rsquo;\u00e9cocentre Pierre et Terre de Riscle, \u00e0 Arbres et Paysages \u00e0 Auch et \u00e0 CalTerra, entreprise de construction en terre crue et \u00e9co-g\u00eete &#8230; <\/p>\n<div><a href=\"https:\/\/www.altercampagne.net\/?p=4335\" class=\"more-link\">Read More<\/a><\/div>\n","protected":false},"author":214,"featured_media":0,"comment_status":"closed","ping_status":"closed","sticky":false,"template":"","format":"standard","meta":{"footnotes":""},"categories":[239],"tags":[753,852,1166,1179,1814,1844,1855,1862,1966,1967],"class_list":["post-4335","post","type-post","status-publish","format-standard","hentry","category-revue-de-presse","tag-jean-pierre-masson","tag-altertour-2012","tag-riscle","tag-calterra","tag-1814","tag-midi-pyrenees","tag-gers","tag-ecocentre-pierre-et-terre","tag-arbres-et-paysages","tag-auch","no-post-thumbnail"],"yoast_head":"<!-- This site is optimized with the Yoast SEO plugin v27.3 - https:\/\/yoast.com\/product\/yoast-seo-wordpress\/ -->\n<title>Un Tour de France alternatif de passage dans le Gers - AlterTour<\/title>\n<meta name=\"robots\" content=\"index, follow, max-snippet:-1, max-image-preview:large, max-video-preview:-1\" \/>\n<link rel=\"canonical\" href=\"https:\/\/www.altercampagne.net\/?p=4335\" \/>\n<meta property=\"og:locale\" content=\"fr_FR\" \/>\n<meta property=\"og:type\" content=\"article\" \/>\n<meta property=\"og:title\" content=\"Un Tour de France alternatif de passage dans le Gers - AlterTour\" \/>\n<meta property=\"og:description\" content=\"L&rsquo;AlterTour 2012 se pr\u00e9pare. Pour la premi\u00e8re fois, un tour de France alternatif passera dans le Gers en Ao\u00fbt. Jean-Pierre Masson, l&rsquo;un des organisateurs, s&rsquo;est rendu \u00e0 l&rsquo;\u00e9cocentre Pierre et Terre de Riscle, \u00e0 Arbres et Paysages \u00e0 Auch et \u00e0 CalTerra, entreprise de construction en terre crue et \u00e9co-g\u00eete ... Read More\" \/>\n<meta property=\"og:url\" content=\"https:\/\/www.altercampagne.net\/?p=4335\" \/>\n<meta property=\"og:site_name\" content=\"AlterTour\" \/>\n<meta property=\"article:published_time\" content=\"2012-05-17T12:35:15+00:00\" \/>\n<meta property=\"article:modified_time\" content=\"2016-04-19T12:37:18+00:00\" \/>\n<meta name=\"author\" content=\"Mathieu\" \/>\n<meta name=\"twitter:card\" content=\"summary_large_image\" \/>\n<meta name=\"twitter:label1\" content=\"\u00c9crit par\" \/>\n\t<meta name=\"twitter:data1\" content=\"Mathieu\" \/>\n\t<meta name=\"twitter:label2\" content=\"Dur\u00e9e de lecture estim\u00e9e\" \/>\n\t<meta name=\"twitter:data2\" content=\"1 minute\" \/>\n<script type=\"application\/ld+json\" class=\"yoast-schema-graph\">{\"@context\":\"https:\\\/\\\/schema.org\",\"@graph\":[{\"@type\":\"Article\",\"@id\":\"https:\\\/\\\/www.altercampagne.net\\\/?p=4335#article\",\"isPartOf\":{\"@id\":\"https:\\\/\\\/www.altercampagne.net\\\/?p=4335\"},\"author\":{\"name\":\"Mathieu\",\"@id\":\"https:\\\/\\\/www.altercampagne.net\\\/#\\\/schema\\\/person\\\/0f261460c09e430caa0f9bcffa319109\"},\"headline\":\"Un Tour de France alternatif de passage dans le Gers\",\"datePublished\":\"2012-05-17T12:35:15+00:00\",\"dateModified\":\"2016-04-19T12:37:18+00:00\",\"mainEntityOfPage\":{\"@id\":\"https:\\\/\\\/www.altercampagne.net\\\/?p=4335\"},\"wordCount\":143,\"keywords\":[\"jean-pierre masson\",\"AlterTour 2012\",\"Riscle\",\"calterra\",\"2012\",\"Midi-Pyr\u00e9n\u00e9es\",\"Gers\",\"\u00e9cocentre Pierre et Terre\",\"Arbres et Paysages\",\"Auch\"],\"articleSection\":[\"Revue de presse\"],\"inLanguage\":\"fr-FR\"},{\"@type\":\"WebPage\",\"@id\":\"https:\\\/\\\/www.altercampagne.net\\\/?p=4335\",\"url\":\"https:\\\/\\\/www.altercampagne.net\\\/?p=4335\",\"name\":\"Un Tour de France alternatif de passage dans le Gers - AlterTour\",\"isPartOf\":{\"@id\":\"https:\\\/\\\/www.altercampagne.net\\\/#website\"},\"datePublished\":\"2012-05-17T12:35:15+00:00\",\"dateModified\":\"2016-04-19T12:37:18+00:00\",\"author\":{\"@id\":\"https:\\\/\\\/www.altercampagne.net\\\/#\\\/schema\\\/person\\\/0f261460c09e430caa0f9bcffa319109\"},\"breadcrumb\":{\"@id\":\"https:\\\/\\\/www.altercampagne.net\\\/?p=4335#breadcrumb\"},\"inLanguage\":\"fr-FR\",\"potentialAction\":[{\"@type\":\"ReadAction\",\"target\":[\"https:\\\/\\\/www.altercampagne.net\\\/?p=4335\"]}]},{\"@type\":\"BreadcrumbList\",\"@id\":\"https:\\\/\\\/www.altercampagne.net\\\/?p=4335#breadcrumb\",\"itemListElement\":[{\"@type\":\"ListItem\",\"position\":1,\"name\":\"Accueil\",\"item\":\"https:\\\/\\\/www.altercampagne.net\\\/\"},{\"@type\":\"ListItem\",\"position\":2,\"name\":\"Un Tour de France alternatif de passage dans le Gers\"}]},{\"@type\":\"WebSite\",\"@id\":\"https:\\\/\\\/www.altercampagne.net\\\/#website\",\"url\":\"https:\\\/\\\/www.altercampagne.net\\\/\",\"name\":\"AlterTour\",\"description\":\"Reliez les Alternatives \u00e0 v\u00e9lo\",\"potentialAction\":[{\"@type\":\"SearchAction\",\"target\":{\"@type\":\"EntryPoint\",\"urlTemplate\":\"https:\\\/\\\/www.altercampagne.net\\\/?s={search_term_string}\"},\"query-input\":{\"@type\":\"PropertyValueSpecification\",\"valueRequired\":true,\"valueName\":\"search_term_string\"}}],\"inLanguage\":\"fr-FR\"},{\"@type\":\"Person\",\"@id\":\"https:\\\/\\\/www.altercampagne.net\\\/#\\\/schema\\\/person\\\/0f261460c09e430caa0f9bcffa319109\",\"name\":\"Mathieu\",\"image\":{\"@type\":\"ImageObject\",\"inLanguage\":\"fr-FR\",\"@id\":\"https:\\\/\\\/secure.gravatar.com\\\/avatar\\\/aa9d3d24c83f2141e5e2709d0f63d09a99f6be6bb7a50abc4915838d9f54501a?s=96&d=mm&r=g\",\"url\":\"https:\\\/\\\/secure.gravatar.com\\\/avatar\\\/aa9d3d24c83f2141e5e2709d0f63d09a99f6be6bb7a50abc4915838d9f54501a?s=96&d=mm&r=g\",\"contentUrl\":\"https:\\\/\\\/secure.gravatar.com\\\/avatar\\\/aa9d3d24c83f2141e5e2709d0f63d09a99f6be6bb7a50abc4915838d9f54501a?s=96&d=mm&r=g\",\"caption\":\"Mathieu\"},\"url\":\"https:\\\/\\\/www.altercampagne.net\\\/?author=214\"}]}<\/script>\n<!-- \/ Yoast SEO plugin. -->","yoast_head_json":{"title":"Un Tour de France alternatif de passage dans le Gers - AlterTour","robots":{"index":"index","follow":"follow","max-snippet":"max-snippet:-1","max-image-preview":"max-image-preview:large","max-video-preview":"max-video-preview:-1"},"canonical":"https:\/\/www.altercampagne.net\/?p=4335","og_locale":"fr_FR","og_type":"article","og_title":"Un Tour de France alternatif de passage dans le Gers - AlterTour","og_description":"L&rsquo;AlterTour 2012 se pr\u00e9pare. Pour la premi\u00e8re fois, un tour de France alternatif passera dans le Gers en Ao\u00fbt. Jean-Pierre Masson, l&rsquo;un des organisateurs, s&rsquo;est rendu \u00e0 l&rsquo;\u00e9cocentre Pierre et Terre de Riscle, \u00e0 Arbres et Paysages \u00e0 Auch et \u00e0 CalTerra, entreprise de construction en terre crue et \u00e9co-g\u00eete ... Read More","og_url":"https:\/\/www.altercampagne.net\/?p=4335","og_site_name":"AlterTour","article_published_time":"2012-05-17T12:35:15+00:00","article_modified_time":"2016-04-19T12:37:18+00:00","author":"Mathieu","twitter_card":"summary_large_image","twitter_misc":{"\u00c9crit par":"Mathieu","Dur\u00e9e de lecture estim\u00e9e":"1 minute"},"schema":{"@context":"https:\/\/schema.org","@graph":[{"@type":"Article","@id":"https:\/\/www.altercampagne.net\/?p=4335#article","isPartOf":{"@id":"https:\/\/www.altercampagne.net\/?p=4335"},"author":{"name":"Mathieu","@id":"https:\/\/www.altercampagne.net\/#\/schema\/person\/0f261460c09e430caa0f9bcffa319109"},"headline":"Un Tour de France alternatif de passage dans le Gers","datePublished":"2012-05-17T12:35:15+00:00","dateModified":"2016-04-19T12:37:18+00:00","mainEntityOfPage":{"@id":"https:\/\/www.altercampagne.net\/?p=4335"},"wordCount":143,"keywords":["jean-pierre masson","AlterTour 2012","Riscle","calterra","2012","Midi-Pyr\u00e9n\u00e9es","Gers","\u00e9cocentre Pierre et Terre","Arbres et Paysages","Auch"],"articleSection":["Revue de presse"],"inLanguage":"fr-FR"},{"@type":"WebPage","@id":"https:\/\/www.altercampagne.net\/?p=4335","url":"https:\/\/www.altercampagne.net\/?p=4335","name":"Un Tour de France alternatif de passage dans le Gers - AlterTour","isPartOf":{"@id":"https:\/\/www.altercampagne.net\/#website"},"datePublished":"2012-05-17T12:35:15+00:00","dateModified":"2016-04-19T12:37:18+00:00","author":{"@id":"https:\/\/www.altercampagne.net\/#\/schema\/person\/0f261460c09e430caa0f9bcffa319109"},"breadcrumb":{"@id":"https:\/\/www.altercampagne.net\/?p=4335#breadcrumb"},"inLanguage":"fr-FR","potentialAction":[{"@type":"ReadAction","target":["https:\/\/www.altercampagne.net\/?p=4335"]}]},{"@type":"BreadcrumbList","@id":"https:\/\/www.altercampagne.net\/?p=4335#breadcrumb","itemListElement":[{"@type":"ListItem","position":1,"name":"Accueil","item":"https:\/\/www.altercampagne.net\/"},{"@type":"ListItem","position":2,"name":"Un Tour de France alternatif de passage dans le Gers"}]},{"@type":"WebSite","@id":"https:\/\/www.altercampagne.net\/#website","url":"https:\/\/www.altercampagne.net\/","name":"AlterTour","description":"Reliez les Alternatives \u00e0 v\u00e9lo","potentialAction":[{"@type":"SearchAction","target":{"@type":"EntryPoint","urlTemplate":"https:\/\/www.altercampagne.net\/?s={search_term_string}"},"query-input":{"@type":"PropertyValueSpecification","valueRequired":true,"valueName":"search_term_string"}}],"inLanguage":"fr-FR"},{"@type":"Person","@id":"https:\/\/www.altercampagne.net\/#\/schema\/person\/0f261460c09e430caa0f9bcffa319109","name":"Mathieu","image":{"@type":"ImageObject","inLanguage":"fr-FR","@id":"https:\/\/secure.gravatar.com\/avatar\/aa9d3d24c83f2141e5e2709d0f63d09a99f6be6bb7a50abc4915838d9f54501a?s=96&d=mm&r=g","url":"https:\/\/secure.gravatar.com\/avatar\/aa9d3d24c83f2141e5e2709d0f63d09a99f6be6bb7a50abc4915838d9f54501a?s=96&d=mm&r=g","contentUrl":"https:\/\/secure.gravatar.com\/avatar\/aa9d3d24c83f2141e5e2709d0f63d09a99f6be6bb7a50abc4915838d9f54501a?s=96&d=mm&r=g","caption":"Mathieu"},"url":"https:\/\/www.altercampagne.net\/?author=214"}]}},"_links":{"self":[{"href":"https:\/\/www.altercampagne.net\/index.php?rest_route=\/wp\/v2\/posts\/4335","targetHints":{"allow":["GET"]}}],"collection":[{"href":"https:\/\/www.altercampagne.net\/index.php?rest_route=\/wp\/v2\/posts"}],"about":[{"href":"https:\/\/www.altercampagne.net\/index.php?rest_route=\/wp\/v2\/types\/post"}],"author":[{"embeddable":true,"href":"https:\/\/www.altercampagne.net\/index.php?rest_route=\/wp\/v2\/users\/214"}],"replies":[{"embeddable":true,"href":"https:\/\/www.altercampagne.net\/index.php?rest_route=%2Fwp%2Fv2%2Fcomments&post=4335"}],"version-history":[{"count":0,"href":"https:\/\/www.altercampagne.net\/index.php?rest_route=\/wp\/v2\/posts\/4335\/revisions"}],"wp:attachment":[{"href":"https:\/\/www.altercampagne.net\/index.php?rest_route=%2Fwp%2Fv2%2Fmedia&parent=4335"}],"wp:term":[{"taxonomy":"category","embeddable":true,"href":"https:\/\/www.altercampagne.net\/index.php?rest_route=%2Fwp%2Fv2%2Fcategories&post=4335"},{"taxonomy":"post_tag","embeddable":true,"href":"https:\/\/www.altercampagne.net\/index.php?rest_route=%2Fwp%2Fv2%2Ftags&post=4335"}],"curies":[{"name":"wp","href":"https:\/\/api.w.org\/{rel}","templated":true}]}}