{"id":4339,"date":"2012-03-21T15:16:18","date_gmt":"2012-03-21T14:16:18","guid":{"rendered":"http:\/\/www.altercampagne.net\/?p=4339"},"modified":"2016-04-19T15:18:18","modified_gmt":"2016-04-19T13:18:18","slug":"sainte-croix-volvestre-un-marche-aux-initiatives-le-11-juillet","status":"publish","type":"post","link":"https:\/\/www.altercampagne.net\/?p=4339","title":{"rendered":"Sainte-Croix-Volvestre. Un march\u00e9 aux initiatives le 11 juillet"},"content":{"rendered":"<p class=\"Style138 Style142\" align=\"justify\">Le dimanche 15 juillet, Foix accueillera l&rsquo;arriv\u00e9e d&rsquo;une \u00e9tape du Tour de France cycliste. La veille, c&rsquo;est aussi \u00e0 Foix que sera donn\u00e9 le d\u00e9part de l&rsquo;AlterTour 2012, un autre tour de France qui d\u00e9nonce tous les dopages. D\u00e9sireuse de s&rsquo;associer \u00e0 la fois au festival R\u00e9sistances, \u00e0 l&rsquo;AlterTour et l&rsquo;anniversaire de la revue \u00ab Silence \u00bb, l&rsquo;Association du march\u00e9 de Sainte-Croix-Volvestre propose un march\u00e9 aux initiatives locales, bio, \u00e9quitables et solidaires le mercredi 11 juillet. Une journ\u00e9e enti\u00e8re pour que fleurissent mille et une initiatives. Pour plus d&rsquo;infos, une r\u00e9union est organis\u00e9e aujourd&rsquo;hui, \u00e0 partir de 18 heures, dans la salle des associations.<\/p>\n<p class=\"Style138 Style142\" align=\"justify\">Contact : Jean-Claude Geoffroy, t\u00e9l. 05 61 04 92 67.<\/p>\n<p class=\"Style138 Style142\" align=\"justify\">Plus d&rsquo;infos sur le site <a href=\"http:\/\/www.sainte-croix-volvestre.info\" target=\"_blank\">www.sainte-croix-volvestre.info<\/a><\/p>\n<p class=\"Style138 Style142\" align=\"right\">La D\u00e9p\u00eache du Midi<\/p>\n<p class=\"Style138 Style142\" style=\"text-align: left;\" align=\"right\">Source : <a href=\"http:\/\/www.ladepeche.fr\/article\/2012\/03\/21\/1311408-sainte-croix-volvestre-un-marche-aux-initiatives-le-11-juillet.html\" target=\"_blank\">http:\/\/www.ladepeche.fr\/article\/2012\/03\/21\/1311408-sainte-croix-volvestre-un-marche-aux-initiatives-le-11-juillet.html<\/a><\/p>\n","protected":false},"excerpt":{"rendered":"<p>Le dimanche 15 juillet, Foix accueillera l&rsquo;arriv\u00e9e d&rsquo;une \u00e9tape du Tour de France cycliste. La veille, c&rsquo;est aussi \u00e0 Foix que sera donn\u00e9 le d\u00e9part de l&rsquo;AlterTour 2012, un autre tour de France qui d\u00e9nonce tous les dopages. D\u00e9sireuse de s&rsquo;associer \u00e0 la fois au festival R\u00e9sistances, \u00e0 l&rsquo;AlterTour et &#8230; <\/p>\n<div><a href=\"https:\/\/www.altercampagne.net\/?p=4339\" class=\"more-link\">Read More<\/a><\/div>\n","protected":false},"author":214,"featured_media":0,"comment_status":"closed","ping_status":"closed","sticky":false,"template":"","format":"standard","meta":{"footnotes":""},"categories":[239],"tags":[852,1814,1844,1945,1951],"class_list":["post-4339","post","type-post","status-publish","format-standard","hentry","category-revue-de-presse","tag-altertour-2012","tag-1814","tag-midi-pyrenees","tag-ariege","tag-sainte-croix-volvestre","no-post-thumbnail"],"yoast_head":"<!-- This site is optimized with the Yoast SEO plugin v27.3 - https:\/\/yoast.com\/product\/yoast-seo-wordpress\/ -->\n<title>Sainte-Croix-Volvestre. Un march\u00e9 aux initiatives le 11 juillet - AlterTour<\/title>\n<meta name=\"robots\" content=\"index, follow, max-snippet:-1, max-image-preview:large, max-video-preview:-1\" \/>\n<link rel=\"canonical\" href=\"https:\/\/www.altercampagne.net\/?p=4339\" \/>\n<meta property=\"og:locale\" content=\"fr_FR\" \/>\n<meta property=\"og:type\" content=\"article\" \/>\n<meta property=\"og:title\" content=\"Sainte-Croix-Volvestre. Un march\u00e9 aux initiatives le 11 juillet - AlterTour\" \/>\n<meta property=\"og:description\" content=\"Le dimanche 15 juillet, Foix accueillera l&rsquo;arriv\u00e9e d&rsquo;une \u00e9tape du Tour de France cycliste. La veille, c&rsquo;est aussi \u00e0 Foix que sera donn\u00e9 le d\u00e9part de l&rsquo;AlterTour 2012, un autre tour de France qui d\u00e9nonce tous les dopages. D\u00e9sireuse de s&rsquo;associer \u00e0 la fois au festival R\u00e9sistances, \u00e0 l&rsquo;AlterTour et ... Read More\" \/>\n<meta property=\"og:url\" content=\"https:\/\/www.altercampagne.net\/?p=4339\" \/>\n<meta property=\"og:site_name\" content=\"AlterTour\" \/>\n<meta property=\"article:published_time\" content=\"2012-03-21T14:16:18+00:00\" \/>\n<meta property=\"article:modified_time\" content=\"2016-04-19T13:18:18+00:00\" \/>\n<meta name=\"author\" content=\"Mathieu\" \/>\n<meta name=\"twitter:card\" content=\"summary_large_image\" \/>\n<meta name=\"twitter:label1\" content=\"\u00c9crit par\" \/>\n\t<meta name=\"twitter:data1\" content=\"Mathieu\" \/>\n\t<meta name=\"twitter:label2\" content=\"Dur\u00e9e de lecture estim\u00e9e\" \/>\n\t<meta name=\"twitter:data2\" content=\"1 minute\" \/>\n<script type=\"application\/ld+json\" class=\"yoast-schema-graph\">{\"@context\":\"https:\\\/\\\/schema.org\",\"@graph\":[{\"@type\":\"Article\",\"@id\":\"https:\\\/\\\/www.altercampagne.net\\\/?p=4339#article\",\"isPartOf\":{\"@id\":\"https:\\\/\\\/www.altercampagne.net\\\/?p=4339\"},\"author\":{\"name\":\"Mathieu\",\"@id\":\"https:\\\/\\\/www.altercampagne.net\\\/#\\\/schema\\\/person\\\/0f261460c09e430caa0f9bcffa319109\"},\"headline\":\"Sainte-Croix-Volvestre. Un march\u00e9 aux initiatives le 11 juillet\",\"datePublished\":\"2012-03-21T14:16:18+00:00\",\"dateModified\":\"2016-04-19T13:18:18+00:00\",\"mainEntityOfPage\":{\"@id\":\"https:\\\/\\\/www.altercampagne.net\\\/?p=4339\"},\"wordCount\":149,\"keywords\":[\"AlterTour 2012\",\"2012\",\"Midi-Pyr\u00e9n\u00e9es\",\"Ari\u00e8ge\",\"Sainte Croix Volvestre\"],\"articleSection\":[\"Revue de presse\"],\"inLanguage\":\"fr-FR\"},{\"@type\":\"WebPage\",\"@id\":\"https:\\\/\\\/www.altercampagne.net\\\/?p=4339\",\"url\":\"https:\\\/\\\/www.altercampagne.net\\\/?p=4339\",\"name\":\"Sainte-Croix-Volvestre. Un march\u00e9 aux initiatives le 11 juillet - AlterTour\",\"isPartOf\":{\"@id\":\"https:\\\/\\\/www.altercampagne.net\\\/#website\"},\"datePublished\":\"2012-03-21T14:16:18+00:00\",\"dateModified\":\"2016-04-19T13:18:18+00:00\",\"author\":{\"@id\":\"https:\\\/\\\/www.altercampagne.net\\\/#\\\/schema\\\/person\\\/0f261460c09e430caa0f9bcffa319109\"},\"breadcrumb\":{\"@id\":\"https:\\\/\\\/www.altercampagne.net\\\/?p=4339#breadcrumb\"},\"inLanguage\":\"fr-FR\",\"potentialAction\":[{\"@type\":\"ReadAction\",\"target\":[\"https:\\\/\\\/www.altercampagne.net\\\/?p=4339\"]}]},{\"@type\":\"BreadcrumbList\",\"@id\":\"https:\\\/\\\/www.altercampagne.net\\\/?p=4339#breadcrumb\",\"itemListElement\":[{\"@type\":\"ListItem\",\"position\":1,\"name\":\"Accueil\",\"item\":\"https:\\\/\\\/www.altercampagne.net\\\/\"},{\"@type\":\"ListItem\",\"position\":2,\"name\":\"Sainte-Croix-Volvestre. Un march\u00e9 aux initiatives le 11 juillet\"}]},{\"@type\":\"WebSite\",\"@id\":\"https:\\\/\\\/www.altercampagne.net\\\/#website\",\"url\":\"https:\\\/\\\/www.altercampagne.net\\\/\",\"name\":\"AlterTour\",\"description\":\"Reliez les Alternatives \u00e0 v\u00e9lo\",\"potentialAction\":[{\"@type\":\"SearchAction\",\"target\":{\"@type\":\"EntryPoint\",\"urlTemplate\":\"https:\\\/\\\/www.altercampagne.net\\\/?s={search_term_string}\"},\"query-input\":{\"@type\":\"PropertyValueSpecification\",\"valueRequired\":true,\"valueName\":\"search_term_string\"}}],\"inLanguage\":\"fr-FR\"},{\"@type\":\"Person\",\"@id\":\"https:\\\/\\\/www.altercampagne.net\\\/#\\\/schema\\\/person\\\/0f261460c09e430caa0f9bcffa319109\",\"name\":\"Mathieu\",\"image\":{\"@type\":\"ImageObject\",\"inLanguage\":\"fr-FR\",\"@id\":\"https:\\\/\\\/secure.gravatar.com\\\/avatar\\\/aa9d3d24c83f2141e5e2709d0f63d09a99f6be6bb7a50abc4915838d9f54501a?s=96&d=mm&r=g\",\"url\":\"https:\\\/\\\/secure.gravatar.com\\\/avatar\\\/aa9d3d24c83f2141e5e2709d0f63d09a99f6be6bb7a50abc4915838d9f54501a?s=96&d=mm&r=g\",\"contentUrl\":\"https:\\\/\\\/secure.gravatar.com\\\/avatar\\\/aa9d3d24c83f2141e5e2709d0f63d09a99f6be6bb7a50abc4915838d9f54501a?s=96&d=mm&r=g\",\"caption\":\"Mathieu\"},\"url\":\"https:\\\/\\\/www.altercampagne.net\\\/?author=214\"}]}<\/script>\n<!-- \/ Yoast SEO plugin. -->","yoast_head_json":{"title":"Sainte-Croix-Volvestre. Un march\u00e9 aux initiatives le 11 juillet - AlterTour","robots":{"index":"index","follow":"follow","max-snippet":"max-snippet:-1","max-image-preview":"max-image-preview:large","max-video-preview":"max-video-preview:-1"},"canonical":"https:\/\/www.altercampagne.net\/?p=4339","og_locale":"fr_FR","og_type":"article","og_title":"Sainte-Croix-Volvestre. Un march\u00e9 aux initiatives le 11 juillet - AlterTour","og_description":"Le dimanche 15 juillet, Foix accueillera l&rsquo;arriv\u00e9e d&rsquo;une \u00e9tape du Tour de France cycliste. La veille, c&rsquo;est aussi \u00e0 Foix que sera donn\u00e9 le d\u00e9part de l&rsquo;AlterTour 2012, un autre tour de France qui d\u00e9nonce tous les dopages. D\u00e9sireuse de s&rsquo;associer \u00e0 la fois au festival R\u00e9sistances, \u00e0 l&rsquo;AlterTour et ... Read More","og_url":"https:\/\/www.altercampagne.net\/?p=4339","og_site_name":"AlterTour","article_published_time":"2012-03-21T14:16:18+00:00","article_modified_time":"2016-04-19T13:18:18+00:00","author":"Mathieu","twitter_card":"summary_large_image","twitter_misc":{"\u00c9crit par":"Mathieu","Dur\u00e9e de lecture estim\u00e9e":"1 minute"},"schema":{"@context":"https:\/\/schema.org","@graph":[{"@type":"Article","@id":"https:\/\/www.altercampagne.net\/?p=4339#article","isPartOf":{"@id":"https:\/\/www.altercampagne.net\/?p=4339"},"author":{"name":"Mathieu","@id":"https:\/\/www.altercampagne.net\/#\/schema\/person\/0f261460c09e430caa0f9bcffa319109"},"headline":"Sainte-Croix-Volvestre. Un march\u00e9 aux initiatives le 11 juillet","datePublished":"2012-03-21T14:16:18+00:00","dateModified":"2016-04-19T13:18:18+00:00","mainEntityOfPage":{"@id":"https:\/\/www.altercampagne.net\/?p=4339"},"wordCount":149,"keywords":["AlterTour 2012","2012","Midi-Pyr\u00e9n\u00e9es","Ari\u00e8ge","Sainte Croix Volvestre"],"articleSection":["Revue de presse"],"inLanguage":"fr-FR"},{"@type":"WebPage","@id":"https:\/\/www.altercampagne.net\/?p=4339","url":"https:\/\/www.altercampagne.net\/?p=4339","name":"Sainte-Croix-Volvestre. Un march\u00e9 aux initiatives le 11 juillet - AlterTour","isPartOf":{"@id":"https:\/\/www.altercampagne.net\/#website"},"datePublished":"2012-03-21T14:16:18+00:00","dateModified":"2016-04-19T13:18:18+00:00","author":{"@id":"https:\/\/www.altercampagne.net\/#\/schema\/person\/0f261460c09e430caa0f9bcffa319109"},"breadcrumb":{"@id":"https:\/\/www.altercampagne.net\/?p=4339#breadcrumb"},"inLanguage":"fr-FR","potentialAction":[{"@type":"ReadAction","target":["https:\/\/www.altercampagne.net\/?p=4339"]}]},{"@type":"BreadcrumbList","@id":"https:\/\/www.altercampagne.net\/?p=4339#breadcrumb","itemListElement":[{"@type":"ListItem","position":1,"name":"Accueil","item":"https:\/\/www.altercampagne.net\/"},{"@type":"ListItem","position":2,"name":"Sainte-Croix-Volvestre. Un march\u00e9 aux initiatives le 11 juillet"}]},{"@type":"WebSite","@id":"https:\/\/www.altercampagne.net\/#website","url":"https:\/\/www.altercampagne.net\/","name":"AlterTour","description":"Reliez les Alternatives \u00e0 v\u00e9lo","potentialAction":[{"@type":"SearchAction","target":{"@type":"EntryPoint","urlTemplate":"https:\/\/www.altercampagne.net\/?s={search_term_string}"},"query-input":{"@type":"PropertyValueSpecification","valueRequired":true,"valueName":"search_term_string"}}],"inLanguage":"fr-FR"},{"@type":"Person","@id":"https:\/\/www.altercampagne.net\/#\/schema\/person\/0f261460c09e430caa0f9bcffa319109","name":"Mathieu","image":{"@type":"ImageObject","inLanguage":"fr-FR","@id":"https:\/\/secure.gravatar.com\/avatar\/aa9d3d24c83f2141e5e2709d0f63d09a99f6be6bb7a50abc4915838d9f54501a?s=96&d=mm&r=g","url":"https:\/\/secure.gravatar.com\/avatar\/aa9d3d24c83f2141e5e2709d0f63d09a99f6be6bb7a50abc4915838d9f54501a?s=96&d=mm&r=g","contentUrl":"https:\/\/secure.gravatar.com\/avatar\/aa9d3d24c83f2141e5e2709d0f63d09a99f6be6bb7a50abc4915838d9f54501a?s=96&d=mm&r=g","caption":"Mathieu"},"url":"https:\/\/www.altercampagne.net\/?author=214"}]}},"_links":{"self":[{"href":"https:\/\/www.altercampagne.net\/index.php?rest_route=\/wp\/v2\/posts\/4339","targetHints":{"allow":["GET"]}}],"collection":[{"href":"https:\/\/www.altercampagne.net\/index.php?rest_route=\/wp\/v2\/posts"}],"about":[{"href":"https:\/\/www.altercampagne.net\/index.php?rest_route=\/wp\/v2\/types\/post"}],"author":[{"embeddable":true,"href":"https:\/\/www.altercampagne.net\/index.php?rest_route=\/wp\/v2\/users\/214"}],"replies":[{"embeddable":true,"href":"https:\/\/www.altercampagne.net\/index.php?rest_route=%2Fwp%2Fv2%2Fcomments&post=4339"}],"version-history":[{"count":0,"href":"https:\/\/www.altercampagne.net\/index.php?rest_route=\/wp\/v2\/posts\/4339\/revisions"}],"wp:attachment":[{"href":"https:\/\/www.altercampagne.net\/index.php?rest_route=%2Fwp%2Fv2%2Fmedia&parent=4339"}],"wp:term":[{"taxonomy":"category","embeddable":true,"href":"https:\/\/www.altercampagne.net\/index.php?rest_route=%2Fwp%2Fv2%2Fcategories&post=4339"},{"taxonomy":"post_tag","embeddable":true,"href":"https:\/\/www.altercampagne.net\/index.php?rest_route=%2Fwp%2Fv2%2Ftags&post=4339"}],"curies":[{"name":"wp","href":"https:\/\/api.w.org\/{rel}","templated":true}]}}