{"id":4341,"date":"2012-03-13T15:18:44","date_gmt":"2012-03-13T14:18:44","guid":{"rendered":"http:\/\/www.altercampagne.net\/?p=4341"},"modified":"2016-04-19T15:20:55","modified_gmt":"2016-04-19T13:20:55","slug":"sainte-croix-volvestre-le-marche-aux-initiatives-en-preparation","status":"publish","type":"post","link":"https:\/\/www.altercampagne.net\/?p=4341","title":{"rendered":"Sainte-Croix-Volvestre. Le march\u00e9 aux initiatives en pr\u00e9paration"},"content":{"rendered":"<p><img loading=\"lazy\" decoding=\"async\" class=\" alignleft\" src=\"http:\/\/altercampagne.free.fr\/pages\/2008\/AlterTour\/pic\/AT2012_Sainte-Croix-Volvestre.jpg\" alt=\"\" width=\"350\" height=\"220\" \/>A Foix, du 6 au 14 juillet, se d\u00e9roulera le festival R\u00e9sistances. C&rsquo;est dans ce cadre que le mensuel \u00e9cologique \u00ab Silence \u00bb f\u00eatera ses trente ans et que l&rsquo;association Les Ami(e) s de \u00ab Silence \u00bb organisera son camp d&rsquo;\u00e9t\u00e9 en Ari\u00e8ge. Le dimanche 15 juillet, Foix accueillera l&rsquo;arriv\u00e9e d&rsquo;une \u00e9tape du Tour de France cycliste. La veille, c&rsquo;est aussi \u00e0 Foix que sera donn\u00e9 le d\u00e9part de l&rsquo;Alter&rsquo;tour 2012, un autre Tour de France, qui d\u00e9nonce tous les dopages.<\/p>\n<p class=\"Style153\" align=\"justify\">D\u00e9sireuse de s&rsquo;associer \u00e0 la fois au festival R\u00e9sistances, \u00e0 l&rsquo;AlterTour et \u00e0 l&rsquo;anniversaire de la revue \u00ab Silence \u00bb, l&rsquo;Association du march\u00e9 de Sainte-Croix-Volvestre proposera, le mercredi 11 juillet, un march\u00e9 aux initiatives, locales, bio, \u00e9quitables et solidaires. Une journ\u00e9e enti\u00e8re pour que fleurissent mille et une initiatives.<br \/>\nR\u00e9union le 21 mars, t\u00e9l. Jean-Claude Geoffroy au 05 61 04 92 67.<\/p>\n<p class=\"Style153\" align=\"right\">\n<em>La D\u00e9p\u00eache du Midi<\/em><\/p>\n<p class=\"Style153\" style=\"text-align: left;\" align=\"right\">Source : <a href=\"http:\/\/www.ladepeche.fr\/article\/2012\/03\/13\/1304564-sainte-croix-volvestre-le-marche-aux-initiatives-en-preparation.html\" target=\"_blank\">http:\/\/www.ladepeche.fr\/article\/2012\/03\/13\/1304564-sainte-croix-volvestre-le-marche-aux-initiatives-en-preparation.html<\/a><\/p>\n","protected":false},"excerpt":{"rendered":"<p>A Foix, du 6 au 14 juillet, se d\u00e9roulera le festival R\u00e9sistances. C&rsquo;est dans ce cadre que le mensuel \u00e9cologique \u00ab Silence \u00bb f\u00eatera ses trente ans et que l&rsquo;association Les Ami(e) s de \u00ab Silence \u00bb organisera son camp d&rsquo;\u00e9t\u00e9 en Ari\u00e8ge. Le dimanche 15 juillet, Foix accueillera l&rsquo;arriv\u00e9e &#8230; <\/p>\n<div><a href=\"https:\/\/www.altercampagne.net\/?p=4341\" class=\"more-link\">Read More<\/a><\/div>\n","protected":false},"author":214,"featured_media":0,"comment_status":"closed","ping_status":"closed","sticky":false,"template":"","format":"standard","meta":{"footnotes":""},"categories":[239],"tags":[852,1814,1844,1945,1951],"class_list":["post-4341","post","type-post","status-publish","format-standard","hentry","category-revue-de-presse","tag-altertour-2012","tag-1814","tag-midi-pyrenees","tag-ariege","tag-sainte-croix-volvestre","no-post-thumbnail"],"yoast_head":"<!-- This site is optimized with the Yoast SEO plugin v27.3 - https:\/\/yoast.com\/product\/yoast-seo-wordpress\/ -->\n<title>Sainte-Croix-Volvestre. Le march\u00e9 aux initiatives en pr\u00e9paration - AlterTour<\/title>\n<meta name=\"robots\" content=\"index, follow, max-snippet:-1, max-image-preview:large, max-video-preview:-1\" \/>\n<link rel=\"canonical\" href=\"https:\/\/www.altercampagne.net\/?p=4341\" \/>\n<meta property=\"og:locale\" content=\"fr_FR\" \/>\n<meta property=\"og:type\" content=\"article\" \/>\n<meta property=\"og:title\" content=\"Sainte-Croix-Volvestre. Le march\u00e9 aux initiatives en pr\u00e9paration - AlterTour\" \/>\n<meta property=\"og:description\" content=\"A Foix, du 6 au 14 juillet, se d\u00e9roulera le festival R\u00e9sistances. C&rsquo;est dans ce cadre que le mensuel \u00e9cologique \u00ab Silence \u00bb f\u00eatera ses trente ans et que l&rsquo;association Les Ami(e) s de \u00ab Silence \u00bb organisera son camp d&rsquo;\u00e9t\u00e9 en Ari\u00e8ge. Le dimanche 15 juillet, Foix accueillera l&rsquo;arriv\u00e9e ... Read More\" \/>\n<meta property=\"og:url\" content=\"https:\/\/www.altercampagne.net\/?p=4341\" \/>\n<meta property=\"og:site_name\" content=\"AlterTour\" \/>\n<meta property=\"article:published_time\" content=\"2012-03-13T14:18:44+00:00\" \/>\n<meta property=\"article:modified_time\" content=\"2016-04-19T13:20:55+00:00\" \/>\n<meta property=\"og:image\" content=\"http:\/\/altercampagne.free.fr\/pages\/2008\/AlterTour\/pic\/AT2012_Sainte-Croix-Volvestre.jpg\" \/>\n<meta name=\"author\" content=\"Mathieu\" \/>\n<meta name=\"twitter:card\" content=\"summary_large_image\" \/>\n<meta name=\"twitter:label1\" content=\"\u00c9crit par\" \/>\n\t<meta name=\"twitter:data1\" content=\"Mathieu\" \/>\n\t<meta name=\"twitter:label2\" content=\"Dur\u00e9e de lecture estim\u00e9e\" \/>\n\t<meta name=\"twitter:data2\" content=\"1 minute\" \/>\n<script type=\"application\/ld+json\" class=\"yoast-schema-graph\">{\"@context\":\"https:\\\/\\\/schema.org\",\"@graph\":[{\"@type\":\"Article\",\"@id\":\"https:\\\/\\\/www.altercampagne.net\\\/?p=4341#article\",\"isPartOf\":{\"@id\":\"https:\\\/\\\/www.altercampagne.net\\\/?p=4341\"},\"author\":{\"name\":\"Mathieu\",\"@id\":\"https:\\\/\\\/www.altercampagne.net\\\/#\\\/schema\\\/person\\\/0f261460c09e430caa0f9bcffa319109\"},\"headline\":\"Sainte-Croix-Volvestre. Le march\u00e9 aux initiatives en pr\u00e9paration\",\"datePublished\":\"2012-03-13T14:18:44+00:00\",\"dateModified\":\"2016-04-19T13:20:55+00:00\",\"mainEntityOfPage\":{\"@id\":\"https:\\\/\\\/www.altercampagne.net\\\/?p=4341\"},\"wordCount\":170,\"image\":{\"@id\":\"https:\\\/\\\/www.altercampagne.net\\\/?p=4341#primaryimage\"},\"thumbnailUrl\":\"http:\\\/\\\/altercampagne.free.fr\\\/pages\\\/2008\\\/AlterTour\\\/pic\\\/AT2012_Sainte-Croix-Volvestre.jpg\",\"keywords\":[\"AlterTour 2012\",\"2012\",\"Midi-Pyr\u00e9n\u00e9es\",\"Ari\u00e8ge\",\"Sainte Croix Volvestre\"],\"articleSection\":[\"Revue de presse\"],\"inLanguage\":\"fr-FR\"},{\"@type\":\"WebPage\",\"@id\":\"https:\\\/\\\/www.altercampagne.net\\\/?p=4341\",\"url\":\"https:\\\/\\\/www.altercampagne.net\\\/?p=4341\",\"name\":\"Sainte-Croix-Volvestre. Le march\u00e9 aux initiatives en pr\u00e9paration - AlterTour\",\"isPartOf\":{\"@id\":\"https:\\\/\\\/www.altercampagne.net\\\/#website\"},\"primaryImageOfPage\":{\"@id\":\"https:\\\/\\\/www.altercampagne.net\\\/?p=4341#primaryimage\"},\"image\":{\"@id\":\"https:\\\/\\\/www.altercampagne.net\\\/?p=4341#primaryimage\"},\"thumbnailUrl\":\"http:\\\/\\\/altercampagne.free.fr\\\/pages\\\/2008\\\/AlterTour\\\/pic\\\/AT2012_Sainte-Croix-Volvestre.jpg\",\"datePublished\":\"2012-03-13T14:18:44+00:00\",\"dateModified\":\"2016-04-19T13:20:55+00:00\",\"author\":{\"@id\":\"https:\\\/\\\/www.altercampagne.net\\\/#\\\/schema\\\/person\\\/0f261460c09e430caa0f9bcffa319109\"},\"breadcrumb\":{\"@id\":\"https:\\\/\\\/www.altercampagne.net\\\/?p=4341#breadcrumb\"},\"inLanguage\":\"fr-FR\",\"potentialAction\":[{\"@type\":\"ReadAction\",\"target\":[\"https:\\\/\\\/www.altercampagne.net\\\/?p=4341\"]}]},{\"@type\":\"ImageObject\",\"inLanguage\":\"fr-FR\",\"@id\":\"https:\\\/\\\/www.altercampagne.net\\\/?p=4341#primaryimage\",\"url\":\"http:\\\/\\\/altercampagne.free.fr\\\/pages\\\/2008\\\/AlterTour\\\/pic\\\/AT2012_Sainte-Croix-Volvestre.jpg\",\"contentUrl\":\"http:\\\/\\\/altercampagne.free.fr\\\/pages\\\/2008\\\/AlterTour\\\/pic\\\/AT2012_Sainte-Croix-Volvestre.jpg\"},{\"@type\":\"BreadcrumbList\",\"@id\":\"https:\\\/\\\/www.altercampagne.net\\\/?p=4341#breadcrumb\",\"itemListElement\":[{\"@type\":\"ListItem\",\"position\":1,\"name\":\"Accueil\",\"item\":\"https:\\\/\\\/www.altercampagne.net\\\/\"},{\"@type\":\"ListItem\",\"position\":2,\"name\":\"Sainte-Croix-Volvestre. Le march\u00e9 aux initiatives en pr\u00e9paration\"}]},{\"@type\":\"WebSite\",\"@id\":\"https:\\\/\\\/www.altercampagne.net\\\/#website\",\"url\":\"https:\\\/\\\/www.altercampagne.net\\\/\",\"name\":\"AlterTour\",\"description\":\"Reliez les Alternatives \u00e0 v\u00e9lo\",\"potentialAction\":[{\"@type\":\"SearchAction\",\"target\":{\"@type\":\"EntryPoint\",\"urlTemplate\":\"https:\\\/\\\/www.altercampagne.net\\\/?s={search_term_string}\"},\"query-input\":{\"@type\":\"PropertyValueSpecification\",\"valueRequired\":true,\"valueName\":\"search_term_string\"}}],\"inLanguage\":\"fr-FR\"},{\"@type\":\"Person\",\"@id\":\"https:\\\/\\\/www.altercampagne.net\\\/#\\\/schema\\\/person\\\/0f261460c09e430caa0f9bcffa319109\",\"name\":\"Mathieu\",\"image\":{\"@type\":\"ImageObject\",\"inLanguage\":\"fr-FR\",\"@id\":\"https:\\\/\\\/secure.gravatar.com\\\/avatar\\\/aa9d3d24c83f2141e5e2709d0f63d09a99f6be6bb7a50abc4915838d9f54501a?s=96&d=mm&r=g\",\"url\":\"https:\\\/\\\/secure.gravatar.com\\\/avatar\\\/aa9d3d24c83f2141e5e2709d0f63d09a99f6be6bb7a50abc4915838d9f54501a?s=96&d=mm&r=g\",\"contentUrl\":\"https:\\\/\\\/secure.gravatar.com\\\/avatar\\\/aa9d3d24c83f2141e5e2709d0f63d09a99f6be6bb7a50abc4915838d9f54501a?s=96&d=mm&r=g\",\"caption\":\"Mathieu\"},\"url\":\"https:\\\/\\\/www.altercampagne.net\\\/?author=214\"}]}<\/script>\n<!-- \/ Yoast SEO plugin. -->","yoast_head_json":{"title":"Sainte-Croix-Volvestre. Le march\u00e9 aux initiatives en pr\u00e9paration - AlterTour","robots":{"index":"index","follow":"follow","max-snippet":"max-snippet:-1","max-image-preview":"max-image-preview:large","max-video-preview":"max-video-preview:-1"},"canonical":"https:\/\/www.altercampagne.net\/?p=4341","og_locale":"fr_FR","og_type":"article","og_title":"Sainte-Croix-Volvestre. Le march\u00e9 aux initiatives en pr\u00e9paration - AlterTour","og_description":"A Foix, du 6 au 14 juillet, se d\u00e9roulera le festival R\u00e9sistances. C&rsquo;est dans ce cadre que le mensuel \u00e9cologique \u00ab Silence \u00bb f\u00eatera ses trente ans et que l&rsquo;association Les Ami(e) s de \u00ab Silence \u00bb organisera son camp d&rsquo;\u00e9t\u00e9 en Ari\u00e8ge. Le dimanche 15 juillet, Foix accueillera l&rsquo;arriv\u00e9e ... Read More","og_url":"https:\/\/www.altercampagne.net\/?p=4341","og_site_name":"AlterTour","article_published_time":"2012-03-13T14:18:44+00:00","article_modified_time":"2016-04-19T13:20:55+00:00","og_image":[{"url":"http:\/\/altercampagne.free.fr\/pages\/2008\/AlterTour\/pic\/AT2012_Sainte-Croix-Volvestre.jpg","type":"","width":"","height":""}],"author":"Mathieu","twitter_card":"summary_large_image","twitter_misc":{"\u00c9crit par":"Mathieu","Dur\u00e9e de lecture estim\u00e9e":"1 minute"},"schema":{"@context":"https:\/\/schema.org","@graph":[{"@type":"Article","@id":"https:\/\/www.altercampagne.net\/?p=4341#article","isPartOf":{"@id":"https:\/\/www.altercampagne.net\/?p=4341"},"author":{"name":"Mathieu","@id":"https:\/\/www.altercampagne.net\/#\/schema\/person\/0f261460c09e430caa0f9bcffa319109"},"headline":"Sainte-Croix-Volvestre. Le march\u00e9 aux initiatives en pr\u00e9paration","datePublished":"2012-03-13T14:18:44+00:00","dateModified":"2016-04-19T13:20:55+00:00","mainEntityOfPage":{"@id":"https:\/\/www.altercampagne.net\/?p=4341"},"wordCount":170,"image":{"@id":"https:\/\/www.altercampagne.net\/?p=4341#primaryimage"},"thumbnailUrl":"http:\/\/altercampagne.free.fr\/pages\/2008\/AlterTour\/pic\/AT2012_Sainte-Croix-Volvestre.jpg","keywords":["AlterTour 2012","2012","Midi-Pyr\u00e9n\u00e9es","Ari\u00e8ge","Sainte Croix Volvestre"],"articleSection":["Revue de presse"],"inLanguage":"fr-FR"},{"@type":"WebPage","@id":"https:\/\/www.altercampagne.net\/?p=4341","url":"https:\/\/www.altercampagne.net\/?p=4341","name":"Sainte-Croix-Volvestre. Le march\u00e9 aux initiatives en pr\u00e9paration - AlterTour","isPartOf":{"@id":"https:\/\/www.altercampagne.net\/#website"},"primaryImageOfPage":{"@id":"https:\/\/www.altercampagne.net\/?p=4341#primaryimage"},"image":{"@id":"https:\/\/www.altercampagne.net\/?p=4341#primaryimage"},"thumbnailUrl":"http:\/\/altercampagne.free.fr\/pages\/2008\/AlterTour\/pic\/AT2012_Sainte-Croix-Volvestre.jpg","datePublished":"2012-03-13T14:18:44+00:00","dateModified":"2016-04-19T13:20:55+00:00","author":{"@id":"https:\/\/www.altercampagne.net\/#\/schema\/person\/0f261460c09e430caa0f9bcffa319109"},"breadcrumb":{"@id":"https:\/\/www.altercampagne.net\/?p=4341#breadcrumb"},"inLanguage":"fr-FR","potentialAction":[{"@type":"ReadAction","target":["https:\/\/www.altercampagne.net\/?p=4341"]}]},{"@type":"ImageObject","inLanguage":"fr-FR","@id":"https:\/\/www.altercampagne.net\/?p=4341#primaryimage","url":"http:\/\/altercampagne.free.fr\/pages\/2008\/AlterTour\/pic\/AT2012_Sainte-Croix-Volvestre.jpg","contentUrl":"http:\/\/altercampagne.free.fr\/pages\/2008\/AlterTour\/pic\/AT2012_Sainte-Croix-Volvestre.jpg"},{"@type":"BreadcrumbList","@id":"https:\/\/www.altercampagne.net\/?p=4341#breadcrumb","itemListElement":[{"@type":"ListItem","position":1,"name":"Accueil","item":"https:\/\/www.altercampagne.net\/"},{"@type":"ListItem","position":2,"name":"Sainte-Croix-Volvestre. Le march\u00e9 aux initiatives en pr\u00e9paration"}]},{"@type":"WebSite","@id":"https:\/\/www.altercampagne.net\/#website","url":"https:\/\/www.altercampagne.net\/","name":"AlterTour","description":"Reliez les Alternatives \u00e0 v\u00e9lo","potentialAction":[{"@type":"SearchAction","target":{"@type":"EntryPoint","urlTemplate":"https:\/\/www.altercampagne.net\/?s={search_term_string}"},"query-input":{"@type":"PropertyValueSpecification","valueRequired":true,"valueName":"search_term_string"}}],"inLanguage":"fr-FR"},{"@type":"Person","@id":"https:\/\/www.altercampagne.net\/#\/schema\/person\/0f261460c09e430caa0f9bcffa319109","name":"Mathieu","image":{"@type":"ImageObject","inLanguage":"fr-FR","@id":"https:\/\/secure.gravatar.com\/avatar\/aa9d3d24c83f2141e5e2709d0f63d09a99f6be6bb7a50abc4915838d9f54501a?s=96&d=mm&r=g","url":"https:\/\/secure.gravatar.com\/avatar\/aa9d3d24c83f2141e5e2709d0f63d09a99f6be6bb7a50abc4915838d9f54501a?s=96&d=mm&r=g","contentUrl":"https:\/\/secure.gravatar.com\/avatar\/aa9d3d24c83f2141e5e2709d0f63d09a99f6be6bb7a50abc4915838d9f54501a?s=96&d=mm&r=g","caption":"Mathieu"},"url":"https:\/\/www.altercampagne.net\/?author=214"}]}},"_links":{"self":[{"href":"https:\/\/www.altercampagne.net\/index.php?rest_route=\/wp\/v2\/posts\/4341","targetHints":{"allow":["GET"]}}],"collection":[{"href":"https:\/\/www.altercampagne.net\/index.php?rest_route=\/wp\/v2\/posts"}],"about":[{"href":"https:\/\/www.altercampagne.net\/index.php?rest_route=\/wp\/v2\/types\/post"}],"author":[{"embeddable":true,"href":"https:\/\/www.altercampagne.net\/index.php?rest_route=\/wp\/v2\/users\/214"}],"replies":[{"embeddable":true,"href":"https:\/\/www.altercampagne.net\/index.php?rest_route=%2Fwp%2Fv2%2Fcomments&post=4341"}],"version-history":[{"count":0,"href":"https:\/\/www.altercampagne.net\/index.php?rest_route=\/wp\/v2\/posts\/4341\/revisions"}],"wp:attachment":[{"href":"https:\/\/www.altercampagne.net\/index.php?rest_route=%2Fwp%2Fv2%2Fmedia&parent=4341"}],"wp:term":[{"taxonomy":"category","embeddable":true,"href":"https:\/\/www.altercampagne.net\/index.php?rest_route=%2Fwp%2Fv2%2Fcategories&post=4341"},{"taxonomy":"post_tag","embeddable":true,"href":"https:\/\/www.altercampagne.net\/index.php?rest_route=%2Fwp%2Fv2%2Ftags&post=4341"}],"curies":[{"name":"wp","href":"https:\/\/api.w.org\/{rel}","templated":true}]}}