{"id":4371,"date":"2011-09-29T09:02:23","date_gmt":"2011-09-29T07:02:23","guid":{"rendered":"http:\/\/www.altercampagne.net\/?p=4371"},"modified":"2019-09-13T12:39:49","modified_gmt":"2019-09-13T10:39:49","slug":"cyclo-tours-a-themes","status":"publish","type":"post","link":"https:\/\/www.altercampagne.net\/?p=4371","title":{"rendered":"Cyclo-tours \u00e0 th\u00e8mes"},"content":{"rendered":"<p><img loading=\"lazy\" decoding=\"async\" class=\" alignright\" src=\"http:\/\/p3.storage.canalblog.com\/36\/60\/404594\/68692528_p.jpg\" alt=\"\" width=\"300\" height=\"200\">Vous \u00eates lass\u00e9s de p\u00e9daler seul ou en famille&nbsp;? Pour vous, les randonn\u00e9es \u00e0 v\u00e9lo sont l&rsquo;occasion de d\u00e9couvrir d&rsquo;autres villages mais aussi d&rsquo;autres visages. Vous pouvez dans ce cas \u00eatre int\u00e9ress\u00e9s par les v\u00e9lo-tours militants \u00e0 th\u00e8mes.<\/p>\n<p>Je ne parlerai que des v\u00e9lo-tours \u00e0 th\u00e8mes auxquels j&rsquo;ai particip\u00e9 partiellement&nbsp;: la partie belge du 9 au 13 juillet 2011 de la deuxi\u00e8me \u00e9dition du jungletour qui avait lieu du 2 au 13 juillet 2011 et la travers\u00e9e de la Crau et de la Camargue du 24 au 28 juillet 2011 de la quatri\u00e8me \u00e9dition de l&rsquo;AlterTour qui avait lieu du 2 juillet 2011 au 11 ao\u00fbt 2011. Je n&rsquo;\u00e9voquerai pas l&rsquo;un de ces v\u00e9lo-tours historiques qu&rsquo;est la randonn\u00e9e belge \u00ab&nbsp;Dynamobile&nbsp;\u00bb qui en est, en 2011, \u00e0 sa dix-septi\u00e8me \u00e9dition.<\/p>\n<p>Points communs<\/p>\n<ul>\n<ul>\n<li>Des \u00e9tapes de 50 km environ th\u00e9oriquement accessibles \u00e0 tous les cyclistes r\u00e9guliers ou du moins quotidiens de 17 \u00e0 77 ans.<\/li>\n<li>Des repas biologiques de pr\u00e9f\u00e9rence<\/li>\n<li>Un impact m\u00e9diatique plus ou moins important sur les th\u00e8mes du tour&nbsp;: entre autres un encart sur l&rsquo;AlterTour dans le mensuel n\u00b0391 \u00ab&nbsp;Silence&nbsp;\u00bb de Juin 2011 qui comporte \u00e9galement un dossier de 10 pages sur la \u00ab&nbsp;v\u00e9lorution&nbsp;\u00bb coordonn\u00e9 par&#8230; l&rsquo;AdAV. Un <a href=\"http:\/\/www.liberation.fr\/societe\/01012348318-le-jungle-tour-roule-pour-les-migrants\">reportage<\/a> sur deux pages \u00ab&nbsp;Le jungle-tour roule pour les migrants&nbsp;\u00bb dans le quotidien \u00ab&nbsp;Lib\u00e9ration&nbsp;\u00bb du 11\/07\/2011. Un reportage sonore de l&rsquo;ensemble du jungle-tour sur <a href=\"http:\/\/audioblog.arteradio.com\/\/echodesjungles\/frontUserPost.do?blogName=echodesjungles&amp;method=moveToElement&amp;vlhId=723942&amp;moveValue=1\">l&rsquo;audioblog<\/a> \u00ab&nbsp;\u00e9cho des jungles&nbsp;\u00bb r\u00e9alis\u00e9 par Yves.<\/li>\n<li>Un h\u00e9bergement plus ou moins folklorique, assez souvent pr\u00e9caire qui suppose au moins d&#8217;emporter un matelas gonflable et un duvet.<\/li>\n<li>Une participation aux \u00ab&nbsp;frais de &nbsp;s\u00e9jour&nbsp;\u00bb qui d\u00e9fie toute concurrence par rapport aux organismes \u00e0 but lucratif proposant des cyclorandonn\u00e9es telles que \u00ab&nbsp;La bicyclette verte&nbsp;\u00bb&nbsp;: autour de 85 \u20ac\/jour pour la bicyclette verte contre 24 \u20ac\/jour pour la Dynamobile et de 16 \u20ac \u00e0 37 \u20ac\/jour pour l&rsquo;AlterTour. Ces co\u00fbts particuli\u00e8rement bas sont obtenus gr\u00e2ce \u00e0 une forte implication des b\u00e9n\u00e9voles. C&rsquo;est, par exemple, une \u00e9quipe d&rsquo;une quinzaine de b\u00e9n\u00e9voles accompagn\u00e9e d&rsquo;un salari\u00e9 \u00e0 mi-temps qui pr\u00e9pare, tout au long de l&rsquo;ann\u00e9e, l&rsquo;AlterTour. Quand au jungle-tour, on peut se demander si les organisateurs n&rsquo;assument pas eux-m\u00eames une partie du financement de la cyclorandonn\u00e9e.<\/li>\n<li>Un fort sentiment de groupe li\u00e9 \u00e0 une certaine homog\u00e9n\u00e9it\u00e9 sociale, en particulier pour l&rsquo;AlterTour&nbsp;: ce que l&rsquo;on nomme habituellement les CSP sup\u00e9rieures dont une majorit\u00e9 d&rsquo;enseignants et quelques anciens agriculteur(trice)s qui interpellent l&rsquo;ensemble du groupe gr\u00e2ce \u00e0 leur mod\u00e9ration et leur bon sens paysan. Un c\u00f4t\u00e9 un peu colonie de vacances, un peu mao avec une pr\u00e9\u00e9minence du groupe de 6h du matin \u00e0 minuit, voire m\u00eame deux heures du matin&nbsp;: pas question, dans ce type de randonn\u00e9e, de s&rsquo;arr\u00eater seul pour faire des emplettes ou photographier un monument ou un paysage en dehors des rares moments de quartier libre. Et, bien s\u00fbr, l&rsquo;in\u00e9vitable \u00ab&nbsp;Cercle de Parole&nbsp;\u00bb gage de d\u00e9mocratie directe. Un taux de satisfaction record qui se traduit par 50% de r\u00e9inscription pour l&rsquo;AlterTour avec l&rsquo;apparition d&rsquo;une \u00ab&nbsp;caste de m\u00e9tabarons&nbsp;\u00bb de l&rsquo;AlterTour.<\/li>\n<li>Une forte implication des groupes militants locaux, ce qui en fait toute la richesse.<\/li>\n<\/ul>\n<\/ul>\n<p><strong><img loading=\"lazy\" decoding=\"async\" class=\" alignleft\" src=\"http:\/\/p9.storage.canalblog.com\/97\/71\/404594\/68692577_p.jpg\" alt=\"\" width=\"225\" height=\"300\">Jungle-tour<\/strong><\/p>\n<p>Vous aimez l&rsquo;impr\u00e9vu, l&rsquo;impr\u00e9visible du moins pour le parcours \u00e0 v\u00e9lo contrastant avec la rigueur et la richesse dans les groupes d&rsquo;aide aux migrants. Vous avez une pr\u00e9dilection pour les groupes h\u00e9t\u00e9roclites r\u00e9unissant de vieux militants, des \u00ab&nbsp;no-border&nbsp;\u00bb mais aussi un pasteur am\u00e9ricain et des jeunes souvent en situation de pr\u00e9carit\u00e9 et en qu\u00eate d&rsquo;id\u00e9al, la plupart des membres ayant particip\u00e9 \u00e0 des actions de soutien aux migrants \u00e0 Calais ou ailleurs. Vous aimez la diversit\u00e9 nationale avec des anglais, des belges et des am\u00e9ricains. Vous \u00eates plut\u00f4t \u00ab&nbsp;sciences-po&nbsp;\u00bb avec un int\u00e9r\u00eat pour les politiques migratoires ou, plut\u00f4t antimigratoires nationales. Alors le jungle-tour soutenu par une vingtaine d&rsquo;associations et des militants d&rsquo;Amnesty International Belgique devrait vous int\u00e9resser.<\/p>\n<p><strong>AlterTour<\/strong><\/p>\n<p>Vous avez le droit de pr\u00e9f\u00e9rer une organisation plus r\u00f4d\u00e9e au cours de ses 4 ann\u00e9es d&rsquo;existence. Si vous ne souhaitez pas emporter votre v\u00e9lo, \u00e9tant donn\u00e9 le parcours d&rsquo;obstacles du transport du v\u00e9lo avec la SNCF, l&rsquo;AlterTour peut vous pr\u00eater gratuitement un deux-roues pour effectuer les \u00e9tapes. Vous aimez les groupes antimilitaristes mais qui ont une organisation quasi-militaire&nbsp;: casque obligatoire, tee-shirt de l&rsquo;AlterTour qui \u00e9tait initialement vert mais dont la couleur a, depuis \u00e9volu\u00e9 et qui, bien-s\u00fbr, a \u00e9t\u00e9 personnalis\u00e9 par de nombreuses femmes du groupe (f\u00e9minit\u00e9 oblige), oriflammes con\u00e7us par une participante qui \u00e9voque une troupe de samoura\u00efs au service des alternatives. Bref, une bande de cinquante petits hommes verts qui ne passe pas inaper\u00e7ue sur les routes. Si le coup de barre vous guette, vous avez la possibilit\u00e9 de ne pas effectuer une \u00e9tape ou une partie d&rsquo;\u00e9tape gr\u00e2ce \u00e0 la voiture-balai. Vous souhaitez mettre ou d\u00e9velopper vos comp\u00e9tences au service du groupe (chants, cuisine, r\u00e9veil en douceur, pr\u00e9paration du petit-d\u00e9jeuner, t\u00e2ches domestiques diverses, r\u00e9daction du compte-rendu du jour), l&rsquo;AlterTour vous y invite \u00e0 l&rsquo;aide d&rsquo;un planning propos\u00e9 pour le lendemain \u00e0 la fin de chaque journ\u00e9e. Et, pour les nordistes, la d\u00e9couverte d&rsquo;un sud non seulement exotique dans ses paysages mais aussi militant.<\/p>\n<p style=\"text-align: right;\"><strong>Pierre KOKOSZYNSKI<\/strong><\/p>\n<p style=\"text-align: left;\">Source : <a href=\"http:\/\/droitdvelo.canalblog.com\/archives\/2011\/09\/29\/22189580.html\" target=\"_blank\" rel=\"noopener noreferrer\">http:\/\/droitdvelo.canalblog.com\/archives\/2011\/09\/29\/22189580.html<\/a><\/p>\n","protected":false},"excerpt":{"rendered":"<p>Vous \u00eates lass\u00e9s de p\u00e9daler seul ou en famille&nbsp;? Pour vous, les randonn\u00e9es \u00e0 v\u00e9lo sont l&rsquo;occasion de d\u00e9couvrir d&rsquo;autres villages mais aussi d&rsquo;autres visages. Vous pouvez dans ce cas \u00eatre int\u00e9ress\u00e9s par les v\u00e9lo-tours militants \u00e0 th\u00e8mes. Je ne parlerai que des v\u00e9lo-tours \u00e0 th\u00e8mes auxquels j&rsquo;ai particip\u00e9 partiellement&nbsp;: &#8230; <\/p>\n<div><a href=\"https:\/\/www.altercampagne.net\/?p=4371\" class=\"more-link\">Read More<\/a><\/div>\n","protected":false},"author":214,"featured_media":0,"comment_status":"closed","ping_status":"closed","sticky":false,"template":"","format":"standard","meta":{"footnotes":""},"categories":[3932],"tags":[102,543,836,1979,2003,2004],"class_list":["post-4371","post","type-post","status-publish","format-standard","hentry","category-velo","tag-velorution","tag-dynamobile","tag-altertour-2011","tag-1979","tag-jungletour","tag-adav","no-post-thumbnail"],"yoast_head":"<!-- This site is optimized with the Yoast SEO plugin v27.3 - https:\/\/yoast.com\/product\/yoast-seo-wordpress\/ -->\n<title>Cyclo-tours \u00e0 th\u00e8mes - AlterTour<\/title>\n<meta name=\"robots\" content=\"index, follow, max-snippet:-1, max-image-preview:large, max-video-preview:-1\" \/>\n<link rel=\"canonical\" href=\"https:\/\/www.altercampagne.net\/?p=4371\" \/>\n<meta property=\"og:locale\" content=\"fr_FR\" \/>\n<meta property=\"og:type\" content=\"article\" \/>\n<meta property=\"og:title\" content=\"Cyclo-tours \u00e0 th\u00e8mes - AlterTour\" \/>\n<meta property=\"og:description\" content=\"Vous \u00eates lass\u00e9s de p\u00e9daler seul ou en famille&nbsp;? Pour vous, les randonn\u00e9es \u00e0 v\u00e9lo sont l&rsquo;occasion de d\u00e9couvrir d&rsquo;autres villages mais aussi d&rsquo;autres visages. Vous pouvez dans ce cas \u00eatre int\u00e9ress\u00e9s par les v\u00e9lo-tours militants \u00e0 th\u00e8mes. Je ne parlerai que des v\u00e9lo-tours \u00e0 th\u00e8mes auxquels j&rsquo;ai particip\u00e9 partiellement&nbsp;: ... Read More\" \/>\n<meta property=\"og:url\" content=\"https:\/\/www.altercampagne.net\/?p=4371\" \/>\n<meta property=\"og:site_name\" content=\"AlterTour\" \/>\n<meta property=\"article:published_time\" content=\"2011-09-29T07:02:23+00:00\" \/>\n<meta property=\"article:modified_time\" content=\"2019-09-13T10:39:49+00:00\" \/>\n<meta property=\"og:image\" content=\"http:\/\/p3.storage.canalblog.com\/36\/60\/404594\/68692528_p.jpg\" \/>\n<meta name=\"author\" content=\"Mathieu\" \/>\n<meta name=\"twitter:card\" content=\"summary_large_image\" \/>\n<meta name=\"twitter:label1\" content=\"\u00c9crit par\" \/>\n\t<meta name=\"twitter:data1\" content=\"Mathieu\" \/>\n\t<meta name=\"twitter:label2\" content=\"Dur\u00e9e de lecture estim\u00e9e\" \/>\n\t<meta name=\"twitter:data2\" content=\"5 minutes\" \/>\n<script type=\"application\/ld+json\" class=\"yoast-schema-graph\">{\"@context\":\"https:\\\/\\\/schema.org\",\"@graph\":[{\"@type\":\"Article\",\"@id\":\"https:\\\/\\\/www.altercampagne.net\\\/?p=4371#article\",\"isPartOf\":{\"@id\":\"https:\\\/\\\/www.altercampagne.net\\\/?p=4371\"},\"author\":{\"name\":\"Mathieu\",\"@id\":\"https:\\\/\\\/www.altercampagne.net\\\/#\\\/schema\\\/person\\\/0f261460c09e430caa0f9bcffa319109\"},\"headline\":\"Cyclo-tours \u00e0 th\u00e8mes\",\"datePublished\":\"2011-09-29T07:02:23+00:00\",\"dateModified\":\"2019-09-13T10:39:49+00:00\",\"mainEntityOfPage\":{\"@id\":\"https:\\\/\\\/www.altercampagne.net\\\/?p=4371\"},\"wordCount\":971,\"image\":{\"@id\":\"https:\\\/\\\/www.altercampagne.net\\\/?p=4371#primaryimage\"},\"thumbnailUrl\":\"http:\\\/\\\/p3.storage.canalblog.com\\\/36\\\/60\\\/404594\\\/68692528_p.jpg\",\"keywords\":[\"v\u00e9lorution\",\"dynamobile\",\"AlterTour 2011\",\"2011\",\"jungletour\",\"AdAV\"],\"articleSection\":[\"V\u00e9lo\"],\"inLanguage\":\"fr-FR\"},{\"@type\":\"WebPage\",\"@id\":\"https:\\\/\\\/www.altercampagne.net\\\/?p=4371\",\"url\":\"https:\\\/\\\/www.altercampagne.net\\\/?p=4371\",\"name\":\"Cyclo-tours \u00e0 th\u00e8mes - AlterTour\",\"isPartOf\":{\"@id\":\"https:\\\/\\\/www.altercampagne.net\\\/#website\"},\"primaryImageOfPage\":{\"@id\":\"https:\\\/\\\/www.altercampagne.net\\\/?p=4371#primaryimage\"},\"image\":{\"@id\":\"https:\\\/\\\/www.altercampagne.net\\\/?p=4371#primaryimage\"},\"thumbnailUrl\":\"http:\\\/\\\/p3.storage.canalblog.com\\\/36\\\/60\\\/404594\\\/68692528_p.jpg\",\"datePublished\":\"2011-09-29T07:02:23+00:00\",\"dateModified\":\"2019-09-13T10:39:49+00:00\",\"author\":{\"@id\":\"https:\\\/\\\/www.altercampagne.net\\\/#\\\/schema\\\/person\\\/0f261460c09e430caa0f9bcffa319109\"},\"breadcrumb\":{\"@id\":\"https:\\\/\\\/www.altercampagne.net\\\/?p=4371#breadcrumb\"},\"inLanguage\":\"fr-FR\",\"potentialAction\":[{\"@type\":\"ReadAction\",\"target\":[\"https:\\\/\\\/www.altercampagne.net\\\/?p=4371\"]}]},{\"@type\":\"ImageObject\",\"inLanguage\":\"fr-FR\",\"@id\":\"https:\\\/\\\/www.altercampagne.net\\\/?p=4371#primaryimage\",\"url\":\"http:\\\/\\\/p3.storage.canalblog.com\\\/36\\\/60\\\/404594\\\/68692528_p.jpg\",\"contentUrl\":\"http:\\\/\\\/p3.storage.canalblog.com\\\/36\\\/60\\\/404594\\\/68692528_p.jpg\"},{\"@type\":\"BreadcrumbList\",\"@id\":\"https:\\\/\\\/www.altercampagne.net\\\/?p=4371#breadcrumb\",\"itemListElement\":[{\"@type\":\"ListItem\",\"position\":1,\"name\":\"Accueil\",\"item\":\"https:\\\/\\\/www.altercampagne.net\\\/\"},{\"@type\":\"ListItem\",\"position\":2,\"name\":\"Cyclo-tours \u00e0 th\u00e8mes\"}]},{\"@type\":\"WebSite\",\"@id\":\"https:\\\/\\\/www.altercampagne.net\\\/#website\",\"url\":\"https:\\\/\\\/www.altercampagne.net\\\/\",\"name\":\"AlterTour\",\"description\":\"Reliez les Alternatives \u00e0 v\u00e9lo\",\"potentialAction\":[{\"@type\":\"SearchAction\",\"target\":{\"@type\":\"EntryPoint\",\"urlTemplate\":\"https:\\\/\\\/www.altercampagne.net\\\/?s={search_term_string}\"},\"query-input\":{\"@type\":\"PropertyValueSpecification\",\"valueRequired\":true,\"valueName\":\"search_term_string\"}}],\"inLanguage\":\"fr-FR\"},{\"@type\":\"Person\",\"@id\":\"https:\\\/\\\/www.altercampagne.net\\\/#\\\/schema\\\/person\\\/0f261460c09e430caa0f9bcffa319109\",\"name\":\"Mathieu\",\"image\":{\"@type\":\"ImageObject\",\"inLanguage\":\"fr-FR\",\"@id\":\"https:\\\/\\\/secure.gravatar.com\\\/avatar\\\/aa9d3d24c83f2141e5e2709d0f63d09a99f6be6bb7a50abc4915838d9f54501a?s=96&d=mm&r=g\",\"url\":\"https:\\\/\\\/secure.gravatar.com\\\/avatar\\\/aa9d3d24c83f2141e5e2709d0f63d09a99f6be6bb7a50abc4915838d9f54501a?s=96&d=mm&r=g\",\"contentUrl\":\"https:\\\/\\\/secure.gravatar.com\\\/avatar\\\/aa9d3d24c83f2141e5e2709d0f63d09a99f6be6bb7a50abc4915838d9f54501a?s=96&d=mm&r=g\",\"caption\":\"Mathieu\"},\"url\":\"https:\\\/\\\/www.altercampagne.net\\\/?author=214\"}]}<\/script>\n<!-- \/ Yoast SEO plugin. -->","yoast_head_json":{"title":"Cyclo-tours \u00e0 th\u00e8mes - AlterTour","robots":{"index":"index","follow":"follow","max-snippet":"max-snippet:-1","max-image-preview":"max-image-preview:large","max-video-preview":"max-video-preview:-1"},"canonical":"https:\/\/www.altercampagne.net\/?p=4371","og_locale":"fr_FR","og_type":"article","og_title":"Cyclo-tours \u00e0 th\u00e8mes - AlterTour","og_description":"Vous \u00eates lass\u00e9s de p\u00e9daler seul ou en famille&nbsp;? Pour vous, les randonn\u00e9es \u00e0 v\u00e9lo sont l&rsquo;occasion de d\u00e9couvrir d&rsquo;autres villages mais aussi d&rsquo;autres visages. Vous pouvez dans ce cas \u00eatre int\u00e9ress\u00e9s par les v\u00e9lo-tours militants \u00e0 th\u00e8mes. Je ne parlerai que des v\u00e9lo-tours \u00e0 th\u00e8mes auxquels j&rsquo;ai particip\u00e9 partiellement&nbsp;: ... Read More","og_url":"https:\/\/www.altercampagne.net\/?p=4371","og_site_name":"AlterTour","article_published_time":"2011-09-29T07:02:23+00:00","article_modified_time":"2019-09-13T10:39:49+00:00","og_image":[{"url":"http:\/\/p3.storage.canalblog.com\/36\/60\/404594\/68692528_p.jpg","type":"","width":"","height":""}],"author":"Mathieu","twitter_card":"summary_large_image","twitter_misc":{"\u00c9crit par":"Mathieu","Dur\u00e9e de lecture estim\u00e9e":"5 minutes"},"schema":{"@context":"https:\/\/schema.org","@graph":[{"@type":"Article","@id":"https:\/\/www.altercampagne.net\/?p=4371#article","isPartOf":{"@id":"https:\/\/www.altercampagne.net\/?p=4371"},"author":{"name":"Mathieu","@id":"https:\/\/www.altercampagne.net\/#\/schema\/person\/0f261460c09e430caa0f9bcffa319109"},"headline":"Cyclo-tours \u00e0 th\u00e8mes","datePublished":"2011-09-29T07:02:23+00:00","dateModified":"2019-09-13T10:39:49+00:00","mainEntityOfPage":{"@id":"https:\/\/www.altercampagne.net\/?p=4371"},"wordCount":971,"image":{"@id":"https:\/\/www.altercampagne.net\/?p=4371#primaryimage"},"thumbnailUrl":"http:\/\/p3.storage.canalblog.com\/36\/60\/404594\/68692528_p.jpg","keywords":["v\u00e9lorution","dynamobile","AlterTour 2011","2011","jungletour","AdAV"],"articleSection":["V\u00e9lo"],"inLanguage":"fr-FR"},{"@type":"WebPage","@id":"https:\/\/www.altercampagne.net\/?p=4371","url":"https:\/\/www.altercampagne.net\/?p=4371","name":"Cyclo-tours \u00e0 th\u00e8mes - AlterTour","isPartOf":{"@id":"https:\/\/www.altercampagne.net\/#website"},"primaryImageOfPage":{"@id":"https:\/\/www.altercampagne.net\/?p=4371#primaryimage"},"image":{"@id":"https:\/\/www.altercampagne.net\/?p=4371#primaryimage"},"thumbnailUrl":"http:\/\/p3.storage.canalblog.com\/36\/60\/404594\/68692528_p.jpg","datePublished":"2011-09-29T07:02:23+00:00","dateModified":"2019-09-13T10:39:49+00:00","author":{"@id":"https:\/\/www.altercampagne.net\/#\/schema\/person\/0f261460c09e430caa0f9bcffa319109"},"breadcrumb":{"@id":"https:\/\/www.altercampagne.net\/?p=4371#breadcrumb"},"inLanguage":"fr-FR","potentialAction":[{"@type":"ReadAction","target":["https:\/\/www.altercampagne.net\/?p=4371"]}]},{"@type":"ImageObject","inLanguage":"fr-FR","@id":"https:\/\/www.altercampagne.net\/?p=4371#primaryimage","url":"http:\/\/p3.storage.canalblog.com\/36\/60\/404594\/68692528_p.jpg","contentUrl":"http:\/\/p3.storage.canalblog.com\/36\/60\/404594\/68692528_p.jpg"},{"@type":"BreadcrumbList","@id":"https:\/\/www.altercampagne.net\/?p=4371#breadcrumb","itemListElement":[{"@type":"ListItem","position":1,"name":"Accueil","item":"https:\/\/www.altercampagne.net\/"},{"@type":"ListItem","position":2,"name":"Cyclo-tours \u00e0 th\u00e8mes"}]},{"@type":"WebSite","@id":"https:\/\/www.altercampagne.net\/#website","url":"https:\/\/www.altercampagne.net\/","name":"AlterTour","description":"Reliez les Alternatives \u00e0 v\u00e9lo","potentialAction":[{"@type":"SearchAction","target":{"@type":"EntryPoint","urlTemplate":"https:\/\/www.altercampagne.net\/?s={search_term_string}"},"query-input":{"@type":"PropertyValueSpecification","valueRequired":true,"valueName":"search_term_string"}}],"inLanguage":"fr-FR"},{"@type":"Person","@id":"https:\/\/www.altercampagne.net\/#\/schema\/person\/0f261460c09e430caa0f9bcffa319109","name":"Mathieu","image":{"@type":"ImageObject","inLanguage":"fr-FR","@id":"https:\/\/secure.gravatar.com\/avatar\/aa9d3d24c83f2141e5e2709d0f63d09a99f6be6bb7a50abc4915838d9f54501a?s=96&d=mm&r=g","url":"https:\/\/secure.gravatar.com\/avatar\/aa9d3d24c83f2141e5e2709d0f63d09a99f6be6bb7a50abc4915838d9f54501a?s=96&d=mm&r=g","contentUrl":"https:\/\/secure.gravatar.com\/avatar\/aa9d3d24c83f2141e5e2709d0f63d09a99f6be6bb7a50abc4915838d9f54501a?s=96&d=mm&r=g","caption":"Mathieu"},"url":"https:\/\/www.altercampagne.net\/?author=214"}]}},"_links":{"self":[{"href":"https:\/\/www.altercampagne.net\/index.php?rest_route=\/wp\/v2\/posts\/4371","targetHints":{"allow":["GET"]}}],"collection":[{"href":"https:\/\/www.altercampagne.net\/index.php?rest_route=\/wp\/v2\/posts"}],"about":[{"href":"https:\/\/www.altercampagne.net\/index.php?rest_route=\/wp\/v2\/types\/post"}],"author":[{"embeddable":true,"href":"https:\/\/www.altercampagne.net\/index.php?rest_route=\/wp\/v2\/users\/214"}],"replies":[{"embeddable":true,"href":"https:\/\/www.altercampagne.net\/index.php?rest_route=%2Fwp%2Fv2%2Fcomments&post=4371"}],"version-history":[{"count":0,"href":"https:\/\/www.altercampagne.net\/index.php?rest_route=\/wp\/v2\/posts\/4371\/revisions"}],"wp:attachment":[{"href":"https:\/\/www.altercampagne.net\/index.php?rest_route=%2Fwp%2Fv2%2Fmedia&parent=4371"}],"wp:term":[{"taxonomy":"category","embeddable":true,"href":"https:\/\/www.altercampagne.net\/index.php?rest_route=%2Fwp%2Fv2%2Fcategories&post=4371"},{"taxonomy":"post_tag","embeddable":true,"href":"https:\/\/www.altercampagne.net\/index.php?rest_route=%2Fwp%2Fv2%2Ftags&post=4371"}],"curies":[{"name":"wp","href":"https:\/\/api.w.org\/{rel}","templated":true}]}}