{"id":4378,"date":"2011-08-15T09:20:46","date_gmt":"2011-08-15T07:20:46","guid":{"rendered":"http:\/\/www.altercampagne.net\/?p=4378"},"modified":"2016-04-21T09:30:22","modified_gmt":"2016-04-21T07:30:22","slug":"saint-paul-la-coste-laltertour-le-cyclisme-au-service-du-militantisme-a-fait-etape-a-vaugran","status":"publish","type":"post","link":"https:\/\/www.altercampagne.net\/?p=4378","title":{"rendered":"Saint-Paul-la-Coste L&rsquo;AlterTour, le cyclisme au  service du militantisme, a fait \u00e9tape \u00e0 Vaugran"},"content":{"rendered":"<p><img loading=\"lazy\" decoding=\"async\" class=\" alignleft\" src=\"http:\/\/altercampagne.free.fr\/pages\/2008\/AlterTour\/Revue-presse-2011\/AT2011_Midi-Libre5.jpg\" alt=\"\" width=\"510\" height=\"255\" \/>L&rsquo;AlterTour a fait \u00e9tape au ch\u00e2teau de Vaugran, propri\u00e9t\u00e9 de Jacques Vecker. Les cyclistes ont \u00e9t\u00e9 accueillis par l&rsquo;association Carapa, centre \u00e9cologiste europ\u00e9en, dirig\u00e9 par Olivier Rognon. AlterTour est une association financ\u00e9e par<br \/>\nla r\u00e9gion Paca, le conseil g\u00e9n\u00e9ral des Bouches-du-Rh\u00f4ne, la fondation &lsquo;1 Monde pour tous&rsquo;, et la r\u00e9serve parlementaire d&rsquo;une d\u00e9put\u00e9 des Yvelines, Anny Poursinoff. Cr\u00e9\u00e9 en 2008, avec un seul salari\u00e9, le coordinateur, ce tour de France demande une pr\u00e9paration de 9 mois. Partis le 2\u00a0juillet de Gen\u00e8ve pour railler Montredon sur le plateau de Larzac, en passant par le sillon Alpin, le Diois, le Bu\u00ebch, la Provence, le Lub\u00e9ron et les C\u00e9vennes. Ce p\u00e9riple de 1200\u00a0km, avec une moyenne de 40 \u00e0 70\u00a0km par jour, est parcouru par 180 personnes, sous forme de relais. La moyenne d&rsquo;\u00e2ge est de 45 ans, et ce de 5 \u00e0 76 ans. On peut participer \u00e0 cette balade un, deux ou trois jours, pour un co\u00fbt de 27 \u20ac par jour. Tous les soirs, ils sont accueillis par des personnes ou associations qui leur proposent g\u00eetes et couverts. Le but est de militer pour la relocalisation de l&rsquo;activit\u00e9 humaine, tout en leur permettant d&rsquo;\u00eatre en vacances, de se d\u00e9tendre, de voir de magnifiques paysages et de rencontrer des gens diff\u00e9rents. Vivre aussi autrement : dormir dans une yourte, ou un tipi, utiliser l&rsquo;\u00e9nergie solaire, les turbines \u00e0 eau et se nourrir de l&rsquo;agriculture biologique. Ce soir-l\u00e0, un couscous leur \u00e9tait servi par les membres de Carapa avant une bonne nuit de sommeil, et une nouvelle \u00e9tape le lendemain.<\/p>\n<p style=\"text-align: right;\">Midi Libre<\/p>\n<p>Source : <a href=\"http:\/\/www.midilibre.fr\/2011\/08\/15\/l-alter-tour-le-cyclisme-au-service-du-militantisme-a-fait-etape-a-vaugran,371831.php\" target=\"_blank\">http:\/\/www.midilibre.fr\/2011\/08\/15\/l-alter-tour-le-cyclisme-au-service-du-militantisme-a-fait-etape-a-vaugran,371831.php<\/a><\/p>\n","protected":false},"excerpt":{"rendered":"<p>L&rsquo;AlterTour a fait \u00e9tape au ch\u00e2teau de Vaugran, propri\u00e9t\u00e9 de Jacques Vecker. Les cyclistes ont \u00e9t\u00e9 accueillis par l&rsquo;association Carapa, centre \u00e9cologiste europ\u00e9en, dirig\u00e9 par Olivier Rognon. AlterTour est une association financ\u00e9e par la r\u00e9gion Paca, le conseil g\u00e9n\u00e9ral des Bouches-du-Rh\u00f4ne, la fondation &lsquo;1 Monde pour tous&rsquo;, et la r\u00e9serve &#8230; <\/p>\n<div><a href=\"https:\/\/www.altercampagne.net\/?p=4378\" class=\"more-link\">Read More<\/a><\/div>\n","protected":false},"author":214,"featured_media":0,"comment_status":"closed","ping_status":"closed","sticky":false,"template":"","format":"standard","meta":{"footnotes":""},"categories":[239],"tags":[836,898,1075,1370,1973,1979,2008,2009,2010,2011,2012,2013,2014],"class_list":["post-4378","post","type-post","status-publish","format-standard","hentry","category-revue-de-presse","tag-altertour-2011","tag-anny-poursinoff","tag-gard","tag-oasis-carapa","tag-languedoc-roussillon","tag-1979","tag-chateau-de-vaugran","tag-jacques-vecker","tag-carapa","tag-olivier-rognon","tag-saint-paul-lacoste","tag-centre-ecologique-de-vaugran","tag-oasis-en-tous-lieux","no-post-thumbnail"],"yoast_head":"<!-- This site is optimized with the Yoast SEO plugin v27.3 - https:\/\/yoast.com\/product\/yoast-seo-wordpress\/ -->\n<title>Saint-Paul-la-Coste L&#039;AlterTour, le cyclisme au service du militantisme, a fait \u00e9tape \u00e0 Vaugran - AlterTour<\/title>\n<meta name=\"robots\" content=\"index, follow, max-snippet:-1, max-image-preview:large, max-video-preview:-1\" \/>\n<link rel=\"canonical\" href=\"https:\/\/www.altercampagne.net\/?p=4378\" \/>\n<meta property=\"og:locale\" content=\"fr_FR\" \/>\n<meta property=\"og:type\" content=\"article\" \/>\n<meta property=\"og:title\" content=\"Saint-Paul-la-Coste L&#039;AlterTour, le cyclisme au service du militantisme, a fait \u00e9tape \u00e0 Vaugran - AlterTour\" \/>\n<meta property=\"og:description\" content=\"L&rsquo;AlterTour a fait \u00e9tape au ch\u00e2teau de Vaugran, propri\u00e9t\u00e9 de Jacques Vecker. Les cyclistes ont \u00e9t\u00e9 accueillis par l&rsquo;association Carapa, centre \u00e9cologiste europ\u00e9en, dirig\u00e9 par Olivier Rognon. AlterTour est une association financ\u00e9e par la r\u00e9gion Paca, le conseil g\u00e9n\u00e9ral des Bouches-du-Rh\u00f4ne, la fondation &lsquo;1 Monde pour tous&rsquo;, et la r\u00e9serve ... Read More\" \/>\n<meta property=\"og:url\" content=\"https:\/\/www.altercampagne.net\/?p=4378\" \/>\n<meta property=\"og:site_name\" content=\"AlterTour\" \/>\n<meta property=\"article:published_time\" content=\"2011-08-15T07:20:46+00:00\" \/>\n<meta property=\"article:modified_time\" content=\"2016-04-21T07:30:22+00:00\" \/>\n<meta property=\"og:image\" content=\"http:\/\/altercampagne.free.fr\/pages\/2008\/AlterTour\/Revue-presse-2011\/AT2011_Midi-Libre5.jpg\" \/>\n<meta name=\"author\" content=\"Mathieu\" \/>\n<meta name=\"twitter:card\" content=\"summary_large_image\" \/>\n<meta name=\"twitter:label1\" content=\"\u00c9crit par\" \/>\n\t<meta name=\"twitter:data1\" content=\"Mathieu\" \/>\n\t<meta name=\"twitter:label2\" content=\"Dur\u00e9e de lecture estim\u00e9e\" \/>\n\t<meta name=\"twitter:data2\" content=\"1 minute\" \/>\n<script type=\"application\/ld+json\" class=\"yoast-schema-graph\">{\"@context\":\"https:\\\/\\\/schema.org\",\"@graph\":[{\"@type\":\"Article\",\"@id\":\"https:\\\/\\\/www.altercampagne.net\\\/?p=4378#article\",\"isPartOf\":{\"@id\":\"https:\\\/\\\/www.altercampagne.net\\\/?p=4378\"},\"author\":{\"name\":\"Mathieu\",\"@id\":\"https:\\\/\\\/www.altercampagne.net\\\/#\\\/schema\\\/person\\\/0f261460c09e430caa0f9bcffa319109\"},\"headline\":\"Saint-Paul-la-Coste L&rsquo;AlterTour, le cyclisme au service du militantisme, a fait \u00e9tape \u00e0 Vaugran\",\"datePublished\":\"2011-08-15T07:20:46+00:00\",\"dateModified\":\"2016-04-21T07:30:22+00:00\",\"mainEntityOfPage\":{\"@id\":\"https:\\\/\\\/www.altercampagne.net\\\/?p=4378\"},\"wordCount\":293,\"image\":{\"@id\":\"https:\\\/\\\/www.altercampagne.net\\\/?p=4378#primaryimage\"},\"thumbnailUrl\":\"http:\\\/\\\/altercampagne.free.fr\\\/pages\\\/2008\\\/AlterTour\\\/Revue-presse-2011\\\/AT2011_Midi-Libre5.jpg\",\"keywords\":[\"AlterTour 2011\",\"Anny Poursinoff\",\"Gard\",\"Oasis CARAPA\",\"languedoc-roussillon\",\"2011\",\"ch\u00e2teau de Vaugran\",\"Jacques Vecker\",\"Carapa\",\"Olivier Rognon\",\"Saint Paul Lacoste\",\"Centre Ecologique de Vaugran\",\"oasis en tous lieux\"],\"articleSection\":[\"Revue de presse\"],\"inLanguage\":\"fr-FR\"},{\"@type\":\"WebPage\",\"@id\":\"https:\\\/\\\/www.altercampagne.net\\\/?p=4378\",\"url\":\"https:\\\/\\\/www.altercampagne.net\\\/?p=4378\",\"name\":\"Saint-Paul-la-Coste L'AlterTour, le cyclisme au service du militantisme, a fait \u00e9tape \u00e0 Vaugran - AlterTour\",\"isPartOf\":{\"@id\":\"https:\\\/\\\/www.altercampagne.net\\\/#website\"},\"primaryImageOfPage\":{\"@id\":\"https:\\\/\\\/www.altercampagne.net\\\/?p=4378#primaryimage\"},\"image\":{\"@id\":\"https:\\\/\\\/www.altercampagne.net\\\/?p=4378#primaryimage\"},\"thumbnailUrl\":\"http:\\\/\\\/altercampagne.free.fr\\\/pages\\\/2008\\\/AlterTour\\\/Revue-presse-2011\\\/AT2011_Midi-Libre5.jpg\",\"datePublished\":\"2011-08-15T07:20:46+00:00\",\"dateModified\":\"2016-04-21T07:30:22+00:00\",\"author\":{\"@id\":\"https:\\\/\\\/www.altercampagne.net\\\/#\\\/schema\\\/person\\\/0f261460c09e430caa0f9bcffa319109\"},\"breadcrumb\":{\"@id\":\"https:\\\/\\\/www.altercampagne.net\\\/?p=4378#breadcrumb\"},\"inLanguage\":\"fr-FR\",\"potentialAction\":[{\"@type\":\"ReadAction\",\"target\":[\"https:\\\/\\\/www.altercampagne.net\\\/?p=4378\"]}]},{\"@type\":\"ImageObject\",\"inLanguage\":\"fr-FR\",\"@id\":\"https:\\\/\\\/www.altercampagne.net\\\/?p=4378#primaryimage\",\"url\":\"http:\\\/\\\/altercampagne.free.fr\\\/pages\\\/2008\\\/AlterTour\\\/Revue-presse-2011\\\/AT2011_Midi-Libre5.jpg\",\"contentUrl\":\"http:\\\/\\\/altercampagne.free.fr\\\/pages\\\/2008\\\/AlterTour\\\/Revue-presse-2011\\\/AT2011_Midi-Libre5.jpg\"},{\"@type\":\"BreadcrumbList\",\"@id\":\"https:\\\/\\\/www.altercampagne.net\\\/?p=4378#breadcrumb\",\"itemListElement\":[{\"@type\":\"ListItem\",\"position\":1,\"name\":\"Accueil\",\"item\":\"https:\\\/\\\/www.altercampagne.net\\\/\"},{\"@type\":\"ListItem\",\"position\":2,\"name\":\"Saint-Paul-la-Coste L&rsquo;AlterTour, le cyclisme au service du militantisme, a fait \u00e9tape \u00e0 Vaugran\"}]},{\"@type\":\"WebSite\",\"@id\":\"https:\\\/\\\/www.altercampagne.net\\\/#website\",\"url\":\"https:\\\/\\\/www.altercampagne.net\\\/\",\"name\":\"AlterTour\",\"description\":\"Reliez les Alternatives \u00e0 v\u00e9lo\",\"potentialAction\":[{\"@type\":\"SearchAction\",\"target\":{\"@type\":\"EntryPoint\",\"urlTemplate\":\"https:\\\/\\\/www.altercampagne.net\\\/?s={search_term_string}\"},\"query-input\":{\"@type\":\"PropertyValueSpecification\",\"valueRequired\":true,\"valueName\":\"search_term_string\"}}],\"inLanguage\":\"fr-FR\"},{\"@type\":\"Person\",\"@id\":\"https:\\\/\\\/www.altercampagne.net\\\/#\\\/schema\\\/person\\\/0f261460c09e430caa0f9bcffa319109\",\"name\":\"Mathieu\",\"image\":{\"@type\":\"ImageObject\",\"inLanguage\":\"fr-FR\",\"@id\":\"https:\\\/\\\/secure.gravatar.com\\\/avatar\\\/aa9d3d24c83f2141e5e2709d0f63d09a99f6be6bb7a50abc4915838d9f54501a?s=96&d=mm&r=g\",\"url\":\"https:\\\/\\\/secure.gravatar.com\\\/avatar\\\/aa9d3d24c83f2141e5e2709d0f63d09a99f6be6bb7a50abc4915838d9f54501a?s=96&d=mm&r=g\",\"contentUrl\":\"https:\\\/\\\/secure.gravatar.com\\\/avatar\\\/aa9d3d24c83f2141e5e2709d0f63d09a99f6be6bb7a50abc4915838d9f54501a?s=96&d=mm&r=g\",\"caption\":\"Mathieu\"},\"url\":\"https:\\\/\\\/www.altercampagne.net\\\/?author=214\"}]}<\/script>\n<!-- \/ Yoast SEO plugin. -->","yoast_head_json":{"title":"Saint-Paul-la-Coste L'AlterTour, le cyclisme au service du militantisme, a fait \u00e9tape \u00e0 Vaugran - AlterTour","robots":{"index":"index","follow":"follow","max-snippet":"max-snippet:-1","max-image-preview":"max-image-preview:large","max-video-preview":"max-video-preview:-1"},"canonical":"https:\/\/www.altercampagne.net\/?p=4378","og_locale":"fr_FR","og_type":"article","og_title":"Saint-Paul-la-Coste L'AlterTour, le cyclisme au service du militantisme, a fait \u00e9tape \u00e0 Vaugran - AlterTour","og_description":"L&rsquo;AlterTour a fait \u00e9tape au ch\u00e2teau de Vaugran, propri\u00e9t\u00e9 de Jacques Vecker. Les cyclistes ont \u00e9t\u00e9 accueillis par l&rsquo;association Carapa, centre \u00e9cologiste europ\u00e9en, dirig\u00e9 par Olivier Rognon. AlterTour est une association financ\u00e9e par la r\u00e9gion Paca, le conseil g\u00e9n\u00e9ral des Bouches-du-Rh\u00f4ne, la fondation &lsquo;1 Monde pour tous&rsquo;, et la r\u00e9serve ... Read More","og_url":"https:\/\/www.altercampagne.net\/?p=4378","og_site_name":"AlterTour","article_published_time":"2011-08-15T07:20:46+00:00","article_modified_time":"2016-04-21T07:30:22+00:00","og_image":[{"url":"http:\/\/altercampagne.free.fr\/pages\/2008\/AlterTour\/Revue-presse-2011\/AT2011_Midi-Libre5.jpg","type":"","width":"","height":""}],"author":"Mathieu","twitter_card":"summary_large_image","twitter_misc":{"\u00c9crit par":"Mathieu","Dur\u00e9e de lecture estim\u00e9e":"1 minute"},"schema":{"@context":"https:\/\/schema.org","@graph":[{"@type":"Article","@id":"https:\/\/www.altercampagne.net\/?p=4378#article","isPartOf":{"@id":"https:\/\/www.altercampagne.net\/?p=4378"},"author":{"name":"Mathieu","@id":"https:\/\/www.altercampagne.net\/#\/schema\/person\/0f261460c09e430caa0f9bcffa319109"},"headline":"Saint-Paul-la-Coste L&rsquo;AlterTour, le cyclisme au service du militantisme, a fait \u00e9tape \u00e0 Vaugran","datePublished":"2011-08-15T07:20:46+00:00","dateModified":"2016-04-21T07:30:22+00:00","mainEntityOfPage":{"@id":"https:\/\/www.altercampagne.net\/?p=4378"},"wordCount":293,"image":{"@id":"https:\/\/www.altercampagne.net\/?p=4378#primaryimage"},"thumbnailUrl":"http:\/\/altercampagne.free.fr\/pages\/2008\/AlterTour\/Revue-presse-2011\/AT2011_Midi-Libre5.jpg","keywords":["AlterTour 2011","Anny Poursinoff","Gard","Oasis CARAPA","languedoc-roussillon","2011","ch\u00e2teau de Vaugran","Jacques Vecker","Carapa","Olivier Rognon","Saint Paul Lacoste","Centre Ecologique de Vaugran","oasis en tous lieux"],"articleSection":["Revue de presse"],"inLanguage":"fr-FR"},{"@type":"WebPage","@id":"https:\/\/www.altercampagne.net\/?p=4378","url":"https:\/\/www.altercampagne.net\/?p=4378","name":"Saint-Paul-la-Coste L'AlterTour, le cyclisme au service du militantisme, a fait \u00e9tape \u00e0 Vaugran - AlterTour","isPartOf":{"@id":"https:\/\/www.altercampagne.net\/#website"},"primaryImageOfPage":{"@id":"https:\/\/www.altercampagne.net\/?p=4378#primaryimage"},"image":{"@id":"https:\/\/www.altercampagne.net\/?p=4378#primaryimage"},"thumbnailUrl":"http:\/\/altercampagne.free.fr\/pages\/2008\/AlterTour\/Revue-presse-2011\/AT2011_Midi-Libre5.jpg","datePublished":"2011-08-15T07:20:46+00:00","dateModified":"2016-04-21T07:30:22+00:00","author":{"@id":"https:\/\/www.altercampagne.net\/#\/schema\/person\/0f261460c09e430caa0f9bcffa319109"},"breadcrumb":{"@id":"https:\/\/www.altercampagne.net\/?p=4378#breadcrumb"},"inLanguage":"fr-FR","potentialAction":[{"@type":"ReadAction","target":["https:\/\/www.altercampagne.net\/?p=4378"]}]},{"@type":"ImageObject","inLanguage":"fr-FR","@id":"https:\/\/www.altercampagne.net\/?p=4378#primaryimage","url":"http:\/\/altercampagne.free.fr\/pages\/2008\/AlterTour\/Revue-presse-2011\/AT2011_Midi-Libre5.jpg","contentUrl":"http:\/\/altercampagne.free.fr\/pages\/2008\/AlterTour\/Revue-presse-2011\/AT2011_Midi-Libre5.jpg"},{"@type":"BreadcrumbList","@id":"https:\/\/www.altercampagne.net\/?p=4378#breadcrumb","itemListElement":[{"@type":"ListItem","position":1,"name":"Accueil","item":"https:\/\/www.altercampagne.net\/"},{"@type":"ListItem","position":2,"name":"Saint-Paul-la-Coste L&rsquo;AlterTour, le cyclisme au service du militantisme, a fait \u00e9tape \u00e0 Vaugran"}]},{"@type":"WebSite","@id":"https:\/\/www.altercampagne.net\/#website","url":"https:\/\/www.altercampagne.net\/","name":"AlterTour","description":"Reliez les Alternatives \u00e0 v\u00e9lo","potentialAction":[{"@type":"SearchAction","target":{"@type":"EntryPoint","urlTemplate":"https:\/\/www.altercampagne.net\/?s={search_term_string}"},"query-input":{"@type":"PropertyValueSpecification","valueRequired":true,"valueName":"search_term_string"}}],"inLanguage":"fr-FR"},{"@type":"Person","@id":"https:\/\/www.altercampagne.net\/#\/schema\/person\/0f261460c09e430caa0f9bcffa319109","name":"Mathieu","image":{"@type":"ImageObject","inLanguage":"fr-FR","@id":"https:\/\/secure.gravatar.com\/avatar\/aa9d3d24c83f2141e5e2709d0f63d09a99f6be6bb7a50abc4915838d9f54501a?s=96&d=mm&r=g","url":"https:\/\/secure.gravatar.com\/avatar\/aa9d3d24c83f2141e5e2709d0f63d09a99f6be6bb7a50abc4915838d9f54501a?s=96&d=mm&r=g","contentUrl":"https:\/\/secure.gravatar.com\/avatar\/aa9d3d24c83f2141e5e2709d0f63d09a99f6be6bb7a50abc4915838d9f54501a?s=96&d=mm&r=g","caption":"Mathieu"},"url":"https:\/\/www.altercampagne.net\/?author=214"}]}},"_links":{"self":[{"href":"https:\/\/www.altercampagne.net\/index.php?rest_route=\/wp\/v2\/posts\/4378","targetHints":{"allow":["GET"]}}],"collection":[{"href":"https:\/\/www.altercampagne.net\/index.php?rest_route=\/wp\/v2\/posts"}],"about":[{"href":"https:\/\/www.altercampagne.net\/index.php?rest_route=\/wp\/v2\/types\/post"}],"author":[{"embeddable":true,"href":"https:\/\/www.altercampagne.net\/index.php?rest_route=\/wp\/v2\/users\/214"}],"replies":[{"embeddable":true,"href":"https:\/\/www.altercampagne.net\/index.php?rest_route=%2Fwp%2Fv2%2Fcomments&post=4378"}],"version-history":[{"count":0,"href":"https:\/\/www.altercampagne.net\/index.php?rest_route=\/wp\/v2\/posts\/4378\/revisions"}],"wp:attachment":[{"href":"https:\/\/www.altercampagne.net\/index.php?rest_route=%2Fwp%2Fv2%2Fmedia&parent=4378"}],"wp:term":[{"taxonomy":"category","embeddable":true,"href":"https:\/\/www.altercampagne.net\/index.php?rest_route=%2Fwp%2Fv2%2Fcategories&post=4378"},{"taxonomy":"post_tag","embeddable":true,"href":"https:\/\/www.altercampagne.net\/index.php?rest_route=%2Fwp%2Fv2%2Ftags&post=4378"}],"curies":[{"name":"wp","href":"https:\/\/api.w.org\/{rel}","templated":true}]}}