{"id":4380,"date":"2011-08-13T09:31:09","date_gmt":"2011-08-13T07:31:09","guid":{"rendered":"http:\/\/www.altercampagne.net\/?p=4380"},"modified":"2016-04-21T09:36:46","modified_gmt":"2016-04-21T07:36:46","slug":"lunel-bruno-sans-aventurier-solitaire-en-handbike","status":"publish","type":"post","link":"https:\/\/www.altercampagne.net\/?p=4380","title":{"rendered":"Lunel. Bruno Sans, aventurier solitaire en handbike"},"content":{"rendered":"<div class=\"full-content\">\n<p><img loading=\"lazy\" decoding=\"async\" class=\" alignright\" src=\"http:\/\/altercampagne.free.fr\/pages\/2008\/AlterTour\/Revue-presse-2011\/AT2011_Midi-Libre3.jpg\" alt=\"\" width=\"510\" height=\"255\" \/>Bruno Sans, bient\u00f4t 42 ans, affiche un grand sourire et une tchatche de la m\u00eame taille. \u00c0 la mesure de l\u0092aventure cycliste et humaine dans laquelle ce Lunellois s\u0092est lanc\u00e9 en 2008. Parapl\u00e9gique depuis l\u0092adolescence suite \u00e0 un accident, il a en effet choisi de partir seul sur les routes, en France comme \u00e0 l\u0092\u00e9tranger. Son fauteuil se range alors \u00e0 l\u0092arri\u00e8re de son handbike, v\u00e9lo au ras du sol, et il se met \u00e0 p\u00e9daler avec les mains.<\/p>\n<p>Plaisir, \u00e9motions, rencontres : au fil de centaines de kilom\u00e8tres, ce sportif a ainsi amorc\u00e9 une belle histoire. \u00ab\u00a0Dans les voyages que je faisais d\u00e9j\u00e0 avec l\u0092association Aventure handicap, je trouvais que ma sensation de libert\u00e9 \u00e9tait diminu\u00e9e. Partir d\u0092un point A et y revenir, avec une assistance, pour retrouver son fauteuil&#8230; Je ne gagnais pas en autonomie. Comme le dit mon p\u00e8re (NDLR : le p\u00e2tissier Pierre Sans), je suis un stakanoviste de l\u0092autonomie. Mais si on sort de ce p\u00e9rim\u00e8tre, \u00e7a prend une autre dimension. C\u0092est vertigineux ! J\u0092ai l\u0092impression d\u0092\u00eatre un pionnier.\u00a0\u00bb<\/p>\n<p>Cette sensation extr\u00eame, d\u00e9couverte lors d\u0092un premier voyage v\u00e9cu comme un d\u00e9fi personnel, le cycliste a donc d\u00e9cid\u00e9 de la revivre. Encha\u00eenant les d\u00e9parts, laissant sa famille plusieurs semaines, pour se muer en \u00ab\u00a0nomade \u00e0 v\u00e9lo\u00a0\u00bb.<\/p>\n<p>Il avance ainsi au gr\u00e9 des \u00e9changes humains et des \u00ab\u00a0routes blanches sur les cartes\u00a0\u00bb, une petite radio \u00e0 dynamo pour seule compagnie, dressant sa tente (camping ou bivouac sauvage), s\u0092offrant des \u00ab\u00a0couchers de soleil au milieu de nulle part\u00a0\u00bb.<\/p>\n<p>Du Nord au Sud de la France en passant par l\u0092\u00eele de R\u00e9 (1 450\u00a0km en 30 jours), le long du canal du Midi, du Qu\u00e9bec \u00e0 Boston (\u00c9tats- Unis), il a ainsi multipli\u00e9 les aventures. En mai dernier, direction la Corse, o\u00f9 il s\u0092est test\u00e9 au sommet des cols. Puis en juillet, il a particip\u00e9 \u00e0 l\u0092&rsquo;arriv\u00e9e de l\u0092&rsquo;AlterTour (pour un monde plus propre et sans dopage) sur le Larzac. Une manifestation dont il veut devenir le relais, l\u0092&rsquo;an prochain, en Ari\u00e8ge, o\u00f9 il vit d\u00e9sormais.<\/p>\n<p>Car Bruno Sans a aussi l\u0092esprit militant. Programmateur au festival de cin\u00e9ma R\u00e9sistances, \u00e0 Foix, int\u00e9ress\u00e9 par tout ce qui rel\u00e8ve des alternatives, il souhaite cultiver, dans un monde qu\u0092il trouve hyper stress\u00e9, un temps plus lent.<\/p>\n<p>A son rythme (avec toutefois un record en descente \u00e0 93\u00a0km\/h&#8230;), sur la route, Bruno Sans n\u0092a quasiment jamais rencontr\u00e9 de probl\u00e8me. \u00ab\u00a0C\u0092est hors norme, les voitures font plus attention\u00a0\u00bb, a-t-il remarqu\u00e9. Une fois, aux \u00c9tats-Unis, il a eu peur, mais \u00e0 cause d\u0092une blessure et de \u00ab\u00a0l\u0092affreux Dave\u00a0\u00bb, qui refusait de l\u0092aider. Il pr\u00e9f\u00e8re raconter cette vieille dame \u00ab\u00a0en train d\u0092arroser son jardin \u00e0 la fra\u00eeche. Je lui tends mes bidons, qu\u0092elle remplit. Je lui demande s\u0092il y a un camping. Elle m\u0092invite \u00e0 planter la tente dans son jardin\u00a0\u00bb. Car son voyage n\u0092est pas uniquement solitaire : \u00ab\u00a0Je cherche le contact. Je sollicite en permanence la bienveillance des gens\u00a0\u00bb. Depuis son v\u00e9lo, il les trouve plut\u00f4t \u00ab\u00a0ouverts et g\u00e9n\u00e9reux\u00a0\u00bb. Alors il n\u0092est pas pr\u00eat de s\u0092arr\u00eater de p\u00e9daler&#8230;<\/p>\n<p style=\"text-align: right;\"><strong><b>CAROLINE FROELIG<\/b>, Midi Libre<\/strong><\/p>\n<p>Source : <a href=\"http:\/\/www.midilibre.fr\/2011\/08\/12\/bruno-sans-aventurier-solitaire-en-handbike,370809.php\" target=\"_blank\">http:\/\/www.midilibre.fr\/2011\/08\/12\/bruno-sans-aventurier-solitaire-en-handbike,370809.php<\/a><\/p>\n<\/div>\n","protected":false},"excerpt":{"rendered":"<p>Bruno Sans, bient\u00f4t 42 ans, affiche un grand sourire et une tchatche de la m\u00eame taille. \u00c0 la mesure de l\u0092aventure cycliste et humaine dans laquelle ce Lunellois s\u0092est lanc\u00e9 en 2008. Parapl\u00e9gique depuis l\u0092adolescence suite \u00e0 un accident, il a en effet choisi de partir seul sur les routes, &#8230; <\/p>\n<div><a href=\"https:\/\/www.altercampagne.net\/?p=4380\" class=\"more-link\">Read More<\/a><\/div>\n","protected":false},"author":214,"featured_media":0,"comment_status":"closed","ping_status":"closed","sticky":false,"template":"","format":"standard","meta":{"footnotes":""},"categories":[239],"tags":[705,836,1113,1116,1844,1923,1945,1972,1979,2015],"class_list":["post-4380","post","type-post","status-publish","format-standard","hentry","category-revue-de-presse","tag-larzac","tag-altertour-2011","tag-bruno-sans","tag-handbike","tag-midi-pyrenees","tag-aveyron","tag-ariege","tag-herault","tag-1979","tag-lunel","no-post-thumbnail"],"yoast_head":"<!-- This site is optimized with the Yoast SEO plugin v27.3 - https:\/\/yoast.com\/product\/yoast-seo-wordpress\/ -->\n<title>Lunel. Bruno Sans, aventurier solitaire en handbike - AlterTour<\/title>\n<meta name=\"robots\" content=\"index, follow, max-snippet:-1, max-image-preview:large, max-video-preview:-1\" \/>\n<link rel=\"canonical\" href=\"https:\/\/www.altercampagne.net\/?p=4380\" \/>\n<meta property=\"og:locale\" content=\"fr_FR\" \/>\n<meta property=\"og:type\" content=\"article\" \/>\n<meta property=\"og:title\" content=\"Lunel. Bruno Sans, aventurier solitaire en handbike - AlterTour\" \/>\n<meta property=\"og:description\" content=\"Bruno Sans, bient\u00f4t 42 ans, affiche un grand sourire et une tchatche de la m\u00eame taille. \u00c0 la mesure de l\u0092aventure cycliste et humaine dans laquelle ce Lunellois s\u0092est lanc\u00e9 en 2008. Parapl\u00e9gique depuis l\u0092adolescence suite \u00e0 un accident, il a en effet choisi de partir seul sur les routes, ... Read More\" \/>\n<meta property=\"og:url\" content=\"https:\/\/www.altercampagne.net\/?p=4380\" \/>\n<meta property=\"og:site_name\" content=\"AlterTour\" \/>\n<meta property=\"article:published_time\" content=\"2011-08-13T07:31:09+00:00\" \/>\n<meta property=\"article:modified_time\" content=\"2016-04-21T07:36:46+00:00\" \/>\n<meta property=\"og:image\" content=\"http:\/\/altercampagne.free.fr\/pages\/2008\/AlterTour\/Revue-presse-2011\/AT2011_Midi-Libre3.jpg\" \/>\n<meta name=\"author\" content=\"Mathieu\" \/>\n<meta name=\"twitter:card\" content=\"summary_large_image\" \/>\n<meta name=\"twitter:label1\" content=\"\u00c9crit par\" \/>\n\t<meta name=\"twitter:data1\" content=\"Mathieu\" \/>\n\t<meta name=\"twitter:label2\" content=\"Dur\u00e9e de lecture estim\u00e9e\" \/>\n\t<meta name=\"twitter:data2\" content=\"3 minutes\" \/>\n<script type=\"application\/ld+json\" class=\"yoast-schema-graph\">{\"@context\":\"https:\\\/\\\/schema.org\",\"@graph\":[{\"@type\":\"Article\",\"@id\":\"https:\\\/\\\/www.altercampagne.net\\\/?p=4380#article\",\"isPartOf\":{\"@id\":\"https:\\\/\\\/www.altercampagne.net\\\/?p=4380\"},\"author\":{\"name\":\"Mathieu\",\"@id\":\"https:\\\/\\\/www.altercampagne.net\\\/#\\\/schema\\\/person\\\/0f261460c09e430caa0f9bcffa319109\"},\"headline\":\"Lunel. Bruno Sans, aventurier solitaire en handbike\",\"datePublished\":\"2011-08-13T07:31:09+00:00\",\"dateModified\":\"2016-04-21T07:36:46+00:00\",\"mainEntityOfPage\":{\"@id\":\"https:\\\/\\\/www.altercampagne.net\\\/?p=4380\"},\"wordCount\":574,\"image\":{\"@id\":\"https:\\\/\\\/www.altercampagne.net\\\/?p=4380#primaryimage\"},\"thumbnailUrl\":\"http:\\\/\\\/altercampagne.free.fr\\\/pages\\\/2008\\\/AlterTour\\\/Revue-presse-2011\\\/AT2011_Midi-Libre3.jpg\",\"keywords\":[\"larzac\",\"AlterTour 2011\",\"Bruno sans\",\"handbike\",\"Midi-Pyr\u00e9n\u00e9es\",\"Aveyron\",\"Ari\u00e8ge\",\"h\u00e9rault\",\"2011\",\"Lunel\"],\"articleSection\":[\"Revue de presse\"],\"inLanguage\":\"fr-FR\"},{\"@type\":\"WebPage\",\"@id\":\"https:\\\/\\\/www.altercampagne.net\\\/?p=4380\",\"url\":\"https:\\\/\\\/www.altercampagne.net\\\/?p=4380\",\"name\":\"Lunel. Bruno Sans, aventurier solitaire en handbike - AlterTour\",\"isPartOf\":{\"@id\":\"https:\\\/\\\/www.altercampagne.net\\\/#website\"},\"primaryImageOfPage\":{\"@id\":\"https:\\\/\\\/www.altercampagne.net\\\/?p=4380#primaryimage\"},\"image\":{\"@id\":\"https:\\\/\\\/www.altercampagne.net\\\/?p=4380#primaryimage\"},\"thumbnailUrl\":\"http:\\\/\\\/altercampagne.free.fr\\\/pages\\\/2008\\\/AlterTour\\\/Revue-presse-2011\\\/AT2011_Midi-Libre3.jpg\",\"datePublished\":\"2011-08-13T07:31:09+00:00\",\"dateModified\":\"2016-04-21T07:36:46+00:00\",\"author\":{\"@id\":\"https:\\\/\\\/www.altercampagne.net\\\/#\\\/schema\\\/person\\\/0f261460c09e430caa0f9bcffa319109\"},\"breadcrumb\":{\"@id\":\"https:\\\/\\\/www.altercampagne.net\\\/?p=4380#breadcrumb\"},\"inLanguage\":\"fr-FR\",\"potentialAction\":[{\"@type\":\"ReadAction\",\"target\":[\"https:\\\/\\\/www.altercampagne.net\\\/?p=4380\"]}]},{\"@type\":\"ImageObject\",\"inLanguage\":\"fr-FR\",\"@id\":\"https:\\\/\\\/www.altercampagne.net\\\/?p=4380#primaryimage\",\"url\":\"http:\\\/\\\/altercampagne.free.fr\\\/pages\\\/2008\\\/AlterTour\\\/Revue-presse-2011\\\/AT2011_Midi-Libre3.jpg\",\"contentUrl\":\"http:\\\/\\\/altercampagne.free.fr\\\/pages\\\/2008\\\/AlterTour\\\/Revue-presse-2011\\\/AT2011_Midi-Libre3.jpg\"},{\"@type\":\"BreadcrumbList\",\"@id\":\"https:\\\/\\\/www.altercampagne.net\\\/?p=4380#breadcrumb\",\"itemListElement\":[{\"@type\":\"ListItem\",\"position\":1,\"name\":\"Accueil\",\"item\":\"https:\\\/\\\/www.altercampagne.net\\\/\"},{\"@type\":\"ListItem\",\"position\":2,\"name\":\"Lunel. Bruno Sans, aventurier solitaire en handbike\"}]},{\"@type\":\"WebSite\",\"@id\":\"https:\\\/\\\/www.altercampagne.net\\\/#website\",\"url\":\"https:\\\/\\\/www.altercampagne.net\\\/\",\"name\":\"AlterTour\",\"description\":\"Reliez les Alternatives \u00e0 v\u00e9lo\",\"potentialAction\":[{\"@type\":\"SearchAction\",\"target\":{\"@type\":\"EntryPoint\",\"urlTemplate\":\"https:\\\/\\\/www.altercampagne.net\\\/?s={search_term_string}\"},\"query-input\":{\"@type\":\"PropertyValueSpecification\",\"valueRequired\":true,\"valueName\":\"search_term_string\"}}],\"inLanguage\":\"fr-FR\"},{\"@type\":\"Person\",\"@id\":\"https:\\\/\\\/www.altercampagne.net\\\/#\\\/schema\\\/person\\\/0f261460c09e430caa0f9bcffa319109\",\"name\":\"Mathieu\",\"image\":{\"@type\":\"ImageObject\",\"inLanguage\":\"fr-FR\",\"@id\":\"https:\\\/\\\/secure.gravatar.com\\\/avatar\\\/aa9d3d24c83f2141e5e2709d0f63d09a99f6be6bb7a50abc4915838d9f54501a?s=96&d=mm&r=g\",\"url\":\"https:\\\/\\\/secure.gravatar.com\\\/avatar\\\/aa9d3d24c83f2141e5e2709d0f63d09a99f6be6bb7a50abc4915838d9f54501a?s=96&d=mm&r=g\",\"contentUrl\":\"https:\\\/\\\/secure.gravatar.com\\\/avatar\\\/aa9d3d24c83f2141e5e2709d0f63d09a99f6be6bb7a50abc4915838d9f54501a?s=96&d=mm&r=g\",\"caption\":\"Mathieu\"},\"url\":\"https:\\\/\\\/www.altercampagne.net\\\/?author=214\"}]}<\/script>\n<!-- \/ Yoast SEO plugin. -->","yoast_head_json":{"title":"Lunel. Bruno Sans, aventurier solitaire en handbike - AlterTour","robots":{"index":"index","follow":"follow","max-snippet":"max-snippet:-1","max-image-preview":"max-image-preview:large","max-video-preview":"max-video-preview:-1"},"canonical":"https:\/\/www.altercampagne.net\/?p=4380","og_locale":"fr_FR","og_type":"article","og_title":"Lunel. Bruno Sans, aventurier solitaire en handbike - AlterTour","og_description":"Bruno Sans, bient\u00f4t 42 ans, affiche un grand sourire et une tchatche de la m\u00eame taille. \u00c0 la mesure de l\u0092aventure cycliste et humaine dans laquelle ce Lunellois s\u0092est lanc\u00e9 en 2008. Parapl\u00e9gique depuis l\u0092adolescence suite \u00e0 un accident, il a en effet choisi de partir seul sur les routes, ... Read More","og_url":"https:\/\/www.altercampagne.net\/?p=4380","og_site_name":"AlterTour","article_published_time":"2011-08-13T07:31:09+00:00","article_modified_time":"2016-04-21T07:36:46+00:00","og_image":[{"url":"http:\/\/altercampagne.free.fr\/pages\/2008\/AlterTour\/Revue-presse-2011\/AT2011_Midi-Libre3.jpg","type":"","width":"","height":""}],"author":"Mathieu","twitter_card":"summary_large_image","twitter_misc":{"\u00c9crit par":"Mathieu","Dur\u00e9e de lecture estim\u00e9e":"3 minutes"},"schema":{"@context":"https:\/\/schema.org","@graph":[{"@type":"Article","@id":"https:\/\/www.altercampagne.net\/?p=4380#article","isPartOf":{"@id":"https:\/\/www.altercampagne.net\/?p=4380"},"author":{"name":"Mathieu","@id":"https:\/\/www.altercampagne.net\/#\/schema\/person\/0f261460c09e430caa0f9bcffa319109"},"headline":"Lunel. Bruno Sans, aventurier solitaire en handbike","datePublished":"2011-08-13T07:31:09+00:00","dateModified":"2016-04-21T07:36:46+00:00","mainEntityOfPage":{"@id":"https:\/\/www.altercampagne.net\/?p=4380"},"wordCount":574,"image":{"@id":"https:\/\/www.altercampagne.net\/?p=4380#primaryimage"},"thumbnailUrl":"http:\/\/altercampagne.free.fr\/pages\/2008\/AlterTour\/Revue-presse-2011\/AT2011_Midi-Libre3.jpg","keywords":["larzac","AlterTour 2011","Bruno sans","handbike","Midi-Pyr\u00e9n\u00e9es","Aveyron","Ari\u00e8ge","h\u00e9rault","2011","Lunel"],"articleSection":["Revue de presse"],"inLanguage":"fr-FR"},{"@type":"WebPage","@id":"https:\/\/www.altercampagne.net\/?p=4380","url":"https:\/\/www.altercampagne.net\/?p=4380","name":"Lunel. Bruno Sans, aventurier solitaire en handbike - AlterTour","isPartOf":{"@id":"https:\/\/www.altercampagne.net\/#website"},"primaryImageOfPage":{"@id":"https:\/\/www.altercampagne.net\/?p=4380#primaryimage"},"image":{"@id":"https:\/\/www.altercampagne.net\/?p=4380#primaryimage"},"thumbnailUrl":"http:\/\/altercampagne.free.fr\/pages\/2008\/AlterTour\/Revue-presse-2011\/AT2011_Midi-Libre3.jpg","datePublished":"2011-08-13T07:31:09+00:00","dateModified":"2016-04-21T07:36:46+00:00","author":{"@id":"https:\/\/www.altercampagne.net\/#\/schema\/person\/0f261460c09e430caa0f9bcffa319109"},"breadcrumb":{"@id":"https:\/\/www.altercampagne.net\/?p=4380#breadcrumb"},"inLanguage":"fr-FR","potentialAction":[{"@type":"ReadAction","target":["https:\/\/www.altercampagne.net\/?p=4380"]}]},{"@type":"ImageObject","inLanguage":"fr-FR","@id":"https:\/\/www.altercampagne.net\/?p=4380#primaryimage","url":"http:\/\/altercampagne.free.fr\/pages\/2008\/AlterTour\/Revue-presse-2011\/AT2011_Midi-Libre3.jpg","contentUrl":"http:\/\/altercampagne.free.fr\/pages\/2008\/AlterTour\/Revue-presse-2011\/AT2011_Midi-Libre3.jpg"},{"@type":"BreadcrumbList","@id":"https:\/\/www.altercampagne.net\/?p=4380#breadcrumb","itemListElement":[{"@type":"ListItem","position":1,"name":"Accueil","item":"https:\/\/www.altercampagne.net\/"},{"@type":"ListItem","position":2,"name":"Lunel. Bruno Sans, aventurier solitaire en handbike"}]},{"@type":"WebSite","@id":"https:\/\/www.altercampagne.net\/#website","url":"https:\/\/www.altercampagne.net\/","name":"AlterTour","description":"Reliez les Alternatives \u00e0 v\u00e9lo","potentialAction":[{"@type":"SearchAction","target":{"@type":"EntryPoint","urlTemplate":"https:\/\/www.altercampagne.net\/?s={search_term_string}"},"query-input":{"@type":"PropertyValueSpecification","valueRequired":true,"valueName":"search_term_string"}}],"inLanguage":"fr-FR"},{"@type":"Person","@id":"https:\/\/www.altercampagne.net\/#\/schema\/person\/0f261460c09e430caa0f9bcffa319109","name":"Mathieu","image":{"@type":"ImageObject","inLanguage":"fr-FR","@id":"https:\/\/secure.gravatar.com\/avatar\/aa9d3d24c83f2141e5e2709d0f63d09a99f6be6bb7a50abc4915838d9f54501a?s=96&d=mm&r=g","url":"https:\/\/secure.gravatar.com\/avatar\/aa9d3d24c83f2141e5e2709d0f63d09a99f6be6bb7a50abc4915838d9f54501a?s=96&d=mm&r=g","contentUrl":"https:\/\/secure.gravatar.com\/avatar\/aa9d3d24c83f2141e5e2709d0f63d09a99f6be6bb7a50abc4915838d9f54501a?s=96&d=mm&r=g","caption":"Mathieu"},"url":"https:\/\/www.altercampagne.net\/?author=214"}]}},"_links":{"self":[{"href":"https:\/\/www.altercampagne.net\/index.php?rest_route=\/wp\/v2\/posts\/4380","targetHints":{"allow":["GET"]}}],"collection":[{"href":"https:\/\/www.altercampagne.net\/index.php?rest_route=\/wp\/v2\/posts"}],"about":[{"href":"https:\/\/www.altercampagne.net\/index.php?rest_route=\/wp\/v2\/types\/post"}],"author":[{"embeddable":true,"href":"https:\/\/www.altercampagne.net\/index.php?rest_route=\/wp\/v2\/users\/214"}],"replies":[{"embeddable":true,"href":"https:\/\/www.altercampagne.net\/index.php?rest_route=%2Fwp%2Fv2%2Fcomments&post=4380"}],"version-history":[{"count":0,"href":"https:\/\/www.altercampagne.net\/index.php?rest_route=\/wp\/v2\/posts\/4380\/revisions"}],"wp:attachment":[{"href":"https:\/\/www.altercampagne.net\/index.php?rest_route=%2Fwp%2Fv2%2Fmedia&parent=4380"}],"wp:term":[{"taxonomy":"category","embeddable":true,"href":"https:\/\/www.altercampagne.net\/index.php?rest_route=%2Fwp%2Fv2%2Fcategories&post=4380"},{"taxonomy":"post_tag","embeddable":true,"href":"https:\/\/www.altercampagne.net\/index.php?rest_route=%2Fwp%2Fv2%2Ftags&post=4380"}],"curies":[{"name":"wp","href":"https:\/\/api.w.org\/{rel}","templated":true}]}}