{"id":4383,"date":"2011-08-11T09:37:03","date_gmt":"2011-08-11T07:37:03","guid":{"rendered":"http:\/\/www.altercampagne.net\/?p=4383"},"modified":"2016-04-21T09:47:34","modified_gmt":"2016-04-21T07:47:34","slug":"bourg-en-bresse-meilleurs-souvenirs-de-laltertour-boucle-par-six-bressans","status":"publish","type":"post","link":"https:\/\/www.altercampagne.net\/?p=4383","title":{"rendered":"Bourg-en-Bresse. Meilleurs souvenirs de l\u2019AlterTour boucl\u00e9 par six Bressans"},"content":{"rendered":"<p><img loading=\"lazy\" decoding=\"async\" class=\" alignleft\" src=\"http:\/\/altercampagne.free.fr\/pages\/2008\/AlterTour\/Revue-presse-2011\/AT2011_Le-Progres4.jpg\" alt=\"\" width=\"400\" height=\"300\" \/>Six cyclotouristes de l\u2019Ain figuraient parmi une bonne cinquantaine de personnes qui ont termin\u00e9, dimanche, le parcours de l\u2019AlterTour, sur le plateau du Larzac.<\/p>\n<p>Le parcours avait commenc\u00e9 \u00e0 Gen\u00e8ve le 2 juillet. Tout le monde n\u2019a pas p\u00e9dal\u00e9 pendant plus d\u2019un mois : le principe \u00e9tait de se relayer, tout au long de cet itin\u00e9raire riche en d\u00e9couvertes. \u00c0 chaque \u00e9tape, une rencontre instructive \u00e9tait organis\u00e9e : une conf\u00e9rence, une visite, une manifestation, un festival\u2026 L\u2019occasion de s\u2019informer sur de nombreuses alternatives, dans des domaines vari\u00e9s : \u00e9nergie, alimentation, habitat\u2026<\/p>\n<p>En Camargue, les altercyclistes ont rencontr\u00e9 Bernard Poujols, riziculteur : le premier en France, il a eu l&rsquo;id\u00e9e d&rsquo;associer \u00e0 sa production de riz bio un lot de 150 canards qui d\u00e9vorent uniquement les mauvaises herbes qui \u00e9touffent le riz. Le r\u00e9sultat est \u00e9tonnant, avec un rendement bien sup\u00e9rieur \u00e0 celui obtenu par les proc\u00e9d\u00e9s chimiques habituels et son exp\u00e9rience est suivie avec beaucoup d&rsquo;int\u00e9r\u00eat par l&rsquo;Inra (Institut national de la recherche agronomique) de Montpellier.<\/p>\n<p>\u00ab Une journ\u00e9e sur l&rsquo;AlterTour, ce n&rsquo;est pas tout \u00e0 fait un club de vacances ! \u00bb, relate Michel Sarbach, un habitu\u00e9 burgien. Il ne s&rsquo;agit pas uniquement de faire du v\u00e9lo. Un roulement s\u2019\u00e9tablit pour que chacun participe aux \u00e0-c\u00f4t\u00e9s. Le tableau des t\u00e2ches doit \u00eatre rempli avant le d\u00e9part, tous les matins entre 6 et 8 heures : assurer le r\u00e9veil en chanson ou po\u00e8me, pr\u00e9parer le petit-d\u00e9jeuner avant l&rsquo;heure, piloter ou copiloter les deux minibus d&rsquo;accompagnement, pr\u00e9parer les repas, faire la vaisselle ou les courses \u2026 pour faire fonctionner cette organisation dans la joie et la bonne humeur et que tout le monde s&rsquo;y retrouve. Et chaque soir, on monte les tentes !<\/p>\n<p>Bruno, altercycliste parapl\u00e9gique, a rejoint l\u2019AlterTour pour les six derni\u00e8res \u00e9tapes, sur son tricycle m\u00fb seulement \u00e0 la force des bras. Plusieurs altercyclistes se sont relay\u00e9s pour l&rsquo;aider dans les pentes les plus fortes, en le tractant avec les moyens du bord.<\/p>\n<p style=\"text-align: right;\"><strong>C\u00e9cile Chambon, le Progr\u00e8s<\/strong><\/p>\n<p style=\"text-align: left;\">Source : <a href=\"http:\/\/www.leprogres.fr\/\" target=\"_blank\">http:\/\/www.leprogres.fr\/<\/a><\/p>\n","protected":false},"excerpt":{"rendered":"<p>Six cyclotouristes de l\u2019Ain figuraient parmi une bonne cinquantaine de personnes qui ont termin\u00e9, dimanche, le parcours de l\u2019AlterTour, sur le plateau du Larzac. Le parcours avait commenc\u00e9 \u00e0 Gen\u00e8ve le 2 juillet. Tout le monde n\u2019a pas p\u00e9dal\u00e9 pendant plus d\u2019un mois : le principe \u00e9tait de se relayer, &#8230; <\/p>\n<div><a href=\"https:\/\/www.altercampagne.net\/?p=4383\" class=\"more-link\">Read More<\/a><\/div>\n","protected":false},"author":214,"featured_media":0,"comment_status":"closed","ping_status":"closed","sticky":false,"template":"","format":"standard","meta":{"footnotes":""},"categories":[239],"tags":[836,1075,1973,1979,2016,2017,2018,2019],"class_list":["post-4383","post","type-post","status-publish","format-standard","hentry","category-revue-de-presse","tag-altertour-2011","tag-gard","tag-languedoc-roussillon","tag-1979","tag-bernard-poujols","tag-camargue","tag-saint-gilles","tag-riziculteur","no-post-thumbnail"],"yoast_head":"<!-- This site is optimized with the Yoast SEO plugin v27.3 - https:\/\/yoast.com\/product\/yoast-seo-wordpress\/ -->\n<title>Bourg-en-Bresse. Meilleurs souvenirs de l\u2019AlterTour boucl\u00e9 par six Bressans - AlterTour<\/title>\n<meta name=\"robots\" content=\"index, follow, max-snippet:-1, max-image-preview:large, max-video-preview:-1\" \/>\n<link rel=\"canonical\" href=\"https:\/\/www.altercampagne.net\/?p=4383\" \/>\n<meta property=\"og:locale\" content=\"fr_FR\" \/>\n<meta property=\"og:type\" content=\"article\" \/>\n<meta property=\"og:title\" content=\"Bourg-en-Bresse. Meilleurs souvenirs de l\u2019AlterTour boucl\u00e9 par six Bressans - AlterTour\" \/>\n<meta property=\"og:description\" content=\"Six cyclotouristes de l\u2019Ain figuraient parmi une bonne cinquantaine de personnes qui ont termin\u00e9, dimanche, le parcours de l\u2019AlterTour, sur le plateau du Larzac. Le parcours avait commenc\u00e9 \u00e0 Gen\u00e8ve le 2 juillet. Tout le monde n\u2019a pas p\u00e9dal\u00e9 pendant plus d\u2019un mois : le principe \u00e9tait de se relayer, ... Read More\" \/>\n<meta property=\"og:url\" content=\"https:\/\/www.altercampagne.net\/?p=4383\" \/>\n<meta property=\"og:site_name\" content=\"AlterTour\" \/>\n<meta property=\"article:published_time\" content=\"2011-08-11T07:37:03+00:00\" \/>\n<meta property=\"article:modified_time\" content=\"2016-04-21T07:47:34+00:00\" \/>\n<meta property=\"og:image\" content=\"http:\/\/altercampagne.free.fr\/pages\/2008\/AlterTour\/Revue-presse-2011\/AT2011_Le-Progres4.jpg\" \/>\n<meta name=\"author\" content=\"Mathieu\" \/>\n<meta name=\"twitter:card\" content=\"summary_large_image\" \/>\n<meta name=\"twitter:label1\" content=\"\u00c9crit par\" \/>\n\t<meta name=\"twitter:data1\" content=\"Mathieu\" \/>\n\t<meta name=\"twitter:label2\" content=\"Dur\u00e9e de lecture estim\u00e9e\" \/>\n\t<meta name=\"twitter:data2\" content=\"2 minutes\" \/>\n<script type=\"application\/ld+json\" class=\"yoast-schema-graph\">{\"@context\":\"https:\\\/\\\/schema.org\",\"@graph\":[{\"@type\":\"Article\",\"@id\":\"https:\\\/\\\/www.altercampagne.net\\\/?p=4383#article\",\"isPartOf\":{\"@id\":\"https:\\\/\\\/www.altercampagne.net\\\/?p=4383\"},\"author\":{\"name\":\"Mathieu\",\"@id\":\"https:\\\/\\\/www.altercampagne.net\\\/#\\\/schema\\\/person\\\/0f261460c09e430caa0f9bcffa319109\"},\"headline\":\"Bourg-en-Bresse. Meilleurs souvenirs de l\u2019AlterTour boucl\u00e9 par six Bressans\",\"datePublished\":\"2011-08-11T07:37:03+00:00\",\"dateModified\":\"2016-04-21T07:47:34+00:00\",\"mainEntityOfPage\":{\"@id\":\"https:\\\/\\\/www.altercampagne.net\\\/?p=4383\"},\"wordCount\":374,\"image\":{\"@id\":\"https:\\\/\\\/www.altercampagne.net\\\/?p=4383#primaryimage\"},\"thumbnailUrl\":\"http:\\\/\\\/altercampagne.free.fr\\\/pages\\\/2008\\\/AlterTour\\\/Revue-presse-2011\\\/AT2011_Le-Progres4.jpg\",\"keywords\":[\"AlterTour 2011\",\"Gard\",\"languedoc-roussillon\",\"2011\",\"Bernard Poujols\",\"Camargue\",\"Saint Gilles\",\"riziculteur\"],\"articleSection\":[\"Revue de presse\"],\"inLanguage\":\"fr-FR\"},{\"@type\":\"WebPage\",\"@id\":\"https:\\\/\\\/www.altercampagne.net\\\/?p=4383\",\"url\":\"https:\\\/\\\/www.altercampagne.net\\\/?p=4383\",\"name\":\"Bourg-en-Bresse. Meilleurs souvenirs de l\u2019AlterTour boucl\u00e9 par six Bressans - AlterTour\",\"isPartOf\":{\"@id\":\"https:\\\/\\\/www.altercampagne.net\\\/#website\"},\"primaryImageOfPage\":{\"@id\":\"https:\\\/\\\/www.altercampagne.net\\\/?p=4383#primaryimage\"},\"image\":{\"@id\":\"https:\\\/\\\/www.altercampagne.net\\\/?p=4383#primaryimage\"},\"thumbnailUrl\":\"http:\\\/\\\/altercampagne.free.fr\\\/pages\\\/2008\\\/AlterTour\\\/Revue-presse-2011\\\/AT2011_Le-Progres4.jpg\",\"datePublished\":\"2011-08-11T07:37:03+00:00\",\"dateModified\":\"2016-04-21T07:47:34+00:00\",\"author\":{\"@id\":\"https:\\\/\\\/www.altercampagne.net\\\/#\\\/schema\\\/person\\\/0f261460c09e430caa0f9bcffa319109\"},\"breadcrumb\":{\"@id\":\"https:\\\/\\\/www.altercampagne.net\\\/?p=4383#breadcrumb\"},\"inLanguage\":\"fr-FR\",\"potentialAction\":[{\"@type\":\"ReadAction\",\"target\":[\"https:\\\/\\\/www.altercampagne.net\\\/?p=4383\"]}]},{\"@type\":\"ImageObject\",\"inLanguage\":\"fr-FR\",\"@id\":\"https:\\\/\\\/www.altercampagne.net\\\/?p=4383#primaryimage\",\"url\":\"http:\\\/\\\/altercampagne.free.fr\\\/pages\\\/2008\\\/AlterTour\\\/Revue-presse-2011\\\/AT2011_Le-Progres4.jpg\",\"contentUrl\":\"http:\\\/\\\/altercampagne.free.fr\\\/pages\\\/2008\\\/AlterTour\\\/Revue-presse-2011\\\/AT2011_Le-Progres4.jpg\"},{\"@type\":\"BreadcrumbList\",\"@id\":\"https:\\\/\\\/www.altercampagne.net\\\/?p=4383#breadcrumb\",\"itemListElement\":[{\"@type\":\"ListItem\",\"position\":1,\"name\":\"Accueil\",\"item\":\"https:\\\/\\\/www.altercampagne.net\\\/\"},{\"@type\":\"ListItem\",\"position\":2,\"name\":\"Bourg-en-Bresse. Meilleurs souvenirs de l\u2019AlterTour boucl\u00e9 par six Bressans\"}]},{\"@type\":\"WebSite\",\"@id\":\"https:\\\/\\\/www.altercampagne.net\\\/#website\",\"url\":\"https:\\\/\\\/www.altercampagne.net\\\/\",\"name\":\"AlterTour\",\"description\":\"Reliez les Alternatives \u00e0 v\u00e9lo\",\"potentialAction\":[{\"@type\":\"SearchAction\",\"target\":{\"@type\":\"EntryPoint\",\"urlTemplate\":\"https:\\\/\\\/www.altercampagne.net\\\/?s={search_term_string}\"},\"query-input\":{\"@type\":\"PropertyValueSpecification\",\"valueRequired\":true,\"valueName\":\"search_term_string\"}}],\"inLanguage\":\"fr-FR\"},{\"@type\":\"Person\",\"@id\":\"https:\\\/\\\/www.altercampagne.net\\\/#\\\/schema\\\/person\\\/0f261460c09e430caa0f9bcffa319109\",\"name\":\"Mathieu\",\"image\":{\"@type\":\"ImageObject\",\"inLanguage\":\"fr-FR\",\"@id\":\"https:\\\/\\\/secure.gravatar.com\\\/avatar\\\/aa9d3d24c83f2141e5e2709d0f63d09a99f6be6bb7a50abc4915838d9f54501a?s=96&d=mm&r=g\",\"url\":\"https:\\\/\\\/secure.gravatar.com\\\/avatar\\\/aa9d3d24c83f2141e5e2709d0f63d09a99f6be6bb7a50abc4915838d9f54501a?s=96&d=mm&r=g\",\"contentUrl\":\"https:\\\/\\\/secure.gravatar.com\\\/avatar\\\/aa9d3d24c83f2141e5e2709d0f63d09a99f6be6bb7a50abc4915838d9f54501a?s=96&d=mm&r=g\",\"caption\":\"Mathieu\"},\"url\":\"https:\\\/\\\/www.altercampagne.net\\\/?author=214\"}]}<\/script>\n<!-- \/ Yoast SEO plugin. -->","yoast_head_json":{"title":"Bourg-en-Bresse. Meilleurs souvenirs de l\u2019AlterTour boucl\u00e9 par six Bressans - AlterTour","robots":{"index":"index","follow":"follow","max-snippet":"max-snippet:-1","max-image-preview":"max-image-preview:large","max-video-preview":"max-video-preview:-1"},"canonical":"https:\/\/www.altercampagne.net\/?p=4383","og_locale":"fr_FR","og_type":"article","og_title":"Bourg-en-Bresse. Meilleurs souvenirs de l\u2019AlterTour boucl\u00e9 par six Bressans - AlterTour","og_description":"Six cyclotouristes de l\u2019Ain figuraient parmi une bonne cinquantaine de personnes qui ont termin\u00e9, dimanche, le parcours de l\u2019AlterTour, sur le plateau du Larzac. Le parcours avait commenc\u00e9 \u00e0 Gen\u00e8ve le 2 juillet. Tout le monde n\u2019a pas p\u00e9dal\u00e9 pendant plus d\u2019un mois : le principe \u00e9tait de se relayer, ... Read More","og_url":"https:\/\/www.altercampagne.net\/?p=4383","og_site_name":"AlterTour","article_published_time":"2011-08-11T07:37:03+00:00","article_modified_time":"2016-04-21T07:47:34+00:00","og_image":[{"url":"http:\/\/altercampagne.free.fr\/pages\/2008\/AlterTour\/Revue-presse-2011\/AT2011_Le-Progres4.jpg","type":"","width":"","height":""}],"author":"Mathieu","twitter_card":"summary_large_image","twitter_misc":{"\u00c9crit par":"Mathieu","Dur\u00e9e de lecture estim\u00e9e":"2 minutes"},"schema":{"@context":"https:\/\/schema.org","@graph":[{"@type":"Article","@id":"https:\/\/www.altercampagne.net\/?p=4383#article","isPartOf":{"@id":"https:\/\/www.altercampagne.net\/?p=4383"},"author":{"name":"Mathieu","@id":"https:\/\/www.altercampagne.net\/#\/schema\/person\/0f261460c09e430caa0f9bcffa319109"},"headline":"Bourg-en-Bresse. Meilleurs souvenirs de l\u2019AlterTour boucl\u00e9 par six Bressans","datePublished":"2011-08-11T07:37:03+00:00","dateModified":"2016-04-21T07:47:34+00:00","mainEntityOfPage":{"@id":"https:\/\/www.altercampagne.net\/?p=4383"},"wordCount":374,"image":{"@id":"https:\/\/www.altercampagne.net\/?p=4383#primaryimage"},"thumbnailUrl":"http:\/\/altercampagne.free.fr\/pages\/2008\/AlterTour\/Revue-presse-2011\/AT2011_Le-Progres4.jpg","keywords":["AlterTour 2011","Gard","languedoc-roussillon","2011","Bernard Poujols","Camargue","Saint Gilles","riziculteur"],"articleSection":["Revue de presse"],"inLanguage":"fr-FR"},{"@type":"WebPage","@id":"https:\/\/www.altercampagne.net\/?p=4383","url":"https:\/\/www.altercampagne.net\/?p=4383","name":"Bourg-en-Bresse. Meilleurs souvenirs de l\u2019AlterTour boucl\u00e9 par six Bressans - AlterTour","isPartOf":{"@id":"https:\/\/www.altercampagne.net\/#website"},"primaryImageOfPage":{"@id":"https:\/\/www.altercampagne.net\/?p=4383#primaryimage"},"image":{"@id":"https:\/\/www.altercampagne.net\/?p=4383#primaryimage"},"thumbnailUrl":"http:\/\/altercampagne.free.fr\/pages\/2008\/AlterTour\/Revue-presse-2011\/AT2011_Le-Progres4.jpg","datePublished":"2011-08-11T07:37:03+00:00","dateModified":"2016-04-21T07:47:34+00:00","author":{"@id":"https:\/\/www.altercampagne.net\/#\/schema\/person\/0f261460c09e430caa0f9bcffa319109"},"breadcrumb":{"@id":"https:\/\/www.altercampagne.net\/?p=4383#breadcrumb"},"inLanguage":"fr-FR","potentialAction":[{"@type":"ReadAction","target":["https:\/\/www.altercampagne.net\/?p=4383"]}]},{"@type":"ImageObject","inLanguage":"fr-FR","@id":"https:\/\/www.altercampagne.net\/?p=4383#primaryimage","url":"http:\/\/altercampagne.free.fr\/pages\/2008\/AlterTour\/Revue-presse-2011\/AT2011_Le-Progres4.jpg","contentUrl":"http:\/\/altercampagne.free.fr\/pages\/2008\/AlterTour\/Revue-presse-2011\/AT2011_Le-Progres4.jpg"},{"@type":"BreadcrumbList","@id":"https:\/\/www.altercampagne.net\/?p=4383#breadcrumb","itemListElement":[{"@type":"ListItem","position":1,"name":"Accueil","item":"https:\/\/www.altercampagne.net\/"},{"@type":"ListItem","position":2,"name":"Bourg-en-Bresse. Meilleurs souvenirs de l\u2019AlterTour boucl\u00e9 par six Bressans"}]},{"@type":"WebSite","@id":"https:\/\/www.altercampagne.net\/#website","url":"https:\/\/www.altercampagne.net\/","name":"AlterTour","description":"Reliez les Alternatives \u00e0 v\u00e9lo","potentialAction":[{"@type":"SearchAction","target":{"@type":"EntryPoint","urlTemplate":"https:\/\/www.altercampagne.net\/?s={search_term_string}"},"query-input":{"@type":"PropertyValueSpecification","valueRequired":true,"valueName":"search_term_string"}}],"inLanguage":"fr-FR"},{"@type":"Person","@id":"https:\/\/www.altercampagne.net\/#\/schema\/person\/0f261460c09e430caa0f9bcffa319109","name":"Mathieu","image":{"@type":"ImageObject","inLanguage":"fr-FR","@id":"https:\/\/secure.gravatar.com\/avatar\/aa9d3d24c83f2141e5e2709d0f63d09a99f6be6bb7a50abc4915838d9f54501a?s=96&d=mm&r=g","url":"https:\/\/secure.gravatar.com\/avatar\/aa9d3d24c83f2141e5e2709d0f63d09a99f6be6bb7a50abc4915838d9f54501a?s=96&d=mm&r=g","contentUrl":"https:\/\/secure.gravatar.com\/avatar\/aa9d3d24c83f2141e5e2709d0f63d09a99f6be6bb7a50abc4915838d9f54501a?s=96&d=mm&r=g","caption":"Mathieu"},"url":"https:\/\/www.altercampagne.net\/?author=214"}]}},"_links":{"self":[{"href":"https:\/\/www.altercampagne.net\/index.php?rest_route=\/wp\/v2\/posts\/4383","targetHints":{"allow":["GET"]}}],"collection":[{"href":"https:\/\/www.altercampagne.net\/index.php?rest_route=\/wp\/v2\/posts"}],"about":[{"href":"https:\/\/www.altercampagne.net\/index.php?rest_route=\/wp\/v2\/types\/post"}],"author":[{"embeddable":true,"href":"https:\/\/www.altercampagne.net\/index.php?rest_route=\/wp\/v2\/users\/214"}],"replies":[{"embeddable":true,"href":"https:\/\/www.altercampagne.net\/index.php?rest_route=%2Fwp%2Fv2%2Fcomments&post=4383"}],"version-history":[{"count":0,"href":"https:\/\/www.altercampagne.net\/index.php?rest_route=\/wp\/v2\/posts\/4383\/revisions"}],"wp:attachment":[{"href":"https:\/\/www.altercampagne.net\/index.php?rest_route=%2Fwp%2Fv2%2Fmedia&parent=4383"}],"wp:term":[{"taxonomy":"category","embeddable":true,"href":"https:\/\/www.altercampagne.net\/index.php?rest_route=%2Fwp%2Fv2%2Fcategories&post=4383"},{"taxonomy":"post_tag","embeddable":true,"href":"https:\/\/www.altercampagne.net\/index.php?rest_route=%2Fwp%2Fv2%2Ftags&post=4383"}],"curies":[{"name":"wp","href":"https:\/\/api.w.org\/{rel}","templated":true}]}}