{"id":4388,"date":"2011-08-06T09:52:26","date_gmt":"2011-08-06T07:52:26","guid":{"rendered":"http:\/\/www.altercampagne.net\/?p=4388"},"modified":"2016-04-21T11:31:20","modified_gmt":"2016-04-21T09:31:20","slug":"les-tours-de-france-a-velo-des-alters-arrive-sur-le-larzac","status":"publish","type":"post","link":"https:\/\/www.altercampagne.net\/?p=4388","title":{"rendered":"Les tours de France \u00e0 v\u00e9lo des Alters arrive sur le Larzac"},"content":{"rendered":"<div class=\"full-content\">\n<p>C\u0092&rsquo;est l\u0092&rsquo;anti tour de France du dopage et de la comp\u00e9titivit\u00e9\u00a0\u00bb, revendique Robert Carri\u00e8re, un des organisateurs aveyronnais de la 4e \u00e9dition de l&rsquo;\u0092AlterTour. Partis le 2\u00a0juillet de Gen\u00e8ve, une soixantaine de participants p\u00e9dalent avec une motivation toute militante. Pour la sobri\u00e9t\u00e9 \u00e9nerg\u00e9tique.<\/p>\n<p>Venus de toute l\u0092&rsquo;Europe, ils sont arriv\u00e9s hier soir \u00e0 Saint-Martin-du-Larzac. Pas de discours \u00e0 l\u0092&rsquo;arriv\u00e9e. M\u00eame s\u0092ils se sont arr\u00eat\u00e9s dans l\u0092&rsquo;ancien Gaec de Jos\u00e9 Bov\u00e9. Histoire d\u0092&rsquo;aller v\u00e9n\u00e9rer l&rsquo;\u0092ic\u00f4ne des mouvements altermondialistes et de comm\u00e9morer les 30e et 40e anniversaires de la lutte du Larzac.<\/p>\n<p>La verve et le d\u00e9bat sont r\u00e9serv\u00e9s pour aujourd&rsquo;\u0092hui au forum des associations qui se d\u00e9roulera \u00e0 Saint-Martin. On y parlera de luttes forc\u00e9ment. Pour le service public, en particulier. Et bien s\u00fbr, l\u0092&rsquo;\u00e9cologie sera une des pierres angulaires des discussions.<\/p>\n<p>L\u0092&rsquo;AlterTour, c\u0092est le contresens manifeste contre tout ce qui repr\u00e9sente la Grande boucle. \u00ab\u00a0C&rsquo;\u0092est un tour cycliste solidaire. Nous sommes en opposition avec l\u0092&rsquo;esprit de comp\u00e9tition\u00a0\u00bb, affirme Robert Carri\u00e8re. Pas de publicit\u00e9, mais juste des flyers distribu\u00e9s lors des diff\u00e9rentes \u00e9tapes. Tout le monde arbore le m\u00eame maillot. Ici, pas question d\u0092&rsquo;arriver le premier. \u00ab\u00a0Mais tous ensemble, explique Robert Carri\u00e8re. Ceux qui sont en t\u00eate attendent la queue de peloton\u00a0\u00bb. Bref, \u00e0 chaque passage dans une ville, nos militants tentent de convaincre \u00e0 la \u00ab\u00a0V\u00e9lolution\u00a0\u00bb. \u00ab\u00a0Nous revendiquons qu\u0092il existe une autre mani\u00e8re de se d\u00e9placer. Au lieu du tout voiture et du 4&#215;4\u00a0\u00bb, pr\u00f4ne le militant.<\/p>\n<p><strong>F\u00eate de cl\u00f4ture<\/strong> aujourd&rsquo;\u0092hui \u00e0 Saint-Martin : \u00e9vocation de la lutte du Larzac avec L\u00e9on Maill\u00e9, Alain Desjardin, Jos\u00e9 Bov\u00e9 de 14 h \u00e0 16 h ; pr\u00e9sentation des luttes pour la d\u00e9fense des services publics de 16 h \u00e0 17 h 30 ; de 17 h 30 \u00e0 19 h, deux ateliers simultan\u00e9s : combats de l\u0092&rsquo;\u00c9ducation nationale et sobri\u00e9t\u00e9 \u00e9nerg\u00e9tique ; 20 h 30, repas partag\u00e9 ; soir\u00e9e musicale avec l\u0092&rsquo;\u00c9cho des Avens.<\/p>\n<p style=\"text-align: right;\"><strong><span class=\"author\"><span class=\"strong\">GUILLAUME BERNARDEAU<\/span><\/span>, Midi Libre<\/strong><\/p>\n<p>Source : <a href=\"http:\/\/www.midilibre.fr\/2011\/08\/05\/les-tour-de-france-a-velo-des-alters-arrive-sur-le-larzac,367063.php\" target=\"_blank\">http:\/\/www.midilibre.fr\/2011\/08\/05\/les-tour-de-france-a-velo-des-alters-arrive-sur-le-larzac,367063.php<\/a><\/p>\n<\/div>\n","protected":false},"excerpt":{"rendered":"<p>C\u0092&rsquo;est l\u0092&rsquo;anti tour de France du dopage et de la comp\u00e9titivit\u00e9\u00a0\u00bb, revendique Robert Carri\u00e8re, un des organisateurs aveyronnais de la 4e \u00e9dition de l&rsquo;\u0092AlterTour. Partis le 2\u00a0juillet de Gen\u00e8ve, une soixantaine de participants p\u00e9dalent avec une motivation toute militante. Pour la sobri\u00e9t\u00e9 \u00e9nerg\u00e9tique. Venus de toute l\u0092&rsquo;Europe, ils sont arriv\u00e9s &#8230; <\/p>\n<div><a href=\"https:\/\/www.altercampagne.net\/?p=4388\" class=\"more-link\">Read More<\/a><\/div>\n","protected":false},"author":214,"featured_media":0,"comment_status":"closed","ping_status":"closed","sticky":false,"template":"","format":"standard","meta":{"footnotes":""},"categories":[239],"tags":[705,836,1844,1923,1979,2022,2023,2024,2025,2026,2027,2028],"class_list":["post-4388","post","type-post","status-publish","format-standard","hentry","category-revue-de-presse","tag-larzac","tag-altertour-2011","tag-midi-pyrenees","tag-aveyron","tag-1979","tag-robert-carriere","tag-saint-martin-du-larzac","tag-jose-bove","tag-millau","tag-leon-maille","tag-alain-desjardin","tag-echo-des-avens","no-post-thumbnail"],"yoast_head":"<!-- This site is optimized with the Yoast SEO plugin v27.3 - https:\/\/yoast.com\/product\/yoast-seo-wordpress\/ -->\n<title>Les tours de France \u00e0 v\u00e9lo des Alters arrive sur le Larzac - AlterTour<\/title>\n<meta name=\"robots\" content=\"index, follow, max-snippet:-1, max-image-preview:large, max-video-preview:-1\" \/>\n<link rel=\"canonical\" href=\"https:\/\/www.altercampagne.net\/?p=4388\" \/>\n<meta property=\"og:locale\" content=\"fr_FR\" \/>\n<meta property=\"og:type\" content=\"article\" \/>\n<meta property=\"og:title\" content=\"Les tours de France \u00e0 v\u00e9lo des Alters arrive sur le Larzac - AlterTour\" \/>\n<meta property=\"og:description\" content=\"C\u0092&rsquo;est l\u0092&rsquo;anti tour de France du dopage et de la comp\u00e9titivit\u00e9\u00a0\u00bb, revendique Robert Carri\u00e8re, un des organisateurs aveyronnais de la 4e \u00e9dition de l&rsquo;\u0092AlterTour. Partis le 2\u00a0juillet de Gen\u00e8ve, une soixantaine de participants p\u00e9dalent avec une motivation toute militante. Pour la sobri\u00e9t\u00e9 \u00e9nerg\u00e9tique. Venus de toute l\u0092&rsquo;Europe, ils sont arriv\u00e9s ... Read More\" \/>\n<meta property=\"og:url\" content=\"https:\/\/www.altercampagne.net\/?p=4388\" \/>\n<meta property=\"og:site_name\" content=\"AlterTour\" \/>\n<meta property=\"article:published_time\" content=\"2011-08-06T07:52:26+00:00\" \/>\n<meta property=\"article:modified_time\" content=\"2016-04-21T09:31:20+00:00\" \/>\n<meta name=\"author\" content=\"Mathieu\" \/>\n<meta name=\"twitter:card\" content=\"summary_large_image\" \/>\n<meta name=\"twitter:label1\" content=\"\u00c9crit par\" \/>\n\t<meta name=\"twitter:data1\" content=\"Mathieu\" \/>\n\t<meta name=\"twitter:label2\" content=\"Dur\u00e9e de lecture estim\u00e9e\" \/>\n\t<meta name=\"twitter:data2\" content=\"2 minutes\" \/>\n<script type=\"application\/ld+json\" class=\"yoast-schema-graph\">{\"@context\":\"https:\\\/\\\/schema.org\",\"@graph\":[{\"@type\":\"Article\",\"@id\":\"https:\\\/\\\/www.altercampagne.net\\\/?p=4388#article\",\"isPartOf\":{\"@id\":\"https:\\\/\\\/www.altercampagne.net\\\/?p=4388\"},\"author\":{\"name\":\"Mathieu\",\"@id\":\"https:\\\/\\\/www.altercampagne.net\\\/#\\\/schema\\\/person\\\/0f261460c09e430caa0f9bcffa319109\"},\"headline\":\"Les tours de France \u00e0 v\u00e9lo des Alters arrive sur le Larzac\",\"datePublished\":\"2011-08-06T07:52:26+00:00\",\"dateModified\":\"2016-04-21T09:31:20+00:00\",\"mainEntityOfPage\":{\"@id\":\"https:\\\/\\\/www.altercampagne.net\\\/?p=4388\"},\"wordCount\":372,\"keywords\":[\"larzac\",\"AlterTour 2011\",\"Midi-Pyr\u00e9n\u00e9es\",\"Aveyron\",\"2011\",\"Robert Carri\u00e8re\",\"Saint-Martin-du-Larzac\",\"Jos\u00e9 Bov\u00e9\",\"Millau\",\"L\u00e9on Maill\u00e9\",\"Alain Desjardin\",\"\u00c9cho des Avens\"],\"articleSection\":[\"Revue de presse\"],\"inLanguage\":\"fr-FR\"},{\"@type\":\"WebPage\",\"@id\":\"https:\\\/\\\/www.altercampagne.net\\\/?p=4388\",\"url\":\"https:\\\/\\\/www.altercampagne.net\\\/?p=4388\",\"name\":\"Les tours de France \u00e0 v\u00e9lo des Alters arrive sur le Larzac - AlterTour\",\"isPartOf\":{\"@id\":\"https:\\\/\\\/www.altercampagne.net\\\/#website\"},\"datePublished\":\"2011-08-06T07:52:26+00:00\",\"dateModified\":\"2016-04-21T09:31:20+00:00\",\"author\":{\"@id\":\"https:\\\/\\\/www.altercampagne.net\\\/#\\\/schema\\\/person\\\/0f261460c09e430caa0f9bcffa319109\"},\"breadcrumb\":{\"@id\":\"https:\\\/\\\/www.altercampagne.net\\\/?p=4388#breadcrumb\"},\"inLanguage\":\"fr-FR\",\"potentialAction\":[{\"@type\":\"ReadAction\",\"target\":[\"https:\\\/\\\/www.altercampagne.net\\\/?p=4388\"]}]},{\"@type\":\"BreadcrumbList\",\"@id\":\"https:\\\/\\\/www.altercampagne.net\\\/?p=4388#breadcrumb\",\"itemListElement\":[{\"@type\":\"ListItem\",\"position\":1,\"name\":\"Accueil\",\"item\":\"https:\\\/\\\/www.altercampagne.net\\\/\"},{\"@type\":\"ListItem\",\"position\":2,\"name\":\"Les tours de France \u00e0 v\u00e9lo des Alters arrive sur le Larzac\"}]},{\"@type\":\"WebSite\",\"@id\":\"https:\\\/\\\/www.altercampagne.net\\\/#website\",\"url\":\"https:\\\/\\\/www.altercampagne.net\\\/\",\"name\":\"AlterTour\",\"description\":\"Reliez les Alternatives \u00e0 v\u00e9lo\",\"potentialAction\":[{\"@type\":\"SearchAction\",\"target\":{\"@type\":\"EntryPoint\",\"urlTemplate\":\"https:\\\/\\\/www.altercampagne.net\\\/?s={search_term_string}\"},\"query-input\":{\"@type\":\"PropertyValueSpecification\",\"valueRequired\":true,\"valueName\":\"search_term_string\"}}],\"inLanguage\":\"fr-FR\"},{\"@type\":\"Person\",\"@id\":\"https:\\\/\\\/www.altercampagne.net\\\/#\\\/schema\\\/person\\\/0f261460c09e430caa0f9bcffa319109\",\"name\":\"Mathieu\",\"image\":{\"@type\":\"ImageObject\",\"inLanguage\":\"fr-FR\",\"@id\":\"https:\\\/\\\/secure.gravatar.com\\\/avatar\\\/aa9d3d24c83f2141e5e2709d0f63d09a99f6be6bb7a50abc4915838d9f54501a?s=96&d=mm&r=g\",\"url\":\"https:\\\/\\\/secure.gravatar.com\\\/avatar\\\/aa9d3d24c83f2141e5e2709d0f63d09a99f6be6bb7a50abc4915838d9f54501a?s=96&d=mm&r=g\",\"contentUrl\":\"https:\\\/\\\/secure.gravatar.com\\\/avatar\\\/aa9d3d24c83f2141e5e2709d0f63d09a99f6be6bb7a50abc4915838d9f54501a?s=96&d=mm&r=g\",\"caption\":\"Mathieu\"},\"url\":\"https:\\\/\\\/www.altercampagne.net\\\/?author=214\"}]}<\/script>\n<!-- \/ Yoast SEO plugin. -->","yoast_head_json":{"title":"Les tours de France \u00e0 v\u00e9lo des Alters arrive sur le Larzac - AlterTour","robots":{"index":"index","follow":"follow","max-snippet":"max-snippet:-1","max-image-preview":"max-image-preview:large","max-video-preview":"max-video-preview:-1"},"canonical":"https:\/\/www.altercampagne.net\/?p=4388","og_locale":"fr_FR","og_type":"article","og_title":"Les tours de France \u00e0 v\u00e9lo des Alters arrive sur le Larzac - AlterTour","og_description":"C\u0092&rsquo;est l\u0092&rsquo;anti tour de France du dopage et de la comp\u00e9titivit\u00e9\u00a0\u00bb, revendique Robert Carri\u00e8re, un des organisateurs aveyronnais de la 4e \u00e9dition de l&rsquo;\u0092AlterTour. Partis le 2\u00a0juillet de Gen\u00e8ve, une soixantaine de participants p\u00e9dalent avec une motivation toute militante. Pour la sobri\u00e9t\u00e9 \u00e9nerg\u00e9tique. Venus de toute l\u0092&rsquo;Europe, ils sont arriv\u00e9s ... Read More","og_url":"https:\/\/www.altercampagne.net\/?p=4388","og_site_name":"AlterTour","article_published_time":"2011-08-06T07:52:26+00:00","article_modified_time":"2016-04-21T09:31:20+00:00","author":"Mathieu","twitter_card":"summary_large_image","twitter_misc":{"\u00c9crit par":"Mathieu","Dur\u00e9e de lecture estim\u00e9e":"2 minutes"},"schema":{"@context":"https:\/\/schema.org","@graph":[{"@type":"Article","@id":"https:\/\/www.altercampagne.net\/?p=4388#article","isPartOf":{"@id":"https:\/\/www.altercampagne.net\/?p=4388"},"author":{"name":"Mathieu","@id":"https:\/\/www.altercampagne.net\/#\/schema\/person\/0f261460c09e430caa0f9bcffa319109"},"headline":"Les tours de France \u00e0 v\u00e9lo des Alters arrive sur le Larzac","datePublished":"2011-08-06T07:52:26+00:00","dateModified":"2016-04-21T09:31:20+00:00","mainEntityOfPage":{"@id":"https:\/\/www.altercampagne.net\/?p=4388"},"wordCount":372,"keywords":["larzac","AlterTour 2011","Midi-Pyr\u00e9n\u00e9es","Aveyron","2011","Robert Carri\u00e8re","Saint-Martin-du-Larzac","Jos\u00e9 Bov\u00e9","Millau","L\u00e9on Maill\u00e9","Alain Desjardin","\u00c9cho des Avens"],"articleSection":["Revue de presse"],"inLanguage":"fr-FR"},{"@type":"WebPage","@id":"https:\/\/www.altercampagne.net\/?p=4388","url":"https:\/\/www.altercampagne.net\/?p=4388","name":"Les tours de France \u00e0 v\u00e9lo des Alters arrive sur le Larzac - AlterTour","isPartOf":{"@id":"https:\/\/www.altercampagne.net\/#website"},"datePublished":"2011-08-06T07:52:26+00:00","dateModified":"2016-04-21T09:31:20+00:00","author":{"@id":"https:\/\/www.altercampagne.net\/#\/schema\/person\/0f261460c09e430caa0f9bcffa319109"},"breadcrumb":{"@id":"https:\/\/www.altercampagne.net\/?p=4388#breadcrumb"},"inLanguage":"fr-FR","potentialAction":[{"@type":"ReadAction","target":["https:\/\/www.altercampagne.net\/?p=4388"]}]},{"@type":"BreadcrumbList","@id":"https:\/\/www.altercampagne.net\/?p=4388#breadcrumb","itemListElement":[{"@type":"ListItem","position":1,"name":"Accueil","item":"https:\/\/www.altercampagne.net\/"},{"@type":"ListItem","position":2,"name":"Les tours de France \u00e0 v\u00e9lo des Alters arrive sur le Larzac"}]},{"@type":"WebSite","@id":"https:\/\/www.altercampagne.net\/#website","url":"https:\/\/www.altercampagne.net\/","name":"AlterTour","description":"Reliez les Alternatives \u00e0 v\u00e9lo","potentialAction":[{"@type":"SearchAction","target":{"@type":"EntryPoint","urlTemplate":"https:\/\/www.altercampagne.net\/?s={search_term_string}"},"query-input":{"@type":"PropertyValueSpecification","valueRequired":true,"valueName":"search_term_string"}}],"inLanguage":"fr-FR"},{"@type":"Person","@id":"https:\/\/www.altercampagne.net\/#\/schema\/person\/0f261460c09e430caa0f9bcffa319109","name":"Mathieu","image":{"@type":"ImageObject","inLanguage":"fr-FR","@id":"https:\/\/secure.gravatar.com\/avatar\/aa9d3d24c83f2141e5e2709d0f63d09a99f6be6bb7a50abc4915838d9f54501a?s=96&d=mm&r=g","url":"https:\/\/secure.gravatar.com\/avatar\/aa9d3d24c83f2141e5e2709d0f63d09a99f6be6bb7a50abc4915838d9f54501a?s=96&d=mm&r=g","contentUrl":"https:\/\/secure.gravatar.com\/avatar\/aa9d3d24c83f2141e5e2709d0f63d09a99f6be6bb7a50abc4915838d9f54501a?s=96&d=mm&r=g","caption":"Mathieu"},"url":"https:\/\/www.altercampagne.net\/?author=214"}]}},"_links":{"self":[{"href":"https:\/\/www.altercampagne.net\/index.php?rest_route=\/wp\/v2\/posts\/4388","targetHints":{"allow":["GET"]}}],"collection":[{"href":"https:\/\/www.altercampagne.net\/index.php?rest_route=\/wp\/v2\/posts"}],"about":[{"href":"https:\/\/www.altercampagne.net\/index.php?rest_route=\/wp\/v2\/types\/post"}],"author":[{"embeddable":true,"href":"https:\/\/www.altercampagne.net\/index.php?rest_route=\/wp\/v2\/users\/214"}],"replies":[{"embeddable":true,"href":"https:\/\/www.altercampagne.net\/index.php?rest_route=%2Fwp%2Fv2%2Fcomments&post=4388"}],"version-history":[{"count":0,"href":"https:\/\/www.altercampagne.net\/index.php?rest_route=\/wp\/v2\/posts\/4388\/revisions"}],"wp:attachment":[{"href":"https:\/\/www.altercampagne.net\/index.php?rest_route=%2Fwp%2Fv2%2Fmedia&parent=4388"}],"wp:term":[{"taxonomy":"category","embeddable":true,"href":"https:\/\/www.altercampagne.net\/index.php?rest_route=%2Fwp%2Fv2%2Fcategories&post=4388"},{"taxonomy":"post_tag","embeddable":true,"href":"https:\/\/www.altercampagne.net\/index.php?rest_route=%2Fwp%2Fv2%2Ftags&post=4388"}],"curies":[{"name":"wp","href":"https:\/\/api.w.org\/{rel}","templated":true}]}}