{"id":4390,"date":"2011-08-06T10:00:29","date_gmt":"2011-08-06T08:00:29","guid":{"rendered":"http:\/\/www.altercampagne.net\/?p=4390"},"modified":"2016-04-21T11:32:26","modified_gmt":"2016-04-21T09:32:26","slug":"aveyron-les-alters-font-leur-propre-tour-de-france-et-arrivent-sur-le-larzac","status":"publish","type":"post","link":"https:\/\/www.altercampagne.net\/?p=4390","title":{"rendered":"Aveyron. Les Alters font leur propre Tour de France et arrivent sur le Larzac"},"content":{"rendered":"<p><img loading=\"lazy\" decoding=\"async\" class=\" aligncenter\" src=\"http:\/\/altercampagne.free.fr\/pages\/2008\/AlterTour\/Revue-presse-2011\/AT2011_Midi-Libre_Bandeau_web.jpg\" alt=\"\" width=\"448\" height=\"222\" \/><\/p>\n<p><img loading=\"lazy\" decoding=\"async\" class=\" aligncenter\" src=\"http:\/\/altercampagne.free.fr\/pages\/2008\/AlterTour\/Revue-presse-2011\/AT2011_Midi-Libre2.jpg\" alt=\"\" width=\"455\" height=\"559\" \/><\/p>\n","protected":false},"excerpt":{"rendered":"","protected":false},"author":214,"featured_media":0,"comment_status":"closed","ping_status":"closed","sticky":false,"template":"","format":"standard","meta":{"footnotes":""},"categories":[239],"tags":[705,836,1844,1923,1979,2022,2023,2024,2026,2027],"class_list":["post-4390","post","type-post","status-publish","format-standard","hentry","category-revue-de-presse","tag-larzac","tag-altertour-2011","tag-midi-pyrenees","tag-aveyron","tag-1979","tag-robert-carriere","tag-saint-martin-du-larzac","tag-jose-bove","tag-leon-maille","tag-alain-desjardin","no-post-thumbnail"],"yoast_head":"<!-- This site is optimized with the Yoast SEO plugin v27.3 - https:\/\/yoast.com\/product\/yoast-seo-wordpress\/ -->\n<title>Aveyron. Les Alters font leur propre Tour de France et arrivent sur le Larzac - AlterTour<\/title>\n<meta name=\"robots\" content=\"index, follow, max-snippet:-1, max-image-preview:large, max-video-preview:-1\" \/>\n<link rel=\"canonical\" href=\"https:\/\/www.altercampagne.net\/?p=4390\" \/>\n<meta property=\"og:locale\" content=\"fr_FR\" \/>\n<meta property=\"og:type\" content=\"article\" \/>\n<meta property=\"og:title\" content=\"Aveyron. Les Alters font leur propre Tour de France et arrivent sur le Larzac - AlterTour\" \/>\n<meta property=\"og:url\" content=\"https:\/\/www.altercampagne.net\/?p=4390\" \/>\n<meta property=\"og:site_name\" content=\"AlterTour\" \/>\n<meta property=\"article:published_time\" content=\"2011-08-06T08:00:29+00:00\" \/>\n<meta property=\"article:modified_time\" content=\"2016-04-21T09:32:26+00:00\" \/>\n<meta property=\"og:image\" content=\"http:\/\/altercampagne.free.fr\/pages\/2008\/AlterTour\/Revue-presse-2011\/AT2011_Midi-Libre_Bandeau_web.jpg\" \/>\n<meta name=\"author\" content=\"Mathieu\" \/>\n<meta name=\"twitter:card\" content=\"summary_large_image\" \/>\n<meta name=\"twitter:label1\" content=\"\u00c9crit par\" \/>\n\t<meta name=\"twitter:data1\" content=\"Mathieu\" \/>\n<script type=\"application\/ld+json\" class=\"yoast-schema-graph\">{\"@context\":\"https:\\\/\\\/schema.org\",\"@graph\":[{\"@type\":\"Article\",\"@id\":\"https:\\\/\\\/www.altercampagne.net\\\/?p=4390#article\",\"isPartOf\":{\"@id\":\"https:\\\/\\\/www.altercampagne.net\\\/?p=4390\"},\"author\":{\"name\":\"Mathieu\",\"@id\":\"https:\\\/\\\/www.altercampagne.net\\\/#\\\/schema\\\/person\\\/0f261460c09e430caa0f9bcffa319109\"},\"headline\":\"Aveyron. Les Alters font leur propre Tour de France et arrivent sur le Larzac\",\"datePublished\":\"2011-08-06T08:00:29+00:00\",\"dateModified\":\"2016-04-21T09:32:26+00:00\",\"mainEntityOfPage\":{\"@id\":\"https:\\\/\\\/www.altercampagne.net\\\/?p=4390\"},\"wordCount\":14,\"image\":{\"@id\":\"https:\\\/\\\/www.altercampagne.net\\\/?p=4390#primaryimage\"},\"thumbnailUrl\":\"http:\\\/\\\/altercampagne.free.fr\\\/pages\\\/2008\\\/AlterTour\\\/Revue-presse-2011\\\/AT2011_Midi-Libre_Bandeau_web.jpg\",\"keywords\":[\"larzac\",\"AlterTour 2011\",\"Midi-Pyr\u00e9n\u00e9es\",\"Aveyron\",\"2011\",\"Robert Carri\u00e8re\",\"Saint-Martin-du-Larzac\",\"Jos\u00e9 Bov\u00e9\",\"L\u00e9on Maill\u00e9\",\"Alain Desjardin\"],\"articleSection\":[\"Revue de presse\"],\"inLanguage\":\"fr-FR\"},{\"@type\":\"WebPage\",\"@id\":\"https:\\\/\\\/www.altercampagne.net\\\/?p=4390\",\"url\":\"https:\\\/\\\/www.altercampagne.net\\\/?p=4390\",\"name\":\"Aveyron. Les Alters font leur propre Tour de France et arrivent sur le Larzac - AlterTour\",\"isPartOf\":{\"@id\":\"https:\\\/\\\/www.altercampagne.net\\\/#website\"},\"primaryImageOfPage\":{\"@id\":\"https:\\\/\\\/www.altercampagne.net\\\/?p=4390#primaryimage\"},\"image\":{\"@id\":\"https:\\\/\\\/www.altercampagne.net\\\/?p=4390#primaryimage\"},\"thumbnailUrl\":\"http:\\\/\\\/altercampagne.free.fr\\\/pages\\\/2008\\\/AlterTour\\\/Revue-presse-2011\\\/AT2011_Midi-Libre_Bandeau_web.jpg\",\"datePublished\":\"2011-08-06T08:00:29+00:00\",\"dateModified\":\"2016-04-21T09:32:26+00:00\",\"author\":{\"@id\":\"https:\\\/\\\/www.altercampagne.net\\\/#\\\/schema\\\/person\\\/0f261460c09e430caa0f9bcffa319109\"},\"breadcrumb\":{\"@id\":\"https:\\\/\\\/www.altercampagne.net\\\/?p=4390#breadcrumb\"},\"inLanguage\":\"fr-FR\",\"potentialAction\":[{\"@type\":\"ReadAction\",\"target\":[\"https:\\\/\\\/www.altercampagne.net\\\/?p=4390\"]}]},{\"@type\":\"ImageObject\",\"inLanguage\":\"fr-FR\",\"@id\":\"https:\\\/\\\/www.altercampagne.net\\\/?p=4390#primaryimage\",\"url\":\"http:\\\/\\\/altercampagne.free.fr\\\/pages\\\/2008\\\/AlterTour\\\/Revue-presse-2011\\\/AT2011_Midi-Libre_Bandeau_web.jpg\",\"contentUrl\":\"http:\\\/\\\/altercampagne.free.fr\\\/pages\\\/2008\\\/AlterTour\\\/Revue-presse-2011\\\/AT2011_Midi-Libre_Bandeau_web.jpg\"},{\"@type\":\"BreadcrumbList\",\"@id\":\"https:\\\/\\\/www.altercampagne.net\\\/?p=4390#breadcrumb\",\"itemListElement\":[{\"@type\":\"ListItem\",\"position\":1,\"name\":\"Accueil\",\"item\":\"https:\\\/\\\/www.altercampagne.net\\\/\"},{\"@type\":\"ListItem\",\"position\":2,\"name\":\"Aveyron. Les Alters font leur propre Tour de France et arrivent sur le Larzac\"}]},{\"@type\":\"WebSite\",\"@id\":\"https:\\\/\\\/www.altercampagne.net\\\/#website\",\"url\":\"https:\\\/\\\/www.altercampagne.net\\\/\",\"name\":\"AlterTour\",\"description\":\"Reliez les Alternatives \u00e0 v\u00e9lo\",\"potentialAction\":[{\"@type\":\"SearchAction\",\"target\":{\"@type\":\"EntryPoint\",\"urlTemplate\":\"https:\\\/\\\/www.altercampagne.net\\\/?s={search_term_string}\"},\"query-input\":{\"@type\":\"PropertyValueSpecification\",\"valueRequired\":true,\"valueName\":\"search_term_string\"}}],\"inLanguage\":\"fr-FR\"},{\"@type\":\"Person\",\"@id\":\"https:\\\/\\\/www.altercampagne.net\\\/#\\\/schema\\\/person\\\/0f261460c09e430caa0f9bcffa319109\",\"name\":\"Mathieu\",\"image\":{\"@type\":\"ImageObject\",\"inLanguage\":\"fr-FR\",\"@id\":\"https:\\\/\\\/secure.gravatar.com\\\/avatar\\\/aa9d3d24c83f2141e5e2709d0f63d09a99f6be6bb7a50abc4915838d9f54501a?s=96&d=mm&r=g\",\"url\":\"https:\\\/\\\/secure.gravatar.com\\\/avatar\\\/aa9d3d24c83f2141e5e2709d0f63d09a99f6be6bb7a50abc4915838d9f54501a?s=96&d=mm&r=g\",\"contentUrl\":\"https:\\\/\\\/secure.gravatar.com\\\/avatar\\\/aa9d3d24c83f2141e5e2709d0f63d09a99f6be6bb7a50abc4915838d9f54501a?s=96&d=mm&r=g\",\"caption\":\"Mathieu\"},\"url\":\"https:\\\/\\\/www.altercampagne.net\\\/?author=214\"}]}<\/script>\n<!-- \/ Yoast SEO plugin. -->","yoast_head_json":{"title":"Aveyron. Les Alters font leur propre Tour de France et arrivent sur le Larzac - AlterTour","robots":{"index":"index","follow":"follow","max-snippet":"max-snippet:-1","max-image-preview":"max-image-preview:large","max-video-preview":"max-video-preview:-1"},"canonical":"https:\/\/www.altercampagne.net\/?p=4390","og_locale":"fr_FR","og_type":"article","og_title":"Aveyron. Les Alters font leur propre Tour de France et arrivent sur le Larzac - AlterTour","og_url":"https:\/\/www.altercampagne.net\/?p=4390","og_site_name":"AlterTour","article_published_time":"2011-08-06T08:00:29+00:00","article_modified_time":"2016-04-21T09:32:26+00:00","og_image":[{"url":"http:\/\/altercampagne.free.fr\/pages\/2008\/AlterTour\/Revue-presse-2011\/AT2011_Midi-Libre_Bandeau_web.jpg","type":"","width":"","height":""}],"author":"Mathieu","twitter_card":"summary_large_image","twitter_misc":{"\u00c9crit par":"Mathieu"},"schema":{"@context":"https:\/\/schema.org","@graph":[{"@type":"Article","@id":"https:\/\/www.altercampagne.net\/?p=4390#article","isPartOf":{"@id":"https:\/\/www.altercampagne.net\/?p=4390"},"author":{"name":"Mathieu","@id":"https:\/\/www.altercampagne.net\/#\/schema\/person\/0f261460c09e430caa0f9bcffa319109"},"headline":"Aveyron. Les Alters font leur propre Tour de France et arrivent sur le Larzac","datePublished":"2011-08-06T08:00:29+00:00","dateModified":"2016-04-21T09:32:26+00:00","mainEntityOfPage":{"@id":"https:\/\/www.altercampagne.net\/?p=4390"},"wordCount":14,"image":{"@id":"https:\/\/www.altercampagne.net\/?p=4390#primaryimage"},"thumbnailUrl":"http:\/\/altercampagne.free.fr\/pages\/2008\/AlterTour\/Revue-presse-2011\/AT2011_Midi-Libre_Bandeau_web.jpg","keywords":["larzac","AlterTour 2011","Midi-Pyr\u00e9n\u00e9es","Aveyron","2011","Robert Carri\u00e8re","Saint-Martin-du-Larzac","Jos\u00e9 Bov\u00e9","L\u00e9on Maill\u00e9","Alain Desjardin"],"articleSection":["Revue de presse"],"inLanguage":"fr-FR"},{"@type":"WebPage","@id":"https:\/\/www.altercampagne.net\/?p=4390","url":"https:\/\/www.altercampagne.net\/?p=4390","name":"Aveyron. Les Alters font leur propre Tour de France et arrivent sur le Larzac - AlterTour","isPartOf":{"@id":"https:\/\/www.altercampagne.net\/#website"},"primaryImageOfPage":{"@id":"https:\/\/www.altercampagne.net\/?p=4390#primaryimage"},"image":{"@id":"https:\/\/www.altercampagne.net\/?p=4390#primaryimage"},"thumbnailUrl":"http:\/\/altercampagne.free.fr\/pages\/2008\/AlterTour\/Revue-presse-2011\/AT2011_Midi-Libre_Bandeau_web.jpg","datePublished":"2011-08-06T08:00:29+00:00","dateModified":"2016-04-21T09:32:26+00:00","author":{"@id":"https:\/\/www.altercampagne.net\/#\/schema\/person\/0f261460c09e430caa0f9bcffa319109"},"breadcrumb":{"@id":"https:\/\/www.altercampagne.net\/?p=4390#breadcrumb"},"inLanguage":"fr-FR","potentialAction":[{"@type":"ReadAction","target":["https:\/\/www.altercampagne.net\/?p=4390"]}]},{"@type":"ImageObject","inLanguage":"fr-FR","@id":"https:\/\/www.altercampagne.net\/?p=4390#primaryimage","url":"http:\/\/altercampagne.free.fr\/pages\/2008\/AlterTour\/Revue-presse-2011\/AT2011_Midi-Libre_Bandeau_web.jpg","contentUrl":"http:\/\/altercampagne.free.fr\/pages\/2008\/AlterTour\/Revue-presse-2011\/AT2011_Midi-Libre_Bandeau_web.jpg"},{"@type":"BreadcrumbList","@id":"https:\/\/www.altercampagne.net\/?p=4390#breadcrumb","itemListElement":[{"@type":"ListItem","position":1,"name":"Accueil","item":"https:\/\/www.altercampagne.net\/"},{"@type":"ListItem","position":2,"name":"Aveyron. Les Alters font leur propre Tour de France et arrivent sur le Larzac"}]},{"@type":"WebSite","@id":"https:\/\/www.altercampagne.net\/#website","url":"https:\/\/www.altercampagne.net\/","name":"AlterTour","description":"Reliez les Alternatives \u00e0 v\u00e9lo","potentialAction":[{"@type":"SearchAction","target":{"@type":"EntryPoint","urlTemplate":"https:\/\/www.altercampagne.net\/?s={search_term_string}"},"query-input":{"@type":"PropertyValueSpecification","valueRequired":true,"valueName":"search_term_string"}}],"inLanguage":"fr-FR"},{"@type":"Person","@id":"https:\/\/www.altercampagne.net\/#\/schema\/person\/0f261460c09e430caa0f9bcffa319109","name":"Mathieu","image":{"@type":"ImageObject","inLanguage":"fr-FR","@id":"https:\/\/secure.gravatar.com\/avatar\/aa9d3d24c83f2141e5e2709d0f63d09a99f6be6bb7a50abc4915838d9f54501a?s=96&d=mm&r=g","url":"https:\/\/secure.gravatar.com\/avatar\/aa9d3d24c83f2141e5e2709d0f63d09a99f6be6bb7a50abc4915838d9f54501a?s=96&d=mm&r=g","contentUrl":"https:\/\/secure.gravatar.com\/avatar\/aa9d3d24c83f2141e5e2709d0f63d09a99f6be6bb7a50abc4915838d9f54501a?s=96&d=mm&r=g","caption":"Mathieu"},"url":"https:\/\/www.altercampagne.net\/?author=214"}]}},"_links":{"self":[{"href":"https:\/\/www.altercampagne.net\/index.php?rest_route=\/wp\/v2\/posts\/4390","targetHints":{"allow":["GET"]}}],"collection":[{"href":"https:\/\/www.altercampagne.net\/index.php?rest_route=\/wp\/v2\/posts"}],"about":[{"href":"https:\/\/www.altercampagne.net\/index.php?rest_route=\/wp\/v2\/types\/post"}],"author":[{"embeddable":true,"href":"https:\/\/www.altercampagne.net\/index.php?rest_route=\/wp\/v2\/users\/214"}],"replies":[{"embeddable":true,"href":"https:\/\/www.altercampagne.net\/index.php?rest_route=%2Fwp%2Fv2%2Fcomments&post=4390"}],"version-history":[{"count":0,"href":"https:\/\/www.altercampagne.net\/index.php?rest_route=\/wp\/v2\/posts\/4390\/revisions"}],"wp:attachment":[{"href":"https:\/\/www.altercampagne.net\/index.php?rest_route=%2Fwp%2Fv2%2Fmedia&parent=4390"}],"wp:term":[{"taxonomy":"category","embeddable":true,"href":"https:\/\/www.altercampagne.net\/index.php?rest_route=%2Fwp%2Fv2%2Fcategories&post=4390"},{"taxonomy":"post_tag","embeddable":true,"href":"https:\/\/www.altercampagne.net\/index.php?rest_route=%2Fwp%2Fv2%2Ftags&post=4390"}],"curies":[{"name":"wp","href":"https:\/\/api.w.org\/{rel}","templated":true}]}}