{"id":4397,"date":"2011-08-05T11:33:27","date_gmt":"2011-08-05T09:33:27","guid":{"rendered":"http:\/\/www.altercampagne.net\/?p=4397"},"modified":"2016-04-21T11:39:33","modified_gmt":"2016-04-21T09:39:33","slug":"laltertour-a-fait-une-etape-au-festival-du-roc-castel-au-caylar","status":"publish","type":"post","link":"https:\/\/www.altercampagne.net\/?p=4397","title":{"rendered":"L&rsquo;AlterTour a fait une \u00e9tape au festival du Roc Castel, au Caylar"},"content":{"rendered":"<div class=\"full-content\">\n<p><img loading=\"lazy\" decoding=\"async\" class=\" alignleft\" src=\"http:\/\/altercampagne.free.fr\/pages\/2008\/AlterTour\/Revue-presse-2011\/AT2011_Midi-Libre.jpg\" alt=\"\" width=\"510\" height=\"255\" \/>Le festival du Roc Castel au Caylar s&rsquo;\u0092est achev\u00e9 hier soir par le traditionnel Roc Babel caf\u00e9 et les concerts de Jomo et d\u0092&rsquo;Azed trio.<\/p>\n<p>Ce festival, qui se voulait l\u0092\u00e9loge du \u0093voyage lent\u0094, a fait la part belle \u00e0 des voyageurs au long cours, \u00e9conomes en \u00e9nergie puisque la plupart voyageaient \u00e0 pied ou \u00e0 v\u00e9lo. Des voyageurs qui mettaient au centre de leur p\u00e9riple les rencontres avec les peuples, les \u00e9changes, la d\u00e9couverte&#8230;<\/p>\n<p>Un tel festival, labellis\u00e9 \u0093\u00e9cofestival\u0094, ne pouvait qu\u0092attirer les organisateurs de l\u0092&rsquo;AlterTour, \u0093l&rsquo;\u0092autre tour de France\u0094, qui parcourt notre pays \u00e0 v\u00e9lo, en relais, depuis le 2\u00a0juillet et jusqu\u0092au 7\u00a0ao\u00fbt. Avec des participants dont l\u0092&rsquo;\u00e2ge aura vari\u00e9 cette ann\u00e9e de 5 \u00e0 76 ans.<\/p>\n<p>Apr\u00e8s avoir travers\u00e9 le sillon alpin, le Diois, le Bu\u00ebch, la Provence, le Lub\u00e9ron, les C\u00e9vennes et le Larzac, l\u0092&rsquo;AlterTour se terminera \u00e0 Saint-Martin-du-Larzac, \u00e0 c\u00f4t\u00e9 de Montredon. Mais mercredi soir, c&rsquo;\u0092est au Caylar qu\u0092&rsquo;ont fait \u00e9tape les 65 participants en piste ce jour-l\u00e0 (ils auront \u00e9t\u00e9 environ 160 au total \u00e0 prendre part \u00e0 cette action).<\/p>\n<p>Accueillis par le maire Jean Trinquier et les organisateurs du festival, les \u0093alter touristes\u0094, bien que fatigu\u00e9s, nous ont n\u00e9anmoins expliqu\u00e9 le pourquoi de leur action. \u00ab\u00a0L\u0092&rsquo;AlterTour est un relais cycliste familial, en r\u00e9ponse au dopage dans le sport, l\u0092&rsquo;agriculture, l\u0092&rsquo;\u00e9conomie&#8230; Un tour cycliste solidaire pour des mod\u00e8les agricoles, \u00e9conomiques et sociaux respectueux de l\u0092&rsquo;\u00eatre humain et de la nature.\u00a0\u00bb \u00ab\u00a0On roule contre le dopage, contre la concurrence et pour la solidarit\u00e9. On veut mettre l&rsquo;\u0092humain et la nature au centre des choses.\u00a0\u00bb<\/p>\n<p>Parmi les participants \u00e0 cet AlterTour, plusieurs faucheurs volontaires, qui ont notamment particip\u00e9 \u00e0 la destruction d\u0092&rsquo;une vigne OGM \u00e0 Colmar. Profitant d\u0092\u00eatre regroup\u00e9s pour une photo de famille, ces cyclistes militants ont interpr\u00e9t\u00e9 une chanson anti-OGM de leur cru. Avant de se s\u00e9parer dimanche, ils vivront, demain, la f\u00eate de cl\u00f4ture de l\u0092&rsquo;AlterTour \u00e0 Saint-Martin du Larzac.<\/p>\n<p>\u00ab\u00a0Il y aura un forum avec des associations du sud Larzac, sur la sobri\u00e9t\u00e9 \u00e9nerg\u00e9tique autour de la lutte contre le gaz de schiste, sur la lutte pour les services publics&#8230;\u00a0\u00bb Il y aura aussi une \u00e9vocation de la lutte des paysans du Larzac dans les ann\u00e9es 70-80&#8230; Et la fanfare L&rsquo;\u0092Echo des avens animera le d\u00e9but de la nuit. \u00ab\u00a0Vous savez, ajoute en souriant un organisateur, l\u0092&rsquo;AlterTour est un \u00e9v\u00e9nement autog\u00e9r\u00e9, donc bord\u00e9lique par d\u00e9finition. Mais \u00e7a fait quatre ans que \u00e7a dure et tr\u00e8s souvent, ceux qui le font une ann\u00e9e s\u0092investissent ensuite dans l\u0092&rsquo;organisation.\u00a0\u00bb<\/p>\n<p style=\"text-align: right;\"><strong><span class=\"author\"><span class=\"strong\">MONIQUE RAYNAUD<\/span><\/span>, Midi Libre<\/strong><\/p>\n<p>Source : <a href=\"http:\/\/www.midilibre.fr\/2011\/08\/04\/l-alter-tour-a-fait-une-etape-au-festival-du-roc-castel-au-caylar,366589.php\" target=\"_blank\">http:\/\/www.midilibre.fr\/2011\/08\/04\/l-alter-tour-a-fait-une-etape-au-festival-du-roc-castel-au-caylar,366589.php<\/a><\/p>\n<\/div>\n","protected":false},"excerpt":{"rendered":"<p>Le festival du Roc Castel au Caylar s&rsquo;\u0092est achev\u00e9 hier soir par le traditionnel Roc Babel caf\u00e9 et les concerts de Jomo et d\u0092&rsquo;Azed trio. Ce festival, qui se voulait l\u0092\u00e9loge du \u0093voyage lent\u0094, a fait la part belle \u00e0 des voyageurs au long cours, \u00e9conomes en \u00e9nergie puisque la &#8230; <\/p>\n<div><a href=\"https:\/\/www.altercampagne.net\/?p=4397\" class=\"more-link\">Read More<\/a><\/div>\n","protected":false},"author":214,"featured_media":0,"comment_status":"closed","ping_status":"closed","sticky":false,"template":"","format":"standard","meta":{"footnotes":""},"categories":[239],"tags":[705,836,1844,1923,1979,2023,2029,2030,2031,2032,2033,2034],"class_list":["post-4397","post","type-post","status-publish","format-standard","hentry","category-revue-de-presse","tag-larzac","tag-altertour-2011","tag-midi-pyrenees","tag-aveyron","tag-1979","tag-saint-martin-du-larzac","tag-roc-castel","tag-festival-roc-castel","tag-caylar","tag-roc-babel","tag-montredon","tag-jean-trinquier","no-post-thumbnail"],"yoast_head":"<!-- This site is optimized with the Yoast SEO plugin v27.3 - https:\/\/yoast.com\/product\/yoast-seo-wordpress\/ -->\n<title>L&#039;AlterTour a fait une \u00e9tape au festival du Roc Castel, au Caylar - AlterTour<\/title>\n<meta name=\"robots\" content=\"index, follow, max-snippet:-1, max-image-preview:large, max-video-preview:-1\" \/>\n<link rel=\"canonical\" href=\"https:\/\/www.altercampagne.net\/?p=4397\" \/>\n<meta property=\"og:locale\" content=\"fr_FR\" \/>\n<meta property=\"og:type\" content=\"article\" \/>\n<meta property=\"og:title\" content=\"L&#039;AlterTour a fait une \u00e9tape au festival du Roc Castel, au Caylar - AlterTour\" \/>\n<meta property=\"og:description\" content=\"Le festival du Roc Castel au Caylar s&rsquo;\u0092est achev\u00e9 hier soir par le traditionnel Roc Babel caf\u00e9 et les concerts de Jomo et d\u0092&rsquo;Azed trio. Ce festival, qui se voulait l\u0092\u00e9loge du \u0093voyage lent\u0094, a fait la part belle \u00e0 des voyageurs au long cours, \u00e9conomes en \u00e9nergie puisque la ... Read More\" \/>\n<meta property=\"og:url\" content=\"https:\/\/www.altercampagne.net\/?p=4397\" \/>\n<meta property=\"og:site_name\" content=\"AlterTour\" \/>\n<meta property=\"article:published_time\" content=\"2011-08-05T09:33:27+00:00\" \/>\n<meta property=\"article:modified_time\" content=\"2016-04-21T09:39:33+00:00\" \/>\n<meta property=\"og:image\" content=\"http:\/\/altercampagne.free.fr\/pages\/2008\/AlterTour\/Revue-presse-2011\/AT2011_Midi-Libre.jpg\" \/>\n<meta name=\"author\" content=\"Mathieu\" \/>\n<meta name=\"twitter:card\" content=\"summary_large_image\" \/>\n<meta name=\"twitter:label1\" content=\"\u00c9crit par\" \/>\n\t<meta name=\"twitter:data1\" content=\"Mathieu\" \/>\n\t<meta name=\"twitter:label2\" content=\"Dur\u00e9e de lecture estim\u00e9e\" \/>\n\t<meta name=\"twitter:data2\" content=\"2 minutes\" \/>\n<script type=\"application\/ld+json\" class=\"yoast-schema-graph\">{\"@context\":\"https:\\\/\\\/schema.org\",\"@graph\":[{\"@type\":\"Article\",\"@id\":\"https:\\\/\\\/www.altercampagne.net\\\/?p=4397#article\",\"isPartOf\":{\"@id\":\"https:\\\/\\\/www.altercampagne.net\\\/?p=4397\"},\"author\":{\"name\":\"Mathieu\",\"@id\":\"https:\\\/\\\/www.altercampagne.net\\\/#\\\/schema\\\/person\\\/0f261460c09e430caa0f9bcffa319109\"},\"headline\":\"L&rsquo;AlterTour a fait une \u00e9tape au festival du Roc Castel, au Caylar\",\"datePublished\":\"2011-08-05T09:33:27+00:00\",\"dateModified\":\"2016-04-21T09:39:33+00:00\",\"mainEntityOfPage\":{\"@id\":\"https:\\\/\\\/www.altercampagne.net\\\/?p=4397\"},\"wordCount\":474,\"image\":{\"@id\":\"https:\\\/\\\/www.altercampagne.net\\\/?p=4397#primaryimage\"},\"thumbnailUrl\":\"http:\\\/\\\/altercampagne.free.fr\\\/pages\\\/2008\\\/AlterTour\\\/Revue-presse-2011\\\/AT2011_Midi-Libre.jpg\",\"keywords\":[\"larzac\",\"AlterTour 2011\",\"Midi-Pyr\u00e9n\u00e9es\",\"Aveyron\",\"2011\",\"Saint-Martin-du-Larzac\",\"Roc Castel\",\"Festival Roc Castel\",\"Caylar\",\"Roc Babel\",\"Montredon\",\"Jean Trinquier\"],\"articleSection\":[\"Revue de presse\"],\"inLanguage\":\"fr-FR\"},{\"@type\":\"WebPage\",\"@id\":\"https:\\\/\\\/www.altercampagne.net\\\/?p=4397\",\"url\":\"https:\\\/\\\/www.altercampagne.net\\\/?p=4397\",\"name\":\"L'AlterTour a fait une \u00e9tape au festival du Roc Castel, au Caylar - AlterTour\",\"isPartOf\":{\"@id\":\"https:\\\/\\\/www.altercampagne.net\\\/#website\"},\"primaryImageOfPage\":{\"@id\":\"https:\\\/\\\/www.altercampagne.net\\\/?p=4397#primaryimage\"},\"image\":{\"@id\":\"https:\\\/\\\/www.altercampagne.net\\\/?p=4397#primaryimage\"},\"thumbnailUrl\":\"http:\\\/\\\/altercampagne.free.fr\\\/pages\\\/2008\\\/AlterTour\\\/Revue-presse-2011\\\/AT2011_Midi-Libre.jpg\",\"datePublished\":\"2011-08-05T09:33:27+00:00\",\"dateModified\":\"2016-04-21T09:39:33+00:00\",\"author\":{\"@id\":\"https:\\\/\\\/www.altercampagne.net\\\/#\\\/schema\\\/person\\\/0f261460c09e430caa0f9bcffa319109\"},\"breadcrumb\":{\"@id\":\"https:\\\/\\\/www.altercampagne.net\\\/?p=4397#breadcrumb\"},\"inLanguage\":\"fr-FR\",\"potentialAction\":[{\"@type\":\"ReadAction\",\"target\":[\"https:\\\/\\\/www.altercampagne.net\\\/?p=4397\"]}]},{\"@type\":\"ImageObject\",\"inLanguage\":\"fr-FR\",\"@id\":\"https:\\\/\\\/www.altercampagne.net\\\/?p=4397#primaryimage\",\"url\":\"http:\\\/\\\/altercampagne.free.fr\\\/pages\\\/2008\\\/AlterTour\\\/Revue-presse-2011\\\/AT2011_Midi-Libre.jpg\",\"contentUrl\":\"http:\\\/\\\/altercampagne.free.fr\\\/pages\\\/2008\\\/AlterTour\\\/Revue-presse-2011\\\/AT2011_Midi-Libre.jpg\"},{\"@type\":\"BreadcrumbList\",\"@id\":\"https:\\\/\\\/www.altercampagne.net\\\/?p=4397#breadcrumb\",\"itemListElement\":[{\"@type\":\"ListItem\",\"position\":1,\"name\":\"Accueil\",\"item\":\"https:\\\/\\\/www.altercampagne.net\\\/\"},{\"@type\":\"ListItem\",\"position\":2,\"name\":\"L&rsquo;AlterTour a fait une \u00e9tape au festival du Roc Castel, au Caylar\"}]},{\"@type\":\"WebSite\",\"@id\":\"https:\\\/\\\/www.altercampagne.net\\\/#website\",\"url\":\"https:\\\/\\\/www.altercampagne.net\\\/\",\"name\":\"AlterTour\",\"description\":\"Reliez les Alternatives \u00e0 v\u00e9lo\",\"potentialAction\":[{\"@type\":\"SearchAction\",\"target\":{\"@type\":\"EntryPoint\",\"urlTemplate\":\"https:\\\/\\\/www.altercampagne.net\\\/?s={search_term_string}\"},\"query-input\":{\"@type\":\"PropertyValueSpecification\",\"valueRequired\":true,\"valueName\":\"search_term_string\"}}],\"inLanguage\":\"fr-FR\"},{\"@type\":\"Person\",\"@id\":\"https:\\\/\\\/www.altercampagne.net\\\/#\\\/schema\\\/person\\\/0f261460c09e430caa0f9bcffa319109\",\"name\":\"Mathieu\",\"image\":{\"@type\":\"ImageObject\",\"inLanguage\":\"fr-FR\",\"@id\":\"https:\\\/\\\/secure.gravatar.com\\\/avatar\\\/aa9d3d24c83f2141e5e2709d0f63d09a99f6be6bb7a50abc4915838d9f54501a?s=96&d=mm&r=g\",\"url\":\"https:\\\/\\\/secure.gravatar.com\\\/avatar\\\/aa9d3d24c83f2141e5e2709d0f63d09a99f6be6bb7a50abc4915838d9f54501a?s=96&d=mm&r=g\",\"contentUrl\":\"https:\\\/\\\/secure.gravatar.com\\\/avatar\\\/aa9d3d24c83f2141e5e2709d0f63d09a99f6be6bb7a50abc4915838d9f54501a?s=96&d=mm&r=g\",\"caption\":\"Mathieu\"},\"url\":\"https:\\\/\\\/www.altercampagne.net\\\/?author=214\"}]}<\/script>\n<!-- \/ Yoast SEO plugin. -->","yoast_head_json":{"title":"L'AlterTour a fait une \u00e9tape au festival du Roc Castel, au Caylar - AlterTour","robots":{"index":"index","follow":"follow","max-snippet":"max-snippet:-1","max-image-preview":"max-image-preview:large","max-video-preview":"max-video-preview:-1"},"canonical":"https:\/\/www.altercampagne.net\/?p=4397","og_locale":"fr_FR","og_type":"article","og_title":"L'AlterTour a fait une \u00e9tape au festival du Roc Castel, au Caylar - AlterTour","og_description":"Le festival du Roc Castel au Caylar s&rsquo;\u0092est achev\u00e9 hier soir par le traditionnel Roc Babel caf\u00e9 et les concerts de Jomo et d\u0092&rsquo;Azed trio. Ce festival, qui se voulait l\u0092\u00e9loge du \u0093voyage lent\u0094, a fait la part belle \u00e0 des voyageurs au long cours, \u00e9conomes en \u00e9nergie puisque la ... Read More","og_url":"https:\/\/www.altercampagne.net\/?p=4397","og_site_name":"AlterTour","article_published_time":"2011-08-05T09:33:27+00:00","article_modified_time":"2016-04-21T09:39:33+00:00","og_image":[{"url":"http:\/\/altercampagne.free.fr\/pages\/2008\/AlterTour\/Revue-presse-2011\/AT2011_Midi-Libre.jpg","type":"","width":"","height":""}],"author":"Mathieu","twitter_card":"summary_large_image","twitter_misc":{"\u00c9crit par":"Mathieu","Dur\u00e9e de lecture estim\u00e9e":"2 minutes"},"schema":{"@context":"https:\/\/schema.org","@graph":[{"@type":"Article","@id":"https:\/\/www.altercampagne.net\/?p=4397#article","isPartOf":{"@id":"https:\/\/www.altercampagne.net\/?p=4397"},"author":{"name":"Mathieu","@id":"https:\/\/www.altercampagne.net\/#\/schema\/person\/0f261460c09e430caa0f9bcffa319109"},"headline":"L&rsquo;AlterTour a fait une \u00e9tape au festival du Roc Castel, au Caylar","datePublished":"2011-08-05T09:33:27+00:00","dateModified":"2016-04-21T09:39:33+00:00","mainEntityOfPage":{"@id":"https:\/\/www.altercampagne.net\/?p=4397"},"wordCount":474,"image":{"@id":"https:\/\/www.altercampagne.net\/?p=4397#primaryimage"},"thumbnailUrl":"http:\/\/altercampagne.free.fr\/pages\/2008\/AlterTour\/Revue-presse-2011\/AT2011_Midi-Libre.jpg","keywords":["larzac","AlterTour 2011","Midi-Pyr\u00e9n\u00e9es","Aveyron","2011","Saint-Martin-du-Larzac","Roc Castel","Festival Roc Castel","Caylar","Roc Babel","Montredon","Jean Trinquier"],"articleSection":["Revue de presse"],"inLanguage":"fr-FR"},{"@type":"WebPage","@id":"https:\/\/www.altercampagne.net\/?p=4397","url":"https:\/\/www.altercampagne.net\/?p=4397","name":"L'AlterTour a fait une \u00e9tape au festival du Roc Castel, au Caylar - AlterTour","isPartOf":{"@id":"https:\/\/www.altercampagne.net\/#website"},"primaryImageOfPage":{"@id":"https:\/\/www.altercampagne.net\/?p=4397#primaryimage"},"image":{"@id":"https:\/\/www.altercampagne.net\/?p=4397#primaryimage"},"thumbnailUrl":"http:\/\/altercampagne.free.fr\/pages\/2008\/AlterTour\/Revue-presse-2011\/AT2011_Midi-Libre.jpg","datePublished":"2011-08-05T09:33:27+00:00","dateModified":"2016-04-21T09:39:33+00:00","author":{"@id":"https:\/\/www.altercampagne.net\/#\/schema\/person\/0f261460c09e430caa0f9bcffa319109"},"breadcrumb":{"@id":"https:\/\/www.altercampagne.net\/?p=4397#breadcrumb"},"inLanguage":"fr-FR","potentialAction":[{"@type":"ReadAction","target":["https:\/\/www.altercampagne.net\/?p=4397"]}]},{"@type":"ImageObject","inLanguage":"fr-FR","@id":"https:\/\/www.altercampagne.net\/?p=4397#primaryimage","url":"http:\/\/altercampagne.free.fr\/pages\/2008\/AlterTour\/Revue-presse-2011\/AT2011_Midi-Libre.jpg","contentUrl":"http:\/\/altercampagne.free.fr\/pages\/2008\/AlterTour\/Revue-presse-2011\/AT2011_Midi-Libre.jpg"},{"@type":"BreadcrumbList","@id":"https:\/\/www.altercampagne.net\/?p=4397#breadcrumb","itemListElement":[{"@type":"ListItem","position":1,"name":"Accueil","item":"https:\/\/www.altercampagne.net\/"},{"@type":"ListItem","position":2,"name":"L&rsquo;AlterTour a fait une \u00e9tape au festival du Roc Castel, au Caylar"}]},{"@type":"WebSite","@id":"https:\/\/www.altercampagne.net\/#website","url":"https:\/\/www.altercampagne.net\/","name":"AlterTour","description":"Reliez les Alternatives \u00e0 v\u00e9lo","potentialAction":[{"@type":"SearchAction","target":{"@type":"EntryPoint","urlTemplate":"https:\/\/www.altercampagne.net\/?s={search_term_string}"},"query-input":{"@type":"PropertyValueSpecification","valueRequired":true,"valueName":"search_term_string"}}],"inLanguage":"fr-FR"},{"@type":"Person","@id":"https:\/\/www.altercampagne.net\/#\/schema\/person\/0f261460c09e430caa0f9bcffa319109","name":"Mathieu","image":{"@type":"ImageObject","inLanguage":"fr-FR","@id":"https:\/\/secure.gravatar.com\/avatar\/aa9d3d24c83f2141e5e2709d0f63d09a99f6be6bb7a50abc4915838d9f54501a?s=96&d=mm&r=g","url":"https:\/\/secure.gravatar.com\/avatar\/aa9d3d24c83f2141e5e2709d0f63d09a99f6be6bb7a50abc4915838d9f54501a?s=96&d=mm&r=g","contentUrl":"https:\/\/secure.gravatar.com\/avatar\/aa9d3d24c83f2141e5e2709d0f63d09a99f6be6bb7a50abc4915838d9f54501a?s=96&d=mm&r=g","caption":"Mathieu"},"url":"https:\/\/www.altercampagne.net\/?author=214"}]}},"_links":{"self":[{"href":"https:\/\/www.altercampagne.net\/index.php?rest_route=\/wp\/v2\/posts\/4397","targetHints":{"allow":["GET"]}}],"collection":[{"href":"https:\/\/www.altercampagne.net\/index.php?rest_route=\/wp\/v2\/posts"}],"about":[{"href":"https:\/\/www.altercampagne.net\/index.php?rest_route=\/wp\/v2\/types\/post"}],"author":[{"embeddable":true,"href":"https:\/\/www.altercampagne.net\/index.php?rest_route=\/wp\/v2\/users\/214"}],"replies":[{"embeddable":true,"href":"https:\/\/www.altercampagne.net\/index.php?rest_route=%2Fwp%2Fv2%2Fcomments&post=4397"}],"version-history":[{"count":0,"href":"https:\/\/www.altercampagne.net\/index.php?rest_route=\/wp\/v2\/posts\/4397\/revisions"}],"wp:attachment":[{"href":"https:\/\/www.altercampagne.net\/index.php?rest_route=%2Fwp%2Fv2%2Fmedia&parent=4397"}],"wp:term":[{"taxonomy":"category","embeddable":true,"href":"https:\/\/www.altercampagne.net\/index.php?rest_route=%2Fwp%2Fv2%2Fcategories&post=4397"},{"taxonomy":"post_tag","embeddable":true,"href":"https:\/\/www.altercampagne.net\/index.php?rest_route=%2Fwp%2Fv2%2Ftags&post=4397"}],"curies":[{"name":"wp","href":"https:\/\/api.w.org\/{rel}","templated":true}]}}