{"id":4399,"date":"2011-08-04T11:40:15","date_gmt":"2011-08-04T09:40:15","guid":{"rendered":"http:\/\/www.altercampagne.net\/?p=4399"},"modified":"2016-04-21T11:42:55","modified_gmt":"2016-04-21T09:42:55","slug":"des-burgiens-pedalent-pour-laltertour","status":"publish","type":"post","link":"https:\/\/www.altercampagne.net\/?p=4399","title":{"rendered":"Des Burgiens p\u00e9dalent pour l\u2019AlterTour"},"content":{"rendered":"<p><img loading=\"lazy\" decoding=\"async\" class=\" alignright\" src=\"http:\/\/altercampagne.free.fr\/pages\/2008\/AlterTour\/Revue-presse-2011\/AT2011_Le-Progres.jpg\" alt=\"\" width=\"448\" height=\"262\" \/>Parmi les Tours de France alternatifs, en parall\u00e8le de la grande manifestation sportive nationale, l\u2019AlterTour a pour but d\u2019interpeller sur la soci\u00e9t\u00e9 de consommation, ses choix et ses cons\u00e9quences. Loin du dopage, de l\u2019argent et des honneurs, cette quatri\u00e8me \u00e9dition de l\u2019AlterTour a pour th\u00e8me \u00ab la sobri\u00e9t\u00e9 \u00e9nerg\u00e9tique \u00bb.<\/p>\n<p>Les participants p\u00e9dalent \u00e0 leur rythme, s\u2019arr\u00eatent pour d\u00e9panner quelqu\u2019un, montrent l\u2019exemple pour r\u00e9duire le gaspillage \u00e9nerg\u00e9tique et la pollution. Parmi eux, six personnes de l\u2019Ain : deux couples de Burgiens, ainsi qu\u2019une maman et son fils de 6 ans. L\u2019un des couples participe pour la troisi\u00e8me ann\u00e9e cons\u00e9cutive.<\/p>\n<p>D\u00e9j\u00e0 partis du 2 au 11\u00a0juillet, ils ont pris le d\u00e9part du tour \u00e0 Gen\u00e8ve et seront \u00e9galement \u00e0 l\u2019arriv\u00e9e, sur le plateau du Larzac, le 7\u00a0ao\u00fbt.<\/p>\n<p>En ce moment m\u00eame, les Sarbach p\u00e9dalent avec une cinquantaine d\u2019autres personnes, entre la Camargue et le Larzac.<\/p>\n<p style=\"text-align: right;\"><strong>Le Progr\u00e8s<\/strong><\/p>\n<p>Source : <a href=\"http:\/\/www.leprogres.fr\/ain\/2011\/08\/04\/des-burgiens-pedalent-pour-l-altertour\" target=\"_blank\">http:\/\/www.leprogres.fr\/ain\/2011\/08\/04\/des-burgiens-pedalent-pour-l-altertour<\/a><\/p>\n","protected":false},"excerpt":{"rendered":"<p>Parmi les Tours de France alternatifs, en parall\u00e8le de la grande manifestation sportive nationale, l\u2019AlterTour a pour but d\u2019interpeller sur la soci\u00e9t\u00e9 de consommation, ses choix et ses cons\u00e9quences. Loin du dopage, de l\u2019argent et des honneurs, cette quatri\u00e8me \u00e9dition de l\u2019AlterTour a pour th\u00e8me \u00ab la sobri\u00e9t\u00e9 \u00e9nerg\u00e9tique \u00bb. &#8230; <\/p>\n<div><a href=\"https:\/\/www.altercampagne.net\/?p=4399\" class=\"more-link\">Read More<\/a><\/div>\n","protected":false},"author":214,"featured_media":0,"comment_status":"closed","ping_status":"closed","sticky":false,"template":"","format":"standard","meta":{"footnotes":""},"categories":[239],"tags":[836,1979],"class_list":["post-4399","post","type-post","status-publish","format-standard","hentry","category-revue-de-presse","tag-altertour-2011","tag-1979","no-post-thumbnail"],"yoast_head":"<!-- This site is optimized with the Yoast SEO plugin v27.3 - https:\/\/yoast.com\/product\/yoast-seo-wordpress\/ -->\n<title>Des Burgiens p\u00e9dalent pour l\u2019AlterTour - AlterTour<\/title>\n<meta name=\"robots\" content=\"index, follow, max-snippet:-1, max-image-preview:large, max-video-preview:-1\" \/>\n<link rel=\"canonical\" href=\"https:\/\/www.altercampagne.net\/?p=4399\" \/>\n<meta property=\"og:locale\" content=\"fr_FR\" \/>\n<meta property=\"og:type\" content=\"article\" \/>\n<meta property=\"og:title\" content=\"Des Burgiens p\u00e9dalent pour l\u2019AlterTour - AlterTour\" \/>\n<meta property=\"og:description\" content=\"Parmi les Tours de France alternatifs, en parall\u00e8le de la grande manifestation sportive nationale, l\u2019AlterTour a pour but d\u2019interpeller sur la soci\u00e9t\u00e9 de consommation, ses choix et ses cons\u00e9quences. Loin du dopage, de l\u2019argent et des honneurs, cette quatri\u00e8me \u00e9dition de l\u2019AlterTour a pour th\u00e8me \u00ab la sobri\u00e9t\u00e9 \u00e9nerg\u00e9tique \u00bb. ... Read More\" \/>\n<meta property=\"og:url\" content=\"https:\/\/www.altercampagne.net\/?p=4399\" \/>\n<meta property=\"og:site_name\" content=\"AlterTour\" \/>\n<meta property=\"article:published_time\" content=\"2011-08-04T09:40:15+00:00\" \/>\n<meta property=\"article:modified_time\" content=\"2016-04-21T09:42:55+00:00\" \/>\n<meta property=\"og:image\" content=\"http:\/\/altercampagne.free.fr\/pages\/2008\/AlterTour\/Revue-presse-2011\/AT2011_Le-Progres.jpg\" \/>\n<meta name=\"author\" content=\"Mathieu\" \/>\n<meta name=\"twitter:card\" content=\"summary_large_image\" \/>\n<meta name=\"twitter:label1\" content=\"\u00c9crit par\" \/>\n\t<meta name=\"twitter:data1\" content=\"Mathieu\" \/>\n\t<meta name=\"twitter:label2\" content=\"Dur\u00e9e de lecture estim\u00e9e\" \/>\n\t<meta name=\"twitter:data2\" content=\"1 minute\" \/>\n<script type=\"application\/ld+json\" class=\"yoast-schema-graph\">{\"@context\":\"https:\\\/\\\/schema.org\",\"@graph\":[{\"@type\":\"Article\",\"@id\":\"https:\\\/\\\/www.altercampagne.net\\\/?p=4399#article\",\"isPartOf\":{\"@id\":\"https:\\\/\\\/www.altercampagne.net\\\/?p=4399\"},\"author\":{\"name\":\"Mathieu\",\"@id\":\"https:\\\/\\\/www.altercampagne.net\\\/#\\\/schema\\\/person\\\/0f261460c09e430caa0f9bcffa319109\"},\"headline\":\"Des Burgiens p\u00e9dalent pour l\u2019AlterTour\",\"datePublished\":\"2011-08-04T09:40:15+00:00\",\"dateModified\":\"2016-04-21T09:42:55+00:00\",\"mainEntityOfPage\":{\"@id\":\"https:\\\/\\\/www.altercampagne.net\\\/?p=4399\"},\"wordCount\":187,\"image\":{\"@id\":\"https:\\\/\\\/www.altercampagne.net\\\/?p=4399#primaryimage\"},\"thumbnailUrl\":\"http:\\\/\\\/altercampagne.free.fr\\\/pages\\\/2008\\\/AlterTour\\\/Revue-presse-2011\\\/AT2011_Le-Progres.jpg\",\"keywords\":[\"AlterTour 2011\",\"2011\"],\"articleSection\":[\"Revue de presse\"],\"inLanguage\":\"fr-FR\"},{\"@type\":\"WebPage\",\"@id\":\"https:\\\/\\\/www.altercampagne.net\\\/?p=4399\",\"url\":\"https:\\\/\\\/www.altercampagne.net\\\/?p=4399\",\"name\":\"Des Burgiens p\u00e9dalent pour l\u2019AlterTour - AlterTour\",\"isPartOf\":{\"@id\":\"https:\\\/\\\/www.altercampagne.net\\\/#website\"},\"primaryImageOfPage\":{\"@id\":\"https:\\\/\\\/www.altercampagne.net\\\/?p=4399#primaryimage\"},\"image\":{\"@id\":\"https:\\\/\\\/www.altercampagne.net\\\/?p=4399#primaryimage\"},\"thumbnailUrl\":\"http:\\\/\\\/altercampagne.free.fr\\\/pages\\\/2008\\\/AlterTour\\\/Revue-presse-2011\\\/AT2011_Le-Progres.jpg\",\"datePublished\":\"2011-08-04T09:40:15+00:00\",\"dateModified\":\"2016-04-21T09:42:55+00:00\",\"author\":{\"@id\":\"https:\\\/\\\/www.altercampagne.net\\\/#\\\/schema\\\/person\\\/0f261460c09e430caa0f9bcffa319109\"},\"breadcrumb\":{\"@id\":\"https:\\\/\\\/www.altercampagne.net\\\/?p=4399#breadcrumb\"},\"inLanguage\":\"fr-FR\",\"potentialAction\":[{\"@type\":\"ReadAction\",\"target\":[\"https:\\\/\\\/www.altercampagne.net\\\/?p=4399\"]}]},{\"@type\":\"ImageObject\",\"inLanguage\":\"fr-FR\",\"@id\":\"https:\\\/\\\/www.altercampagne.net\\\/?p=4399#primaryimage\",\"url\":\"http:\\\/\\\/altercampagne.free.fr\\\/pages\\\/2008\\\/AlterTour\\\/Revue-presse-2011\\\/AT2011_Le-Progres.jpg\",\"contentUrl\":\"http:\\\/\\\/altercampagne.free.fr\\\/pages\\\/2008\\\/AlterTour\\\/Revue-presse-2011\\\/AT2011_Le-Progres.jpg\"},{\"@type\":\"BreadcrumbList\",\"@id\":\"https:\\\/\\\/www.altercampagne.net\\\/?p=4399#breadcrumb\",\"itemListElement\":[{\"@type\":\"ListItem\",\"position\":1,\"name\":\"Accueil\",\"item\":\"https:\\\/\\\/www.altercampagne.net\\\/\"},{\"@type\":\"ListItem\",\"position\":2,\"name\":\"Des Burgiens p\u00e9dalent pour l\u2019AlterTour\"}]},{\"@type\":\"WebSite\",\"@id\":\"https:\\\/\\\/www.altercampagne.net\\\/#website\",\"url\":\"https:\\\/\\\/www.altercampagne.net\\\/\",\"name\":\"AlterTour\",\"description\":\"Reliez les Alternatives \u00e0 v\u00e9lo\",\"potentialAction\":[{\"@type\":\"SearchAction\",\"target\":{\"@type\":\"EntryPoint\",\"urlTemplate\":\"https:\\\/\\\/www.altercampagne.net\\\/?s={search_term_string}\"},\"query-input\":{\"@type\":\"PropertyValueSpecification\",\"valueRequired\":true,\"valueName\":\"search_term_string\"}}],\"inLanguage\":\"fr-FR\"},{\"@type\":\"Person\",\"@id\":\"https:\\\/\\\/www.altercampagne.net\\\/#\\\/schema\\\/person\\\/0f261460c09e430caa0f9bcffa319109\",\"name\":\"Mathieu\",\"image\":{\"@type\":\"ImageObject\",\"inLanguage\":\"fr-FR\",\"@id\":\"https:\\\/\\\/secure.gravatar.com\\\/avatar\\\/aa9d3d24c83f2141e5e2709d0f63d09a99f6be6bb7a50abc4915838d9f54501a?s=96&d=mm&r=g\",\"url\":\"https:\\\/\\\/secure.gravatar.com\\\/avatar\\\/aa9d3d24c83f2141e5e2709d0f63d09a99f6be6bb7a50abc4915838d9f54501a?s=96&d=mm&r=g\",\"contentUrl\":\"https:\\\/\\\/secure.gravatar.com\\\/avatar\\\/aa9d3d24c83f2141e5e2709d0f63d09a99f6be6bb7a50abc4915838d9f54501a?s=96&d=mm&r=g\",\"caption\":\"Mathieu\"},\"url\":\"https:\\\/\\\/www.altercampagne.net\\\/?author=214\"}]}<\/script>\n<!-- \/ Yoast SEO plugin. -->","yoast_head_json":{"title":"Des Burgiens p\u00e9dalent pour l\u2019AlterTour - AlterTour","robots":{"index":"index","follow":"follow","max-snippet":"max-snippet:-1","max-image-preview":"max-image-preview:large","max-video-preview":"max-video-preview:-1"},"canonical":"https:\/\/www.altercampagne.net\/?p=4399","og_locale":"fr_FR","og_type":"article","og_title":"Des Burgiens p\u00e9dalent pour l\u2019AlterTour - AlterTour","og_description":"Parmi les Tours de France alternatifs, en parall\u00e8le de la grande manifestation sportive nationale, l\u2019AlterTour a pour but d\u2019interpeller sur la soci\u00e9t\u00e9 de consommation, ses choix et ses cons\u00e9quences. Loin du dopage, de l\u2019argent et des honneurs, cette quatri\u00e8me \u00e9dition de l\u2019AlterTour a pour th\u00e8me \u00ab la sobri\u00e9t\u00e9 \u00e9nerg\u00e9tique \u00bb. ... Read More","og_url":"https:\/\/www.altercampagne.net\/?p=4399","og_site_name":"AlterTour","article_published_time":"2011-08-04T09:40:15+00:00","article_modified_time":"2016-04-21T09:42:55+00:00","og_image":[{"url":"http:\/\/altercampagne.free.fr\/pages\/2008\/AlterTour\/Revue-presse-2011\/AT2011_Le-Progres.jpg","type":"","width":"","height":""}],"author":"Mathieu","twitter_card":"summary_large_image","twitter_misc":{"\u00c9crit par":"Mathieu","Dur\u00e9e de lecture estim\u00e9e":"1 minute"},"schema":{"@context":"https:\/\/schema.org","@graph":[{"@type":"Article","@id":"https:\/\/www.altercampagne.net\/?p=4399#article","isPartOf":{"@id":"https:\/\/www.altercampagne.net\/?p=4399"},"author":{"name":"Mathieu","@id":"https:\/\/www.altercampagne.net\/#\/schema\/person\/0f261460c09e430caa0f9bcffa319109"},"headline":"Des Burgiens p\u00e9dalent pour l\u2019AlterTour","datePublished":"2011-08-04T09:40:15+00:00","dateModified":"2016-04-21T09:42:55+00:00","mainEntityOfPage":{"@id":"https:\/\/www.altercampagne.net\/?p=4399"},"wordCount":187,"image":{"@id":"https:\/\/www.altercampagne.net\/?p=4399#primaryimage"},"thumbnailUrl":"http:\/\/altercampagne.free.fr\/pages\/2008\/AlterTour\/Revue-presse-2011\/AT2011_Le-Progres.jpg","keywords":["AlterTour 2011","2011"],"articleSection":["Revue de presse"],"inLanguage":"fr-FR"},{"@type":"WebPage","@id":"https:\/\/www.altercampagne.net\/?p=4399","url":"https:\/\/www.altercampagne.net\/?p=4399","name":"Des Burgiens p\u00e9dalent pour l\u2019AlterTour - AlterTour","isPartOf":{"@id":"https:\/\/www.altercampagne.net\/#website"},"primaryImageOfPage":{"@id":"https:\/\/www.altercampagne.net\/?p=4399#primaryimage"},"image":{"@id":"https:\/\/www.altercampagne.net\/?p=4399#primaryimage"},"thumbnailUrl":"http:\/\/altercampagne.free.fr\/pages\/2008\/AlterTour\/Revue-presse-2011\/AT2011_Le-Progres.jpg","datePublished":"2011-08-04T09:40:15+00:00","dateModified":"2016-04-21T09:42:55+00:00","author":{"@id":"https:\/\/www.altercampagne.net\/#\/schema\/person\/0f261460c09e430caa0f9bcffa319109"},"breadcrumb":{"@id":"https:\/\/www.altercampagne.net\/?p=4399#breadcrumb"},"inLanguage":"fr-FR","potentialAction":[{"@type":"ReadAction","target":["https:\/\/www.altercampagne.net\/?p=4399"]}]},{"@type":"ImageObject","inLanguage":"fr-FR","@id":"https:\/\/www.altercampagne.net\/?p=4399#primaryimage","url":"http:\/\/altercampagne.free.fr\/pages\/2008\/AlterTour\/Revue-presse-2011\/AT2011_Le-Progres.jpg","contentUrl":"http:\/\/altercampagne.free.fr\/pages\/2008\/AlterTour\/Revue-presse-2011\/AT2011_Le-Progres.jpg"},{"@type":"BreadcrumbList","@id":"https:\/\/www.altercampagne.net\/?p=4399#breadcrumb","itemListElement":[{"@type":"ListItem","position":1,"name":"Accueil","item":"https:\/\/www.altercampagne.net\/"},{"@type":"ListItem","position":2,"name":"Des Burgiens p\u00e9dalent pour l\u2019AlterTour"}]},{"@type":"WebSite","@id":"https:\/\/www.altercampagne.net\/#website","url":"https:\/\/www.altercampagne.net\/","name":"AlterTour","description":"Reliez les Alternatives \u00e0 v\u00e9lo","potentialAction":[{"@type":"SearchAction","target":{"@type":"EntryPoint","urlTemplate":"https:\/\/www.altercampagne.net\/?s={search_term_string}"},"query-input":{"@type":"PropertyValueSpecification","valueRequired":true,"valueName":"search_term_string"}}],"inLanguage":"fr-FR"},{"@type":"Person","@id":"https:\/\/www.altercampagne.net\/#\/schema\/person\/0f261460c09e430caa0f9bcffa319109","name":"Mathieu","image":{"@type":"ImageObject","inLanguage":"fr-FR","@id":"https:\/\/secure.gravatar.com\/avatar\/aa9d3d24c83f2141e5e2709d0f63d09a99f6be6bb7a50abc4915838d9f54501a?s=96&d=mm&r=g","url":"https:\/\/secure.gravatar.com\/avatar\/aa9d3d24c83f2141e5e2709d0f63d09a99f6be6bb7a50abc4915838d9f54501a?s=96&d=mm&r=g","contentUrl":"https:\/\/secure.gravatar.com\/avatar\/aa9d3d24c83f2141e5e2709d0f63d09a99f6be6bb7a50abc4915838d9f54501a?s=96&d=mm&r=g","caption":"Mathieu"},"url":"https:\/\/www.altercampagne.net\/?author=214"}]}},"_links":{"self":[{"href":"https:\/\/www.altercampagne.net\/index.php?rest_route=\/wp\/v2\/posts\/4399","targetHints":{"allow":["GET"]}}],"collection":[{"href":"https:\/\/www.altercampagne.net\/index.php?rest_route=\/wp\/v2\/posts"}],"about":[{"href":"https:\/\/www.altercampagne.net\/index.php?rest_route=\/wp\/v2\/types\/post"}],"author":[{"embeddable":true,"href":"https:\/\/www.altercampagne.net\/index.php?rest_route=\/wp\/v2\/users\/214"}],"replies":[{"embeddable":true,"href":"https:\/\/www.altercampagne.net\/index.php?rest_route=%2Fwp%2Fv2%2Fcomments&post=4399"}],"version-history":[{"count":0,"href":"https:\/\/www.altercampagne.net\/index.php?rest_route=\/wp\/v2\/posts\/4399\/revisions"}],"wp:attachment":[{"href":"https:\/\/www.altercampagne.net\/index.php?rest_route=%2Fwp%2Fv2%2Fmedia&parent=4399"}],"wp:term":[{"taxonomy":"category","embeddable":true,"href":"https:\/\/www.altercampagne.net\/index.php?rest_route=%2Fwp%2Fv2%2Fcategories&post=4399"},{"taxonomy":"post_tag","embeddable":true,"href":"https:\/\/www.altercampagne.net\/index.php?rest_route=%2Fwp%2Fv2%2Ftags&post=4399"}],"curies":[{"name":"wp","href":"https:\/\/api.w.org\/{rel}","templated":true}]}}