{"id":4407,"date":"2011-07-26T11:54:44","date_gmt":"2011-07-26T09:54:44","guid":{"rendered":"http:\/\/www.altercampagne.net\/?p=4407"},"modified":"2024-08-27T17:14:59","modified_gmt":"2024-08-27T15:14:59","slug":"lalter-ego-ecolo-du-tour-de-france-passe-en-provence","status":"publish","type":"post","link":"https:\/\/www.altercampagne.net\/?p=4407","title":{"rendered":"L&rsquo;alter ego \u00e9colo du Tour de France passe en Provence"},"content":{"rendered":"<p><iframe loading=\"lazy\" src=\"\/\/www.dailymotion.com\/embed\/video\/xk5gt8\" width=\"280\" height=\"170\" frameborder=\"0\" allowfullscreen=\"allowfullscreen\"><\/iframe> <iframe loading=\"lazy\" src=\"\/\/www.dailymotion.com\/embed\/video\/xk5fud\" width=\"280\" height=\"170\" frameborder=\"0\" allowfullscreen=\"allowfullscreen\"><\/iframe> <iframe loading=\"lazy\" src=\"\/\/www.dailymotion.com\/embed\/video\/xk5fyb\" width=\"280\" height=\"170\" frameborder=\"0\" allowfullscreen=\"allowfullscreen\"><\/iframe><\/p>\n<p>Leurs maillots sont verts, mais pour eux pas question de sprinter vers la ligne d&rsquo;arriv\u00e9e. Les cyclistes de l&rsquo;AlterTour, qui passait ce mardi par les Bouches-du-Rh\u00f4ne, avec une \u00e9tape du Thor \u00e0 Miramas, prennent m\u00eame un malin plaisir \u00e0 renverser les symboles de l&rsquo;autre Grande Boucle, en confiant le maillot jaune au dernier de la file, qui est charg\u00e9 de s&rsquo;assurer que personne ne reste derri\u00e8re.<\/p>\n<p>De Gen\u00e8ve le 2 juillet au Larzac, le 7 ao\u00fbt, ils sont chaque jour une quarantaine (sur au total pr\u00e8s de 200 participants, qui ne feront qu&rsquo;une partie du trajet) \u00e0 suivre ce parcours de 1 200 kilom\u00e8tres avec pour leitmotiv \u00ab une plan\u00e8te sans dopage \u00bb, comme l&rsquo;explique Mathieu Fromont, coordinateur g\u00e9n\u00e9ral de la manifestation, organis\u00e9e depuis 2008 par Alter Campagne, un collectif \u00e0 l&rsquo;origine mobilis\u00e9 contre les OGM qui regroupe une vingtaine de r\u00e9seaux nationaux (Attac, Conf\u00e9d\u00e9ration paysanne, Biocoop, Criirad, Europe Ecologie-Les Verts&#8230;)<\/p>\n<p style=\"text-align: right;\"><strong>Julien VINZENT, MarsActu<br \/>\n<\/strong><\/p>\n","protected":false},"excerpt":{"rendered":"<p>Leurs maillots sont verts, mais pour eux pas question de sprinter vers la ligne d&rsquo;arriv\u00e9e. Les cyclistes de l&rsquo;AlterTour, qui passait ce mardi par les Bouches-du-Rh\u00f4ne, avec une \u00e9tape du Thor \u00e0 Miramas, prennent m\u00eame un malin plaisir \u00e0 renverser les symboles de l&rsquo;autre Grande Boucle, en confiant le maillot &#8230; <\/p>\n<div><a href=\"https:\/\/www.altercampagne.net\/?p=4407\" class=\"more-link\">Read More<\/a><\/div>\n","protected":false},"author":214,"featured_media":0,"comment_status":"closed","ping_status":"closed","sticky":false,"template":"","format":"standard","meta":{"footnotes":""},"categories":[239],"tags":[836,1979,1984,1988,1990,1992],"class_list":["post-4407","post","type-post","status-publish","format-standard","hentry","category-revue-de-presse","tag-altertour-2011","tag-1979","tag-provence-alpes-cote-dazur","tag-vaucluse","tag-le-thor","tag-miramas","no-post-thumbnail"],"yoast_head":"<!-- This site is optimized with the Yoast SEO plugin v27.3 - https:\/\/yoast.com\/product\/yoast-seo-wordpress\/ -->\n<title>L&#039;alter ego \u00e9colo du Tour de France passe en Provence - AlterTour<\/title>\n<meta name=\"robots\" content=\"index, follow, max-snippet:-1, max-image-preview:large, max-video-preview:-1\" \/>\n<link rel=\"canonical\" href=\"https:\/\/www.altercampagne.net\/?p=4407\" \/>\n<meta property=\"og:locale\" content=\"fr_FR\" \/>\n<meta property=\"og:type\" content=\"article\" \/>\n<meta property=\"og:title\" content=\"L&#039;alter ego \u00e9colo du Tour de France passe en Provence - AlterTour\" \/>\n<meta property=\"og:description\" content=\"Leurs maillots sont verts, mais pour eux pas question de sprinter vers la ligne d&rsquo;arriv\u00e9e. Les cyclistes de l&rsquo;AlterTour, qui passait ce mardi par les Bouches-du-Rh\u00f4ne, avec une \u00e9tape du Thor \u00e0 Miramas, prennent m\u00eame un malin plaisir \u00e0 renverser les symboles de l&rsquo;autre Grande Boucle, en confiant le maillot ... Read More\" \/>\n<meta property=\"og:url\" content=\"https:\/\/www.altercampagne.net\/?p=4407\" \/>\n<meta property=\"og:site_name\" content=\"AlterTour\" \/>\n<meta property=\"article:published_time\" content=\"2011-07-26T09:54:44+00:00\" \/>\n<meta property=\"article:modified_time\" content=\"2024-08-27T15:14:59+00:00\" \/>\n<meta name=\"author\" content=\"Mathieu\" \/>\n<meta name=\"twitter:card\" content=\"summary_large_image\" \/>\n<meta name=\"twitter:label1\" content=\"\u00c9crit par\" \/>\n\t<meta name=\"twitter:data1\" content=\"Mathieu\" \/>\n\t<meta name=\"twitter:label2\" content=\"Dur\u00e9e de lecture estim\u00e9e\" \/>\n\t<meta name=\"twitter:data2\" content=\"1 minute\" \/>\n<script type=\"application\/ld+json\" class=\"yoast-schema-graph\">{\"@context\":\"https:\\\/\\\/schema.org\",\"@graph\":[{\"@type\":\"Article\",\"@id\":\"https:\\\/\\\/www.altercampagne.net\\\/?p=4407#article\",\"isPartOf\":{\"@id\":\"https:\\\/\\\/www.altercampagne.net\\\/?p=4407\"},\"author\":{\"name\":\"Mathieu\",\"@id\":\"https:\\\/\\\/www.altercampagne.net\\\/#\\\/schema\\\/person\\\/0f261460c09e430caa0f9bcffa319109\"},\"headline\":\"L&rsquo;alter ego \u00e9colo du Tour de France passe en Provence\",\"datePublished\":\"2011-07-26T09:54:44+00:00\",\"dateModified\":\"2024-08-27T15:14:59+00:00\",\"mainEntityOfPage\":{\"@id\":\"https:\\\/\\\/www.altercampagne.net\\\/?p=4407\"},\"wordCount\":175,\"keywords\":[\"AlterTour 2011\",\"2011\",\"Provence-Alpes-C\u00f4te d'Azur\",\"vaucluse\",\"Le Thor\",\"Miramas\"],\"articleSection\":[\"Revue de presse\"],\"inLanguage\":\"fr-FR\"},{\"@type\":\"WebPage\",\"@id\":\"https:\\\/\\\/www.altercampagne.net\\\/?p=4407\",\"url\":\"https:\\\/\\\/www.altercampagne.net\\\/?p=4407\",\"name\":\"L'alter ego \u00e9colo du Tour de France passe en Provence - AlterTour\",\"isPartOf\":{\"@id\":\"https:\\\/\\\/www.altercampagne.net\\\/#website\"},\"datePublished\":\"2011-07-26T09:54:44+00:00\",\"dateModified\":\"2024-08-27T15:14:59+00:00\",\"author\":{\"@id\":\"https:\\\/\\\/www.altercampagne.net\\\/#\\\/schema\\\/person\\\/0f261460c09e430caa0f9bcffa319109\"},\"breadcrumb\":{\"@id\":\"https:\\\/\\\/www.altercampagne.net\\\/?p=4407#breadcrumb\"},\"inLanguage\":\"fr-FR\",\"potentialAction\":[{\"@type\":\"ReadAction\",\"target\":[\"https:\\\/\\\/www.altercampagne.net\\\/?p=4407\"]}]},{\"@type\":\"BreadcrumbList\",\"@id\":\"https:\\\/\\\/www.altercampagne.net\\\/?p=4407#breadcrumb\",\"itemListElement\":[{\"@type\":\"ListItem\",\"position\":1,\"name\":\"Accueil\",\"item\":\"https:\\\/\\\/www.altercampagne.net\\\/\"},{\"@type\":\"ListItem\",\"position\":2,\"name\":\"L&rsquo;alter ego \u00e9colo du Tour de France passe en Provence\"}]},{\"@type\":\"WebSite\",\"@id\":\"https:\\\/\\\/www.altercampagne.net\\\/#website\",\"url\":\"https:\\\/\\\/www.altercampagne.net\\\/\",\"name\":\"AlterTour\",\"description\":\"Reliez les Alternatives \u00e0 v\u00e9lo\",\"potentialAction\":[{\"@type\":\"SearchAction\",\"target\":{\"@type\":\"EntryPoint\",\"urlTemplate\":\"https:\\\/\\\/www.altercampagne.net\\\/?s={search_term_string}\"},\"query-input\":{\"@type\":\"PropertyValueSpecification\",\"valueRequired\":true,\"valueName\":\"search_term_string\"}}],\"inLanguage\":\"fr-FR\"},{\"@type\":\"Person\",\"@id\":\"https:\\\/\\\/www.altercampagne.net\\\/#\\\/schema\\\/person\\\/0f261460c09e430caa0f9bcffa319109\",\"name\":\"Mathieu\",\"image\":{\"@type\":\"ImageObject\",\"inLanguage\":\"fr-FR\",\"@id\":\"https:\\\/\\\/secure.gravatar.com\\\/avatar\\\/aa9d3d24c83f2141e5e2709d0f63d09a99f6be6bb7a50abc4915838d9f54501a?s=96&d=mm&r=g\",\"url\":\"https:\\\/\\\/secure.gravatar.com\\\/avatar\\\/aa9d3d24c83f2141e5e2709d0f63d09a99f6be6bb7a50abc4915838d9f54501a?s=96&d=mm&r=g\",\"contentUrl\":\"https:\\\/\\\/secure.gravatar.com\\\/avatar\\\/aa9d3d24c83f2141e5e2709d0f63d09a99f6be6bb7a50abc4915838d9f54501a?s=96&d=mm&r=g\",\"caption\":\"Mathieu\"},\"url\":\"https:\\\/\\\/www.altercampagne.net\\\/?author=214\"}]}<\/script>\n<!-- \/ Yoast SEO plugin. -->","yoast_head_json":{"title":"L'alter ego \u00e9colo du Tour de France passe en Provence - AlterTour","robots":{"index":"index","follow":"follow","max-snippet":"max-snippet:-1","max-image-preview":"max-image-preview:large","max-video-preview":"max-video-preview:-1"},"canonical":"https:\/\/www.altercampagne.net\/?p=4407","og_locale":"fr_FR","og_type":"article","og_title":"L'alter ego \u00e9colo du Tour de France passe en Provence - AlterTour","og_description":"Leurs maillots sont verts, mais pour eux pas question de sprinter vers la ligne d&rsquo;arriv\u00e9e. Les cyclistes de l&rsquo;AlterTour, qui passait ce mardi par les Bouches-du-Rh\u00f4ne, avec une \u00e9tape du Thor \u00e0 Miramas, prennent m\u00eame un malin plaisir \u00e0 renverser les symboles de l&rsquo;autre Grande Boucle, en confiant le maillot ... Read More","og_url":"https:\/\/www.altercampagne.net\/?p=4407","og_site_name":"AlterTour","article_published_time":"2011-07-26T09:54:44+00:00","article_modified_time":"2024-08-27T15:14:59+00:00","author":"Mathieu","twitter_card":"summary_large_image","twitter_misc":{"\u00c9crit par":"Mathieu","Dur\u00e9e de lecture estim\u00e9e":"1 minute"},"schema":{"@context":"https:\/\/schema.org","@graph":[{"@type":"Article","@id":"https:\/\/www.altercampagne.net\/?p=4407#article","isPartOf":{"@id":"https:\/\/www.altercampagne.net\/?p=4407"},"author":{"name":"Mathieu","@id":"https:\/\/www.altercampagne.net\/#\/schema\/person\/0f261460c09e430caa0f9bcffa319109"},"headline":"L&rsquo;alter ego \u00e9colo du Tour de France passe en Provence","datePublished":"2011-07-26T09:54:44+00:00","dateModified":"2024-08-27T15:14:59+00:00","mainEntityOfPage":{"@id":"https:\/\/www.altercampagne.net\/?p=4407"},"wordCount":175,"keywords":["AlterTour 2011","2011","Provence-Alpes-C\u00f4te d'Azur","vaucluse","Le Thor","Miramas"],"articleSection":["Revue de presse"],"inLanguage":"fr-FR"},{"@type":"WebPage","@id":"https:\/\/www.altercampagne.net\/?p=4407","url":"https:\/\/www.altercampagne.net\/?p=4407","name":"L'alter ego \u00e9colo du Tour de France passe en Provence - AlterTour","isPartOf":{"@id":"https:\/\/www.altercampagne.net\/#website"},"datePublished":"2011-07-26T09:54:44+00:00","dateModified":"2024-08-27T15:14:59+00:00","author":{"@id":"https:\/\/www.altercampagne.net\/#\/schema\/person\/0f261460c09e430caa0f9bcffa319109"},"breadcrumb":{"@id":"https:\/\/www.altercampagne.net\/?p=4407#breadcrumb"},"inLanguage":"fr-FR","potentialAction":[{"@type":"ReadAction","target":["https:\/\/www.altercampagne.net\/?p=4407"]}]},{"@type":"BreadcrumbList","@id":"https:\/\/www.altercampagne.net\/?p=4407#breadcrumb","itemListElement":[{"@type":"ListItem","position":1,"name":"Accueil","item":"https:\/\/www.altercampagne.net\/"},{"@type":"ListItem","position":2,"name":"L&rsquo;alter ego \u00e9colo du Tour de France passe en Provence"}]},{"@type":"WebSite","@id":"https:\/\/www.altercampagne.net\/#website","url":"https:\/\/www.altercampagne.net\/","name":"AlterTour","description":"Reliez les Alternatives \u00e0 v\u00e9lo","potentialAction":[{"@type":"SearchAction","target":{"@type":"EntryPoint","urlTemplate":"https:\/\/www.altercampagne.net\/?s={search_term_string}"},"query-input":{"@type":"PropertyValueSpecification","valueRequired":true,"valueName":"search_term_string"}}],"inLanguage":"fr-FR"},{"@type":"Person","@id":"https:\/\/www.altercampagne.net\/#\/schema\/person\/0f261460c09e430caa0f9bcffa319109","name":"Mathieu","image":{"@type":"ImageObject","inLanguage":"fr-FR","@id":"https:\/\/secure.gravatar.com\/avatar\/aa9d3d24c83f2141e5e2709d0f63d09a99f6be6bb7a50abc4915838d9f54501a?s=96&d=mm&r=g","url":"https:\/\/secure.gravatar.com\/avatar\/aa9d3d24c83f2141e5e2709d0f63d09a99f6be6bb7a50abc4915838d9f54501a?s=96&d=mm&r=g","contentUrl":"https:\/\/secure.gravatar.com\/avatar\/aa9d3d24c83f2141e5e2709d0f63d09a99f6be6bb7a50abc4915838d9f54501a?s=96&d=mm&r=g","caption":"Mathieu"},"url":"https:\/\/www.altercampagne.net\/?author=214"}]}},"_links":{"self":[{"href":"https:\/\/www.altercampagne.net\/index.php?rest_route=\/wp\/v2\/posts\/4407","targetHints":{"allow":["GET"]}}],"collection":[{"href":"https:\/\/www.altercampagne.net\/index.php?rest_route=\/wp\/v2\/posts"}],"about":[{"href":"https:\/\/www.altercampagne.net\/index.php?rest_route=\/wp\/v2\/types\/post"}],"author":[{"embeddable":true,"href":"https:\/\/www.altercampagne.net\/index.php?rest_route=\/wp\/v2\/users\/214"}],"replies":[{"embeddable":true,"href":"https:\/\/www.altercampagne.net\/index.php?rest_route=%2Fwp%2Fv2%2Fcomments&post=4407"}],"version-history":[{"count":1,"href":"https:\/\/www.altercampagne.net\/index.php?rest_route=\/wp\/v2\/posts\/4407\/revisions"}],"predecessor-version":[{"id":28647,"href":"https:\/\/www.altercampagne.net\/index.php?rest_route=\/wp\/v2\/posts\/4407\/revisions\/28647"}],"wp:attachment":[{"href":"https:\/\/www.altercampagne.net\/index.php?rest_route=%2Fwp%2Fv2%2Fmedia&parent=4407"}],"wp:term":[{"taxonomy":"category","embeddable":true,"href":"https:\/\/www.altercampagne.net\/index.php?rest_route=%2Fwp%2Fv2%2Fcategories&post=4407"},{"taxonomy":"post_tag","embeddable":true,"href":"https:\/\/www.altercampagne.net\/index.php?rest_route=%2Fwp%2Fv2%2Ftags&post=4407"}],"curies":[{"name":"wp","href":"https:\/\/api.w.org\/{rel}","templated":true}]}}