{"id":4414,"date":"2011-07-22T12:15:50","date_gmt":"2011-07-22T10:15:50","guid":{"rendered":"http:\/\/www.altercampagne.net\/?p=4414"},"modified":"2016-04-21T12:19:47","modified_gmt":"2016-04-21T10:19:47","slug":"lautre-sillon-de-laltertour","status":"publish","type":"post","link":"https:\/\/www.altercampagne.net\/?p=4414","title":{"rendered":"L\u2019autre sillon de l\u2019AlterTour"},"content":{"rendered":"<p>De Saint-Julien-en-Genevois aux Marches, l&rsquo;AlterTour a travers\u00e9 la Savoie en d\u00e9non\u00e7ant la comp\u00e9tition et le projet de Sillon Alpin, \u00ab un plan de destruction massive dans la concurrence mondialis\u00e9e \u00bb.<\/p>\n<p>Saint-Julien-en-Genevois, Annemasse, Bonne, Pers-Jussy, Arbusigny, Evires, cimeti\u00e8re de Morette, Annecy, Doussard, Bellecombe-en-Bauge, Cusy, Aix-les-Bains, Chamb\u00e9ry, Saint-Jean-d&rsquo;Arvey, Les Marches&#8230; Pendant neuf jours, du 2 au 10 juillet dernier, l&rsquo;AlterTour a sillonn\u00e9 la Savoie. Une premi\u00e8re depuis le lancement de \u00ab cet autre Tour de France \u00bb en 2008 par des mordus de v\u00e9lo qui ha\u00efssent la comp\u00e9tition. C&rsquo;est que cette caravane cycliste alternative d\u00e9nonce \u00ab le sport-opium du peuple, support de propagande du syst\u00e8me concurrentiel mortif\u00e8re \u00bb. \u00ab Contre cette folie destructrice \u00bb, les cyclistes sont venus d\u00e9couvrir les alternatives savoyardes et apporter leur soutien aux r\u00e9sistances locales face \u00e0 la candidature d&rsquo;Annecy aux JO 2018 (voir notre reportage vid\u00e9o), au projet de Sillon Alpin (voir notre reportage vid\u00e9o) et au golf des Marches (voir notre reportage vid\u00e9o).<\/p>\n<p>L&rsquo;objectif ? \u00ab D\u00e9fendre des valeurs de solidarit\u00e9, de paix, d\u2019\u00e9quit\u00e9, de sobri\u00e9t\u00e9 \u00bb face \u00ab au pillage des ressources (\u00e9nergies fossiles, eau&#8230;), aux n\u00e9crotechnologies, au b\u00e9tonnage de la nature, aux injustices sociales et \u00e0 la paup\u00e9risation grandissantes \u00bb. A Annecy, Chamb\u00e9ry, Saint-Jean-d&rsquo;Arvey et aux Marches, La Voix s&rsquo;est mis au v\u00e9lo.<\/p>\n<p><iframe loading=\"lazy\" src=\"https:\/\/player.vimeo.com\/video\/26841508\" width=\"640\" height=\"460\" frameborder=\"0\" allowfullscreen=\"allowfullscreen\"><\/iframe><\/p>\n<p><a href=\"https:\/\/vimeo.com\/26841508\">A v\u00e9lo contre le Sillon Alpin<\/a> from <a href=\"https:\/\/vimeo.com\/lavoix\">La Voix des Allobroges<\/a> on <a href=\"https:\/\/vimeo.com\">Vimeo<\/a>.<\/p>\n","protected":false},"excerpt":{"rendered":"<p>De Saint-Julien-en-Genevois aux Marches, l&rsquo;AlterTour a travers\u00e9 la Savoie en d\u00e9non\u00e7ant la comp\u00e9tition et le projet de Sillon Alpin, \u00ab un plan de destruction massive dans la concurrence mondialis\u00e9e \u00bb. Saint-Julien-en-Genevois, Annemasse, Bonne, Pers-Jussy, Arbusigny, Evires, cimeti\u00e8re de Morette, Annecy, Doussard, Bellecombe-en-Bauge, Cusy, Aix-les-Bains, Chamb\u00e9ry, Saint-Jean-d&rsquo;Arvey, Les Marches&#8230; Pendant neuf &#8230; <\/p>\n<div><a href=\"https:\/\/www.altercampagne.net\/?p=4414\" class=\"more-link\">Read More<\/a><\/div>\n","protected":false},"author":214,"featured_media":0,"comment_status":"closed","ping_status":"closed","sticky":false,"template":"","format":"standard","meta":{"footnotes":""},"categories":[239],"tags":[818,836,1311,1489,1650,1979,2039,2040],"class_list":["post-4414","post","type-post","status-publish","format-standard","hentry","category-revue-de-presse","tag-savoie","tag-altertour-2011","tag-sillon-alpin","tag-auvergne-rhone-alpes","tag-rhone-alpes","tag-1979","tag-saint-julien-en-genevois","tag-les-marches","no-post-thumbnail"],"yoast_head":"<!-- This site is optimized with the Yoast SEO plugin v27.3 - https:\/\/yoast.com\/product\/yoast-seo-wordpress\/ -->\n<title>L\u2019autre sillon de l\u2019AlterTour - AlterTour<\/title>\n<meta name=\"robots\" content=\"index, follow, max-snippet:-1, max-image-preview:large, max-video-preview:-1\" \/>\n<link rel=\"canonical\" href=\"https:\/\/www.altercampagne.net\/?p=4414\" \/>\n<meta property=\"og:locale\" content=\"fr_FR\" \/>\n<meta property=\"og:type\" content=\"article\" \/>\n<meta property=\"og:title\" content=\"L\u2019autre sillon de l\u2019AlterTour - AlterTour\" \/>\n<meta property=\"og:description\" content=\"De Saint-Julien-en-Genevois aux Marches, l&rsquo;AlterTour a travers\u00e9 la Savoie en d\u00e9non\u00e7ant la comp\u00e9tition et le projet de Sillon Alpin, \u00ab un plan de destruction massive dans la concurrence mondialis\u00e9e \u00bb. Saint-Julien-en-Genevois, Annemasse, Bonne, Pers-Jussy, Arbusigny, Evires, cimeti\u00e8re de Morette, Annecy, Doussard, Bellecombe-en-Bauge, Cusy, Aix-les-Bains, Chamb\u00e9ry, Saint-Jean-d&rsquo;Arvey, Les Marches&#8230; Pendant neuf ... Read More\" \/>\n<meta property=\"og:url\" content=\"https:\/\/www.altercampagne.net\/?p=4414\" \/>\n<meta property=\"og:site_name\" content=\"AlterTour\" \/>\n<meta property=\"article:published_time\" content=\"2011-07-22T10:15:50+00:00\" \/>\n<meta property=\"article:modified_time\" content=\"2016-04-21T10:19:47+00:00\" \/>\n<meta name=\"author\" content=\"Mathieu\" \/>\n<meta name=\"twitter:card\" content=\"summary_large_image\" \/>\n<meta name=\"twitter:label1\" content=\"\u00c9crit par\" \/>\n\t<meta name=\"twitter:data1\" content=\"Mathieu\" \/>\n\t<meta name=\"twitter:label2\" content=\"Dur\u00e9e de lecture estim\u00e9e\" \/>\n\t<meta name=\"twitter:data2\" content=\"1 minute\" \/>\n<script type=\"application\/ld+json\" class=\"yoast-schema-graph\">{\"@context\":\"https:\\\/\\\/schema.org\",\"@graph\":[{\"@type\":\"Article\",\"@id\":\"https:\\\/\\\/www.altercampagne.net\\\/?p=4414#article\",\"isPartOf\":{\"@id\":\"https:\\\/\\\/www.altercampagne.net\\\/?p=4414\"},\"author\":{\"name\":\"Mathieu\",\"@id\":\"https:\\\/\\\/www.altercampagne.net\\\/#\\\/schema\\\/person\\\/0f261460c09e430caa0f9bcffa319109\"},\"headline\":\"L\u2019autre sillon de l\u2019AlterTour\",\"datePublished\":\"2011-07-22T10:15:50+00:00\",\"dateModified\":\"2016-04-21T10:19:47+00:00\",\"mainEntityOfPage\":{\"@id\":\"https:\\\/\\\/www.altercampagne.net\\\/?p=4414\"},\"wordCount\":244,\"keywords\":[\"Savoie\",\"AlterTour 2011\",\"Sillon Alpin\",\"Auvergne-Rh\u00f4ne-Alpes\",\"Rhone-Alpes\",\"2011\",\"Saint-Julien-en-Genevois\",\"les Marches\"],\"articleSection\":[\"Revue de presse\"],\"inLanguage\":\"fr-FR\"},{\"@type\":\"WebPage\",\"@id\":\"https:\\\/\\\/www.altercampagne.net\\\/?p=4414\",\"url\":\"https:\\\/\\\/www.altercampagne.net\\\/?p=4414\",\"name\":\"L\u2019autre sillon de l\u2019AlterTour - AlterTour\",\"isPartOf\":{\"@id\":\"https:\\\/\\\/www.altercampagne.net\\\/#website\"},\"datePublished\":\"2011-07-22T10:15:50+00:00\",\"dateModified\":\"2016-04-21T10:19:47+00:00\",\"author\":{\"@id\":\"https:\\\/\\\/www.altercampagne.net\\\/#\\\/schema\\\/person\\\/0f261460c09e430caa0f9bcffa319109\"},\"breadcrumb\":{\"@id\":\"https:\\\/\\\/www.altercampagne.net\\\/?p=4414#breadcrumb\"},\"inLanguage\":\"fr-FR\",\"potentialAction\":[{\"@type\":\"ReadAction\",\"target\":[\"https:\\\/\\\/www.altercampagne.net\\\/?p=4414\"]}]},{\"@type\":\"BreadcrumbList\",\"@id\":\"https:\\\/\\\/www.altercampagne.net\\\/?p=4414#breadcrumb\",\"itemListElement\":[{\"@type\":\"ListItem\",\"position\":1,\"name\":\"Accueil\",\"item\":\"https:\\\/\\\/www.altercampagne.net\\\/\"},{\"@type\":\"ListItem\",\"position\":2,\"name\":\"L\u2019autre sillon de l\u2019AlterTour\"}]},{\"@type\":\"WebSite\",\"@id\":\"https:\\\/\\\/www.altercampagne.net\\\/#website\",\"url\":\"https:\\\/\\\/www.altercampagne.net\\\/\",\"name\":\"AlterTour\",\"description\":\"Reliez les Alternatives \u00e0 v\u00e9lo\",\"potentialAction\":[{\"@type\":\"SearchAction\",\"target\":{\"@type\":\"EntryPoint\",\"urlTemplate\":\"https:\\\/\\\/www.altercampagne.net\\\/?s={search_term_string}\"},\"query-input\":{\"@type\":\"PropertyValueSpecification\",\"valueRequired\":true,\"valueName\":\"search_term_string\"}}],\"inLanguage\":\"fr-FR\"},{\"@type\":\"Person\",\"@id\":\"https:\\\/\\\/www.altercampagne.net\\\/#\\\/schema\\\/person\\\/0f261460c09e430caa0f9bcffa319109\",\"name\":\"Mathieu\",\"image\":{\"@type\":\"ImageObject\",\"inLanguage\":\"fr-FR\",\"@id\":\"https:\\\/\\\/secure.gravatar.com\\\/avatar\\\/aa9d3d24c83f2141e5e2709d0f63d09a99f6be6bb7a50abc4915838d9f54501a?s=96&d=mm&r=g\",\"url\":\"https:\\\/\\\/secure.gravatar.com\\\/avatar\\\/aa9d3d24c83f2141e5e2709d0f63d09a99f6be6bb7a50abc4915838d9f54501a?s=96&d=mm&r=g\",\"contentUrl\":\"https:\\\/\\\/secure.gravatar.com\\\/avatar\\\/aa9d3d24c83f2141e5e2709d0f63d09a99f6be6bb7a50abc4915838d9f54501a?s=96&d=mm&r=g\",\"caption\":\"Mathieu\"},\"url\":\"https:\\\/\\\/www.altercampagne.net\\\/?author=214\"}]}<\/script>\n<!-- \/ Yoast SEO plugin. -->","yoast_head_json":{"title":"L\u2019autre sillon de l\u2019AlterTour - AlterTour","robots":{"index":"index","follow":"follow","max-snippet":"max-snippet:-1","max-image-preview":"max-image-preview:large","max-video-preview":"max-video-preview:-1"},"canonical":"https:\/\/www.altercampagne.net\/?p=4414","og_locale":"fr_FR","og_type":"article","og_title":"L\u2019autre sillon de l\u2019AlterTour - AlterTour","og_description":"De Saint-Julien-en-Genevois aux Marches, l&rsquo;AlterTour a travers\u00e9 la Savoie en d\u00e9non\u00e7ant la comp\u00e9tition et le projet de Sillon Alpin, \u00ab un plan de destruction massive dans la concurrence mondialis\u00e9e \u00bb. Saint-Julien-en-Genevois, Annemasse, Bonne, Pers-Jussy, Arbusigny, Evires, cimeti\u00e8re de Morette, Annecy, Doussard, Bellecombe-en-Bauge, Cusy, Aix-les-Bains, Chamb\u00e9ry, Saint-Jean-d&rsquo;Arvey, Les Marches&#8230; Pendant neuf ... Read More","og_url":"https:\/\/www.altercampagne.net\/?p=4414","og_site_name":"AlterTour","article_published_time":"2011-07-22T10:15:50+00:00","article_modified_time":"2016-04-21T10:19:47+00:00","author":"Mathieu","twitter_card":"summary_large_image","twitter_misc":{"\u00c9crit par":"Mathieu","Dur\u00e9e de lecture estim\u00e9e":"1 minute"},"schema":{"@context":"https:\/\/schema.org","@graph":[{"@type":"Article","@id":"https:\/\/www.altercampagne.net\/?p=4414#article","isPartOf":{"@id":"https:\/\/www.altercampagne.net\/?p=4414"},"author":{"name":"Mathieu","@id":"https:\/\/www.altercampagne.net\/#\/schema\/person\/0f261460c09e430caa0f9bcffa319109"},"headline":"L\u2019autre sillon de l\u2019AlterTour","datePublished":"2011-07-22T10:15:50+00:00","dateModified":"2016-04-21T10:19:47+00:00","mainEntityOfPage":{"@id":"https:\/\/www.altercampagne.net\/?p=4414"},"wordCount":244,"keywords":["Savoie","AlterTour 2011","Sillon Alpin","Auvergne-Rh\u00f4ne-Alpes","Rhone-Alpes","2011","Saint-Julien-en-Genevois","les Marches"],"articleSection":["Revue de presse"],"inLanguage":"fr-FR"},{"@type":"WebPage","@id":"https:\/\/www.altercampagne.net\/?p=4414","url":"https:\/\/www.altercampagne.net\/?p=4414","name":"L\u2019autre sillon de l\u2019AlterTour - AlterTour","isPartOf":{"@id":"https:\/\/www.altercampagne.net\/#website"},"datePublished":"2011-07-22T10:15:50+00:00","dateModified":"2016-04-21T10:19:47+00:00","author":{"@id":"https:\/\/www.altercampagne.net\/#\/schema\/person\/0f261460c09e430caa0f9bcffa319109"},"breadcrumb":{"@id":"https:\/\/www.altercampagne.net\/?p=4414#breadcrumb"},"inLanguage":"fr-FR","potentialAction":[{"@type":"ReadAction","target":["https:\/\/www.altercampagne.net\/?p=4414"]}]},{"@type":"BreadcrumbList","@id":"https:\/\/www.altercampagne.net\/?p=4414#breadcrumb","itemListElement":[{"@type":"ListItem","position":1,"name":"Accueil","item":"https:\/\/www.altercampagne.net\/"},{"@type":"ListItem","position":2,"name":"L\u2019autre sillon de l\u2019AlterTour"}]},{"@type":"WebSite","@id":"https:\/\/www.altercampagne.net\/#website","url":"https:\/\/www.altercampagne.net\/","name":"AlterTour","description":"Reliez les Alternatives \u00e0 v\u00e9lo","potentialAction":[{"@type":"SearchAction","target":{"@type":"EntryPoint","urlTemplate":"https:\/\/www.altercampagne.net\/?s={search_term_string}"},"query-input":{"@type":"PropertyValueSpecification","valueRequired":true,"valueName":"search_term_string"}}],"inLanguage":"fr-FR"},{"@type":"Person","@id":"https:\/\/www.altercampagne.net\/#\/schema\/person\/0f261460c09e430caa0f9bcffa319109","name":"Mathieu","image":{"@type":"ImageObject","inLanguage":"fr-FR","@id":"https:\/\/secure.gravatar.com\/avatar\/aa9d3d24c83f2141e5e2709d0f63d09a99f6be6bb7a50abc4915838d9f54501a?s=96&d=mm&r=g","url":"https:\/\/secure.gravatar.com\/avatar\/aa9d3d24c83f2141e5e2709d0f63d09a99f6be6bb7a50abc4915838d9f54501a?s=96&d=mm&r=g","contentUrl":"https:\/\/secure.gravatar.com\/avatar\/aa9d3d24c83f2141e5e2709d0f63d09a99f6be6bb7a50abc4915838d9f54501a?s=96&d=mm&r=g","caption":"Mathieu"},"url":"https:\/\/www.altercampagne.net\/?author=214"}]}},"_links":{"self":[{"href":"https:\/\/www.altercampagne.net\/index.php?rest_route=\/wp\/v2\/posts\/4414","targetHints":{"allow":["GET"]}}],"collection":[{"href":"https:\/\/www.altercampagne.net\/index.php?rest_route=\/wp\/v2\/posts"}],"about":[{"href":"https:\/\/www.altercampagne.net\/index.php?rest_route=\/wp\/v2\/types\/post"}],"author":[{"embeddable":true,"href":"https:\/\/www.altercampagne.net\/index.php?rest_route=\/wp\/v2\/users\/214"}],"replies":[{"embeddable":true,"href":"https:\/\/www.altercampagne.net\/index.php?rest_route=%2Fwp%2Fv2%2Fcomments&post=4414"}],"version-history":[{"count":0,"href":"https:\/\/www.altercampagne.net\/index.php?rest_route=\/wp\/v2\/posts\/4414\/revisions"}],"wp:attachment":[{"href":"https:\/\/www.altercampagne.net\/index.php?rest_route=%2Fwp%2Fv2%2Fmedia&parent=4414"}],"wp:term":[{"taxonomy":"category","embeddable":true,"href":"https:\/\/www.altercampagne.net\/index.php?rest_route=%2Fwp%2Fv2%2Fcategories&post=4414"},{"taxonomy":"post_tag","embeddable":true,"href":"https:\/\/www.altercampagne.net\/index.php?rest_route=%2Fwp%2Fv2%2Ftags&post=4414"}],"curies":[{"name":"wp","href":"https:\/\/api.w.org\/{rel}","templated":true}]}}