{"id":4416,"date":"2011-07-22T12:23:43","date_gmt":"2011-07-22T10:23:43","guid":{"rendered":"http:\/\/www.altercampagne.net\/?p=4416"},"modified":"2016-04-21T12:27:41","modified_gmt":"2016-04-21T10:27:41","slug":"les-coulisses-du-tour-laltertour","status":"publish","type":"post","link":"https:\/\/www.altercampagne.net\/?p=4416","title":{"rendered":"Les coulisses du Tour : l\u2019AlterTour"},"content":{"rendered":"<p>Le Tour de France, Thomas Voekler conserve le maillot jaune \u00e0 l\u2019arriv\u00e9e du Galibier, \u00e9tape remport\u00e9e par le luxembourgeois Andy Schleck. Pendant ce temps, un autre peloton parcourt la France : l\u2019AlterTour, une autre mani\u00e8re de voir le cyclisme&#8230; et le monde.<br \/>\nIl s\u2019agit d\u2019une grande boucle en v\u00e9lo avec des \u00e9tapes dans des lieux diff\u00e9rents chaque soir. Mais toute ressemblance avec le vrai Tour de France s\u2019arr\u00eate l\u00e0 car l\u2019AlterTour est un relais familial militant. Quand le maillot jaune se met au vert, les altercyclistes roulent pour une plan\u00e8te \u00ab\u00a0non-dop\u00e9e\u00a0\u00bb.<br \/>\n1.200 km de Gen\u00e8ve \u00e0 Saint-Martin du Larzarc.<br \/>\nArriv\u00e9e pr\u00e9vue le 5 ao\u00fbt.<\/p>\n<p>\u00c9couter le reportage de France Info : <a href=\"http:\/\/altercampagne.free.fr\/pages\/2008\/AlterTour\/Revue-presse-2011\/AT2011_France-Info_22-7.mp3\" target=\"_blank\">http:\/\/altercampagne.free.fr\/pages\/2008\/AlterTour\/Revue-presse-2011\/AT2011_France-Info_22-7.mp3<\/a><\/p>\n","protected":false},"excerpt":{"rendered":"<p>Le Tour de France, Thomas Voekler conserve le maillot jaune \u00e0 l\u2019arriv\u00e9e du Galibier, \u00e9tape remport\u00e9e par le luxembourgeois Andy Schleck. Pendant ce temps, un autre peloton parcourt la France : l\u2019AlterTour, une autre mani\u00e8re de voir le cyclisme&#8230; et le monde. Il s\u2019agit d\u2019une grande boucle en v\u00e9lo avec &#8230; <\/p>\n<div><a href=\"https:\/\/www.altercampagne.net\/?p=4416\" class=\"more-link\">Read More<\/a><\/div>\n","protected":false},"author":214,"featured_media":0,"comment_status":"closed","ping_status":"closed","sticky":false,"template":"","format":"standard","meta":{"footnotes":""},"categories":[239],"tags":[836,1979],"class_list":["post-4416","post","type-post","status-publish","format-standard","hentry","category-revue-de-presse","tag-altertour-2011","tag-1979","no-post-thumbnail"],"yoast_head":"<!-- This site is optimized with the Yoast SEO plugin v27.3 - https:\/\/yoast.com\/product\/yoast-seo-wordpress\/ -->\n<title>Les coulisses du Tour : l\u2019AlterTour - AlterTour<\/title>\n<meta name=\"robots\" content=\"index, follow, max-snippet:-1, max-image-preview:large, max-video-preview:-1\" \/>\n<link rel=\"canonical\" href=\"https:\/\/www.altercampagne.net\/?p=4416\" \/>\n<meta property=\"og:locale\" content=\"fr_FR\" \/>\n<meta property=\"og:type\" content=\"article\" \/>\n<meta property=\"og:title\" content=\"Les coulisses du Tour : l\u2019AlterTour - AlterTour\" \/>\n<meta property=\"og:description\" content=\"Le Tour de France, Thomas Voekler conserve le maillot jaune \u00e0 l\u2019arriv\u00e9e du Galibier, \u00e9tape remport\u00e9e par le luxembourgeois Andy Schleck. Pendant ce temps, un autre peloton parcourt la France : l\u2019AlterTour, une autre mani\u00e8re de voir le cyclisme&#8230; et le monde. Il s\u2019agit d\u2019une grande boucle en v\u00e9lo avec ... Read More\" \/>\n<meta property=\"og:url\" content=\"https:\/\/www.altercampagne.net\/?p=4416\" \/>\n<meta property=\"og:site_name\" content=\"AlterTour\" \/>\n<meta property=\"article:published_time\" content=\"2011-07-22T10:23:43+00:00\" \/>\n<meta property=\"article:modified_time\" content=\"2016-04-21T10:27:41+00:00\" \/>\n<meta name=\"author\" content=\"Mathieu\" \/>\n<meta name=\"twitter:card\" content=\"summary_large_image\" \/>\n<meta name=\"twitter:label1\" content=\"\u00c9crit par\" \/>\n\t<meta name=\"twitter:data1\" content=\"Mathieu\" \/>\n\t<meta name=\"twitter:label2\" content=\"Dur\u00e9e de lecture estim\u00e9e\" \/>\n\t<meta name=\"twitter:data2\" content=\"1 minute\" \/>\n<script type=\"application\/ld+json\" class=\"yoast-schema-graph\">{\"@context\":\"https:\\\/\\\/schema.org\",\"@graph\":[{\"@type\":\"Article\",\"@id\":\"https:\\\/\\\/www.altercampagne.net\\\/?p=4416#article\",\"isPartOf\":{\"@id\":\"https:\\\/\\\/www.altercampagne.net\\\/?p=4416\"},\"author\":{\"name\":\"Mathieu\",\"@id\":\"https:\\\/\\\/www.altercampagne.net\\\/#\\\/schema\\\/person\\\/0f261460c09e430caa0f9bcffa319109\"},\"headline\":\"Les coulisses du Tour : l\u2019AlterTour\",\"datePublished\":\"2011-07-22T10:23:43+00:00\",\"dateModified\":\"2016-04-21T10:27:41+00:00\",\"mainEntityOfPage\":{\"@id\":\"https:\\\/\\\/www.altercampagne.net\\\/?p=4416\"},\"wordCount\":140,\"keywords\":[\"AlterTour 2011\",\"2011\"],\"articleSection\":[\"Revue de presse\"],\"inLanguage\":\"fr-FR\"},{\"@type\":\"WebPage\",\"@id\":\"https:\\\/\\\/www.altercampagne.net\\\/?p=4416\",\"url\":\"https:\\\/\\\/www.altercampagne.net\\\/?p=4416\",\"name\":\"Les coulisses du Tour : l\u2019AlterTour - AlterTour\",\"isPartOf\":{\"@id\":\"https:\\\/\\\/www.altercampagne.net\\\/#website\"},\"datePublished\":\"2011-07-22T10:23:43+00:00\",\"dateModified\":\"2016-04-21T10:27:41+00:00\",\"author\":{\"@id\":\"https:\\\/\\\/www.altercampagne.net\\\/#\\\/schema\\\/person\\\/0f261460c09e430caa0f9bcffa319109\"},\"breadcrumb\":{\"@id\":\"https:\\\/\\\/www.altercampagne.net\\\/?p=4416#breadcrumb\"},\"inLanguage\":\"fr-FR\",\"potentialAction\":[{\"@type\":\"ReadAction\",\"target\":[\"https:\\\/\\\/www.altercampagne.net\\\/?p=4416\"]}]},{\"@type\":\"BreadcrumbList\",\"@id\":\"https:\\\/\\\/www.altercampagne.net\\\/?p=4416#breadcrumb\",\"itemListElement\":[{\"@type\":\"ListItem\",\"position\":1,\"name\":\"Accueil\",\"item\":\"https:\\\/\\\/www.altercampagne.net\\\/\"},{\"@type\":\"ListItem\",\"position\":2,\"name\":\"Les coulisses du Tour : l\u2019AlterTour\"}]},{\"@type\":\"WebSite\",\"@id\":\"https:\\\/\\\/www.altercampagne.net\\\/#website\",\"url\":\"https:\\\/\\\/www.altercampagne.net\\\/\",\"name\":\"AlterTour\",\"description\":\"Reliez les Alternatives \u00e0 v\u00e9lo\",\"potentialAction\":[{\"@type\":\"SearchAction\",\"target\":{\"@type\":\"EntryPoint\",\"urlTemplate\":\"https:\\\/\\\/www.altercampagne.net\\\/?s={search_term_string}\"},\"query-input\":{\"@type\":\"PropertyValueSpecification\",\"valueRequired\":true,\"valueName\":\"search_term_string\"}}],\"inLanguage\":\"fr-FR\"},{\"@type\":\"Person\",\"@id\":\"https:\\\/\\\/www.altercampagne.net\\\/#\\\/schema\\\/person\\\/0f261460c09e430caa0f9bcffa319109\",\"name\":\"Mathieu\",\"image\":{\"@type\":\"ImageObject\",\"inLanguage\":\"fr-FR\",\"@id\":\"https:\\\/\\\/secure.gravatar.com\\\/avatar\\\/aa9d3d24c83f2141e5e2709d0f63d09a99f6be6bb7a50abc4915838d9f54501a?s=96&d=mm&r=g\",\"url\":\"https:\\\/\\\/secure.gravatar.com\\\/avatar\\\/aa9d3d24c83f2141e5e2709d0f63d09a99f6be6bb7a50abc4915838d9f54501a?s=96&d=mm&r=g\",\"contentUrl\":\"https:\\\/\\\/secure.gravatar.com\\\/avatar\\\/aa9d3d24c83f2141e5e2709d0f63d09a99f6be6bb7a50abc4915838d9f54501a?s=96&d=mm&r=g\",\"caption\":\"Mathieu\"},\"url\":\"https:\\\/\\\/www.altercampagne.net\\\/?author=214\"}]}<\/script>\n<!-- \/ Yoast SEO plugin. -->","yoast_head_json":{"title":"Les coulisses du Tour : l\u2019AlterTour - AlterTour","robots":{"index":"index","follow":"follow","max-snippet":"max-snippet:-1","max-image-preview":"max-image-preview:large","max-video-preview":"max-video-preview:-1"},"canonical":"https:\/\/www.altercampagne.net\/?p=4416","og_locale":"fr_FR","og_type":"article","og_title":"Les coulisses du Tour : l\u2019AlterTour - AlterTour","og_description":"Le Tour de France, Thomas Voekler conserve le maillot jaune \u00e0 l\u2019arriv\u00e9e du Galibier, \u00e9tape remport\u00e9e par le luxembourgeois Andy Schleck. Pendant ce temps, un autre peloton parcourt la France : l\u2019AlterTour, une autre mani\u00e8re de voir le cyclisme&#8230; et le monde. Il s\u2019agit d\u2019une grande boucle en v\u00e9lo avec ... Read More","og_url":"https:\/\/www.altercampagne.net\/?p=4416","og_site_name":"AlterTour","article_published_time":"2011-07-22T10:23:43+00:00","article_modified_time":"2016-04-21T10:27:41+00:00","author":"Mathieu","twitter_card":"summary_large_image","twitter_misc":{"\u00c9crit par":"Mathieu","Dur\u00e9e de lecture estim\u00e9e":"1 minute"},"schema":{"@context":"https:\/\/schema.org","@graph":[{"@type":"Article","@id":"https:\/\/www.altercampagne.net\/?p=4416#article","isPartOf":{"@id":"https:\/\/www.altercampagne.net\/?p=4416"},"author":{"name":"Mathieu","@id":"https:\/\/www.altercampagne.net\/#\/schema\/person\/0f261460c09e430caa0f9bcffa319109"},"headline":"Les coulisses du Tour : l\u2019AlterTour","datePublished":"2011-07-22T10:23:43+00:00","dateModified":"2016-04-21T10:27:41+00:00","mainEntityOfPage":{"@id":"https:\/\/www.altercampagne.net\/?p=4416"},"wordCount":140,"keywords":["AlterTour 2011","2011"],"articleSection":["Revue de presse"],"inLanguage":"fr-FR"},{"@type":"WebPage","@id":"https:\/\/www.altercampagne.net\/?p=4416","url":"https:\/\/www.altercampagne.net\/?p=4416","name":"Les coulisses du Tour : l\u2019AlterTour - AlterTour","isPartOf":{"@id":"https:\/\/www.altercampagne.net\/#website"},"datePublished":"2011-07-22T10:23:43+00:00","dateModified":"2016-04-21T10:27:41+00:00","author":{"@id":"https:\/\/www.altercampagne.net\/#\/schema\/person\/0f261460c09e430caa0f9bcffa319109"},"breadcrumb":{"@id":"https:\/\/www.altercampagne.net\/?p=4416#breadcrumb"},"inLanguage":"fr-FR","potentialAction":[{"@type":"ReadAction","target":["https:\/\/www.altercampagne.net\/?p=4416"]}]},{"@type":"BreadcrumbList","@id":"https:\/\/www.altercampagne.net\/?p=4416#breadcrumb","itemListElement":[{"@type":"ListItem","position":1,"name":"Accueil","item":"https:\/\/www.altercampagne.net\/"},{"@type":"ListItem","position":2,"name":"Les coulisses du Tour : l\u2019AlterTour"}]},{"@type":"WebSite","@id":"https:\/\/www.altercampagne.net\/#website","url":"https:\/\/www.altercampagne.net\/","name":"AlterTour","description":"Reliez les Alternatives \u00e0 v\u00e9lo","potentialAction":[{"@type":"SearchAction","target":{"@type":"EntryPoint","urlTemplate":"https:\/\/www.altercampagne.net\/?s={search_term_string}"},"query-input":{"@type":"PropertyValueSpecification","valueRequired":true,"valueName":"search_term_string"}}],"inLanguage":"fr-FR"},{"@type":"Person","@id":"https:\/\/www.altercampagne.net\/#\/schema\/person\/0f261460c09e430caa0f9bcffa319109","name":"Mathieu","image":{"@type":"ImageObject","inLanguage":"fr-FR","@id":"https:\/\/secure.gravatar.com\/avatar\/aa9d3d24c83f2141e5e2709d0f63d09a99f6be6bb7a50abc4915838d9f54501a?s=96&d=mm&r=g","url":"https:\/\/secure.gravatar.com\/avatar\/aa9d3d24c83f2141e5e2709d0f63d09a99f6be6bb7a50abc4915838d9f54501a?s=96&d=mm&r=g","contentUrl":"https:\/\/secure.gravatar.com\/avatar\/aa9d3d24c83f2141e5e2709d0f63d09a99f6be6bb7a50abc4915838d9f54501a?s=96&d=mm&r=g","caption":"Mathieu"},"url":"https:\/\/www.altercampagne.net\/?author=214"}]}},"_links":{"self":[{"href":"https:\/\/www.altercampagne.net\/index.php?rest_route=\/wp\/v2\/posts\/4416","targetHints":{"allow":["GET"]}}],"collection":[{"href":"https:\/\/www.altercampagne.net\/index.php?rest_route=\/wp\/v2\/posts"}],"about":[{"href":"https:\/\/www.altercampagne.net\/index.php?rest_route=\/wp\/v2\/types\/post"}],"author":[{"embeddable":true,"href":"https:\/\/www.altercampagne.net\/index.php?rest_route=\/wp\/v2\/users\/214"}],"replies":[{"embeddable":true,"href":"https:\/\/www.altercampagne.net\/index.php?rest_route=%2Fwp%2Fv2%2Fcomments&post=4416"}],"version-history":[{"count":0,"href":"https:\/\/www.altercampagne.net\/index.php?rest_route=\/wp\/v2\/posts\/4416\/revisions"}],"wp:attachment":[{"href":"https:\/\/www.altercampagne.net\/index.php?rest_route=%2Fwp%2Fv2%2Fmedia&parent=4416"}],"wp:term":[{"taxonomy":"category","embeddable":true,"href":"https:\/\/www.altercampagne.net\/index.php?rest_route=%2Fwp%2Fv2%2Fcategories&post=4416"},{"taxonomy":"post_tag","embeddable":true,"href":"https:\/\/www.altercampagne.net\/index.php?rest_route=%2Fwp%2Fv2%2Ftags&post=4416"}],"curies":[{"name":"wp","href":"https:\/\/api.w.org\/{rel}","templated":true}]}}