{"id":4421,"date":"2011-07-18T12:55:14","date_gmt":"2011-07-18T10:55:14","guid":{"rendered":"http:\/\/www.altercampagne.net\/?p=4421"},"modified":"2016-04-21T12:58:09","modified_gmt":"2016-04-21T10:58:09","slug":"tdf-2011-la-drome-a-endosse-le-maillot-vert","status":"publish","type":"post","link":"https:\/\/www.altercampagne.net\/?p=4421","title":{"rendered":"TDF 2011 : la Dr\u00f4me a endoss\u00e9 le maillot vert"},"content":{"rendered":"<p>Les coureurs du <a href=\"http:\/\/www.zegreenweb.com\/sinformer\/politique-societe\/tdf-2011-montpellier-presente-son-projet-ecocite-a-new-york,30562\" target=\"_blank\">Tour de France 2011<\/a> vont pouvoir souffler une derni\u00e8re fois aujourd\u2019hui dans la Dr\u00f4me avant de s\u2019engager dans la derni\u00e8re partie de la Grande Boucle, la plus mythique et la compliqu\u00e9e, celle o\u00f9 le Fran\u00e7ais Thomas Voeckler, jusqu\u2019ici admirable, pourrait perdre le maillot jaune : la travers\u00e9e des Alpes.<\/p>\n<p>Quelques jours avant l\u2019arriv\u00e9e d\u2019Alberto Contador et consorts, cinq villes du d\u00e9partement ont accueilli une flop\u00e9e de cyclistes, les participants de l\u2019<em>AlterTour, <\/em>qui depuis le 2 juillet et jusqu\u2019au 7 ao\u00fbt prochain empruntent des voies exclusivement \u00ab\u00a0vertes\u00a0\u00bb, de Grenoble (Is\u00e8re) \u00e0 Saint-Martin-du-Larzac (Aveyron), pour un Tour de France \u00e9colo.<\/p>\n<p>Ces amateurs verts sont donc pass\u00e9s par la Dr\u00f4me, premier d\u00e9partement fran\u00e7ais en mati\u00e8re d\u2019<a href=\"http:\/\/www.zegreenweb.com\/sinformer\/agriculture-biologique-le-gouvernement-renforce-son-soutien-a-la-filiere,30402\" target=\"_blank\">agriculture biologique<\/a> avec 862 exploitations certifi\u00e9es, ce qui repr\u00e9sente un total de 29 714 hectares et 13,1% de sa surface agricole, soit \u00e9galement six fois plus que la moyenne nationale de surfaces agricoles utiles (SAU) d\u00e9di\u00e9es au bio.<\/p>\n<p>Le d\u00e9partement consacre 500 000 euros par an \u00e0 la fili\u00e8re. Il s\u2019est \u00e9galement engag\u00e9 dans un projet de sensibilisation d\u00e9di\u00e9 aux plus jeunes, la campagne <em>\u00ab\u00a0Manger mieux, manger bio\u00a0\u00bb,<\/em> initi\u00e9e en 2004 et qui introduit des repas \u00e0 base de produits issus de l\u2019<a href=\"http:\/\/www.zegreenweb.com\/cuisiner\" target=\"_blank\">agriculture biologique<\/a> dans les cantines scolaires.<\/p>\n<p>Abritant des paysages d\u2019une beaut\u00e9 exceptionnelle, il a aussi pilot\u00e9 de nombreuses actions de <a href=\"http:\/\/www.zegreenweb.com\/associations\" target=\"_blank\">pr\u00e9servation de l\u2019environnement<\/a>. Organis\u00e9e par le Conseil r\u00e9gional du d\u00e9partement chaque ann\u00e9e au mois de juin, d\u00e9finie comme \u00ab <em>un moment pour r\u00e9fl\u00e9chir aux enjeux de la protection de la biodiversit\u00e9 et, plus largement, pour s\u2019interroger sur la place de l\u2019Homme dans la nature et sur sa responsabilit\u00e9 dans sa protection et sa conservation <\/em>\u00bb, la \u00ab\u00a0F\u00eate de la Nature\u00a0\u00bb est la plus c\u00e9l\u00e8bre d\u2019entre elles et a pr\u00e9sent\u00e9 quelque trente-trois sites cette ann\u00e9e. De nombreux sites du d\u00e9partement sont par ailleurs class\u00e9s \u00ab\u00a0espaces naturels sensibles\u00a0\u00bb.<\/p>\n<p>Un effort particulier a enfin \u00e9t\u00e9 men\u00e9 dans le secteur des <a href=\"http:\/\/www.zegreenweb.com\/sinformer\/eolien-offshore-le-premier-appel-doffres-gouvernemental-lance-aujourdhui,30318\" target=\"_blank\">\u00e9nergies renouvelables<\/a>, en particulier en ce qui concerne l\u2019\u00e9olien. Le d\u00e9partement comporte ainsi huit parcs en activit\u00e9 et un total de 56 turbines qui produisent un total de 89 MW (m\u00e9gawatts). Cinq autres complexes sont en cours de construction. Des projets qui sont eux aussi dans l\u2019air du temps\u2026<\/p>\n<p style=\"text-align: right;\"><strong>Jessica Rat, Zegreenweb<\/strong><\/p>\n<p>Source : <a href=\"http:\/\/www.zegreenweb.com\/sinformer\/tdf-2011-la-drome-a-endosse-le-maillot-vert,31141\" target=\"_blank\">http:\/\/www.zegreenweb.com\/sinformer\/tdf-2011-la-drome-a-endosse-le-maillot-vert,31141<\/a><\/p>\n","protected":false},"excerpt":{"rendered":"<p>Les coureurs du Tour de France 2011 vont pouvoir souffler une derni\u00e8re fois aujourd\u2019hui dans la Dr\u00f4me avant de s\u2019engager dans la derni\u00e8re partie de la Grande Boucle, la plus mythique et la compliqu\u00e9e, celle o\u00f9 le Fran\u00e7ais Thomas Voeckler, jusqu\u2019ici admirable, pourrait perdre le maillot jaune : la travers\u00e9e &#8230; <\/p>\n<div><a href=\"https:\/\/www.altercampagne.net\/?p=4421\" class=\"more-link\">Read More<\/a><\/div>\n","protected":false},"author":214,"featured_media":0,"comment_status":"closed","ping_status":"closed","sticky":false,"template":"","format":"standard","meta":{"footnotes":""},"categories":[239],"tags":[836,1091,1489,1650,1979],"class_list":["post-4421","post","type-post","status-publish","format-standard","hentry","category-revue-de-presse","tag-altertour-2011","tag-drome","tag-auvergne-rhone-alpes","tag-rhone-alpes","tag-1979","no-post-thumbnail"],"yoast_head":"<!-- This site is optimized with the Yoast SEO plugin v27.3 - https:\/\/yoast.com\/product\/yoast-seo-wordpress\/ -->\n<title>TDF 2011 : la Dr\u00f4me a endoss\u00e9 le maillot vert - AlterTour<\/title>\n<meta name=\"robots\" content=\"index, follow, max-snippet:-1, max-image-preview:large, max-video-preview:-1\" \/>\n<link rel=\"canonical\" href=\"https:\/\/www.altercampagne.net\/?p=4421\" \/>\n<meta property=\"og:locale\" content=\"fr_FR\" \/>\n<meta property=\"og:type\" content=\"article\" \/>\n<meta property=\"og:title\" content=\"TDF 2011 : la Dr\u00f4me a endoss\u00e9 le maillot vert - AlterTour\" \/>\n<meta property=\"og:description\" content=\"Les coureurs du Tour de France 2011 vont pouvoir souffler une derni\u00e8re fois aujourd\u2019hui dans la Dr\u00f4me avant de s\u2019engager dans la derni\u00e8re partie de la Grande Boucle, la plus mythique et la compliqu\u00e9e, celle o\u00f9 le Fran\u00e7ais Thomas Voeckler, jusqu\u2019ici admirable, pourrait perdre le maillot jaune : la travers\u00e9e ... Read More\" \/>\n<meta property=\"og:url\" content=\"https:\/\/www.altercampagne.net\/?p=4421\" \/>\n<meta property=\"og:site_name\" content=\"AlterTour\" \/>\n<meta property=\"article:published_time\" content=\"2011-07-18T10:55:14+00:00\" \/>\n<meta property=\"article:modified_time\" content=\"2016-04-21T10:58:09+00:00\" \/>\n<meta name=\"author\" content=\"Mathieu\" \/>\n<meta name=\"twitter:card\" content=\"summary_large_image\" \/>\n<meta name=\"twitter:label1\" content=\"\u00c9crit par\" \/>\n\t<meta name=\"twitter:data1\" content=\"Mathieu\" \/>\n\t<meta name=\"twitter:label2\" content=\"Dur\u00e9e de lecture estim\u00e9e\" \/>\n\t<meta name=\"twitter:data2\" content=\"2 minutes\" \/>\n<script type=\"application\/ld+json\" class=\"yoast-schema-graph\">{\"@context\":\"https:\\\/\\\/schema.org\",\"@graph\":[{\"@type\":\"Article\",\"@id\":\"https:\\\/\\\/www.altercampagne.net\\\/?p=4421#article\",\"isPartOf\":{\"@id\":\"https:\\\/\\\/www.altercampagne.net\\\/?p=4421\"},\"author\":{\"name\":\"Mathieu\",\"@id\":\"https:\\\/\\\/www.altercampagne.net\\\/#\\\/schema\\\/person\\\/0f261460c09e430caa0f9bcffa319109\"},\"headline\":\"TDF 2011 : la Dr\u00f4me a endoss\u00e9 le maillot vert\",\"datePublished\":\"2011-07-18T10:55:14+00:00\",\"dateModified\":\"2016-04-21T10:58:09+00:00\",\"mainEntityOfPage\":{\"@id\":\"https:\\\/\\\/www.altercampagne.net\\\/?p=4421\"},\"wordCount\":423,\"keywords\":[\"AlterTour 2011\",\"Dr\u00f4me\",\"Auvergne-Rh\u00f4ne-Alpes\",\"Rhone-Alpes\",\"2011\"],\"articleSection\":[\"Revue de presse\"],\"inLanguage\":\"fr-FR\"},{\"@type\":\"WebPage\",\"@id\":\"https:\\\/\\\/www.altercampagne.net\\\/?p=4421\",\"url\":\"https:\\\/\\\/www.altercampagne.net\\\/?p=4421\",\"name\":\"TDF 2011 : la Dr\u00f4me a endoss\u00e9 le maillot vert - AlterTour\",\"isPartOf\":{\"@id\":\"https:\\\/\\\/www.altercampagne.net\\\/#website\"},\"datePublished\":\"2011-07-18T10:55:14+00:00\",\"dateModified\":\"2016-04-21T10:58:09+00:00\",\"author\":{\"@id\":\"https:\\\/\\\/www.altercampagne.net\\\/#\\\/schema\\\/person\\\/0f261460c09e430caa0f9bcffa319109\"},\"breadcrumb\":{\"@id\":\"https:\\\/\\\/www.altercampagne.net\\\/?p=4421#breadcrumb\"},\"inLanguage\":\"fr-FR\",\"potentialAction\":[{\"@type\":\"ReadAction\",\"target\":[\"https:\\\/\\\/www.altercampagne.net\\\/?p=4421\"]}]},{\"@type\":\"BreadcrumbList\",\"@id\":\"https:\\\/\\\/www.altercampagne.net\\\/?p=4421#breadcrumb\",\"itemListElement\":[{\"@type\":\"ListItem\",\"position\":1,\"name\":\"Accueil\",\"item\":\"https:\\\/\\\/www.altercampagne.net\\\/\"},{\"@type\":\"ListItem\",\"position\":2,\"name\":\"TDF 2011 : la Dr\u00f4me a endoss\u00e9 le maillot vert\"}]},{\"@type\":\"WebSite\",\"@id\":\"https:\\\/\\\/www.altercampagne.net\\\/#website\",\"url\":\"https:\\\/\\\/www.altercampagne.net\\\/\",\"name\":\"AlterTour\",\"description\":\"Reliez les Alternatives \u00e0 v\u00e9lo\",\"potentialAction\":[{\"@type\":\"SearchAction\",\"target\":{\"@type\":\"EntryPoint\",\"urlTemplate\":\"https:\\\/\\\/www.altercampagne.net\\\/?s={search_term_string}\"},\"query-input\":{\"@type\":\"PropertyValueSpecification\",\"valueRequired\":true,\"valueName\":\"search_term_string\"}}],\"inLanguage\":\"fr-FR\"},{\"@type\":\"Person\",\"@id\":\"https:\\\/\\\/www.altercampagne.net\\\/#\\\/schema\\\/person\\\/0f261460c09e430caa0f9bcffa319109\",\"name\":\"Mathieu\",\"image\":{\"@type\":\"ImageObject\",\"inLanguage\":\"fr-FR\",\"@id\":\"https:\\\/\\\/secure.gravatar.com\\\/avatar\\\/aa9d3d24c83f2141e5e2709d0f63d09a99f6be6bb7a50abc4915838d9f54501a?s=96&d=mm&r=g\",\"url\":\"https:\\\/\\\/secure.gravatar.com\\\/avatar\\\/aa9d3d24c83f2141e5e2709d0f63d09a99f6be6bb7a50abc4915838d9f54501a?s=96&d=mm&r=g\",\"contentUrl\":\"https:\\\/\\\/secure.gravatar.com\\\/avatar\\\/aa9d3d24c83f2141e5e2709d0f63d09a99f6be6bb7a50abc4915838d9f54501a?s=96&d=mm&r=g\",\"caption\":\"Mathieu\"},\"url\":\"https:\\\/\\\/www.altercampagne.net\\\/?author=214\"}]}<\/script>\n<!-- \/ Yoast SEO plugin. -->","yoast_head_json":{"title":"TDF 2011 : la Dr\u00f4me a endoss\u00e9 le maillot vert - AlterTour","robots":{"index":"index","follow":"follow","max-snippet":"max-snippet:-1","max-image-preview":"max-image-preview:large","max-video-preview":"max-video-preview:-1"},"canonical":"https:\/\/www.altercampagne.net\/?p=4421","og_locale":"fr_FR","og_type":"article","og_title":"TDF 2011 : la Dr\u00f4me a endoss\u00e9 le maillot vert - AlterTour","og_description":"Les coureurs du Tour de France 2011 vont pouvoir souffler une derni\u00e8re fois aujourd\u2019hui dans la Dr\u00f4me avant de s\u2019engager dans la derni\u00e8re partie de la Grande Boucle, la plus mythique et la compliqu\u00e9e, celle o\u00f9 le Fran\u00e7ais Thomas Voeckler, jusqu\u2019ici admirable, pourrait perdre le maillot jaune : la travers\u00e9e ... Read More","og_url":"https:\/\/www.altercampagne.net\/?p=4421","og_site_name":"AlterTour","article_published_time":"2011-07-18T10:55:14+00:00","article_modified_time":"2016-04-21T10:58:09+00:00","author":"Mathieu","twitter_card":"summary_large_image","twitter_misc":{"\u00c9crit par":"Mathieu","Dur\u00e9e de lecture estim\u00e9e":"2 minutes"},"schema":{"@context":"https:\/\/schema.org","@graph":[{"@type":"Article","@id":"https:\/\/www.altercampagne.net\/?p=4421#article","isPartOf":{"@id":"https:\/\/www.altercampagne.net\/?p=4421"},"author":{"name":"Mathieu","@id":"https:\/\/www.altercampagne.net\/#\/schema\/person\/0f261460c09e430caa0f9bcffa319109"},"headline":"TDF 2011 : la Dr\u00f4me a endoss\u00e9 le maillot vert","datePublished":"2011-07-18T10:55:14+00:00","dateModified":"2016-04-21T10:58:09+00:00","mainEntityOfPage":{"@id":"https:\/\/www.altercampagne.net\/?p=4421"},"wordCount":423,"keywords":["AlterTour 2011","Dr\u00f4me","Auvergne-Rh\u00f4ne-Alpes","Rhone-Alpes","2011"],"articleSection":["Revue de presse"],"inLanguage":"fr-FR"},{"@type":"WebPage","@id":"https:\/\/www.altercampagne.net\/?p=4421","url":"https:\/\/www.altercampagne.net\/?p=4421","name":"TDF 2011 : la Dr\u00f4me a endoss\u00e9 le maillot vert - AlterTour","isPartOf":{"@id":"https:\/\/www.altercampagne.net\/#website"},"datePublished":"2011-07-18T10:55:14+00:00","dateModified":"2016-04-21T10:58:09+00:00","author":{"@id":"https:\/\/www.altercampagne.net\/#\/schema\/person\/0f261460c09e430caa0f9bcffa319109"},"breadcrumb":{"@id":"https:\/\/www.altercampagne.net\/?p=4421#breadcrumb"},"inLanguage":"fr-FR","potentialAction":[{"@type":"ReadAction","target":["https:\/\/www.altercampagne.net\/?p=4421"]}]},{"@type":"BreadcrumbList","@id":"https:\/\/www.altercampagne.net\/?p=4421#breadcrumb","itemListElement":[{"@type":"ListItem","position":1,"name":"Accueil","item":"https:\/\/www.altercampagne.net\/"},{"@type":"ListItem","position":2,"name":"TDF 2011 : la Dr\u00f4me a endoss\u00e9 le maillot vert"}]},{"@type":"WebSite","@id":"https:\/\/www.altercampagne.net\/#website","url":"https:\/\/www.altercampagne.net\/","name":"AlterTour","description":"Reliez les Alternatives \u00e0 v\u00e9lo","potentialAction":[{"@type":"SearchAction","target":{"@type":"EntryPoint","urlTemplate":"https:\/\/www.altercampagne.net\/?s={search_term_string}"},"query-input":{"@type":"PropertyValueSpecification","valueRequired":true,"valueName":"search_term_string"}}],"inLanguage":"fr-FR"},{"@type":"Person","@id":"https:\/\/www.altercampagne.net\/#\/schema\/person\/0f261460c09e430caa0f9bcffa319109","name":"Mathieu","image":{"@type":"ImageObject","inLanguage":"fr-FR","@id":"https:\/\/secure.gravatar.com\/avatar\/aa9d3d24c83f2141e5e2709d0f63d09a99f6be6bb7a50abc4915838d9f54501a?s=96&d=mm&r=g","url":"https:\/\/secure.gravatar.com\/avatar\/aa9d3d24c83f2141e5e2709d0f63d09a99f6be6bb7a50abc4915838d9f54501a?s=96&d=mm&r=g","contentUrl":"https:\/\/secure.gravatar.com\/avatar\/aa9d3d24c83f2141e5e2709d0f63d09a99f6be6bb7a50abc4915838d9f54501a?s=96&d=mm&r=g","caption":"Mathieu"},"url":"https:\/\/www.altercampagne.net\/?author=214"}]}},"_links":{"self":[{"href":"https:\/\/www.altercampagne.net\/index.php?rest_route=\/wp\/v2\/posts\/4421","targetHints":{"allow":["GET"]}}],"collection":[{"href":"https:\/\/www.altercampagne.net\/index.php?rest_route=\/wp\/v2\/posts"}],"about":[{"href":"https:\/\/www.altercampagne.net\/index.php?rest_route=\/wp\/v2\/types\/post"}],"author":[{"embeddable":true,"href":"https:\/\/www.altercampagne.net\/index.php?rest_route=\/wp\/v2\/users\/214"}],"replies":[{"embeddable":true,"href":"https:\/\/www.altercampagne.net\/index.php?rest_route=%2Fwp%2Fv2%2Fcomments&post=4421"}],"version-history":[{"count":0,"href":"https:\/\/www.altercampagne.net\/index.php?rest_route=\/wp\/v2\/posts\/4421\/revisions"}],"wp:attachment":[{"href":"https:\/\/www.altercampagne.net\/index.php?rest_route=%2Fwp%2Fv2%2Fmedia&parent=4421"}],"wp:term":[{"taxonomy":"category","embeddable":true,"href":"https:\/\/www.altercampagne.net\/index.php?rest_route=%2Fwp%2Fv2%2Fcategories&post=4421"},{"taxonomy":"post_tag","embeddable":true,"href":"https:\/\/www.altercampagne.net\/index.php?rest_route=%2Fwp%2Fv2%2Ftags&post=4421"}],"curies":[{"name":"wp","href":"https:\/\/api.w.org\/{rel}","templated":true}]}}