{"id":4423,"date":"2011-07-16T12:59:01","date_gmt":"2011-07-16T10:59:01","guid":{"rendered":"http:\/\/www.altercampagne.net\/?p=4423"},"modified":"2016-04-21T13:03:03","modified_gmt":"2016-04-21T11:03:03","slug":"rendez-vous-des-objecteurs-de-croissance-de-paca","status":"publish","type":"post","link":"https:\/\/www.altercampagne.net\/?p=4423","title":{"rendered":"Rendez-vous des objecteurs de croissance de Paca"},"content":{"rendered":"<p>Rendez-vous pour un campement autog\u00e9r\u00e9, afin de partager nos exp\u00e9riences alternatives, nos combats, nos id\u00e9es, dans une ambiance festive et pleine d\u2019\u00e9toiles.<\/p>\n<p>D\u00e8s le vendredi en fin d\u2019apr\u00e8s-midi, nous rencontrerons les participants de l\u2019AlterTour (ne venez pas trop tard, ils repartent le lendemain matin)<br class=\"autobr\" \/> Samedi et Dimanche nous pourrons \u00e9changer nos id\u00e9es et exp\u00e9riences<br class=\"autobr\" \/> dans le cadre magnifique\u00a0: Le domaine de La Moli\u00e8re (le Potager d\u2019un Curieux).<\/p>\n<p>A vous de voir ce dont vous souhaitez parler (d\u00e9bats), \u00e0 vous de voir ce que vous souhaitez montrer (ateliers).<\/p>\n<p>Pratiquement, apporter de quoi \u00eatre \u00e0 peu pr\u00e8s autonome simplement.<br class=\"autobr\" \/> Le repas du soir et le petit d\u00e9jeuner est pr\u00e9vu et nous aurons des l\u00e9gumes \u00e0 foison.<\/p>\n<p>Jean-Luc Danneyrolles, notre h\u00f4te, souhaite un d\u00e9bat autour de la biodiversit\u00e9,semences et des microprojets alternatifs agro \u00e9cologiques (quand\u00a0?). On peut aussi faire un atelier \u00ab\u00a0j\u2019aide le jardinier d\u00e9bord\u00e9 \u00e0 pincer, tailler , bref remettre dans le droit chemin ses 65 vari\u00e9t\u00e9s de tomates\u00a0\u00bb&#8230;.tout cela dans la tranquillit\u00e9 volontaire&#8230;<\/p>\n<p>Pour la route, si vous venez du 04, vous pouvez \u00e9viter Saignon et Apt en attaquant le Luberon sur votre gauche par la saign\u00e9e de Castellet. Dans un virage brutal au c\u0153ur de castellet il faut aller droit pour rejoindre Saignon. Bien avant le village sur la droite suivre La Moli\u00e8re, le potager d\u2019un curieux, vous arrivez 5 mn apr\u00e8s. Pour les autres, une fois dans Saignon, La moli\u00e8re est indiqu\u00e9e.<br class=\"autobr\" \/> Si vous \u00eates perdu vous pouvez \u00e9galement nous t\u00e9l\u00e9phoner<\/p>\n<p>Pr\u00e9cisions\u00a0: douche froide(2), toilettes s\u00e8ches ou humides et eau fraiche issue du sol.<br class=\"autobr\" \/> Merci de nous pr\u00e9venir de votre venue si vous ne l\u2019avez pas d\u00e9j\u00e0 fait par mail ou t\u00e9l\u00e9phone.<\/p>\n<p>Pour le covoiturage d\u00e9part de Marseille\u00a0: il reste de la place (vous pouvez appeler caroline pour cela)<\/p>\n<p>Bonne journ\u00e9e sur la terre.<\/p>\n<p>Jean-Luc Dannayrolles (lepotager<span class=\"mcrypt\"> chez <\/span>wanadoo.fr) 06 87 25 40 74<\/p>\n<p>Caroline Sarrion (ocmars<span class=\"mcrypt\"> chez <\/span>free.fr) 06 03 42 63 37<\/p>\n<p><a class=\"spip_out\" href=\"http:\/\/lesobjecteursdecroissance.org\/decroissance-paca.html\/\" rel=\"external\">Les objecteurs de croissance paca<\/a><\/p>\n<p>Adresse de la rencontre\u00a0:<\/p>\n<p>La Moli\u00e8re, 84400 Saignon (\u00e0 c\u00f4t\u00e9 d\u2019Apt)<\/p>\n<p>Source : <a href=\"http:\/\/www.millebabords.org\/spip.php?article18098\" target=\"_blank\">http:\/\/www.millebabords.org\/spip.php?article18098<\/a><\/p>\n","protected":false},"excerpt":{"rendered":"<p>Rendez-vous pour un campement autog\u00e9r\u00e9, afin de partager nos exp\u00e9riences alternatives, nos combats, nos id\u00e9es, dans une ambiance festive et pleine d\u2019\u00e9toiles. D\u00e8s le vendredi en fin d\u2019apr\u00e8s-midi, nous rencontrerons les participants de l\u2019AlterTour (ne venez pas trop tard, ils repartent le lendemain matin) Samedi et Dimanche nous pourrons \u00e9changer &#8230; <\/p>\n<div><a href=\"https:\/\/www.altercampagne.net\/?p=4423\" class=\"more-link\">Read More<\/a><\/div>\n","protected":false},"author":214,"featured_media":0,"comment_status":"closed","ping_status":"closed","sticky":false,"template":"","format":"standard","meta":{"footnotes":""},"categories":[239],"tags":[537,836,1071,1072,1979,1984,1988,2044,2045,2046],"class_list":["post-4423","post","type-post","status-publish","format-standard","hentry","category-revue-de-presse","tag-potager-dun-curieux","tag-altertour-2011","tag-jean-luc-danneyrolles","tag-saignon","tag-1979","tag-provence-alpes-cote-dazur","tag-vaucluse","tag-la-moliere","tag-domaine-de-la-moliere","tag-objecteurs-de-croissance","no-post-thumbnail"],"yoast_head":"<!-- This site is optimized with the Yoast SEO plugin v27.3 - https:\/\/yoast.com\/product\/yoast-seo-wordpress\/ -->\n<title>Rendez-vous des objecteurs de croissance de Paca - AlterTour<\/title>\n<meta name=\"robots\" content=\"index, follow, max-snippet:-1, max-image-preview:large, max-video-preview:-1\" \/>\n<link rel=\"canonical\" href=\"https:\/\/www.altercampagne.net\/?p=4423\" \/>\n<meta property=\"og:locale\" content=\"fr_FR\" \/>\n<meta property=\"og:type\" content=\"article\" \/>\n<meta property=\"og:title\" content=\"Rendez-vous des objecteurs de croissance de Paca - AlterTour\" \/>\n<meta property=\"og:description\" content=\"Rendez-vous pour un campement autog\u00e9r\u00e9, afin de partager nos exp\u00e9riences alternatives, nos combats, nos id\u00e9es, dans une ambiance festive et pleine d\u2019\u00e9toiles. D\u00e8s le vendredi en fin d\u2019apr\u00e8s-midi, nous rencontrerons les participants de l\u2019AlterTour (ne venez pas trop tard, ils repartent le lendemain matin) Samedi et Dimanche nous pourrons \u00e9changer ... Read More\" \/>\n<meta property=\"og:url\" content=\"https:\/\/www.altercampagne.net\/?p=4423\" \/>\n<meta property=\"og:site_name\" content=\"AlterTour\" \/>\n<meta property=\"article:published_time\" content=\"2011-07-16T10:59:01+00:00\" \/>\n<meta property=\"article:modified_time\" content=\"2016-04-21T11:03:03+00:00\" \/>\n<meta name=\"author\" content=\"Mathieu\" \/>\n<meta name=\"twitter:card\" content=\"summary_large_image\" \/>\n<meta name=\"twitter:label1\" content=\"\u00c9crit par\" \/>\n\t<meta name=\"twitter:data1\" content=\"Mathieu\" \/>\n\t<meta name=\"twitter:label2\" content=\"Dur\u00e9e de lecture estim\u00e9e\" \/>\n\t<meta name=\"twitter:data2\" content=\"2 minutes\" \/>\n<script type=\"application\/ld+json\" class=\"yoast-schema-graph\">{\"@context\":\"https:\\\/\\\/schema.org\",\"@graph\":[{\"@type\":\"Article\",\"@id\":\"https:\\\/\\\/www.altercampagne.net\\\/?p=4423#article\",\"isPartOf\":{\"@id\":\"https:\\\/\\\/www.altercampagne.net\\\/?p=4423\"},\"author\":{\"name\":\"Mathieu\",\"@id\":\"https:\\\/\\\/www.altercampagne.net\\\/#\\\/schema\\\/person\\\/0f261460c09e430caa0f9bcffa319109\"},\"headline\":\"Rendez-vous des objecteurs de croissance de Paca\",\"datePublished\":\"2011-07-16T10:59:01+00:00\",\"dateModified\":\"2016-04-21T11:03:03+00:00\",\"mainEntityOfPage\":{\"@id\":\"https:\\\/\\\/www.altercampagne.net\\\/?p=4423\"},\"wordCount\":374,\"keywords\":[\"potager d'un curieux\",\"AlterTour 2011\",\"Jean-Luc Danneyrolles\",\"Saignon\",\"2011\",\"Provence-Alpes-C\u00f4te d'Azur\",\"vaucluse\",\"La Moli\u00e8re\",\"domaine de La Moli\u00e8re\",\"objecteurs de croissance\"],\"articleSection\":[\"Revue de presse\"],\"inLanguage\":\"fr-FR\"},{\"@type\":\"WebPage\",\"@id\":\"https:\\\/\\\/www.altercampagne.net\\\/?p=4423\",\"url\":\"https:\\\/\\\/www.altercampagne.net\\\/?p=4423\",\"name\":\"Rendez-vous des objecteurs de croissance de Paca - AlterTour\",\"isPartOf\":{\"@id\":\"https:\\\/\\\/www.altercampagne.net\\\/#website\"},\"datePublished\":\"2011-07-16T10:59:01+00:00\",\"dateModified\":\"2016-04-21T11:03:03+00:00\",\"author\":{\"@id\":\"https:\\\/\\\/www.altercampagne.net\\\/#\\\/schema\\\/person\\\/0f261460c09e430caa0f9bcffa319109\"},\"breadcrumb\":{\"@id\":\"https:\\\/\\\/www.altercampagne.net\\\/?p=4423#breadcrumb\"},\"inLanguage\":\"fr-FR\",\"potentialAction\":[{\"@type\":\"ReadAction\",\"target\":[\"https:\\\/\\\/www.altercampagne.net\\\/?p=4423\"]}]},{\"@type\":\"BreadcrumbList\",\"@id\":\"https:\\\/\\\/www.altercampagne.net\\\/?p=4423#breadcrumb\",\"itemListElement\":[{\"@type\":\"ListItem\",\"position\":1,\"name\":\"Accueil\",\"item\":\"https:\\\/\\\/www.altercampagne.net\\\/\"},{\"@type\":\"ListItem\",\"position\":2,\"name\":\"Rendez-vous des objecteurs de croissance de Paca\"}]},{\"@type\":\"WebSite\",\"@id\":\"https:\\\/\\\/www.altercampagne.net\\\/#website\",\"url\":\"https:\\\/\\\/www.altercampagne.net\\\/\",\"name\":\"AlterTour\",\"description\":\"Reliez les Alternatives \u00e0 v\u00e9lo\",\"potentialAction\":[{\"@type\":\"SearchAction\",\"target\":{\"@type\":\"EntryPoint\",\"urlTemplate\":\"https:\\\/\\\/www.altercampagne.net\\\/?s={search_term_string}\"},\"query-input\":{\"@type\":\"PropertyValueSpecification\",\"valueRequired\":true,\"valueName\":\"search_term_string\"}}],\"inLanguage\":\"fr-FR\"},{\"@type\":\"Person\",\"@id\":\"https:\\\/\\\/www.altercampagne.net\\\/#\\\/schema\\\/person\\\/0f261460c09e430caa0f9bcffa319109\",\"name\":\"Mathieu\",\"image\":{\"@type\":\"ImageObject\",\"inLanguage\":\"fr-FR\",\"@id\":\"https:\\\/\\\/secure.gravatar.com\\\/avatar\\\/aa9d3d24c83f2141e5e2709d0f63d09a99f6be6bb7a50abc4915838d9f54501a?s=96&d=mm&r=g\",\"url\":\"https:\\\/\\\/secure.gravatar.com\\\/avatar\\\/aa9d3d24c83f2141e5e2709d0f63d09a99f6be6bb7a50abc4915838d9f54501a?s=96&d=mm&r=g\",\"contentUrl\":\"https:\\\/\\\/secure.gravatar.com\\\/avatar\\\/aa9d3d24c83f2141e5e2709d0f63d09a99f6be6bb7a50abc4915838d9f54501a?s=96&d=mm&r=g\",\"caption\":\"Mathieu\"},\"url\":\"https:\\\/\\\/www.altercampagne.net\\\/?author=214\"}]}<\/script>\n<!-- \/ Yoast SEO plugin. -->","yoast_head_json":{"title":"Rendez-vous des objecteurs de croissance de Paca - AlterTour","robots":{"index":"index","follow":"follow","max-snippet":"max-snippet:-1","max-image-preview":"max-image-preview:large","max-video-preview":"max-video-preview:-1"},"canonical":"https:\/\/www.altercampagne.net\/?p=4423","og_locale":"fr_FR","og_type":"article","og_title":"Rendez-vous des objecteurs de croissance de Paca - AlterTour","og_description":"Rendez-vous pour un campement autog\u00e9r\u00e9, afin de partager nos exp\u00e9riences alternatives, nos combats, nos id\u00e9es, dans une ambiance festive et pleine d\u2019\u00e9toiles. D\u00e8s le vendredi en fin d\u2019apr\u00e8s-midi, nous rencontrerons les participants de l\u2019AlterTour (ne venez pas trop tard, ils repartent le lendemain matin) Samedi et Dimanche nous pourrons \u00e9changer ... Read More","og_url":"https:\/\/www.altercampagne.net\/?p=4423","og_site_name":"AlterTour","article_published_time":"2011-07-16T10:59:01+00:00","article_modified_time":"2016-04-21T11:03:03+00:00","author":"Mathieu","twitter_card":"summary_large_image","twitter_misc":{"\u00c9crit par":"Mathieu","Dur\u00e9e de lecture estim\u00e9e":"2 minutes"},"schema":{"@context":"https:\/\/schema.org","@graph":[{"@type":"Article","@id":"https:\/\/www.altercampagne.net\/?p=4423#article","isPartOf":{"@id":"https:\/\/www.altercampagne.net\/?p=4423"},"author":{"name":"Mathieu","@id":"https:\/\/www.altercampagne.net\/#\/schema\/person\/0f261460c09e430caa0f9bcffa319109"},"headline":"Rendez-vous des objecteurs de croissance de Paca","datePublished":"2011-07-16T10:59:01+00:00","dateModified":"2016-04-21T11:03:03+00:00","mainEntityOfPage":{"@id":"https:\/\/www.altercampagne.net\/?p=4423"},"wordCount":374,"keywords":["potager d'un curieux","AlterTour 2011","Jean-Luc Danneyrolles","Saignon","2011","Provence-Alpes-C\u00f4te d'Azur","vaucluse","La Moli\u00e8re","domaine de La Moli\u00e8re","objecteurs de croissance"],"articleSection":["Revue de presse"],"inLanguage":"fr-FR"},{"@type":"WebPage","@id":"https:\/\/www.altercampagne.net\/?p=4423","url":"https:\/\/www.altercampagne.net\/?p=4423","name":"Rendez-vous des objecteurs de croissance de Paca - AlterTour","isPartOf":{"@id":"https:\/\/www.altercampagne.net\/#website"},"datePublished":"2011-07-16T10:59:01+00:00","dateModified":"2016-04-21T11:03:03+00:00","author":{"@id":"https:\/\/www.altercampagne.net\/#\/schema\/person\/0f261460c09e430caa0f9bcffa319109"},"breadcrumb":{"@id":"https:\/\/www.altercampagne.net\/?p=4423#breadcrumb"},"inLanguage":"fr-FR","potentialAction":[{"@type":"ReadAction","target":["https:\/\/www.altercampagne.net\/?p=4423"]}]},{"@type":"BreadcrumbList","@id":"https:\/\/www.altercampagne.net\/?p=4423#breadcrumb","itemListElement":[{"@type":"ListItem","position":1,"name":"Accueil","item":"https:\/\/www.altercampagne.net\/"},{"@type":"ListItem","position":2,"name":"Rendez-vous des objecteurs de croissance de Paca"}]},{"@type":"WebSite","@id":"https:\/\/www.altercampagne.net\/#website","url":"https:\/\/www.altercampagne.net\/","name":"AlterTour","description":"Reliez les Alternatives \u00e0 v\u00e9lo","potentialAction":[{"@type":"SearchAction","target":{"@type":"EntryPoint","urlTemplate":"https:\/\/www.altercampagne.net\/?s={search_term_string}"},"query-input":{"@type":"PropertyValueSpecification","valueRequired":true,"valueName":"search_term_string"}}],"inLanguage":"fr-FR"},{"@type":"Person","@id":"https:\/\/www.altercampagne.net\/#\/schema\/person\/0f261460c09e430caa0f9bcffa319109","name":"Mathieu","image":{"@type":"ImageObject","inLanguage":"fr-FR","@id":"https:\/\/secure.gravatar.com\/avatar\/aa9d3d24c83f2141e5e2709d0f63d09a99f6be6bb7a50abc4915838d9f54501a?s=96&d=mm&r=g","url":"https:\/\/secure.gravatar.com\/avatar\/aa9d3d24c83f2141e5e2709d0f63d09a99f6be6bb7a50abc4915838d9f54501a?s=96&d=mm&r=g","contentUrl":"https:\/\/secure.gravatar.com\/avatar\/aa9d3d24c83f2141e5e2709d0f63d09a99f6be6bb7a50abc4915838d9f54501a?s=96&d=mm&r=g","caption":"Mathieu"},"url":"https:\/\/www.altercampagne.net\/?author=214"}]}},"_links":{"self":[{"href":"https:\/\/www.altercampagne.net\/index.php?rest_route=\/wp\/v2\/posts\/4423","targetHints":{"allow":["GET"]}}],"collection":[{"href":"https:\/\/www.altercampagne.net\/index.php?rest_route=\/wp\/v2\/posts"}],"about":[{"href":"https:\/\/www.altercampagne.net\/index.php?rest_route=\/wp\/v2\/types\/post"}],"author":[{"embeddable":true,"href":"https:\/\/www.altercampagne.net\/index.php?rest_route=\/wp\/v2\/users\/214"}],"replies":[{"embeddable":true,"href":"https:\/\/www.altercampagne.net\/index.php?rest_route=%2Fwp%2Fv2%2Fcomments&post=4423"}],"version-history":[{"count":0,"href":"https:\/\/www.altercampagne.net\/index.php?rest_route=\/wp\/v2\/posts\/4423\/revisions"}],"wp:attachment":[{"href":"https:\/\/www.altercampagne.net\/index.php?rest_route=%2Fwp%2Fv2%2Fmedia&parent=4423"}],"wp:term":[{"taxonomy":"category","embeddable":true,"href":"https:\/\/www.altercampagne.net\/index.php?rest_route=%2Fwp%2Fv2%2Fcategories&post=4423"},{"taxonomy":"post_tag","embeddable":true,"href":"https:\/\/www.altercampagne.net\/index.php?rest_route=%2Fwp%2Fv2%2Ftags&post=4423"}],"curies":[{"name":"wp","href":"https:\/\/api.w.org\/{rel}","templated":true}]}}