{"id":4426,"date":"2011-07-15T13:03:35","date_gmt":"2011-07-15T11:03:35","guid":{"rendered":"http:\/\/www.altercampagne.net\/?p=4426"},"modified":"2016-04-21T13:05:38","modified_gmt":"2016-04-21T11:05:38","slug":"le-nucleaire-et-la-bougie","status":"publish","type":"post","link":"https:\/\/www.altercampagne.net\/?p=4426","title":{"rendered":"Le nucl\u00e9aire et la bougie"},"content":{"rendered":"<p class=\"Style96\" align=\"justify\"><img loading=\"lazy\" decoding=\"async\" class=\" alignleft\" src=\"http:\/\/altercampagne.free.fr\/pages\/2008\/AlterTour\/Revue-presse-2011\/Alter_Tour_2011_EHS_Zone_Refuge_France_13_juillet_2011_DSC07408_1024_web.jpg\" alt=\"\" width=\"448\" height=\"321\" \/>Le dogme d&rsquo;une croissance \u00e9conomique infinie, fer de lance du d\u00e9veloppement de nos soci\u00e9t\u00e9s, \u00e9puise les ressources \u00e9nerg\u00e9tiques non-renouvelables, pollue l&rsquo;environnement, affecte notre sant\u00e9, d\u00e9truit le lien social et exacerbe le d\u00e9calage Nord-Sud.<br \/>\nCette humanit\u00e9 l\u00e0 est au fond du trou &#8230; et creuse encore !<br \/>\nGr\u00e2ce \u00e0 l&rsquo;injection de deniers publics, elle dope ses \u00a0\u00bb P\u00f4les Recherches &amp; Innovations \u00a0\u00bb et invente les bidules qui trop souvent ne servent \u00e0 rien, voire m\u00eame sont dangereux. Au moyen du mart\u00e8lement publicitaire, elle dope sa communication pour faire croire que les bidules (exemple mobiles 4G ) qui ne servent \u00e0 rien sont tr\u00e8s utiles, et bien s\u00fbr ne sont pas dangereux. Elle suralimente et dope son \u00e9conomie de march\u00e9 gr\u00e2ce \u00e0 des \u00ab\u00a0Subprimes\u00a0\u00bb permettant d&rsquo;acheter les bidules fabriqu\u00e9s. Elle dope ses transports avec toujours plus d&rsquo;autoroutes, d&rsquo;a\u00e9roports et de voies maritimes facilitant le transport des bidules en tout genres. Elle dope son agriculture en vidant et polluant les nappes phr\u00e9atiques \u00e0 grand renfort de pesticides et engrais de synth\u00e8se. Histoire de (mal) nourrir les gens qui s&rsquo;occupent pourtant bien des bidules. Elle irradie encore plus toute la population avec toujours plus d&rsquo;antennes relais \u00e0 cause des nouveaux bidules. Et bien s\u00fbr, elle dope sa production \u00e9nerg\u00e9tique pour concevoir, fabriquer, conditionner, transporter et vendre plein de bidules.<br \/>\nUne vraie machine infernale qui peut s&#8217;emballer&#8230; jusqu&rsquo;au jour o\u00f9 elle explose ! Les japonais paient le prix fort et toute la plan\u00e8te trinque.<\/p>\n<p>Pourvu que l&rsquo;argent gagn\u00e9 en produisant le fameux bidule permette d&rsquo;en acheter un autre &#8230; de bidule : une bougie.<br \/>\n<span class=\"Style97\">Au moins celui-ci servira car maintenant l&rsquo;humanit\u00e9 est contrainte d&rsquo;utiliser les deux : le nucl\u00e9aire et la bougie !<\/span><\/p>\n<p class=\"Style96\" align=\"justify\">La soci\u00e9t\u00e9 civile a d\u00e9cid\u00e9 de r\u00e9agir. Elle s&rsquo;organise. Le levain prend.<br \/>\nLe bulletin de vote n&rsquo;est pas un ch\u00e8que en blanc institutionnel. Une fois l&rsquo;\u00e9lection pass\u00e9e, tout est souvent si bien organis\u00e9 pour le mettre au pied du mur, que le citoyen est spoli\u00e9 des d\u00e9cisions soci\u00e9taires majeures. Alors, il se l\u00e8ve et fait entendre sa voix, ses r\u00e9sistances.<br \/>\nL&rsquo;AlterTour sillonne les toutes de France pour \u00e9couter.<br \/>\nIl rallie et relaie des alternatives concr\u00e8tes et cr\u00e9dibles. De solutions en pistes de r\u00e9flexions, ces initiatives nous d\u00e9montrent qu&rsquo;il n&rsquo;existe pas d&rsquo;\u00e9cologie environnementale sans \u00e9cologie sociale.<\/p>\n<p class=\"Style96\" align=\"justify\">Toutes ces associations, collectifs citoyens, entreprises et collectivit\u00e9s locales, sont pr\u00e9occup\u00e9s par la question de l&rsquo;\u00e9nergie. Soit comme th\u00e8me central de leur activit\u00e9, soit dans leurs modes de fonctionnement. Et \u00e7a tombe bien.<br \/>\nLa \u00ab\u00a0Sobri\u00e9t\u00e9 \u00e9nerg\u00e9tique\u00a0\u00bb est le th\u00e8me de l&rsquo;Alter Tour 2011.<\/p>\n<p class=\"Style96\" align=\"justify\">Source : <a href=\"http:\/\/www.next-up.org\/France\/Alter_Tour.php\" target=\"_blank\">http:\/\/www.next-up.org\/France\/Alter_Tour.php<\/a><\/p>\n","protected":false},"excerpt":{"rendered":"<p>Le dogme d&rsquo;une croissance \u00e9conomique infinie, fer de lance du d\u00e9veloppement de nos soci\u00e9t\u00e9s, \u00e9puise les ressources \u00e9nerg\u00e9tiques non-renouvelables, pollue l&rsquo;environnement, affecte notre sant\u00e9, d\u00e9truit le lien social et exacerbe le d\u00e9calage Nord-Sud. Cette humanit\u00e9 l\u00e0 est au fond du trou &#8230; et creuse encore ! Gr\u00e2ce \u00e0 l&rsquo;injection de &#8230; <\/p>\n<div><a href=\"https:\/\/www.altercampagne.net\/?p=4426\" class=\"more-link\">Read More<\/a><\/div>\n","protected":false},"author":214,"featured_media":0,"comment_status":"closed","ping_status":"closed","sticky":false,"template":"","format":"standard","meta":{"footnotes":""},"categories":[1],"tags":[55,1979],"class_list":["post-4426","post","type-post","status-publish","format-standard","hentry","category-non-classe","tag-accueil-altertour","tag-1979","no-post-thumbnail"],"yoast_head":"<!-- This site is optimized with the Yoast SEO plugin v27.3 - https:\/\/yoast.com\/product\/yoast-seo-wordpress\/ -->\n<title>Le nucl\u00e9aire et la bougie - AlterTour<\/title>\n<meta name=\"robots\" content=\"index, follow, max-snippet:-1, max-image-preview:large, max-video-preview:-1\" \/>\n<link rel=\"canonical\" href=\"https:\/\/www.altercampagne.net\/?p=4426\" \/>\n<meta property=\"og:locale\" content=\"fr_FR\" \/>\n<meta property=\"og:type\" content=\"article\" \/>\n<meta property=\"og:title\" content=\"Le nucl\u00e9aire et la bougie - AlterTour\" \/>\n<meta property=\"og:description\" content=\"Le dogme d&rsquo;une croissance \u00e9conomique infinie, fer de lance du d\u00e9veloppement de nos soci\u00e9t\u00e9s, \u00e9puise les ressources \u00e9nerg\u00e9tiques non-renouvelables, pollue l&rsquo;environnement, affecte notre sant\u00e9, d\u00e9truit le lien social et exacerbe le d\u00e9calage Nord-Sud. Cette humanit\u00e9 l\u00e0 est au fond du trou &#8230; et creuse encore ! Gr\u00e2ce \u00e0 l&rsquo;injection de ... Read More\" \/>\n<meta property=\"og:url\" content=\"https:\/\/www.altercampagne.net\/?p=4426\" \/>\n<meta property=\"og:site_name\" content=\"AlterTour\" \/>\n<meta property=\"article:published_time\" content=\"2011-07-15T11:03:35+00:00\" \/>\n<meta property=\"article:modified_time\" content=\"2016-04-21T11:05:38+00:00\" \/>\n<meta property=\"og:image\" content=\"http:\/\/altercampagne.free.fr\/pages\/2008\/AlterTour\/Revue-presse-2011\/Alter_Tour_2011_EHS_Zone_Refuge_France_13_juillet_2011_DSC07408_1024_web.jpg\" \/>\n<meta name=\"author\" content=\"Mathieu\" \/>\n<meta name=\"twitter:card\" content=\"summary_large_image\" \/>\n<meta name=\"twitter:label1\" content=\"\u00c9crit par\" \/>\n\t<meta name=\"twitter:data1\" content=\"Mathieu\" \/>\n\t<meta name=\"twitter:label2\" content=\"Dur\u00e9e de lecture estim\u00e9e\" \/>\n\t<meta name=\"twitter:data2\" content=\"2 minutes\" \/>\n<script type=\"application\/ld+json\" class=\"yoast-schema-graph\">{\"@context\":\"https:\\\/\\\/schema.org\",\"@graph\":[{\"@type\":\"Article\",\"@id\":\"https:\\\/\\\/www.altercampagne.net\\\/?p=4426#article\",\"isPartOf\":{\"@id\":\"https:\\\/\\\/www.altercampagne.net\\\/?p=4426\"},\"author\":{\"name\":\"Mathieu\",\"@id\":\"https:\\\/\\\/www.altercampagne.net\\\/#\\\/schema\\\/person\\\/0f261460c09e430caa0f9bcffa319109\"},\"headline\":\"Le nucl\u00e9aire et la bougie\",\"datePublished\":\"2011-07-15T11:03:35+00:00\",\"dateModified\":\"2016-04-21T11:05:38+00:00\",\"mainEntityOfPage\":{\"@id\":\"https:\\\/\\\/www.altercampagne.net\\\/?p=4426\"},\"wordCount\":478,\"image\":{\"@id\":\"https:\\\/\\\/www.altercampagne.net\\\/?p=4426#primaryimage\"},\"thumbnailUrl\":\"http:\\\/\\\/altercampagne.free.fr\\\/pages\\\/2008\\\/AlterTour\\\/Revue-presse-2011\\\/Alter_Tour_2011_EHS_Zone_Refuge_France_13_juillet_2011_DSC07408_1024_web.jpg\",\"keywords\":[\"accueil AlterTour\",\"2011\"],\"inLanguage\":\"fr-FR\"},{\"@type\":\"WebPage\",\"@id\":\"https:\\\/\\\/www.altercampagne.net\\\/?p=4426\",\"url\":\"https:\\\/\\\/www.altercampagne.net\\\/?p=4426\",\"name\":\"Le nucl\u00e9aire et la bougie - AlterTour\",\"isPartOf\":{\"@id\":\"https:\\\/\\\/www.altercampagne.net\\\/#website\"},\"primaryImageOfPage\":{\"@id\":\"https:\\\/\\\/www.altercampagne.net\\\/?p=4426#primaryimage\"},\"image\":{\"@id\":\"https:\\\/\\\/www.altercampagne.net\\\/?p=4426#primaryimage\"},\"thumbnailUrl\":\"http:\\\/\\\/altercampagne.free.fr\\\/pages\\\/2008\\\/AlterTour\\\/Revue-presse-2011\\\/Alter_Tour_2011_EHS_Zone_Refuge_France_13_juillet_2011_DSC07408_1024_web.jpg\",\"datePublished\":\"2011-07-15T11:03:35+00:00\",\"dateModified\":\"2016-04-21T11:05:38+00:00\",\"author\":{\"@id\":\"https:\\\/\\\/www.altercampagne.net\\\/#\\\/schema\\\/person\\\/0f261460c09e430caa0f9bcffa319109\"},\"breadcrumb\":{\"@id\":\"https:\\\/\\\/www.altercampagne.net\\\/?p=4426#breadcrumb\"},\"inLanguage\":\"fr-FR\",\"potentialAction\":[{\"@type\":\"ReadAction\",\"target\":[\"https:\\\/\\\/www.altercampagne.net\\\/?p=4426\"]}]},{\"@type\":\"ImageObject\",\"inLanguage\":\"fr-FR\",\"@id\":\"https:\\\/\\\/www.altercampagne.net\\\/?p=4426#primaryimage\",\"url\":\"http:\\\/\\\/altercampagne.free.fr\\\/pages\\\/2008\\\/AlterTour\\\/Revue-presse-2011\\\/Alter_Tour_2011_EHS_Zone_Refuge_France_13_juillet_2011_DSC07408_1024_web.jpg\",\"contentUrl\":\"http:\\\/\\\/altercampagne.free.fr\\\/pages\\\/2008\\\/AlterTour\\\/Revue-presse-2011\\\/Alter_Tour_2011_EHS_Zone_Refuge_France_13_juillet_2011_DSC07408_1024_web.jpg\"},{\"@type\":\"BreadcrumbList\",\"@id\":\"https:\\\/\\\/www.altercampagne.net\\\/?p=4426#breadcrumb\",\"itemListElement\":[{\"@type\":\"ListItem\",\"position\":1,\"name\":\"Accueil\",\"item\":\"https:\\\/\\\/www.altercampagne.net\\\/\"},{\"@type\":\"ListItem\",\"position\":2,\"name\":\"Le nucl\u00e9aire et la bougie\"}]},{\"@type\":\"WebSite\",\"@id\":\"https:\\\/\\\/www.altercampagne.net\\\/#website\",\"url\":\"https:\\\/\\\/www.altercampagne.net\\\/\",\"name\":\"AlterTour\",\"description\":\"Reliez les Alternatives \u00e0 v\u00e9lo\",\"potentialAction\":[{\"@type\":\"SearchAction\",\"target\":{\"@type\":\"EntryPoint\",\"urlTemplate\":\"https:\\\/\\\/www.altercampagne.net\\\/?s={search_term_string}\"},\"query-input\":{\"@type\":\"PropertyValueSpecification\",\"valueRequired\":true,\"valueName\":\"search_term_string\"}}],\"inLanguage\":\"fr-FR\"},{\"@type\":\"Person\",\"@id\":\"https:\\\/\\\/www.altercampagne.net\\\/#\\\/schema\\\/person\\\/0f261460c09e430caa0f9bcffa319109\",\"name\":\"Mathieu\",\"image\":{\"@type\":\"ImageObject\",\"inLanguage\":\"fr-FR\",\"@id\":\"https:\\\/\\\/secure.gravatar.com\\\/avatar\\\/aa9d3d24c83f2141e5e2709d0f63d09a99f6be6bb7a50abc4915838d9f54501a?s=96&d=mm&r=g\",\"url\":\"https:\\\/\\\/secure.gravatar.com\\\/avatar\\\/aa9d3d24c83f2141e5e2709d0f63d09a99f6be6bb7a50abc4915838d9f54501a?s=96&d=mm&r=g\",\"contentUrl\":\"https:\\\/\\\/secure.gravatar.com\\\/avatar\\\/aa9d3d24c83f2141e5e2709d0f63d09a99f6be6bb7a50abc4915838d9f54501a?s=96&d=mm&r=g\",\"caption\":\"Mathieu\"},\"url\":\"https:\\\/\\\/www.altercampagne.net\\\/?author=214\"}]}<\/script>\n<!-- \/ Yoast SEO plugin. -->","yoast_head_json":{"title":"Le nucl\u00e9aire et la bougie - AlterTour","robots":{"index":"index","follow":"follow","max-snippet":"max-snippet:-1","max-image-preview":"max-image-preview:large","max-video-preview":"max-video-preview:-1"},"canonical":"https:\/\/www.altercampagne.net\/?p=4426","og_locale":"fr_FR","og_type":"article","og_title":"Le nucl\u00e9aire et la bougie - AlterTour","og_description":"Le dogme d&rsquo;une croissance \u00e9conomique infinie, fer de lance du d\u00e9veloppement de nos soci\u00e9t\u00e9s, \u00e9puise les ressources \u00e9nerg\u00e9tiques non-renouvelables, pollue l&rsquo;environnement, affecte notre sant\u00e9, d\u00e9truit le lien social et exacerbe le d\u00e9calage Nord-Sud. Cette humanit\u00e9 l\u00e0 est au fond du trou &#8230; et creuse encore ! Gr\u00e2ce \u00e0 l&rsquo;injection de ... Read More","og_url":"https:\/\/www.altercampagne.net\/?p=4426","og_site_name":"AlterTour","article_published_time":"2011-07-15T11:03:35+00:00","article_modified_time":"2016-04-21T11:05:38+00:00","og_image":[{"url":"http:\/\/altercampagne.free.fr\/pages\/2008\/AlterTour\/Revue-presse-2011\/Alter_Tour_2011_EHS_Zone_Refuge_France_13_juillet_2011_DSC07408_1024_web.jpg","type":"","width":"","height":""}],"author":"Mathieu","twitter_card":"summary_large_image","twitter_misc":{"\u00c9crit par":"Mathieu","Dur\u00e9e de lecture estim\u00e9e":"2 minutes"},"schema":{"@context":"https:\/\/schema.org","@graph":[{"@type":"Article","@id":"https:\/\/www.altercampagne.net\/?p=4426#article","isPartOf":{"@id":"https:\/\/www.altercampagne.net\/?p=4426"},"author":{"name":"Mathieu","@id":"https:\/\/www.altercampagne.net\/#\/schema\/person\/0f261460c09e430caa0f9bcffa319109"},"headline":"Le nucl\u00e9aire et la bougie","datePublished":"2011-07-15T11:03:35+00:00","dateModified":"2016-04-21T11:05:38+00:00","mainEntityOfPage":{"@id":"https:\/\/www.altercampagne.net\/?p=4426"},"wordCount":478,"image":{"@id":"https:\/\/www.altercampagne.net\/?p=4426#primaryimage"},"thumbnailUrl":"http:\/\/altercampagne.free.fr\/pages\/2008\/AlterTour\/Revue-presse-2011\/Alter_Tour_2011_EHS_Zone_Refuge_France_13_juillet_2011_DSC07408_1024_web.jpg","keywords":["accueil AlterTour","2011"],"inLanguage":"fr-FR"},{"@type":"WebPage","@id":"https:\/\/www.altercampagne.net\/?p=4426","url":"https:\/\/www.altercampagne.net\/?p=4426","name":"Le nucl\u00e9aire et la bougie - AlterTour","isPartOf":{"@id":"https:\/\/www.altercampagne.net\/#website"},"primaryImageOfPage":{"@id":"https:\/\/www.altercampagne.net\/?p=4426#primaryimage"},"image":{"@id":"https:\/\/www.altercampagne.net\/?p=4426#primaryimage"},"thumbnailUrl":"http:\/\/altercampagne.free.fr\/pages\/2008\/AlterTour\/Revue-presse-2011\/Alter_Tour_2011_EHS_Zone_Refuge_France_13_juillet_2011_DSC07408_1024_web.jpg","datePublished":"2011-07-15T11:03:35+00:00","dateModified":"2016-04-21T11:05:38+00:00","author":{"@id":"https:\/\/www.altercampagne.net\/#\/schema\/person\/0f261460c09e430caa0f9bcffa319109"},"breadcrumb":{"@id":"https:\/\/www.altercampagne.net\/?p=4426#breadcrumb"},"inLanguage":"fr-FR","potentialAction":[{"@type":"ReadAction","target":["https:\/\/www.altercampagne.net\/?p=4426"]}]},{"@type":"ImageObject","inLanguage":"fr-FR","@id":"https:\/\/www.altercampagne.net\/?p=4426#primaryimage","url":"http:\/\/altercampagne.free.fr\/pages\/2008\/AlterTour\/Revue-presse-2011\/Alter_Tour_2011_EHS_Zone_Refuge_France_13_juillet_2011_DSC07408_1024_web.jpg","contentUrl":"http:\/\/altercampagne.free.fr\/pages\/2008\/AlterTour\/Revue-presse-2011\/Alter_Tour_2011_EHS_Zone_Refuge_France_13_juillet_2011_DSC07408_1024_web.jpg"},{"@type":"BreadcrumbList","@id":"https:\/\/www.altercampagne.net\/?p=4426#breadcrumb","itemListElement":[{"@type":"ListItem","position":1,"name":"Accueil","item":"https:\/\/www.altercampagne.net\/"},{"@type":"ListItem","position":2,"name":"Le nucl\u00e9aire et la bougie"}]},{"@type":"WebSite","@id":"https:\/\/www.altercampagne.net\/#website","url":"https:\/\/www.altercampagne.net\/","name":"AlterTour","description":"Reliez les Alternatives \u00e0 v\u00e9lo","potentialAction":[{"@type":"SearchAction","target":{"@type":"EntryPoint","urlTemplate":"https:\/\/www.altercampagne.net\/?s={search_term_string}"},"query-input":{"@type":"PropertyValueSpecification","valueRequired":true,"valueName":"search_term_string"}}],"inLanguage":"fr-FR"},{"@type":"Person","@id":"https:\/\/www.altercampagne.net\/#\/schema\/person\/0f261460c09e430caa0f9bcffa319109","name":"Mathieu","image":{"@type":"ImageObject","inLanguage":"fr-FR","@id":"https:\/\/secure.gravatar.com\/avatar\/aa9d3d24c83f2141e5e2709d0f63d09a99f6be6bb7a50abc4915838d9f54501a?s=96&d=mm&r=g","url":"https:\/\/secure.gravatar.com\/avatar\/aa9d3d24c83f2141e5e2709d0f63d09a99f6be6bb7a50abc4915838d9f54501a?s=96&d=mm&r=g","contentUrl":"https:\/\/secure.gravatar.com\/avatar\/aa9d3d24c83f2141e5e2709d0f63d09a99f6be6bb7a50abc4915838d9f54501a?s=96&d=mm&r=g","caption":"Mathieu"},"url":"https:\/\/www.altercampagne.net\/?author=214"}]}},"_links":{"self":[{"href":"https:\/\/www.altercampagne.net\/index.php?rest_route=\/wp\/v2\/posts\/4426","targetHints":{"allow":["GET"]}}],"collection":[{"href":"https:\/\/www.altercampagne.net\/index.php?rest_route=\/wp\/v2\/posts"}],"about":[{"href":"https:\/\/www.altercampagne.net\/index.php?rest_route=\/wp\/v2\/types\/post"}],"author":[{"embeddable":true,"href":"https:\/\/www.altercampagne.net\/index.php?rest_route=\/wp\/v2\/users\/214"}],"replies":[{"embeddable":true,"href":"https:\/\/www.altercampagne.net\/index.php?rest_route=%2Fwp%2Fv2%2Fcomments&post=4426"}],"version-history":[{"count":0,"href":"https:\/\/www.altercampagne.net\/index.php?rest_route=\/wp\/v2\/posts\/4426\/revisions"}],"wp:attachment":[{"href":"https:\/\/www.altercampagne.net\/index.php?rest_route=%2Fwp%2Fv2%2Fmedia&parent=4426"}],"wp:term":[{"taxonomy":"category","embeddable":true,"href":"https:\/\/www.altercampagne.net\/index.php?rest_route=%2Fwp%2Fv2%2Fcategories&post=4426"},{"taxonomy":"post_tag","embeddable":true,"href":"https:\/\/www.altercampagne.net\/index.php?rest_route=%2Fwp%2Fv2%2Ftags&post=4426"}],"curies":[{"name":"wp","href":"https:\/\/api.w.org\/{rel}","templated":true}]}}