{"id":4432,"date":"2011-07-10T16:26:02","date_gmt":"2011-07-10T14:26:02","guid":{"rendered":"http:\/\/www.altercampagne.net\/?p=4432"},"modified":"2020-02-24T17:03:32","modified_gmt":"2020-02-24T16:03:32","slug":"le-tour-de-france-a-velo-sarrete-a-arles","status":"publish","type":"post","link":"https:\/\/www.altercampagne.net\/?p=4432","title":{"rendered":"Le tour de France \u00e0 v\u00e9lo s\u2019arr\u00eate \u00e0 Arles"},"content":{"rendered":"<p>&#8230; l\u2019Alter\u2019 Tour de France, s\u2019entend, pas celui de tous les dopages.<\/p>\n<p><strong>Alter\u2019Tour de France \u00e0 v\u00e9lo, <\/strong>du 2 juillet au 7 ao\u00fbt 2011. 4\u00e8me \u00e9dition.<\/p>\n<p>Pour cette 4e \u00e9dition, le d\u00e9part se fera le 2 juillet \u00e0 Gen\u00e8ve et l\u2019arriv\u00e9e est programm\u00e9e le 6 ao\u00fbt \u00e0 Mondredon, dans le sud du pays.<\/p>\n<p class=\"spip\"><strong>Vers la Sobri\u00e9t\u00e9 \u00e9nerg\u00e9tique<\/strong><\/p>\n<p>C\u2019est le th\u00e8me retenu pour l\u2019\u00e9dition 2011 de l\u2019Alter\u2019Tour.<\/p>\n<p><strong>Cette ann\u00e9e, l\u2019AlterTour s\u2019arr\u00eatera les 27 et 28 juillet en Pays d\u2019Arles au Mas de l\u2019Esclade \u00e0 Caphan, situ\u00e9 \u00e0 quelques encablures de Saint-Martin-de-Crau.<\/strong><\/p>\n<p><strong>Au programme&nbsp;:<\/strong><\/p>\n<ul class=\"spip\">\n<li><strong>Mercredi 27 juillet<\/strong>&nbsp;: soir\u00e9e d\u2019\u00e9changes \u00e0 partir de <strong>17h00<\/strong> au Mas de l\u2019Esclade dans l\u2019ancien pressoir \u00e0 huile au cours de laquelle outre guitares, fifres et chansons de tous acabits, Attac Pays d\u2019Arles \u00e9voquera les probl\u00e9matiques locales et notamment celle de l\u2019eau.<br class=\"autobr\"> (Pr\u00e9voir pique-nique et libations \u00e0 partager.)<\/li>\n<li><strong>Jeudi 28 Juillet<\/strong>&nbsp;:\n<ul class=\"spip\">\n<li>Rendez-vous \u00e0 <strong>9h45<\/strong> au Mas de l\u2019Esclade pour une journ\u00e9e en v\u00e9lo d\u2019un parcours total de 37 kilom\u00e8tres sur terrain plat.<\/li>\n<li>Visite de la coop\u00e9rative agricole de Longo Ma\u00ef (Mas de Granier) de <strong>10h00<\/strong> \u00e0 <strong>12h00<\/strong>.<\/li>\n<li>Repas tir\u00e9 du sac sous les platanes de Longo Ma\u00ef de <strong>12h00<\/strong> \u00e0 <strong>13h00<\/strong>.<\/li>\n<li>Parcours jusqu\u2019\u00e0 Arles par le sentier de la vall\u00e9e des Baux.<\/li>\n<li>De <strong>14h30<\/strong> &#8230; \u00ab\u00a0V\u00e9lorution\u00a0\u00bb dans les rues du centre ancien d\u2019Arles pour un meilleur \u00e9quilibre entre les modes de transport,<\/li>\n<li>&#8230; \u00e0 <strong>16h00<\/strong>. Stationnement place de la R\u00e9publique avec stands AlterTour et Pays d\u2019Arles en Transition.<\/li>\n<li>Retour au Mas de l\u2019Esclade par l\u2019ancienne meunerie romaine et l\u2019aqueduc via les tours de Castillon (arriv\u00e9e pr\u00e9vue \u00e0 <strong>17h00<\/strong>).<\/li>\n<\/ul>\n<\/li>\n<\/ul>\n<p>Cette journ\u00e9e est ouverte \u00e0 toutes et \u00e0 tous de 7 \u00e0 77 ans. Vous pouvez nous rejoindre pour tout ou partie de ce programme, nous vous y attendons nombreux et d\u00e9termin\u00e9s.<\/p>\n<p>Le d\u00e9tail de <a class=\"spip_out\" href=\"http:\/\/db.tt\/EJTTnbJ\" rel=\"external\">l\u2019\u00e9tape arl\u00e9sienne au format PDF<\/a> (avec plans)<\/p>\n<p style=\"text-align: right;\"><strong>J\u00e9r\u00f4me S\u00e9quier, Attac Pays d\u2019Arles<\/strong><\/p>\n","protected":false},"excerpt":{"rendered":"<p>&#8230; l\u2019Alter\u2019 Tour de France, s\u2019entend, pas celui de tous les dopages. Alter\u2019Tour de France \u00e0 v\u00e9lo, du 2 juillet au 7 ao\u00fbt 2011. 4\u00e8me \u00e9dition. Pour cette 4e \u00e9dition, le d\u00e9part se fera le 2 juillet \u00e0 Gen\u00e8ve et l\u2019arriv\u00e9e est programm\u00e9e le 6 ao\u00fbt \u00e0 Mondredon, dans le &#8230; <\/p>\n<div><a href=\"https:\/\/www.altercampagne.net\/?p=4432\" class=\"more-link\">Read More<\/a><\/div>\n","protected":false},"author":214,"featured_media":0,"comment_status":"closed","ping_status":"closed","sticky":false,"template":"","format":"standard","meta":{"footnotes":""},"categories":[3469,3464],"tags":[836,1378,1381,1979,1984,1991,2048,2049,2050,2051,2052],"class_list":["post-4432","post","type-post","status-publish","format-standard","hentry","category-programmes","category-edition-2011","tag-altertour-2011","tag-attac-arles","tag-longo-mai","tag-1979","tag-provence-alpes-cote-dazur","tag-bouches-du-rhone","tag-arles","tag-mas-de-lesclade","tag-mas-de-granier","tag-pays-darles-en-transition","tag-jerome-sequier","no-post-thumbnail"],"yoast_head":"<!-- This site is optimized with the Yoast SEO plugin v27.3 - https:\/\/yoast.com\/product\/yoast-seo-wordpress\/ -->\n<title>Le tour de France \u00e0 v\u00e9lo s\u2019arr\u00eate \u00e0 Arles - AlterTour<\/title>\n<meta name=\"robots\" content=\"index, follow, max-snippet:-1, max-image-preview:large, max-video-preview:-1\" \/>\n<link rel=\"canonical\" href=\"https:\/\/www.altercampagne.net\/?p=4432\" \/>\n<meta property=\"og:locale\" content=\"fr_FR\" \/>\n<meta property=\"og:type\" content=\"article\" \/>\n<meta property=\"og:title\" content=\"Le tour de France \u00e0 v\u00e9lo s\u2019arr\u00eate \u00e0 Arles - AlterTour\" \/>\n<meta property=\"og:description\" content=\"&#8230; l\u2019Alter\u2019 Tour de France, s\u2019entend, pas celui de tous les dopages. Alter\u2019Tour de France \u00e0 v\u00e9lo, du 2 juillet au 7 ao\u00fbt 2011. 4\u00e8me \u00e9dition. Pour cette 4e \u00e9dition, le d\u00e9part se fera le 2 juillet \u00e0 Gen\u00e8ve et l\u2019arriv\u00e9e est programm\u00e9e le 6 ao\u00fbt \u00e0 Mondredon, dans le ... Read More\" \/>\n<meta property=\"og:url\" content=\"https:\/\/www.altercampagne.net\/?p=4432\" \/>\n<meta property=\"og:site_name\" content=\"AlterTour\" \/>\n<meta property=\"article:published_time\" content=\"2011-07-10T14:26:02+00:00\" \/>\n<meta property=\"article:modified_time\" content=\"2020-02-24T16:03:32+00:00\" \/>\n<meta name=\"author\" content=\"Mathieu\" \/>\n<meta name=\"twitter:card\" content=\"summary_large_image\" \/>\n<meta name=\"twitter:label1\" content=\"\u00c9crit par\" \/>\n\t<meta name=\"twitter:data1\" content=\"Mathieu\" \/>\n\t<meta name=\"twitter:label2\" content=\"Dur\u00e9e de lecture estim\u00e9e\" \/>\n\t<meta name=\"twitter:data2\" content=\"2 minutes\" \/>\n<script type=\"application\/ld+json\" class=\"yoast-schema-graph\">{\"@context\":\"https:\\\/\\\/schema.org\",\"@graph\":[{\"@type\":\"Article\",\"@id\":\"https:\\\/\\\/www.altercampagne.net\\\/?p=4432#article\",\"isPartOf\":{\"@id\":\"https:\\\/\\\/www.altercampagne.net\\\/?p=4432\"},\"author\":{\"name\":\"Mathieu\",\"@id\":\"https:\\\/\\\/www.altercampagne.net\\\/#\\\/schema\\\/person\\\/0f261460c09e430caa0f9bcffa319109\"},\"headline\":\"Le tour de France \u00e0 v\u00e9lo s\u2019arr\u00eate \u00e0 Arles\",\"datePublished\":\"2011-07-10T14:26:02+00:00\",\"dateModified\":\"2020-02-24T16:03:32+00:00\",\"mainEntityOfPage\":{\"@id\":\"https:\\\/\\\/www.altercampagne.net\\\/?p=4432\"},\"wordCount\":346,\"keywords\":[\"AlterTour 2011\",\"Attac Arles\",\"Longo Ma\u00ef\",\"2011\",\"Provence-Alpes-C\u00f4te d'Azur\",\"bouches-du-rh\u00f4ne\",\"Arles\",\"Mas de l\u2019Esclade\",\"Mas de Granier\",\"Pays d\u2019Arles en Transition\",\"J\u00e9r\u00f4me S\u00e9quier\"],\"articleSection\":[\"Programmes\",\"\u00c9dition 2011\"],\"inLanguage\":\"fr-FR\"},{\"@type\":\"WebPage\",\"@id\":\"https:\\\/\\\/www.altercampagne.net\\\/?p=4432\",\"url\":\"https:\\\/\\\/www.altercampagne.net\\\/?p=4432\",\"name\":\"Le tour de France \u00e0 v\u00e9lo s\u2019arr\u00eate \u00e0 Arles - AlterTour\",\"isPartOf\":{\"@id\":\"https:\\\/\\\/www.altercampagne.net\\\/#website\"},\"datePublished\":\"2011-07-10T14:26:02+00:00\",\"dateModified\":\"2020-02-24T16:03:32+00:00\",\"author\":{\"@id\":\"https:\\\/\\\/www.altercampagne.net\\\/#\\\/schema\\\/person\\\/0f261460c09e430caa0f9bcffa319109\"},\"breadcrumb\":{\"@id\":\"https:\\\/\\\/www.altercampagne.net\\\/?p=4432#breadcrumb\"},\"inLanguage\":\"fr-FR\",\"potentialAction\":[{\"@type\":\"ReadAction\",\"target\":[\"https:\\\/\\\/www.altercampagne.net\\\/?p=4432\"]}]},{\"@type\":\"BreadcrumbList\",\"@id\":\"https:\\\/\\\/www.altercampagne.net\\\/?p=4432#breadcrumb\",\"itemListElement\":[{\"@type\":\"ListItem\",\"position\":1,\"name\":\"Accueil\",\"item\":\"https:\\\/\\\/www.altercampagne.net\\\/\"},{\"@type\":\"ListItem\",\"position\":2,\"name\":\"Le tour de France \u00e0 v\u00e9lo s\u2019arr\u00eate \u00e0 Arles\"}]},{\"@type\":\"WebSite\",\"@id\":\"https:\\\/\\\/www.altercampagne.net\\\/#website\",\"url\":\"https:\\\/\\\/www.altercampagne.net\\\/\",\"name\":\"AlterTour\",\"description\":\"Reliez les Alternatives \u00e0 v\u00e9lo\",\"potentialAction\":[{\"@type\":\"SearchAction\",\"target\":{\"@type\":\"EntryPoint\",\"urlTemplate\":\"https:\\\/\\\/www.altercampagne.net\\\/?s={search_term_string}\"},\"query-input\":{\"@type\":\"PropertyValueSpecification\",\"valueRequired\":true,\"valueName\":\"search_term_string\"}}],\"inLanguage\":\"fr-FR\"},{\"@type\":\"Person\",\"@id\":\"https:\\\/\\\/www.altercampagne.net\\\/#\\\/schema\\\/person\\\/0f261460c09e430caa0f9bcffa319109\",\"name\":\"Mathieu\",\"image\":{\"@type\":\"ImageObject\",\"inLanguage\":\"fr-FR\",\"@id\":\"https:\\\/\\\/secure.gravatar.com\\\/avatar\\\/aa9d3d24c83f2141e5e2709d0f63d09a99f6be6bb7a50abc4915838d9f54501a?s=96&d=mm&r=g\",\"url\":\"https:\\\/\\\/secure.gravatar.com\\\/avatar\\\/aa9d3d24c83f2141e5e2709d0f63d09a99f6be6bb7a50abc4915838d9f54501a?s=96&d=mm&r=g\",\"contentUrl\":\"https:\\\/\\\/secure.gravatar.com\\\/avatar\\\/aa9d3d24c83f2141e5e2709d0f63d09a99f6be6bb7a50abc4915838d9f54501a?s=96&d=mm&r=g\",\"caption\":\"Mathieu\"},\"url\":\"https:\\\/\\\/www.altercampagne.net\\\/?author=214\"}]}<\/script>\n<!-- \/ Yoast SEO plugin. -->","yoast_head_json":{"title":"Le tour de France \u00e0 v\u00e9lo s\u2019arr\u00eate \u00e0 Arles - AlterTour","robots":{"index":"index","follow":"follow","max-snippet":"max-snippet:-1","max-image-preview":"max-image-preview:large","max-video-preview":"max-video-preview:-1"},"canonical":"https:\/\/www.altercampagne.net\/?p=4432","og_locale":"fr_FR","og_type":"article","og_title":"Le tour de France \u00e0 v\u00e9lo s\u2019arr\u00eate \u00e0 Arles - AlterTour","og_description":"&#8230; l\u2019Alter\u2019 Tour de France, s\u2019entend, pas celui de tous les dopages. Alter\u2019Tour de France \u00e0 v\u00e9lo, du 2 juillet au 7 ao\u00fbt 2011. 4\u00e8me \u00e9dition. Pour cette 4e \u00e9dition, le d\u00e9part se fera le 2 juillet \u00e0 Gen\u00e8ve et l\u2019arriv\u00e9e est programm\u00e9e le 6 ao\u00fbt \u00e0 Mondredon, dans le ... Read More","og_url":"https:\/\/www.altercampagne.net\/?p=4432","og_site_name":"AlterTour","article_published_time":"2011-07-10T14:26:02+00:00","article_modified_time":"2020-02-24T16:03:32+00:00","author":"Mathieu","twitter_card":"summary_large_image","twitter_misc":{"\u00c9crit par":"Mathieu","Dur\u00e9e de lecture estim\u00e9e":"2 minutes"},"schema":{"@context":"https:\/\/schema.org","@graph":[{"@type":"Article","@id":"https:\/\/www.altercampagne.net\/?p=4432#article","isPartOf":{"@id":"https:\/\/www.altercampagne.net\/?p=4432"},"author":{"name":"Mathieu","@id":"https:\/\/www.altercampagne.net\/#\/schema\/person\/0f261460c09e430caa0f9bcffa319109"},"headline":"Le tour de France \u00e0 v\u00e9lo s\u2019arr\u00eate \u00e0 Arles","datePublished":"2011-07-10T14:26:02+00:00","dateModified":"2020-02-24T16:03:32+00:00","mainEntityOfPage":{"@id":"https:\/\/www.altercampagne.net\/?p=4432"},"wordCount":346,"keywords":["AlterTour 2011","Attac Arles","Longo Ma\u00ef","2011","Provence-Alpes-C\u00f4te d'Azur","bouches-du-rh\u00f4ne","Arles","Mas de l\u2019Esclade","Mas de Granier","Pays d\u2019Arles en Transition","J\u00e9r\u00f4me S\u00e9quier"],"articleSection":["Programmes","\u00c9dition 2011"],"inLanguage":"fr-FR"},{"@type":"WebPage","@id":"https:\/\/www.altercampagne.net\/?p=4432","url":"https:\/\/www.altercampagne.net\/?p=4432","name":"Le tour de France \u00e0 v\u00e9lo s\u2019arr\u00eate \u00e0 Arles - AlterTour","isPartOf":{"@id":"https:\/\/www.altercampagne.net\/#website"},"datePublished":"2011-07-10T14:26:02+00:00","dateModified":"2020-02-24T16:03:32+00:00","author":{"@id":"https:\/\/www.altercampagne.net\/#\/schema\/person\/0f261460c09e430caa0f9bcffa319109"},"breadcrumb":{"@id":"https:\/\/www.altercampagne.net\/?p=4432#breadcrumb"},"inLanguage":"fr-FR","potentialAction":[{"@type":"ReadAction","target":["https:\/\/www.altercampagne.net\/?p=4432"]}]},{"@type":"BreadcrumbList","@id":"https:\/\/www.altercampagne.net\/?p=4432#breadcrumb","itemListElement":[{"@type":"ListItem","position":1,"name":"Accueil","item":"https:\/\/www.altercampagne.net\/"},{"@type":"ListItem","position":2,"name":"Le tour de France \u00e0 v\u00e9lo s\u2019arr\u00eate \u00e0 Arles"}]},{"@type":"WebSite","@id":"https:\/\/www.altercampagne.net\/#website","url":"https:\/\/www.altercampagne.net\/","name":"AlterTour","description":"Reliez les Alternatives \u00e0 v\u00e9lo","potentialAction":[{"@type":"SearchAction","target":{"@type":"EntryPoint","urlTemplate":"https:\/\/www.altercampagne.net\/?s={search_term_string}"},"query-input":{"@type":"PropertyValueSpecification","valueRequired":true,"valueName":"search_term_string"}}],"inLanguage":"fr-FR"},{"@type":"Person","@id":"https:\/\/www.altercampagne.net\/#\/schema\/person\/0f261460c09e430caa0f9bcffa319109","name":"Mathieu","image":{"@type":"ImageObject","inLanguage":"fr-FR","@id":"https:\/\/secure.gravatar.com\/avatar\/aa9d3d24c83f2141e5e2709d0f63d09a99f6be6bb7a50abc4915838d9f54501a?s=96&d=mm&r=g","url":"https:\/\/secure.gravatar.com\/avatar\/aa9d3d24c83f2141e5e2709d0f63d09a99f6be6bb7a50abc4915838d9f54501a?s=96&d=mm&r=g","contentUrl":"https:\/\/secure.gravatar.com\/avatar\/aa9d3d24c83f2141e5e2709d0f63d09a99f6be6bb7a50abc4915838d9f54501a?s=96&d=mm&r=g","caption":"Mathieu"},"url":"https:\/\/www.altercampagne.net\/?author=214"}]}},"_links":{"self":[{"href":"https:\/\/www.altercampagne.net\/index.php?rest_route=\/wp\/v2\/posts\/4432","targetHints":{"allow":["GET"]}}],"collection":[{"href":"https:\/\/www.altercampagne.net\/index.php?rest_route=\/wp\/v2\/posts"}],"about":[{"href":"https:\/\/www.altercampagne.net\/index.php?rest_route=\/wp\/v2\/types\/post"}],"author":[{"embeddable":true,"href":"https:\/\/www.altercampagne.net\/index.php?rest_route=\/wp\/v2\/users\/214"}],"replies":[{"embeddable":true,"href":"https:\/\/www.altercampagne.net\/index.php?rest_route=%2Fwp%2Fv2%2Fcomments&post=4432"}],"version-history":[{"count":1,"href":"https:\/\/www.altercampagne.net\/index.php?rest_route=\/wp\/v2\/posts\/4432\/revisions"}],"predecessor-version":[{"id":17415,"href":"https:\/\/www.altercampagne.net\/index.php?rest_route=\/wp\/v2\/posts\/4432\/revisions\/17415"}],"wp:attachment":[{"href":"https:\/\/www.altercampagne.net\/index.php?rest_route=%2Fwp%2Fv2%2Fmedia&parent=4432"}],"wp:term":[{"taxonomy":"category","embeddable":true,"href":"https:\/\/www.altercampagne.net\/index.php?rest_route=%2Fwp%2Fv2%2Fcategories&post=4432"},{"taxonomy":"post_tag","embeddable":true,"href":"https:\/\/www.altercampagne.net\/index.php?rest_route=%2Fwp%2Fv2%2Ftags&post=4432"}],"curies":[{"name":"wp","href":"https:\/\/api.w.org\/{rel}","templated":true}]}}