{"id":4434,"date":"2011-07-04T16:31:44","date_gmt":"2011-07-04T14:31:44","guid":{"rendered":"http:\/\/www.altercampagne.net\/?p=4434"},"modified":"2016-04-21T16:38:26","modified_gmt":"2016-04-21T14:38:26","slug":"lalter-tour-aux-marches-le-9-juillet","status":"publish","type":"post","link":"https:\/\/www.altercampagne.net\/?p=4434","title":{"rendered":"L\u2019alter-tour aux Marches le 9 juillet"},"content":{"rendered":"<p><strong>L\u2019alter tour qu\u2019est ce que c\u2019est\u00a0:<\/strong><\/p>\n<p>C\u2019est un Tour de France cycliste alternatif et familial, une manifestation itin\u00e9rante \u00e0 v\u00e9lo qui part \u00e0 la rencontre des initiatives citoyennes en r\u00e9gions.<\/p>\n<p>C\u2019est un tour de France \u00ab\u00a0\u00e0 la carte\u00a0\u00bb organis\u00e9e par des b\u00e9n\u00e9voles, pour celles et ceux qui souhaitent partager une belle tranche de vie collective, d\u00e9couvrir des terroirs pr\u00e9serv\u00e9s, avoir une activit\u00e9 physique source de sant\u00e9 et dire ensemble\u00a0: \u00ab\u00a0Nous voulons un monde sans dopage\u00a0\u00bb.<\/p>\n<p>L&rsquo;AlterTour d\u00e9nonce le dopage sous toutes ses formes :<\/p>\n<ul>\n<li>&#8211;\u00a0\u00a0\u00a0\u00a0\u00a0\u00a0\u00a0\u00a0 dans le sport parce qu&rsquo;il y porte atteinte aux sportifs pour le b\u00e9n\u00e9fice de l&rsquo;actuel syst\u00e8me \u00e9conomique et politique<\/li>\n<li>&#8211;\u00a0\u00a0\u00a0\u00a0\u00a0\u00a0\u00a0\u00a0 dans l&rsquo;agriculture industrielle, parce qu&rsquo;il y porte atteinte aux paysans et \u00e0 la biodiversit\u00e9 pour le b\u00e9n\u00e9fice des firmes productrices d&rsquo; agrotoxiques et d&rsquo; OGM,<\/li>\n<li>&#8211;\u00a0\u00a0\u00a0\u00a0\u00a0\u00a0\u00a0\u00a0 dans l&rsquo;\u00e9conomie de march\u00e9, o\u00f9 il est source d&rsquo;in\u00e9galit\u00e9s et de mises sous d\u00e9pendance.<\/li>\n<\/ul>\n<p><strong>O\u00f9 passe-t\u2019il\u00a0?<\/strong><\/p>\n<p>L\u2019alter-tour circule durant la m\u00eame p\u00e9riode que le tour de France. A raison de 20 \u00e0 50 km par \u00e9tape, il ne fait qu\u2019un quart de tour de la France. Cette ann\u00e9e, il est parti le 2 juillet de Gen\u00e8ve pour se terminer \u00e0 Montredon (Causse du Larzac) le 6 ao\u00fbt.<\/p>\n<p>Le 8 juillet, il arrivera \u00e0 Chamb\u00e9ry, et le 9 juillet, il ira \u00e0 Ste Marie d&rsquo;Alloix, direction Grenoble. Renseignez-vous sur les \u00e9v\u00e8nements festifs, les visites, les rencontres, les conf\u00e9rences-d\u00e9bats qui \u00e9maillent le voyage.<\/p>\n<p><strong>Il passera aux Marches samedi 9 juillet \u00e0 11h 30<\/strong>,<\/p>\n<p>Il fera une halte au centre du village pour soutenir l\u2019action des golf-r\u00e9sistants<\/p>\n<p><strong> Venez accueillir les altercyclistes<\/strong>, les encourager, et les associer \u00e0 la mobilisation citoyenne pour le maintien des terres \u00e0 une agriculture nourrici\u00e8re locale et saine dans nos espaces p\u00e9riurbains, et contre le projet de golf.<\/p>\n<p><strong>9 juillet :<\/strong><\/p>\n<p>\u00e7\u00e0 y est, il est pass\u00e9, le samedi 9 vers midi, les 50 alter-cyclistes, et les 40 sympathisants qui ont fait le d\u00e9placement ont exprim\u00e9 leur d\u00e9saccord avec le projet de terrain de golf aux Marches, et sa consommation abusive de terres agricoles.<\/p>\n<p>Les banderoles et panneaux ont fleuri avec eux sur les marches de la mairie des &#8230;Marches avec diff\u00e9rents slogans et messages s\u00e9rieux ou fac\u00e9tieux :<\/p>\n<p>&#8211; terres agricoles, non au golf<\/p>\n<p>&#8211; un golf \u00e7\u00e0 va, deux golfs bonjour les d\u00e9gats\u00a0 (allusion \u00e0 l&rsquo;existence d&rsquo;un golf \u00e0 Apremont, \u00e0 5 km de l\u00e0)<\/p>\n<p>&#8211; des paysans, des bios !<\/p>\n<p>&#8211; Nos terres agricoles pour la nutrition, le terrain de golf est \u00e0 Apremont, aux Marches nous lui disons NON<\/p>\n<p>&#8211; halte \u00e0 la consommation de terres agricoles, non au golf des Marches<\/p>\n<p>&#8211; piscine couverte : OUI, gymnase : OUI, cr\u00e8che : OUI, biblioth\u00e8que : OUI, golf : NON<\/p>\n<p>&#8211; Qui c&rsquo;est qui veut un golf ici ? pas moi , pas moi, pas moi, pas moi, pas moi, pas moi, pas moi !\u00a0 bon alors c&rsquo;est d&rsquo;accord, vous l&rsquo;aurez<\/p>\n<p>&#8211;\u00a0 Maire, je voudrais mon terrain de golf \u00e0 moi !\u00a0 &#8211; mais mon petit Baillou, il y en a d\u00e9j\u00e0 un juste \u00e0 c\u00f4t\u00e9 d&rsquo;ici !\u00a0\u00a0 &#8211; m&rsquo;en fous, je veux mon terrain \u00e0 moi !\u00a0 ouin !\u00a0 ouin !\u00a0\u00a0\u00a0 &#8211; pleure pas mon ch\u00e9ri, tu l&rsquo;auras ton 9 trous !\u00a0 &#8211;\u00a0 ouin ! je veux un 18 trous !<\/p>\n","protected":false},"excerpt":{"rendered":"<p>L\u2019alter tour qu\u2019est ce que c\u2019est\u00a0: C\u2019est un Tour de France cycliste alternatif et familial, une manifestation itin\u00e9rante \u00e0 v\u00e9lo qui part \u00e0 la rencontre des initiatives citoyennes en r\u00e9gions. C\u2019est un tour de France \u00ab\u00a0\u00e0 la carte\u00a0\u00bb organis\u00e9e par des b\u00e9n\u00e9voles, pour celles et ceux qui souhaitent partager une &#8230; <\/p>\n<div><a href=\"https:\/\/www.altercampagne.net\/?p=4434\" class=\"more-link\">Read More<\/a><\/div>\n","protected":false},"author":214,"featured_media":0,"comment_status":"closed","ping_status":"closed","sticky":false,"template":"","format":"standard","meta":{"footnotes":""},"categories":[1],"tags":[818,1098,1310,1489,1650,1979,1980,1981,2040],"class_list":["post-4434","post","type-post","status-publish","format-standard","hentry","category-non-classe","tag-savoie","tag-altertour-2008","tag-grenoble","tag-auvergne-rhone-alpes","tag-rhone-alpes","tag-1979","tag-chambery","tag-sainte-marie-dalloix","tag-les-marches","no-post-thumbnail"],"yoast_head":"<!-- This site is optimized with the Yoast SEO plugin v27.3 - https:\/\/yoast.com\/product\/yoast-seo-wordpress\/ -->\n<title>L\u2019alter-tour aux Marches le 9 juillet - AlterTour<\/title>\n<meta name=\"robots\" content=\"index, follow, max-snippet:-1, max-image-preview:large, max-video-preview:-1\" \/>\n<link rel=\"canonical\" href=\"https:\/\/www.altercampagne.net\/?p=4434\" \/>\n<meta property=\"og:locale\" content=\"fr_FR\" \/>\n<meta property=\"og:type\" content=\"article\" \/>\n<meta property=\"og:title\" content=\"L\u2019alter-tour aux Marches le 9 juillet - AlterTour\" \/>\n<meta property=\"og:description\" content=\"L\u2019alter tour qu\u2019est ce que c\u2019est\u00a0: C\u2019est un Tour de France cycliste alternatif et familial, une manifestation itin\u00e9rante \u00e0 v\u00e9lo qui part \u00e0 la rencontre des initiatives citoyennes en r\u00e9gions. C\u2019est un tour de France \u00ab\u00a0\u00e0 la carte\u00a0\u00bb organis\u00e9e par des b\u00e9n\u00e9voles, pour celles et ceux qui souhaitent partager une ... Read More\" \/>\n<meta property=\"og:url\" content=\"https:\/\/www.altercampagne.net\/?p=4434\" \/>\n<meta property=\"og:site_name\" content=\"AlterTour\" \/>\n<meta property=\"article:published_time\" content=\"2011-07-04T14:31:44+00:00\" \/>\n<meta property=\"article:modified_time\" content=\"2016-04-21T14:38:26+00:00\" \/>\n<meta name=\"author\" content=\"Mathieu\" \/>\n<meta name=\"twitter:card\" content=\"summary_large_image\" \/>\n<meta name=\"twitter:label1\" content=\"\u00c9crit par\" \/>\n\t<meta name=\"twitter:data1\" content=\"Mathieu\" \/>\n\t<meta name=\"twitter:label2\" content=\"Dur\u00e9e de lecture estim\u00e9e\" \/>\n\t<meta name=\"twitter:data2\" content=\"3 minutes\" \/>\n<script type=\"application\/ld+json\" class=\"yoast-schema-graph\">{\"@context\":\"https:\\\/\\\/schema.org\",\"@graph\":[{\"@type\":\"Article\",\"@id\":\"https:\\\/\\\/www.altercampagne.net\\\/?p=4434#article\",\"isPartOf\":{\"@id\":\"https:\\\/\\\/www.altercampagne.net\\\/?p=4434\"},\"author\":{\"name\":\"Mathieu\",\"@id\":\"https:\\\/\\\/www.altercampagne.net\\\/#\\\/schema\\\/person\\\/0f261460c09e430caa0f9bcffa319109\"},\"headline\":\"L\u2019alter-tour aux Marches le 9 juillet\",\"datePublished\":\"2011-07-04T14:31:44+00:00\",\"dateModified\":\"2016-04-21T14:38:26+00:00\",\"mainEntityOfPage\":{\"@id\":\"https:\\\/\\\/www.altercampagne.net\\\/?p=4434\"},\"wordCount\":554,\"keywords\":[\"Savoie\",\"AlterTour 2008\",\"Grenoble\",\"Auvergne-Rh\u00f4ne-Alpes\",\"Rhone-Alpes\",\"2011\",\"Chamb\u00e9ry\",\"Sainte Marie d'Alloix\",\"les Marches\"],\"inLanguage\":\"fr-FR\"},{\"@type\":\"WebPage\",\"@id\":\"https:\\\/\\\/www.altercampagne.net\\\/?p=4434\",\"url\":\"https:\\\/\\\/www.altercampagne.net\\\/?p=4434\",\"name\":\"L\u2019alter-tour aux Marches le 9 juillet - AlterTour\",\"isPartOf\":{\"@id\":\"https:\\\/\\\/www.altercampagne.net\\\/#website\"},\"datePublished\":\"2011-07-04T14:31:44+00:00\",\"dateModified\":\"2016-04-21T14:38:26+00:00\",\"author\":{\"@id\":\"https:\\\/\\\/www.altercampagne.net\\\/#\\\/schema\\\/person\\\/0f261460c09e430caa0f9bcffa319109\"},\"breadcrumb\":{\"@id\":\"https:\\\/\\\/www.altercampagne.net\\\/?p=4434#breadcrumb\"},\"inLanguage\":\"fr-FR\",\"potentialAction\":[{\"@type\":\"ReadAction\",\"target\":[\"https:\\\/\\\/www.altercampagne.net\\\/?p=4434\"]}]},{\"@type\":\"BreadcrumbList\",\"@id\":\"https:\\\/\\\/www.altercampagne.net\\\/?p=4434#breadcrumb\",\"itemListElement\":[{\"@type\":\"ListItem\",\"position\":1,\"name\":\"Accueil\",\"item\":\"https:\\\/\\\/www.altercampagne.net\\\/\"},{\"@type\":\"ListItem\",\"position\":2,\"name\":\"L\u2019alter-tour aux Marches le 9 juillet\"}]},{\"@type\":\"WebSite\",\"@id\":\"https:\\\/\\\/www.altercampagne.net\\\/#website\",\"url\":\"https:\\\/\\\/www.altercampagne.net\\\/\",\"name\":\"AlterTour\",\"description\":\"Reliez les Alternatives \u00e0 v\u00e9lo\",\"potentialAction\":[{\"@type\":\"SearchAction\",\"target\":{\"@type\":\"EntryPoint\",\"urlTemplate\":\"https:\\\/\\\/www.altercampagne.net\\\/?s={search_term_string}\"},\"query-input\":{\"@type\":\"PropertyValueSpecification\",\"valueRequired\":true,\"valueName\":\"search_term_string\"}}],\"inLanguage\":\"fr-FR\"},{\"@type\":\"Person\",\"@id\":\"https:\\\/\\\/www.altercampagne.net\\\/#\\\/schema\\\/person\\\/0f261460c09e430caa0f9bcffa319109\",\"name\":\"Mathieu\",\"image\":{\"@type\":\"ImageObject\",\"inLanguage\":\"fr-FR\",\"@id\":\"https:\\\/\\\/secure.gravatar.com\\\/avatar\\\/aa9d3d24c83f2141e5e2709d0f63d09a99f6be6bb7a50abc4915838d9f54501a?s=96&d=mm&r=g\",\"url\":\"https:\\\/\\\/secure.gravatar.com\\\/avatar\\\/aa9d3d24c83f2141e5e2709d0f63d09a99f6be6bb7a50abc4915838d9f54501a?s=96&d=mm&r=g\",\"contentUrl\":\"https:\\\/\\\/secure.gravatar.com\\\/avatar\\\/aa9d3d24c83f2141e5e2709d0f63d09a99f6be6bb7a50abc4915838d9f54501a?s=96&d=mm&r=g\",\"caption\":\"Mathieu\"},\"url\":\"https:\\\/\\\/www.altercampagne.net\\\/?author=214\"}]}<\/script>\n<!-- \/ Yoast SEO plugin. -->","yoast_head_json":{"title":"L\u2019alter-tour aux Marches le 9 juillet - AlterTour","robots":{"index":"index","follow":"follow","max-snippet":"max-snippet:-1","max-image-preview":"max-image-preview:large","max-video-preview":"max-video-preview:-1"},"canonical":"https:\/\/www.altercampagne.net\/?p=4434","og_locale":"fr_FR","og_type":"article","og_title":"L\u2019alter-tour aux Marches le 9 juillet - AlterTour","og_description":"L\u2019alter tour qu\u2019est ce que c\u2019est\u00a0: C\u2019est un Tour de France cycliste alternatif et familial, une manifestation itin\u00e9rante \u00e0 v\u00e9lo qui part \u00e0 la rencontre des initiatives citoyennes en r\u00e9gions. C\u2019est un tour de France \u00ab\u00a0\u00e0 la carte\u00a0\u00bb organis\u00e9e par des b\u00e9n\u00e9voles, pour celles et ceux qui souhaitent partager une ... Read More","og_url":"https:\/\/www.altercampagne.net\/?p=4434","og_site_name":"AlterTour","article_published_time":"2011-07-04T14:31:44+00:00","article_modified_time":"2016-04-21T14:38:26+00:00","author":"Mathieu","twitter_card":"summary_large_image","twitter_misc":{"\u00c9crit par":"Mathieu","Dur\u00e9e de lecture estim\u00e9e":"3 minutes"},"schema":{"@context":"https:\/\/schema.org","@graph":[{"@type":"Article","@id":"https:\/\/www.altercampagne.net\/?p=4434#article","isPartOf":{"@id":"https:\/\/www.altercampagne.net\/?p=4434"},"author":{"name":"Mathieu","@id":"https:\/\/www.altercampagne.net\/#\/schema\/person\/0f261460c09e430caa0f9bcffa319109"},"headline":"L\u2019alter-tour aux Marches le 9 juillet","datePublished":"2011-07-04T14:31:44+00:00","dateModified":"2016-04-21T14:38:26+00:00","mainEntityOfPage":{"@id":"https:\/\/www.altercampagne.net\/?p=4434"},"wordCount":554,"keywords":["Savoie","AlterTour 2008","Grenoble","Auvergne-Rh\u00f4ne-Alpes","Rhone-Alpes","2011","Chamb\u00e9ry","Sainte Marie d'Alloix","les Marches"],"inLanguage":"fr-FR"},{"@type":"WebPage","@id":"https:\/\/www.altercampagne.net\/?p=4434","url":"https:\/\/www.altercampagne.net\/?p=4434","name":"L\u2019alter-tour aux Marches le 9 juillet - AlterTour","isPartOf":{"@id":"https:\/\/www.altercampagne.net\/#website"},"datePublished":"2011-07-04T14:31:44+00:00","dateModified":"2016-04-21T14:38:26+00:00","author":{"@id":"https:\/\/www.altercampagne.net\/#\/schema\/person\/0f261460c09e430caa0f9bcffa319109"},"breadcrumb":{"@id":"https:\/\/www.altercampagne.net\/?p=4434#breadcrumb"},"inLanguage":"fr-FR","potentialAction":[{"@type":"ReadAction","target":["https:\/\/www.altercampagne.net\/?p=4434"]}]},{"@type":"BreadcrumbList","@id":"https:\/\/www.altercampagne.net\/?p=4434#breadcrumb","itemListElement":[{"@type":"ListItem","position":1,"name":"Accueil","item":"https:\/\/www.altercampagne.net\/"},{"@type":"ListItem","position":2,"name":"L\u2019alter-tour aux Marches le 9 juillet"}]},{"@type":"WebSite","@id":"https:\/\/www.altercampagne.net\/#website","url":"https:\/\/www.altercampagne.net\/","name":"AlterTour","description":"Reliez les Alternatives \u00e0 v\u00e9lo","potentialAction":[{"@type":"SearchAction","target":{"@type":"EntryPoint","urlTemplate":"https:\/\/www.altercampagne.net\/?s={search_term_string}"},"query-input":{"@type":"PropertyValueSpecification","valueRequired":true,"valueName":"search_term_string"}}],"inLanguage":"fr-FR"},{"@type":"Person","@id":"https:\/\/www.altercampagne.net\/#\/schema\/person\/0f261460c09e430caa0f9bcffa319109","name":"Mathieu","image":{"@type":"ImageObject","inLanguage":"fr-FR","@id":"https:\/\/secure.gravatar.com\/avatar\/aa9d3d24c83f2141e5e2709d0f63d09a99f6be6bb7a50abc4915838d9f54501a?s=96&d=mm&r=g","url":"https:\/\/secure.gravatar.com\/avatar\/aa9d3d24c83f2141e5e2709d0f63d09a99f6be6bb7a50abc4915838d9f54501a?s=96&d=mm&r=g","contentUrl":"https:\/\/secure.gravatar.com\/avatar\/aa9d3d24c83f2141e5e2709d0f63d09a99f6be6bb7a50abc4915838d9f54501a?s=96&d=mm&r=g","caption":"Mathieu"},"url":"https:\/\/www.altercampagne.net\/?author=214"}]}},"_links":{"self":[{"href":"https:\/\/www.altercampagne.net\/index.php?rest_route=\/wp\/v2\/posts\/4434","targetHints":{"allow":["GET"]}}],"collection":[{"href":"https:\/\/www.altercampagne.net\/index.php?rest_route=\/wp\/v2\/posts"}],"about":[{"href":"https:\/\/www.altercampagne.net\/index.php?rest_route=\/wp\/v2\/types\/post"}],"author":[{"embeddable":true,"href":"https:\/\/www.altercampagne.net\/index.php?rest_route=\/wp\/v2\/users\/214"}],"replies":[{"embeddable":true,"href":"https:\/\/www.altercampagne.net\/index.php?rest_route=%2Fwp%2Fv2%2Fcomments&post=4434"}],"version-history":[{"count":0,"href":"https:\/\/www.altercampagne.net\/index.php?rest_route=\/wp\/v2\/posts\/4434\/revisions"}],"wp:attachment":[{"href":"https:\/\/www.altercampagne.net\/index.php?rest_route=%2Fwp%2Fv2%2Fmedia&parent=4434"}],"wp:term":[{"taxonomy":"category","embeddable":true,"href":"https:\/\/www.altercampagne.net\/index.php?rest_route=%2Fwp%2Fv2%2Fcategories&post=4434"},{"taxonomy":"post_tag","embeddable":true,"href":"https:\/\/www.altercampagne.net\/index.php?rest_route=%2Fwp%2Fv2%2Ftags&post=4434"}],"curies":[{"name":"wp","href":"https:\/\/api.w.org\/{rel}","templated":true}]}}