{"id":4440,"date":"2011-06-29T16:39:08","date_gmt":"2011-06-29T14:39:08","guid":{"rendered":"http:\/\/www.altercampagne.net\/?p=4440"},"modified":"2018-03-02T17:25:59","modified_gmt":"2018-03-02T16:25:59","slug":"laltertour-passera-a-grenoble-le-weekend-du-9-10-juillet-2011","status":"publish","type":"post","link":"https:\/\/www.altercampagne.net\/?p=4440","title":{"rendered":"L&rsquo;Altertour passera \u00e0 Grenoble le weekend du 9-10 juillet 2011 !"},"content":{"rendered":"<p>Projection d\u00e9bat Grenoble 2030 : lundi 11 juillet 17h30<\/p>\n<p>Lundi 11 juillet 17H30 \u00e0 la Maison de Tourisme, conf\u00e9rence et d\u00e9bat sur l\u2019avenir de notre agglom\u00e9ration suivi par un buffet bio, puis deuxi\u00e8me d\u00e9bat sur les nanotechnologies \u00e0 Grenoble.<br \/>\nOrganis\u00e9 en coordination avec l\u2019ALTERTOUR \u00ab\u00a0l\u2019autre tour de France \u00e0 v\u00e9lo &#8211; sans dopage\u00a0\u00bb. <a class=\"yiv113404564ecxspip_out\" href=\"http:\/\/www.altertour.net\/\" target=\"_blank\" rel=\"nofollow noopener\">http:\/\/www.altertour.net\/<\/a><\/p>\n<p>Programme :<\/p>\n<p><strong>17H30<\/strong> &#8211; projection de la nouvelle version du film \u00ab\u00a0Grenoble 2030\u00a0\u00bb par les Amis de la Terre Is\u00e8re, suivi par d\u00e9bat sur l\u2019avenir de notre agglom\u00e9ration. Avec ATTAC et Alliance.<\/p>\n<p><strong>19H30<\/strong> Buffet Bio, prix libre<\/p>\n<p><strong>20H30<\/strong> D\u00e9bat sur les nanotechnologies.<\/p>\n<p>A la Maison du Tourisme, Grenoble.<\/p>\n<p style=\"text-align: right;\"><strong>Les Amis de la Terre<\/strong><\/p>\n","protected":false},"excerpt":{"rendered":"<p>Projection d\u00e9bat Grenoble 2030 : lundi 11 juillet 17h30 Lundi 11 juillet 17H30 \u00e0 la Maison de Tourisme, conf\u00e9rence et d\u00e9bat sur l\u2019avenir de notre agglom\u00e9ration suivi par un buffet bio, puis deuxi\u00e8me d\u00e9bat sur les nanotechnologies \u00e0 Grenoble. Organis\u00e9 en coordination avec l\u2019ALTERTOUR \u00ab\u00a0l\u2019autre tour de France \u00e0 v\u00e9lo &#8230; <\/p>\n<div><a href=\"https:\/\/www.altercampagne.net\/?p=4440\" class=\"more-link\">Read More<\/a><\/div>\n","protected":false},"author":214,"featured_media":0,"comment_status":"closed","ping_status":"closed","sticky":false,"template":"","format":"standard","meta":{"footnotes":""},"categories":[3464],"tags":[836,1259,1310,1489,1650,1979,1982],"class_list":["post-4440","post","type-post","status-publish","format-standard","hentry","category-edition-2011","tag-altertour-2011","tag-ami-e-s-de-silence","tag-grenoble","tag-auvergne-rhone-alpes","tag-rhone-alpes","tag-1979","tag-isere","no-post-thumbnail"],"yoast_head":"<!-- This site is optimized with the Yoast SEO plugin v27.3 - https:\/\/yoast.com\/product\/yoast-seo-wordpress\/ -->\n<title>L&#039;Altertour passera \u00e0 Grenoble le weekend du 9-10 juillet 2011 ! - AlterTour<\/title>\n<meta name=\"robots\" content=\"index, follow, max-snippet:-1, max-image-preview:large, max-video-preview:-1\" \/>\n<link rel=\"canonical\" href=\"https:\/\/www.altercampagne.net\/?p=4440\" \/>\n<meta property=\"og:locale\" content=\"fr_FR\" \/>\n<meta property=\"og:type\" content=\"article\" \/>\n<meta property=\"og:title\" content=\"L&#039;Altertour passera \u00e0 Grenoble le weekend du 9-10 juillet 2011 ! - AlterTour\" \/>\n<meta property=\"og:description\" content=\"Projection d\u00e9bat Grenoble 2030 : lundi 11 juillet 17h30 Lundi 11 juillet 17H30 \u00e0 la Maison de Tourisme, conf\u00e9rence et d\u00e9bat sur l\u2019avenir de notre agglom\u00e9ration suivi par un buffet bio, puis deuxi\u00e8me d\u00e9bat sur les nanotechnologies \u00e0 Grenoble. Organis\u00e9 en coordination avec l\u2019ALTERTOUR \u00ab\u00a0l\u2019autre tour de France \u00e0 v\u00e9lo ... Read More\" \/>\n<meta property=\"og:url\" content=\"https:\/\/www.altercampagne.net\/?p=4440\" \/>\n<meta property=\"og:site_name\" content=\"AlterTour\" \/>\n<meta property=\"article:published_time\" content=\"2011-06-29T14:39:08+00:00\" \/>\n<meta property=\"article:modified_time\" content=\"2018-03-02T16:25:59+00:00\" \/>\n<meta name=\"author\" content=\"Mathieu\" \/>\n<meta name=\"twitter:card\" content=\"summary_large_image\" \/>\n<meta name=\"twitter:label1\" content=\"\u00c9crit par\" \/>\n\t<meta name=\"twitter:data1\" content=\"Mathieu\" \/>\n\t<meta name=\"twitter:label2\" content=\"Dur\u00e9e de lecture estim\u00e9e\" \/>\n\t<meta name=\"twitter:data2\" content=\"1 minute\" \/>\n<script type=\"application\/ld+json\" class=\"yoast-schema-graph\">{\"@context\":\"https:\\\/\\\/schema.org\",\"@graph\":[{\"@type\":\"Article\",\"@id\":\"https:\\\/\\\/www.altercampagne.net\\\/?p=4440#article\",\"isPartOf\":{\"@id\":\"https:\\\/\\\/www.altercampagne.net\\\/?p=4440\"},\"author\":{\"name\":\"Mathieu\",\"@id\":\"https:\\\/\\\/www.altercampagne.net\\\/#\\\/schema\\\/person\\\/0f261460c09e430caa0f9bcffa319109\"},\"headline\":\"L&rsquo;Altertour passera \u00e0 Grenoble le weekend du 9-10 juillet 2011 !\",\"datePublished\":\"2011-06-29T14:39:08+00:00\",\"dateModified\":\"2018-03-02T16:25:59+00:00\",\"mainEntityOfPage\":{\"@id\":\"https:\\\/\\\/www.altercampagne.net\\\/?p=4440\"},\"wordCount\":125,\"keywords\":[\"AlterTour 2011\",\"ami-e-s de silence\",\"Grenoble\",\"Auvergne-Rh\u00f4ne-Alpes\",\"Rhone-Alpes\",\"2011\",\"Is\u00e8re\"],\"articleSection\":[\"\u00c9dition 2011\"],\"inLanguage\":\"fr-FR\"},{\"@type\":\"WebPage\",\"@id\":\"https:\\\/\\\/www.altercampagne.net\\\/?p=4440\",\"url\":\"https:\\\/\\\/www.altercampagne.net\\\/?p=4440\",\"name\":\"L'Altertour passera \u00e0 Grenoble le weekend du 9-10 juillet 2011 ! - AlterTour\",\"isPartOf\":{\"@id\":\"https:\\\/\\\/www.altercampagne.net\\\/#website\"},\"datePublished\":\"2011-06-29T14:39:08+00:00\",\"dateModified\":\"2018-03-02T16:25:59+00:00\",\"author\":{\"@id\":\"https:\\\/\\\/www.altercampagne.net\\\/#\\\/schema\\\/person\\\/0f261460c09e430caa0f9bcffa319109\"},\"breadcrumb\":{\"@id\":\"https:\\\/\\\/www.altercampagne.net\\\/?p=4440#breadcrumb\"},\"inLanguage\":\"fr-FR\",\"potentialAction\":[{\"@type\":\"ReadAction\",\"target\":[\"https:\\\/\\\/www.altercampagne.net\\\/?p=4440\"]}]},{\"@type\":\"BreadcrumbList\",\"@id\":\"https:\\\/\\\/www.altercampagne.net\\\/?p=4440#breadcrumb\",\"itemListElement\":[{\"@type\":\"ListItem\",\"position\":1,\"name\":\"Accueil\",\"item\":\"https:\\\/\\\/www.altercampagne.net\\\/\"},{\"@type\":\"ListItem\",\"position\":2,\"name\":\"L&rsquo;Altertour passera \u00e0 Grenoble le weekend du 9-10 juillet 2011 !\"}]},{\"@type\":\"WebSite\",\"@id\":\"https:\\\/\\\/www.altercampagne.net\\\/#website\",\"url\":\"https:\\\/\\\/www.altercampagne.net\\\/\",\"name\":\"AlterTour\",\"description\":\"Reliez les Alternatives \u00e0 v\u00e9lo\",\"potentialAction\":[{\"@type\":\"SearchAction\",\"target\":{\"@type\":\"EntryPoint\",\"urlTemplate\":\"https:\\\/\\\/www.altercampagne.net\\\/?s={search_term_string}\"},\"query-input\":{\"@type\":\"PropertyValueSpecification\",\"valueRequired\":true,\"valueName\":\"search_term_string\"}}],\"inLanguage\":\"fr-FR\"},{\"@type\":\"Person\",\"@id\":\"https:\\\/\\\/www.altercampagne.net\\\/#\\\/schema\\\/person\\\/0f261460c09e430caa0f9bcffa319109\",\"name\":\"Mathieu\",\"image\":{\"@type\":\"ImageObject\",\"inLanguage\":\"fr-FR\",\"@id\":\"https:\\\/\\\/secure.gravatar.com\\\/avatar\\\/aa9d3d24c83f2141e5e2709d0f63d09a99f6be6bb7a50abc4915838d9f54501a?s=96&d=mm&r=g\",\"url\":\"https:\\\/\\\/secure.gravatar.com\\\/avatar\\\/aa9d3d24c83f2141e5e2709d0f63d09a99f6be6bb7a50abc4915838d9f54501a?s=96&d=mm&r=g\",\"contentUrl\":\"https:\\\/\\\/secure.gravatar.com\\\/avatar\\\/aa9d3d24c83f2141e5e2709d0f63d09a99f6be6bb7a50abc4915838d9f54501a?s=96&d=mm&r=g\",\"caption\":\"Mathieu\"},\"url\":\"https:\\\/\\\/www.altercampagne.net\\\/?author=214\"}]}<\/script>\n<!-- \/ Yoast SEO plugin. -->","yoast_head_json":{"title":"L'Altertour passera \u00e0 Grenoble le weekend du 9-10 juillet 2011 ! - AlterTour","robots":{"index":"index","follow":"follow","max-snippet":"max-snippet:-1","max-image-preview":"max-image-preview:large","max-video-preview":"max-video-preview:-1"},"canonical":"https:\/\/www.altercampagne.net\/?p=4440","og_locale":"fr_FR","og_type":"article","og_title":"L'Altertour passera \u00e0 Grenoble le weekend du 9-10 juillet 2011 ! - AlterTour","og_description":"Projection d\u00e9bat Grenoble 2030 : lundi 11 juillet 17h30 Lundi 11 juillet 17H30 \u00e0 la Maison de Tourisme, conf\u00e9rence et d\u00e9bat sur l\u2019avenir de notre agglom\u00e9ration suivi par un buffet bio, puis deuxi\u00e8me d\u00e9bat sur les nanotechnologies \u00e0 Grenoble. Organis\u00e9 en coordination avec l\u2019ALTERTOUR \u00ab\u00a0l\u2019autre tour de France \u00e0 v\u00e9lo ... Read More","og_url":"https:\/\/www.altercampagne.net\/?p=4440","og_site_name":"AlterTour","article_published_time":"2011-06-29T14:39:08+00:00","article_modified_time":"2018-03-02T16:25:59+00:00","author":"Mathieu","twitter_card":"summary_large_image","twitter_misc":{"\u00c9crit par":"Mathieu","Dur\u00e9e de lecture estim\u00e9e":"1 minute"},"schema":{"@context":"https:\/\/schema.org","@graph":[{"@type":"Article","@id":"https:\/\/www.altercampagne.net\/?p=4440#article","isPartOf":{"@id":"https:\/\/www.altercampagne.net\/?p=4440"},"author":{"name":"Mathieu","@id":"https:\/\/www.altercampagne.net\/#\/schema\/person\/0f261460c09e430caa0f9bcffa319109"},"headline":"L&rsquo;Altertour passera \u00e0 Grenoble le weekend du 9-10 juillet 2011 !","datePublished":"2011-06-29T14:39:08+00:00","dateModified":"2018-03-02T16:25:59+00:00","mainEntityOfPage":{"@id":"https:\/\/www.altercampagne.net\/?p=4440"},"wordCount":125,"keywords":["AlterTour 2011","ami-e-s de silence","Grenoble","Auvergne-Rh\u00f4ne-Alpes","Rhone-Alpes","2011","Is\u00e8re"],"articleSection":["\u00c9dition 2011"],"inLanguage":"fr-FR"},{"@type":"WebPage","@id":"https:\/\/www.altercampagne.net\/?p=4440","url":"https:\/\/www.altercampagne.net\/?p=4440","name":"L'Altertour passera \u00e0 Grenoble le weekend du 9-10 juillet 2011 ! - AlterTour","isPartOf":{"@id":"https:\/\/www.altercampagne.net\/#website"},"datePublished":"2011-06-29T14:39:08+00:00","dateModified":"2018-03-02T16:25:59+00:00","author":{"@id":"https:\/\/www.altercampagne.net\/#\/schema\/person\/0f261460c09e430caa0f9bcffa319109"},"breadcrumb":{"@id":"https:\/\/www.altercampagne.net\/?p=4440#breadcrumb"},"inLanguage":"fr-FR","potentialAction":[{"@type":"ReadAction","target":["https:\/\/www.altercampagne.net\/?p=4440"]}]},{"@type":"BreadcrumbList","@id":"https:\/\/www.altercampagne.net\/?p=4440#breadcrumb","itemListElement":[{"@type":"ListItem","position":1,"name":"Accueil","item":"https:\/\/www.altercampagne.net\/"},{"@type":"ListItem","position":2,"name":"L&rsquo;Altertour passera \u00e0 Grenoble le weekend du 9-10 juillet 2011 !"}]},{"@type":"WebSite","@id":"https:\/\/www.altercampagne.net\/#website","url":"https:\/\/www.altercampagne.net\/","name":"AlterTour","description":"Reliez les Alternatives \u00e0 v\u00e9lo","potentialAction":[{"@type":"SearchAction","target":{"@type":"EntryPoint","urlTemplate":"https:\/\/www.altercampagne.net\/?s={search_term_string}"},"query-input":{"@type":"PropertyValueSpecification","valueRequired":true,"valueName":"search_term_string"}}],"inLanguage":"fr-FR"},{"@type":"Person","@id":"https:\/\/www.altercampagne.net\/#\/schema\/person\/0f261460c09e430caa0f9bcffa319109","name":"Mathieu","image":{"@type":"ImageObject","inLanguage":"fr-FR","@id":"https:\/\/secure.gravatar.com\/avatar\/aa9d3d24c83f2141e5e2709d0f63d09a99f6be6bb7a50abc4915838d9f54501a?s=96&d=mm&r=g","url":"https:\/\/secure.gravatar.com\/avatar\/aa9d3d24c83f2141e5e2709d0f63d09a99f6be6bb7a50abc4915838d9f54501a?s=96&d=mm&r=g","contentUrl":"https:\/\/secure.gravatar.com\/avatar\/aa9d3d24c83f2141e5e2709d0f63d09a99f6be6bb7a50abc4915838d9f54501a?s=96&d=mm&r=g","caption":"Mathieu"},"url":"https:\/\/www.altercampagne.net\/?author=214"}]}},"_links":{"self":[{"href":"https:\/\/www.altercampagne.net\/index.php?rest_route=\/wp\/v2\/posts\/4440","targetHints":{"allow":["GET"]}}],"collection":[{"href":"https:\/\/www.altercampagne.net\/index.php?rest_route=\/wp\/v2\/posts"}],"about":[{"href":"https:\/\/www.altercampagne.net\/index.php?rest_route=\/wp\/v2\/types\/post"}],"author":[{"embeddable":true,"href":"https:\/\/www.altercampagne.net\/index.php?rest_route=\/wp\/v2\/users\/214"}],"replies":[{"embeddable":true,"href":"https:\/\/www.altercampagne.net\/index.php?rest_route=%2Fwp%2Fv2%2Fcomments&post=4440"}],"version-history":[{"count":0,"href":"https:\/\/www.altercampagne.net\/index.php?rest_route=\/wp\/v2\/posts\/4440\/revisions"}],"wp:attachment":[{"href":"https:\/\/www.altercampagne.net\/index.php?rest_route=%2Fwp%2Fv2%2Fmedia&parent=4440"}],"wp:term":[{"taxonomy":"category","embeddable":true,"href":"https:\/\/www.altercampagne.net\/index.php?rest_route=%2Fwp%2Fv2%2Fcategories&post=4440"},{"taxonomy":"post_tag","embeddable":true,"href":"https:\/\/www.altercampagne.net\/index.php?rest_route=%2Fwp%2Fv2%2Ftags&post=4440"}],"curies":[{"name":"wp","href":"https:\/\/api.w.org\/{rel}","templated":true}]}}