{"id":4453,"date":"2011-07-04T17:01:04","date_gmt":"2011-07-04T15:01:04","guid":{"rendered":"http:\/\/www.altercampagne.net\/?p=4453"},"modified":"2020-10-07T08:55:47","modified_gmt":"2020-10-07T06:55:47","slug":"laltertour-a-chambery-le-8-juillet","status":"publish","type":"post","link":"https:\/\/www.altercampagne.net\/?p=4453","title":{"rendered":"L&rsquo;AlterTour \u00e0 Chamb\u00e9ry le 8 Juillet"},"content":{"rendered":"<p class=\"ecxMsoNormal\">A l\u2019occasion du passage de l\u2019AlterTour le 8 Juillet \u00e0 Chamb\u00e9ry, nous vous invitons \u00e0 une&nbsp;<strong>Universit\u00e9 Populaire le jeudi 7 Juillet \u00e0 19h \u00e0 l\u2019AQCV,<\/strong> sur&nbsp;le th\u00e8me <em>\u00ab\u00a0Quelles alternatives \u00e0 l&rsquo;esprit de comp\u00e9tition qui r\u00e8gne dans tous les domaines de notre soci\u00e9t\u00e9?\u00a0\u00bb<\/em><span class=\"ecxapple-style-span\">&nbsp;<\/span><\/p>\n<p class=\"ecxMsoNormal\">Nous vous attendons nombreux-ses le&nbsp;<strong>vendredi 8 Juillet<\/strong>&nbsp;pour participer aux activit\u00e9s organis\u00e9es \u00e0 cette occasion&nbsp;:<\/p>\n<p class=\"ecxMsoNormal\"><strong>Au programme&nbsp;:<\/strong><\/p>\n<p class=\"ecxMsoNormal\"><strong>14-18h,<\/strong>&nbsp;<strong>Parc du Verney<\/strong>&nbsp;:&nbsp;<strong>ateliers autour du v\u00e9lo<\/strong>&nbsp;pour petits et grands avec Roue Libre et la V\u00e9lostation, <strong>stands<\/strong> <strong>associatifs&nbsp;:<\/strong>&nbsp;Sortir du Nucl\u00e9aire, ASDER, Oxalis, La Mandragore\u2026<\/p>\n<p class=\"ecxMsoNormal\"><strong>18h<\/strong>&nbsp;<strong>RDV Parc du Verney<\/strong>&nbsp;: arriv\u00e9e des altercyclistes et&nbsp;<strong>d\u00e9ambulation festive \u00e0 v\u00e9lo<\/strong>&nbsp;dans Chamb\u00e9ry.<\/p>\n<p class=\"ecxMsoNormal\"><strong>19h<\/strong>&nbsp;<strong>Clo\u00eetre du Mus\u00e9e Savoisien<\/strong>&nbsp;:&nbsp;<strong>pi\u00e8ce de th\u00e9\u00e2tre \u00ab&nbsp;Le Titilleur&nbsp;\u00bb<\/strong>&nbsp;par les amis de la Compagnie XYZ. \u00ab&nbsp;Un divertitissement et un plaidoyer th\u00e9\u00e2tral pour la D\u00e9croissance&nbsp;\u00bb (<a href=\"http:\/\/www.lestitilleurs.org\/\" target=\"_blank\" rel=\"nofollow noopener noreferrer\">http:\/\/www.lestitilleurs.org\/<\/a>)<\/p>\n<p class=\"ecxMsoNormal\"><strong>20h30<\/strong>,&nbsp;<strong>Parc du Verney<\/strong>&nbsp;:&nbsp;<strong>grand pique-nique partag\u00e9<\/strong>&nbsp;avec les altercyclistes. Bonne humeur et convivialit\u00e9 en perspective. Chacun am\u00e8ne son pique-nique et tout le monde est bienvenu.<\/p>\n<p class=\"ecxMsoNormal\">Ci-joint l\u2019affiche nationale et le tract local. Parlez-en autour de vous&nbsp;!<\/p>\n<p class=\"ecxMsoNormal\">Plus d\u2019infos&nbsp;:&nbsp;<a href=\"http:\/\/www.altertour.net\/\" target=\"_blank\" rel=\"nofollow noopener noreferrer\">www.altertour.net<\/a>&nbsp;&nbsp; &#8211;&nbsp;&nbsp; Comit\u00e9 AlterTour Chamb\u00e9ry&nbsp;:&nbsp;<a href=\"mailto:altertourchambery@yahoo.fr\" target=\"_blank\" rel=\"nofollow noopener noreferrer\">altertourchambery@yahoo.fr<\/a><\/p>\n<p class=\"ecxMsoNormal\"><strong>Le samedi 9 juillet<\/strong>, se d\u00e9roulera une autre journ\u00e9e sympathique de l&rsquo;AlterTour avec un arr\u00eat au centre du village de <strong>les Marches<\/strong> (accessible en v\u00e9lo par la piste cyclable) pour une joyeuse <strong>VELORUTION<\/strong>&nbsp; : banni\u00e8res, banderoles, tracts pour d\u00e9fendre 30 hectares de terres agricoles locales menac\u00e9es par un projet de terrain de golf. <strong>Rendez-vous \u00e0 11 h 30 devant la mairie<\/strong>, pour se joindre au petit groupe des golf-r\u00e9sistants.<\/p>\n<p class=\"ecxMsoNormal\">Ensuite, les altercyclistes iront \u00e0 2 km de l\u00e0, au lac Saint Andr\u00e9 d\u00e9guster un pique-nique pr\u00e9par\u00e9 par l&rsquo;Amap des Marches. Vous pouvez venir croquer votre propre sandwich en leur compagnie si \u00e7a vous dit&nbsp; &#8230;.<\/p>\n<p class=\"ecxMsoNormal\">Vous connaissez sans doute le blog des Golf-R\u00e9sistants :&nbsp; <a href=\"http:\/\/nonaugolfdesmarches.over-blog.com\/\" target=\"_blank\" rel=\"nofollow noopener noreferrer\">http:\/\/nonaugolfdesmarches.over-blog.com<\/a>&nbsp; \u00e7a vaut le coup d&rsquo;aller y faire une petite visite.<\/p>\n<p class=\"ecxMsoNormal\"><em>Pour rappel, L&rsquo;AlterTour, c&rsquo;est un autre tour de France, contre tous les dopages (dans le sport, l&rsquo;agriculture, l&rsquo;\u00e9conomie, etc.).<\/em><em>&nbsp;E<\/em><em>n opposition \u00e0 l&rsquo;esprit de comp\u00e9tition qui conduit au dopage dans le sport, mais aussi \u00e0 la logique de l&rsquo;agriculture productiviste qui d\u00e9bouche notamment sur les Plantes G\u00e9n\u00e9tiquement Modifi\u00e9es, et \u00e0 la concurrence \u00e9conomique qui cr\u00e9e des in\u00e9galit\u00e9s, les altercyclistes voyagent ensemble, partagent leurs bicyclettes et se relaient dans un esprit de solidarit\u00e9.<\/em><\/p>\n<p class=\"ecxMsoNormal\">A la semaine prochaine&nbsp;!<\/p>\n<p class=\"ecxMsoNormal\" style=\"text-align: right;\"><strong>Le Comit\u00e9 AlterTour Chamb\u00e9ry<\/strong><\/p>\n","protected":false},"excerpt":{"rendered":"<p>A l\u2019occasion du passage de l\u2019AlterTour le 8 Juillet \u00e0 Chamb\u00e9ry, nous vous invitons \u00e0 une&nbsp;Universit\u00e9 Populaire le jeudi 7 Juillet \u00e0 19h \u00e0 l\u2019AQCV, sur&nbsp;le th\u00e8me \u00ab\u00a0Quelles alternatives \u00e0 l&rsquo;esprit de comp\u00e9tition qui r\u00e8gne dans tous les domaines de notre soci\u00e9t\u00e9?\u00a0\u00bb&nbsp; Nous vous attendons nombreux-ses le&nbsp;vendredi 8 Juillet&nbsp;pour participer &#8230; <\/p>\n<div><a href=\"https:\/\/www.altercampagne.net\/?p=4453\" class=\"more-link\">Read More<\/a><\/div>\n","protected":false},"author":214,"featured_media":0,"comment_status":"closed","ping_status":"closed","sticky":false,"template":"","format":"standard","meta":{"footnotes":""},"categories":[3471,3540,3464],"tags":[818,836,1470,1650,1979,1980,2040,2055,2056],"class_list":["post-4453","post","type-post","status-publish","format-standard","hentry","category-auvergne-rhone-alpes","category-transverse","category-edition-2011","tag-savoie","tag-altertour-2011","tag-amap-des-marches","tag-rhone-alpes","tag-1979","tag-chambery","tag-les-marches","tag-parc-du-verney","tag-compagnie-xyz","no-post-thumbnail"],"yoast_head":"<!-- This site is optimized with the Yoast SEO plugin v27.3 - https:\/\/yoast.com\/product\/yoast-seo-wordpress\/ -->\n<title>L&#039;AlterTour \u00e0 Chamb\u00e9ry le 8 Juillet - AlterTour<\/title>\n<meta name=\"robots\" content=\"index, follow, max-snippet:-1, max-image-preview:large, max-video-preview:-1\" \/>\n<link rel=\"canonical\" href=\"https:\/\/www.altercampagne.net\/?p=4453\" \/>\n<meta property=\"og:locale\" content=\"fr_FR\" \/>\n<meta property=\"og:type\" content=\"article\" \/>\n<meta property=\"og:title\" content=\"L&#039;AlterTour \u00e0 Chamb\u00e9ry le 8 Juillet - AlterTour\" \/>\n<meta property=\"og:description\" content=\"A l\u2019occasion du passage de l\u2019AlterTour le 8 Juillet \u00e0 Chamb\u00e9ry, nous vous invitons \u00e0 une&nbsp;Universit\u00e9 Populaire le jeudi 7 Juillet \u00e0 19h \u00e0 l\u2019AQCV, sur&nbsp;le th\u00e8me \u00ab\u00a0Quelles alternatives \u00e0 l&rsquo;esprit de comp\u00e9tition qui r\u00e8gne dans tous les domaines de notre soci\u00e9t\u00e9?\u00a0\u00bb&nbsp; Nous vous attendons nombreux-ses le&nbsp;vendredi 8 Juillet&nbsp;pour participer ... Read More\" \/>\n<meta property=\"og:url\" content=\"https:\/\/www.altercampagne.net\/?p=4453\" \/>\n<meta property=\"og:site_name\" content=\"AlterTour\" \/>\n<meta property=\"article:published_time\" content=\"2011-07-04T15:01:04+00:00\" \/>\n<meta property=\"article:modified_time\" content=\"2020-10-07T06:55:47+00:00\" \/>\n<meta name=\"author\" content=\"Mathieu\" \/>\n<meta name=\"twitter:card\" content=\"summary_large_image\" \/>\n<meta name=\"twitter:label1\" content=\"\u00c9crit par\" \/>\n\t<meta name=\"twitter:data1\" content=\"Mathieu\" \/>\n\t<meta name=\"twitter:label2\" content=\"Dur\u00e9e de lecture estim\u00e9e\" \/>\n\t<meta name=\"twitter:data2\" content=\"2 minutes\" \/>\n<script type=\"application\/ld+json\" class=\"yoast-schema-graph\">{\"@context\":\"https:\\\/\\\/schema.org\",\"@graph\":[{\"@type\":\"Article\",\"@id\":\"https:\\\/\\\/www.altercampagne.net\\\/?p=4453#article\",\"isPartOf\":{\"@id\":\"https:\\\/\\\/www.altercampagne.net\\\/?p=4453\"},\"author\":{\"name\":\"Mathieu\",\"@id\":\"https:\\\/\\\/www.altercampagne.net\\\/#\\\/schema\\\/person\\\/0f261460c09e430caa0f9bcffa319109\"},\"headline\":\"L&rsquo;AlterTour \u00e0 Chamb\u00e9ry le 8 Juillet\",\"datePublished\":\"2011-07-04T15:01:04+00:00\",\"dateModified\":\"2020-10-07T06:55:47+00:00\",\"mainEntityOfPage\":{\"@id\":\"https:\\\/\\\/www.altercampagne.net\\\/?p=4453\"},\"wordCount\":477,\"keywords\":[\"Savoie\",\"AlterTour 2011\",\"Amap des Marches\",\"Rhone-Alpes\",\"2011\",\"Chamb\u00e9ry\",\"les Marches\",\"Parc du Verney\",\"compagnie XYZ\"],\"articleSection\":[\"Auvergne-Rh\u00f4ne-Alpes\",\"Transverse\",\"\u00c9dition 2011\"],\"inLanguage\":\"fr-FR\"},{\"@type\":\"WebPage\",\"@id\":\"https:\\\/\\\/www.altercampagne.net\\\/?p=4453\",\"url\":\"https:\\\/\\\/www.altercampagne.net\\\/?p=4453\",\"name\":\"L'AlterTour \u00e0 Chamb\u00e9ry le 8 Juillet - AlterTour\",\"isPartOf\":{\"@id\":\"https:\\\/\\\/www.altercampagne.net\\\/#website\"},\"datePublished\":\"2011-07-04T15:01:04+00:00\",\"dateModified\":\"2020-10-07T06:55:47+00:00\",\"author\":{\"@id\":\"https:\\\/\\\/www.altercampagne.net\\\/#\\\/schema\\\/person\\\/0f261460c09e430caa0f9bcffa319109\"},\"breadcrumb\":{\"@id\":\"https:\\\/\\\/www.altercampagne.net\\\/?p=4453#breadcrumb\"},\"inLanguage\":\"fr-FR\",\"potentialAction\":[{\"@type\":\"ReadAction\",\"target\":[\"https:\\\/\\\/www.altercampagne.net\\\/?p=4453\"]}]},{\"@type\":\"BreadcrumbList\",\"@id\":\"https:\\\/\\\/www.altercampagne.net\\\/?p=4453#breadcrumb\",\"itemListElement\":[{\"@type\":\"ListItem\",\"position\":1,\"name\":\"Accueil\",\"item\":\"https:\\\/\\\/www.altercampagne.net\\\/\"},{\"@type\":\"ListItem\",\"position\":2,\"name\":\"L&rsquo;AlterTour \u00e0 Chamb\u00e9ry le 8 Juillet\"}]},{\"@type\":\"WebSite\",\"@id\":\"https:\\\/\\\/www.altercampagne.net\\\/#website\",\"url\":\"https:\\\/\\\/www.altercampagne.net\\\/\",\"name\":\"AlterTour\",\"description\":\"Reliez les Alternatives \u00e0 v\u00e9lo\",\"potentialAction\":[{\"@type\":\"SearchAction\",\"target\":{\"@type\":\"EntryPoint\",\"urlTemplate\":\"https:\\\/\\\/www.altercampagne.net\\\/?s={search_term_string}\"},\"query-input\":{\"@type\":\"PropertyValueSpecification\",\"valueRequired\":true,\"valueName\":\"search_term_string\"}}],\"inLanguage\":\"fr-FR\"},{\"@type\":\"Person\",\"@id\":\"https:\\\/\\\/www.altercampagne.net\\\/#\\\/schema\\\/person\\\/0f261460c09e430caa0f9bcffa319109\",\"name\":\"Mathieu\",\"image\":{\"@type\":\"ImageObject\",\"inLanguage\":\"fr-FR\",\"@id\":\"https:\\\/\\\/secure.gravatar.com\\\/avatar\\\/aa9d3d24c83f2141e5e2709d0f63d09a99f6be6bb7a50abc4915838d9f54501a?s=96&d=mm&r=g\",\"url\":\"https:\\\/\\\/secure.gravatar.com\\\/avatar\\\/aa9d3d24c83f2141e5e2709d0f63d09a99f6be6bb7a50abc4915838d9f54501a?s=96&d=mm&r=g\",\"contentUrl\":\"https:\\\/\\\/secure.gravatar.com\\\/avatar\\\/aa9d3d24c83f2141e5e2709d0f63d09a99f6be6bb7a50abc4915838d9f54501a?s=96&d=mm&r=g\",\"caption\":\"Mathieu\"},\"url\":\"https:\\\/\\\/www.altercampagne.net\\\/?author=214\"}]}<\/script>\n<!-- \/ Yoast SEO plugin. -->","yoast_head_json":{"title":"L'AlterTour \u00e0 Chamb\u00e9ry le 8 Juillet - AlterTour","robots":{"index":"index","follow":"follow","max-snippet":"max-snippet:-1","max-image-preview":"max-image-preview:large","max-video-preview":"max-video-preview:-1"},"canonical":"https:\/\/www.altercampagne.net\/?p=4453","og_locale":"fr_FR","og_type":"article","og_title":"L'AlterTour \u00e0 Chamb\u00e9ry le 8 Juillet - AlterTour","og_description":"A l\u2019occasion du passage de l\u2019AlterTour le 8 Juillet \u00e0 Chamb\u00e9ry, nous vous invitons \u00e0 une&nbsp;Universit\u00e9 Populaire le jeudi 7 Juillet \u00e0 19h \u00e0 l\u2019AQCV, sur&nbsp;le th\u00e8me \u00ab\u00a0Quelles alternatives \u00e0 l&rsquo;esprit de comp\u00e9tition qui r\u00e8gne dans tous les domaines de notre soci\u00e9t\u00e9?\u00a0\u00bb&nbsp; Nous vous attendons nombreux-ses le&nbsp;vendredi 8 Juillet&nbsp;pour participer ... Read More","og_url":"https:\/\/www.altercampagne.net\/?p=4453","og_site_name":"AlterTour","article_published_time":"2011-07-04T15:01:04+00:00","article_modified_time":"2020-10-07T06:55:47+00:00","author":"Mathieu","twitter_card":"summary_large_image","twitter_misc":{"\u00c9crit par":"Mathieu","Dur\u00e9e de lecture estim\u00e9e":"2 minutes"},"schema":{"@context":"https:\/\/schema.org","@graph":[{"@type":"Article","@id":"https:\/\/www.altercampagne.net\/?p=4453#article","isPartOf":{"@id":"https:\/\/www.altercampagne.net\/?p=4453"},"author":{"name":"Mathieu","@id":"https:\/\/www.altercampagne.net\/#\/schema\/person\/0f261460c09e430caa0f9bcffa319109"},"headline":"L&rsquo;AlterTour \u00e0 Chamb\u00e9ry le 8 Juillet","datePublished":"2011-07-04T15:01:04+00:00","dateModified":"2020-10-07T06:55:47+00:00","mainEntityOfPage":{"@id":"https:\/\/www.altercampagne.net\/?p=4453"},"wordCount":477,"keywords":["Savoie","AlterTour 2011","Amap des Marches","Rhone-Alpes","2011","Chamb\u00e9ry","les Marches","Parc du Verney","compagnie XYZ"],"articleSection":["Auvergne-Rh\u00f4ne-Alpes","Transverse","\u00c9dition 2011"],"inLanguage":"fr-FR"},{"@type":"WebPage","@id":"https:\/\/www.altercampagne.net\/?p=4453","url":"https:\/\/www.altercampagne.net\/?p=4453","name":"L'AlterTour \u00e0 Chamb\u00e9ry le 8 Juillet - AlterTour","isPartOf":{"@id":"https:\/\/www.altercampagne.net\/#website"},"datePublished":"2011-07-04T15:01:04+00:00","dateModified":"2020-10-07T06:55:47+00:00","author":{"@id":"https:\/\/www.altercampagne.net\/#\/schema\/person\/0f261460c09e430caa0f9bcffa319109"},"breadcrumb":{"@id":"https:\/\/www.altercampagne.net\/?p=4453#breadcrumb"},"inLanguage":"fr-FR","potentialAction":[{"@type":"ReadAction","target":["https:\/\/www.altercampagne.net\/?p=4453"]}]},{"@type":"BreadcrumbList","@id":"https:\/\/www.altercampagne.net\/?p=4453#breadcrumb","itemListElement":[{"@type":"ListItem","position":1,"name":"Accueil","item":"https:\/\/www.altercampagne.net\/"},{"@type":"ListItem","position":2,"name":"L&rsquo;AlterTour \u00e0 Chamb\u00e9ry le 8 Juillet"}]},{"@type":"WebSite","@id":"https:\/\/www.altercampagne.net\/#website","url":"https:\/\/www.altercampagne.net\/","name":"AlterTour","description":"Reliez les Alternatives \u00e0 v\u00e9lo","potentialAction":[{"@type":"SearchAction","target":{"@type":"EntryPoint","urlTemplate":"https:\/\/www.altercampagne.net\/?s={search_term_string}"},"query-input":{"@type":"PropertyValueSpecification","valueRequired":true,"valueName":"search_term_string"}}],"inLanguage":"fr-FR"},{"@type":"Person","@id":"https:\/\/www.altercampagne.net\/#\/schema\/person\/0f261460c09e430caa0f9bcffa319109","name":"Mathieu","image":{"@type":"ImageObject","inLanguage":"fr-FR","@id":"https:\/\/secure.gravatar.com\/avatar\/aa9d3d24c83f2141e5e2709d0f63d09a99f6be6bb7a50abc4915838d9f54501a?s=96&d=mm&r=g","url":"https:\/\/secure.gravatar.com\/avatar\/aa9d3d24c83f2141e5e2709d0f63d09a99f6be6bb7a50abc4915838d9f54501a?s=96&d=mm&r=g","contentUrl":"https:\/\/secure.gravatar.com\/avatar\/aa9d3d24c83f2141e5e2709d0f63d09a99f6be6bb7a50abc4915838d9f54501a?s=96&d=mm&r=g","caption":"Mathieu"},"url":"https:\/\/www.altercampagne.net\/?author=214"}]}},"_links":{"self":[{"href":"https:\/\/www.altercampagne.net\/index.php?rest_route=\/wp\/v2\/posts\/4453","targetHints":{"allow":["GET"]}}],"collection":[{"href":"https:\/\/www.altercampagne.net\/index.php?rest_route=\/wp\/v2\/posts"}],"about":[{"href":"https:\/\/www.altercampagne.net\/index.php?rest_route=\/wp\/v2\/types\/post"}],"author":[{"embeddable":true,"href":"https:\/\/www.altercampagne.net\/index.php?rest_route=\/wp\/v2\/users\/214"}],"replies":[{"embeddable":true,"href":"https:\/\/www.altercampagne.net\/index.php?rest_route=%2Fwp%2Fv2%2Fcomments&post=4453"}],"version-history":[{"count":1,"href":"https:\/\/www.altercampagne.net\/index.php?rest_route=\/wp\/v2\/posts\/4453\/revisions"}],"predecessor-version":[{"id":19621,"href":"https:\/\/www.altercampagne.net\/index.php?rest_route=\/wp\/v2\/posts\/4453\/revisions\/19621"}],"wp:attachment":[{"href":"https:\/\/www.altercampagne.net\/index.php?rest_route=%2Fwp%2Fv2%2Fmedia&parent=4453"}],"wp:term":[{"taxonomy":"category","embeddable":true,"href":"https:\/\/www.altercampagne.net\/index.php?rest_route=%2Fwp%2Fv2%2Fcategories&post=4453"},{"taxonomy":"post_tag","embeddable":true,"href":"https:\/\/www.altercampagne.net\/index.php?rest_route=%2Fwp%2Fv2%2Ftags&post=4453"}],"curies":[{"name":"wp","href":"https:\/\/api.w.org\/{rel}","templated":true}]}}