{"id":4455,"date":"2011-07-02T17:04:28","date_gmt":"2011-07-02T15:04:28","guid":{"rendered":"http:\/\/www.altercampagne.net\/?p=4455"},"modified":"2016-04-21T17:08:03","modified_gmt":"2016-04-21T15:08:03","slug":"laltertour-sarrete-en-pays-darles","status":"publish","type":"post","link":"https:\/\/www.altercampagne.net\/?p=4455","title":{"rendered":"l\u2019Altertour s\u2019arr\u00eate en Pays d\u2019Arles"},"content":{"rendered":"<p>L\u2019AlterTour qui s\u2019arr\u00eate les 27 et 28 juillet en Pays d\u2019Arles au Mas de l\u2019Esclade \u00e0 Caphan, situ\u00e9 \u00e0 quelques encablures de Saint-Martin-de-Crau, sera accueilli par Attac Pays d\u2019Arles. Programme Mercredi 27 juillet : soir\u00e9e d\u2019\u00e9changes \u00e0 partir de 17h00 au Mas de l\u2019Esclade dans l\u2019ancien pressoir \u00e0 huile au cours de laquelle outre guitares, fifres et chansons de tous acabits, Attac Pays d\u2019Arles \u00e9voquera les probl\u00e9matiques locales et notamment celle de l\u2019eau. Pr\u00e9voir pique-nique et libations \u00e0 partager. Jeudi 28 Juillet : rendez-vous \u00e0 9h45 au Mas de l\u2019Esclade pour une journ\u00e9e en v\u00e9lo d\u2019un parcours total de 37 kilom\u00e8tres sur terrain plat. Visite de la coop\u00e9rative agricole de Longo Ma\u00ef (Mas de Granier) de 10h00 \u00e0 12h00. Repas tir\u00e9 du sac sous les platanes de Longo Ma\u00ef de 12h00 \u00e0 13h00. Parcours jusqu\u2019\u00e0 Arles par le sentier de la vall\u00e9e des Baux. V\u00e9lorution dans les rues du centre ancien d\u2019Arles pour un meilleur \u00e9quilibre entre les modes de transport. Stationnement place de la R\u00e9publique avec stands AlterTour et Pays d\u2019Arles en transition. Retour au Mas de l\u2019Esclade par l\u2019ancienne meunerie romaine et l\u2019acqueduc via les tours de Castillon (arriv\u00e9e pr\u00e9vue \u00e0 17h00). Cette journ\u00e9e est ouverte \u00e0 toutes et \u00e0 tous de 7 \u00e0 77 ans et nous vous y attendons nombreux et d\u00e9termin\u00e9s.<\/p>\n<p>Plus d&rsquo;infos : <a href=\"www.local.attac.org\/13\/arles\" target=\"_blank\">www.local.attac.org\/13\/arles<\/a><\/p>\n<p style=\"text-align: right;\"><strong>Attac Arles<\/strong><\/p>\n","protected":false},"excerpt":{"rendered":"<p>L\u2019AlterTour qui s\u2019arr\u00eate les 27 et 28 juillet en Pays d\u2019Arles au Mas de l\u2019Esclade \u00e0 Caphan, situ\u00e9 \u00e0 quelques encablures de Saint-Martin-de-Crau, sera accueilli par Attac Pays d\u2019Arles. Programme Mercredi 27 juillet : soir\u00e9e d\u2019\u00e9changes \u00e0 partir de 17h00 au Mas de l\u2019Esclade dans l\u2019ancien pressoir \u00e0 huile au &#8230; <\/p>\n<div><a href=\"https:\/\/www.altercampagne.net\/?p=4455\" class=\"more-link\">Read More<\/a><\/div>\n","protected":false},"author":214,"featured_media":0,"comment_status":"closed","ping_status":"closed","sticky":false,"template":"","format":"standard","meta":{"footnotes":""},"categories":[1],"tags":[836,1378,1382,1979,1984,1991,2048,2049,2050,2062],"class_list":["post-4455","post","type-post","status-publish","format-standard","hentry","category-non-classe","tag-altertour-2011","tag-attac-arles","tag-saint-martin-de-crau","tag-1979","tag-provence-alpes-cote-dazur","tag-bouches-du-rhone","tag-arles","tag-mas-de-lesclade","tag-mas-de-granier","tag-caphan","no-post-thumbnail"],"yoast_head":"<!-- This site is optimized with the Yoast SEO plugin v27.3 - https:\/\/yoast.com\/product\/yoast-seo-wordpress\/ -->\n<title>l\u2019Altertour s\u2019arr\u00eate en Pays d\u2019Arles - AlterTour<\/title>\n<meta name=\"robots\" content=\"index, follow, max-snippet:-1, max-image-preview:large, max-video-preview:-1\" \/>\n<link rel=\"canonical\" href=\"https:\/\/www.altercampagne.net\/?p=4455\" \/>\n<meta property=\"og:locale\" content=\"fr_FR\" \/>\n<meta property=\"og:type\" content=\"article\" \/>\n<meta property=\"og:title\" content=\"l\u2019Altertour s\u2019arr\u00eate en Pays d\u2019Arles - AlterTour\" \/>\n<meta property=\"og:description\" content=\"L\u2019AlterTour qui s\u2019arr\u00eate les 27 et 28 juillet en Pays d\u2019Arles au Mas de l\u2019Esclade \u00e0 Caphan, situ\u00e9 \u00e0 quelques encablures de Saint-Martin-de-Crau, sera accueilli par Attac Pays d\u2019Arles. Programme Mercredi 27 juillet : soir\u00e9e d\u2019\u00e9changes \u00e0 partir de 17h00 au Mas de l\u2019Esclade dans l\u2019ancien pressoir \u00e0 huile au ... Read More\" \/>\n<meta property=\"og:url\" content=\"https:\/\/www.altercampagne.net\/?p=4455\" \/>\n<meta property=\"og:site_name\" content=\"AlterTour\" \/>\n<meta property=\"article:published_time\" content=\"2011-07-02T15:04:28+00:00\" \/>\n<meta property=\"article:modified_time\" content=\"2016-04-21T15:08:03+00:00\" \/>\n<meta name=\"author\" content=\"Mathieu\" \/>\n<meta name=\"twitter:card\" content=\"summary_large_image\" \/>\n<meta name=\"twitter:label1\" content=\"\u00c9crit par\" \/>\n\t<meta name=\"twitter:data1\" content=\"Mathieu\" \/>\n\t<meta name=\"twitter:label2\" content=\"Dur\u00e9e de lecture estim\u00e9e\" \/>\n\t<meta name=\"twitter:data2\" content=\"1 minute\" \/>\n<script type=\"application\/ld+json\" class=\"yoast-schema-graph\">{\"@context\":\"https:\\\/\\\/schema.org\",\"@graph\":[{\"@type\":\"Article\",\"@id\":\"https:\\\/\\\/www.altercampagne.net\\\/?p=4455#article\",\"isPartOf\":{\"@id\":\"https:\\\/\\\/www.altercampagne.net\\\/?p=4455\"},\"author\":{\"name\":\"Mathieu\",\"@id\":\"https:\\\/\\\/www.altercampagne.net\\\/#\\\/schema\\\/person\\\/0f261460c09e430caa0f9bcffa319109\"},\"headline\":\"l\u2019Altertour s\u2019arr\u00eate en Pays d\u2019Arles\",\"datePublished\":\"2011-07-02T15:04:28+00:00\",\"dateModified\":\"2016-04-21T15:08:03+00:00\",\"mainEntityOfPage\":{\"@id\":\"https:\\\/\\\/www.altercampagne.net\\\/?p=4455\"},\"wordCount\":247,\"keywords\":[\"AlterTour 2011\",\"Attac Arles\",\"Saint Martin de Crau\",\"2011\",\"Provence-Alpes-C\u00f4te d'Azur\",\"bouches-du-rh\u00f4ne\",\"Arles\",\"Mas de l\u2019Esclade\",\"Mas de Granier\",\"Caphan\"],\"inLanguage\":\"fr-FR\"},{\"@type\":\"WebPage\",\"@id\":\"https:\\\/\\\/www.altercampagne.net\\\/?p=4455\",\"url\":\"https:\\\/\\\/www.altercampagne.net\\\/?p=4455\",\"name\":\"l\u2019Altertour s\u2019arr\u00eate en Pays d\u2019Arles - AlterTour\",\"isPartOf\":{\"@id\":\"https:\\\/\\\/www.altercampagne.net\\\/#website\"},\"datePublished\":\"2011-07-02T15:04:28+00:00\",\"dateModified\":\"2016-04-21T15:08:03+00:00\",\"author\":{\"@id\":\"https:\\\/\\\/www.altercampagne.net\\\/#\\\/schema\\\/person\\\/0f261460c09e430caa0f9bcffa319109\"},\"breadcrumb\":{\"@id\":\"https:\\\/\\\/www.altercampagne.net\\\/?p=4455#breadcrumb\"},\"inLanguage\":\"fr-FR\",\"potentialAction\":[{\"@type\":\"ReadAction\",\"target\":[\"https:\\\/\\\/www.altercampagne.net\\\/?p=4455\"]}]},{\"@type\":\"BreadcrumbList\",\"@id\":\"https:\\\/\\\/www.altercampagne.net\\\/?p=4455#breadcrumb\",\"itemListElement\":[{\"@type\":\"ListItem\",\"position\":1,\"name\":\"Accueil\",\"item\":\"https:\\\/\\\/www.altercampagne.net\\\/\"},{\"@type\":\"ListItem\",\"position\":2,\"name\":\"l\u2019Altertour s\u2019arr\u00eate en Pays d\u2019Arles\"}]},{\"@type\":\"WebSite\",\"@id\":\"https:\\\/\\\/www.altercampagne.net\\\/#website\",\"url\":\"https:\\\/\\\/www.altercampagne.net\\\/\",\"name\":\"AlterTour\",\"description\":\"Reliez les Alternatives \u00e0 v\u00e9lo\",\"potentialAction\":[{\"@type\":\"SearchAction\",\"target\":{\"@type\":\"EntryPoint\",\"urlTemplate\":\"https:\\\/\\\/www.altercampagne.net\\\/?s={search_term_string}\"},\"query-input\":{\"@type\":\"PropertyValueSpecification\",\"valueRequired\":true,\"valueName\":\"search_term_string\"}}],\"inLanguage\":\"fr-FR\"},{\"@type\":\"Person\",\"@id\":\"https:\\\/\\\/www.altercampagne.net\\\/#\\\/schema\\\/person\\\/0f261460c09e430caa0f9bcffa319109\",\"name\":\"Mathieu\",\"image\":{\"@type\":\"ImageObject\",\"inLanguage\":\"fr-FR\",\"@id\":\"https:\\\/\\\/secure.gravatar.com\\\/avatar\\\/aa9d3d24c83f2141e5e2709d0f63d09a99f6be6bb7a50abc4915838d9f54501a?s=96&d=mm&r=g\",\"url\":\"https:\\\/\\\/secure.gravatar.com\\\/avatar\\\/aa9d3d24c83f2141e5e2709d0f63d09a99f6be6bb7a50abc4915838d9f54501a?s=96&d=mm&r=g\",\"contentUrl\":\"https:\\\/\\\/secure.gravatar.com\\\/avatar\\\/aa9d3d24c83f2141e5e2709d0f63d09a99f6be6bb7a50abc4915838d9f54501a?s=96&d=mm&r=g\",\"caption\":\"Mathieu\"},\"url\":\"https:\\\/\\\/www.altercampagne.net\\\/?author=214\"}]}<\/script>\n<!-- \/ Yoast SEO plugin. -->","yoast_head_json":{"title":"l\u2019Altertour s\u2019arr\u00eate en Pays d\u2019Arles - AlterTour","robots":{"index":"index","follow":"follow","max-snippet":"max-snippet:-1","max-image-preview":"max-image-preview:large","max-video-preview":"max-video-preview:-1"},"canonical":"https:\/\/www.altercampagne.net\/?p=4455","og_locale":"fr_FR","og_type":"article","og_title":"l\u2019Altertour s\u2019arr\u00eate en Pays d\u2019Arles - AlterTour","og_description":"L\u2019AlterTour qui s\u2019arr\u00eate les 27 et 28 juillet en Pays d\u2019Arles au Mas de l\u2019Esclade \u00e0 Caphan, situ\u00e9 \u00e0 quelques encablures de Saint-Martin-de-Crau, sera accueilli par Attac Pays d\u2019Arles. Programme Mercredi 27 juillet : soir\u00e9e d\u2019\u00e9changes \u00e0 partir de 17h00 au Mas de l\u2019Esclade dans l\u2019ancien pressoir \u00e0 huile au ... Read More","og_url":"https:\/\/www.altercampagne.net\/?p=4455","og_site_name":"AlterTour","article_published_time":"2011-07-02T15:04:28+00:00","article_modified_time":"2016-04-21T15:08:03+00:00","author":"Mathieu","twitter_card":"summary_large_image","twitter_misc":{"\u00c9crit par":"Mathieu","Dur\u00e9e de lecture estim\u00e9e":"1 minute"},"schema":{"@context":"https:\/\/schema.org","@graph":[{"@type":"Article","@id":"https:\/\/www.altercampagne.net\/?p=4455#article","isPartOf":{"@id":"https:\/\/www.altercampagne.net\/?p=4455"},"author":{"name":"Mathieu","@id":"https:\/\/www.altercampagne.net\/#\/schema\/person\/0f261460c09e430caa0f9bcffa319109"},"headline":"l\u2019Altertour s\u2019arr\u00eate en Pays d\u2019Arles","datePublished":"2011-07-02T15:04:28+00:00","dateModified":"2016-04-21T15:08:03+00:00","mainEntityOfPage":{"@id":"https:\/\/www.altercampagne.net\/?p=4455"},"wordCount":247,"keywords":["AlterTour 2011","Attac Arles","Saint Martin de Crau","2011","Provence-Alpes-C\u00f4te d'Azur","bouches-du-rh\u00f4ne","Arles","Mas de l\u2019Esclade","Mas de Granier","Caphan"],"inLanguage":"fr-FR"},{"@type":"WebPage","@id":"https:\/\/www.altercampagne.net\/?p=4455","url":"https:\/\/www.altercampagne.net\/?p=4455","name":"l\u2019Altertour s\u2019arr\u00eate en Pays d\u2019Arles - AlterTour","isPartOf":{"@id":"https:\/\/www.altercampagne.net\/#website"},"datePublished":"2011-07-02T15:04:28+00:00","dateModified":"2016-04-21T15:08:03+00:00","author":{"@id":"https:\/\/www.altercampagne.net\/#\/schema\/person\/0f261460c09e430caa0f9bcffa319109"},"breadcrumb":{"@id":"https:\/\/www.altercampagne.net\/?p=4455#breadcrumb"},"inLanguage":"fr-FR","potentialAction":[{"@type":"ReadAction","target":["https:\/\/www.altercampagne.net\/?p=4455"]}]},{"@type":"BreadcrumbList","@id":"https:\/\/www.altercampagne.net\/?p=4455#breadcrumb","itemListElement":[{"@type":"ListItem","position":1,"name":"Accueil","item":"https:\/\/www.altercampagne.net\/"},{"@type":"ListItem","position":2,"name":"l\u2019Altertour s\u2019arr\u00eate en Pays d\u2019Arles"}]},{"@type":"WebSite","@id":"https:\/\/www.altercampagne.net\/#website","url":"https:\/\/www.altercampagne.net\/","name":"AlterTour","description":"Reliez les Alternatives \u00e0 v\u00e9lo","potentialAction":[{"@type":"SearchAction","target":{"@type":"EntryPoint","urlTemplate":"https:\/\/www.altercampagne.net\/?s={search_term_string}"},"query-input":{"@type":"PropertyValueSpecification","valueRequired":true,"valueName":"search_term_string"}}],"inLanguage":"fr-FR"},{"@type":"Person","@id":"https:\/\/www.altercampagne.net\/#\/schema\/person\/0f261460c09e430caa0f9bcffa319109","name":"Mathieu","image":{"@type":"ImageObject","inLanguage":"fr-FR","@id":"https:\/\/secure.gravatar.com\/avatar\/aa9d3d24c83f2141e5e2709d0f63d09a99f6be6bb7a50abc4915838d9f54501a?s=96&d=mm&r=g","url":"https:\/\/secure.gravatar.com\/avatar\/aa9d3d24c83f2141e5e2709d0f63d09a99f6be6bb7a50abc4915838d9f54501a?s=96&d=mm&r=g","contentUrl":"https:\/\/secure.gravatar.com\/avatar\/aa9d3d24c83f2141e5e2709d0f63d09a99f6be6bb7a50abc4915838d9f54501a?s=96&d=mm&r=g","caption":"Mathieu"},"url":"https:\/\/www.altercampagne.net\/?author=214"}]}},"_links":{"self":[{"href":"https:\/\/www.altercampagne.net\/index.php?rest_route=\/wp\/v2\/posts\/4455","targetHints":{"allow":["GET"]}}],"collection":[{"href":"https:\/\/www.altercampagne.net\/index.php?rest_route=\/wp\/v2\/posts"}],"about":[{"href":"https:\/\/www.altercampagne.net\/index.php?rest_route=\/wp\/v2\/types\/post"}],"author":[{"embeddable":true,"href":"https:\/\/www.altercampagne.net\/index.php?rest_route=\/wp\/v2\/users\/214"}],"replies":[{"embeddable":true,"href":"https:\/\/www.altercampagne.net\/index.php?rest_route=%2Fwp%2Fv2%2Fcomments&post=4455"}],"version-history":[{"count":0,"href":"https:\/\/www.altercampagne.net\/index.php?rest_route=\/wp\/v2\/posts\/4455\/revisions"}],"wp:attachment":[{"href":"https:\/\/www.altercampagne.net\/index.php?rest_route=%2Fwp%2Fv2%2Fmedia&parent=4455"}],"wp:term":[{"taxonomy":"category","embeddable":true,"href":"https:\/\/www.altercampagne.net\/index.php?rest_route=%2Fwp%2Fv2%2Fcategories&post=4455"},{"taxonomy":"post_tag","embeddable":true,"href":"https:\/\/www.altercampagne.net\/index.php?rest_route=%2Fwp%2Fv2%2Ftags&post=4455"}],"curies":[{"name":"wp","href":"https:\/\/api.w.org\/{rel}","templated":true}]}}