{"id":4463,"date":"2011-06-28T17:27:39","date_gmt":"2011-06-28T15:27:39","guid":{"rendered":"http:\/\/www.altercampagne.net\/?p=4463"},"modified":"2016-04-21T17:29:36","modified_gmt":"2016-04-21T15:29:36","slug":"laltertour-passera-debut-juillet-a-annecy-chambery-sainte-marie-dalloix-et-grenoble","status":"publish","type":"post","link":"https:\/\/www.altercampagne.net\/?p=4463","title":{"rendered":"L\u2019Altertour passera d\u00e9but juillet \u00e0 Annecy, Chamb\u00e9ry, Sainte-Marie d\u2019Alloix et Grenoble"},"content":{"rendered":"<p>Avez-vous d\u00e9j\u00e0 entendu parler de l\u2019AlterTour ? C\u2019est en fait un tour de France alternatif et familial pour d\u00e9noncer le dopage sous toutes ses formes : dans le sport mais aussi dans l\u2019agriculture productiviste et industrielle ou encore dans l\u2019\u00e9conomie de march\u00e9. Cette manifestation itin\u00e9rante \u00e0 v\u00e9lo est organis\u00e9e par l\u2019association altercampagne. L\u2019id\u00e9e est depuis 2008 d\u2019inviter un maximum de cyclistes \u00e0 parcourir chaque \u00e9t\u00e9 les routes de France \u00e0 la rencontre d\u2019initiatives alternatives. Pour cette 4e \u00e9dition, le d\u00e9part se fera le 2 juillet \u00e0 Gen\u00e8ve et l\u2019arriv\u00e9e est programm\u00e9e le 6 aout \u00e0 Mondredon, dans le sud du pays. L\u2019AlterTour passera le 6 juillet \u00e0 Annecy, le 8 \u00e0 Chamb\u00e9ry, le 9 \u00e0 Sainte-Marie d\u2019Alloix et le 10 \u00e0 Grenoble. Durant l\u2019\u00e9tape Chamb\u00e9ry\/Sainte-Marie d\u2019Alloix, un arr\u00eat sera fait aux Marches pour d\u00e9noncer le sacrifice de 33 hectares de terres agricoles pour la construction d\u2019un golf. Ce sera suivi d\u2019un pique-nique au lac Saint-Andr\u00e9. Et \u00e0 l\u2019arriv\u00e9e \u00e0 Sainte-Marie d\u2019Alloix, des \u00e9changes-d\u00e9bats seront propos\u00e9s sur le th\u00e8me de l\u2019\u00e9nergie hydro\u00e9lectrique dans le Gr\u00e9sivaudan.<\/p>\n","protected":false},"excerpt":{"rendered":"<p>Avez-vous d\u00e9j\u00e0 entendu parler de l\u2019AlterTour ? C\u2019est en fait un tour de France alternatif et familial pour d\u00e9noncer le dopage sous toutes ses formes : dans le sport mais aussi dans l\u2019agriculture productiviste et industrielle ou encore dans l\u2019\u00e9conomie de march\u00e9. Cette manifestation itin\u00e9rante \u00e0 v\u00e9lo est organis\u00e9e par &#8230; <\/p>\n<div><a href=\"https:\/\/www.altercampagne.net\/?p=4463\" class=\"more-link\">Read More<\/a><\/div>\n","protected":false},"author":214,"featured_media":0,"comment_status":"closed","ping_status":"closed","sticky":false,"template":"","format":"standard","meta":{"footnotes":""},"categories":[239],"tags":[836,1310,1650,1979,1980,1981,2058],"class_list":["post-4463","post","type-post","status-publish","format-standard","hentry","category-revue-de-presse","tag-altertour-2011","tag-grenoble","tag-rhone-alpes","tag-1979","tag-chambery","tag-sainte-marie-dalloix","tag-annecy","no-post-thumbnail"],"yoast_head":"<!-- This site is optimized with the Yoast SEO plugin v27.3 - https:\/\/yoast.com\/product\/yoast-seo-wordpress\/ -->\n<title>L\u2019Altertour passera d\u00e9but juillet \u00e0 Annecy, Chamb\u00e9ry, Sainte-Marie d\u2019Alloix et Grenoble - AlterTour<\/title>\n<meta name=\"robots\" content=\"index, follow, max-snippet:-1, max-image-preview:large, max-video-preview:-1\" \/>\n<link rel=\"canonical\" href=\"https:\/\/www.altercampagne.net\/?p=4463\" \/>\n<meta property=\"og:locale\" content=\"fr_FR\" \/>\n<meta property=\"og:type\" content=\"article\" \/>\n<meta property=\"og:title\" content=\"L\u2019Altertour passera d\u00e9but juillet \u00e0 Annecy, Chamb\u00e9ry, Sainte-Marie d\u2019Alloix et Grenoble - AlterTour\" \/>\n<meta property=\"og:description\" content=\"Avez-vous d\u00e9j\u00e0 entendu parler de l\u2019AlterTour ? C\u2019est en fait un tour de France alternatif et familial pour d\u00e9noncer le dopage sous toutes ses formes : dans le sport mais aussi dans l\u2019agriculture productiviste et industrielle ou encore dans l\u2019\u00e9conomie de march\u00e9. Cette manifestation itin\u00e9rante \u00e0 v\u00e9lo est organis\u00e9e par ... Read More\" \/>\n<meta property=\"og:url\" content=\"https:\/\/www.altercampagne.net\/?p=4463\" \/>\n<meta property=\"og:site_name\" content=\"AlterTour\" \/>\n<meta property=\"article:published_time\" content=\"2011-06-28T15:27:39+00:00\" \/>\n<meta property=\"article:modified_time\" content=\"2016-04-21T15:29:36+00:00\" \/>\n<meta name=\"author\" content=\"Mathieu\" \/>\n<meta name=\"twitter:card\" content=\"summary_large_image\" \/>\n<meta name=\"twitter:label1\" content=\"\u00c9crit par\" \/>\n\t<meta name=\"twitter:data1\" content=\"Mathieu\" \/>\n\t<meta name=\"twitter:label2\" content=\"Dur\u00e9e de lecture estim\u00e9e\" \/>\n\t<meta name=\"twitter:data2\" content=\"1 minute\" \/>\n<script type=\"application\/ld+json\" class=\"yoast-schema-graph\">{\"@context\":\"https:\\\/\\\/schema.org\",\"@graph\":[{\"@type\":\"Article\",\"@id\":\"https:\\\/\\\/www.altercampagne.net\\\/?p=4463#article\",\"isPartOf\":{\"@id\":\"https:\\\/\\\/www.altercampagne.net\\\/?p=4463\"},\"author\":{\"name\":\"Mathieu\",\"@id\":\"https:\\\/\\\/www.altercampagne.net\\\/#\\\/schema\\\/person\\\/0f261460c09e430caa0f9bcffa319109\"},\"headline\":\"L\u2019Altertour passera d\u00e9but juillet \u00e0 Annecy, Chamb\u00e9ry, Sainte-Marie d\u2019Alloix et Grenoble\",\"datePublished\":\"2011-06-28T15:27:39+00:00\",\"dateModified\":\"2016-04-21T15:29:36+00:00\",\"mainEntityOfPage\":{\"@id\":\"https:\\\/\\\/www.altercampagne.net\\\/?p=4463\"},\"wordCount\":206,\"keywords\":[\"AlterTour 2011\",\"Grenoble\",\"Rhone-Alpes\",\"2011\",\"Chamb\u00e9ry\",\"Sainte Marie d'Alloix\",\"Annecy\"],\"articleSection\":[\"Revue de presse\"],\"inLanguage\":\"fr-FR\"},{\"@type\":\"WebPage\",\"@id\":\"https:\\\/\\\/www.altercampagne.net\\\/?p=4463\",\"url\":\"https:\\\/\\\/www.altercampagne.net\\\/?p=4463\",\"name\":\"L\u2019Altertour passera d\u00e9but juillet \u00e0 Annecy, Chamb\u00e9ry, Sainte-Marie d\u2019Alloix et Grenoble - AlterTour\",\"isPartOf\":{\"@id\":\"https:\\\/\\\/www.altercampagne.net\\\/#website\"},\"datePublished\":\"2011-06-28T15:27:39+00:00\",\"dateModified\":\"2016-04-21T15:29:36+00:00\",\"author\":{\"@id\":\"https:\\\/\\\/www.altercampagne.net\\\/#\\\/schema\\\/person\\\/0f261460c09e430caa0f9bcffa319109\"},\"breadcrumb\":{\"@id\":\"https:\\\/\\\/www.altercampagne.net\\\/?p=4463#breadcrumb\"},\"inLanguage\":\"fr-FR\",\"potentialAction\":[{\"@type\":\"ReadAction\",\"target\":[\"https:\\\/\\\/www.altercampagne.net\\\/?p=4463\"]}]},{\"@type\":\"BreadcrumbList\",\"@id\":\"https:\\\/\\\/www.altercampagne.net\\\/?p=4463#breadcrumb\",\"itemListElement\":[{\"@type\":\"ListItem\",\"position\":1,\"name\":\"Accueil\",\"item\":\"https:\\\/\\\/www.altercampagne.net\\\/\"},{\"@type\":\"ListItem\",\"position\":2,\"name\":\"L\u2019Altertour passera d\u00e9but juillet \u00e0 Annecy, Chamb\u00e9ry, Sainte-Marie d\u2019Alloix et Grenoble\"}]},{\"@type\":\"WebSite\",\"@id\":\"https:\\\/\\\/www.altercampagne.net\\\/#website\",\"url\":\"https:\\\/\\\/www.altercampagne.net\\\/\",\"name\":\"AlterTour\",\"description\":\"Reliez les Alternatives \u00e0 v\u00e9lo\",\"potentialAction\":[{\"@type\":\"SearchAction\",\"target\":{\"@type\":\"EntryPoint\",\"urlTemplate\":\"https:\\\/\\\/www.altercampagne.net\\\/?s={search_term_string}\"},\"query-input\":{\"@type\":\"PropertyValueSpecification\",\"valueRequired\":true,\"valueName\":\"search_term_string\"}}],\"inLanguage\":\"fr-FR\"},{\"@type\":\"Person\",\"@id\":\"https:\\\/\\\/www.altercampagne.net\\\/#\\\/schema\\\/person\\\/0f261460c09e430caa0f9bcffa319109\",\"name\":\"Mathieu\",\"image\":{\"@type\":\"ImageObject\",\"inLanguage\":\"fr-FR\",\"@id\":\"https:\\\/\\\/secure.gravatar.com\\\/avatar\\\/aa9d3d24c83f2141e5e2709d0f63d09a99f6be6bb7a50abc4915838d9f54501a?s=96&d=mm&r=g\",\"url\":\"https:\\\/\\\/secure.gravatar.com\\\/avatar\\\/aa9d3d24c83f2141e5e2709d0f63d09a99f6be6bb7a50abc4915838d9f54501a?s=96&d=mm&r=g\",\"contentUrl\":\"https:\\\/\\\/secure.gravatar.com\\\/avatar\\\/aa9d3d24c83f2141e5e2709d0f63d09a99f6be6bb7a50abc4915838d9f54501a?s=96&d=mm&r=g\",\"caption\":\"Mathieu\"},\"url\":\"https:\\\/\\\/www.altercampagne.net\\\/?author=214\"}]}<\/script>\n<!-- \/ Yoast SEO plugin. -->","yoast_head_json":{"title":"L\u2019Altertour passera d\u00e9but juillet \u00e0 Annecy, Chamb\u00e9ry, Sainte-Marie d\u2019Alloix et Grenoble - AlterTour","robots":{"index":"index","follow":"follow","max-snippet":"max-snippet:-1","max-image-preview":"max-image-preview:large","max-video-preview":"max-video-preview:-1"},"canonical":"https:\/\/www.altercampagne.net\/?p=4463","og_locale":"fr_FR","og_type":"article","og_title":"L\u2019Altertour passera d\u00e9but juillet \u00e0 Annecy, Chamb\u00e9ry, Sainte-Marie d\u2019Alloix et Grenoble - AlterTour","og_description":"Avez-vous d\u00e9j\u00e0 entendu parler de l\u2019AlterTour ? C\u2019est en fait un tour de France alternatif et familial pour d\u00e9noncer le dopage sous toutes ses formes : dans le sport mais aussi dans l\u2019agriculture productiviste et industrielle ou encore dans l\u2019\u00e9conomie de march\u00e9. Cette manifestation itin\u00e9rante \u00e0 v\u00e9lo est organis\u00e9e par ... Read More","og_url":"https:\/\/www.altercampagne.net\/?p=4463","og_site_name":"AlterTour","article_published_time":"2011-06-28T15:27:39+00:00","article_modified_time":"2016-04-21T15:29:36+00:00","author":"Mathieu","twitter_card":"summary_large_image","twitter_misc":{"\u00c9crit par":"Mathieu","Dur\u00e9e de lecture estim\u00e9e":"1 minute"},"schema":{"@context":"https:\/\/schema.org","@graph":[{"@type":"Article","@id":"https:\/\/www.altercampagne.net\/?p=4463#article","isPartOf":{"@id":"https:\/\/www.altercampagne.net\/?p=4463"},"author":{"name":"Mathieu","@id":"https:\/\/www.altercampagne.net\/#\/schema\/person\/0f261460c09e430caa0f9bcffa319109"},"headline":"L\u2019Altertour passera d\u00e9but juillet \u00e0 Annecy, Chamb\u00e9ry, Sainte-Marie d\u2019Alloix et Grenoble","datePublished":"2011-06-28T15:27:39+00:00","dateModified":"2016-04-21T15:29:36+00:00","mainEntityOfPage":{"@id":"https:\/\/www.altercampagne.net\/?p=4463"},"wordCount":206,"keywords":["AlterTour 2011","Grenoble","Rhone-Alpes","2011","Chamb\u00e9ry","Sainte Marie d'Alloix","Annecy"],"articleSection":["Revue de presse"],"inLanguage":"fr-FR"},{"@type":"WebPage","@id":"https:\/\/www.altercampagne.net\/?p=4463","url":"https:\/\/www.altercampagne.net\/?p=4463","name":"L\u2019Altertour passera d\u00e9but juillet \u00e0 Annecy, Chamb\u00e9ry, Sainte-Marie d\u2019Alloix et Grenoble - AlterTour","isPartOf":{"@id":"https:\/\/www.altercampagne.net\/#website"},"datePublished":"2011-06-28T15:27:39+00:00","dateModified":"2016-04-21T15:29:36+00:00","author":{"@id":"https:\/\/www.altercampagne.net\/#\/schema\/person\/0f261460c09e430caa0f9bcffa319109"},"breadcrumb":{"@id":"https:\/\/www.altercampagne.net\/?p=4463#breadcrumb"},"inLanguage":"fr-FR","potentialAction":[{"@type":"ReadAction","target":["https:\/\/www.altercampagne.net\/?p=4463"]}]},{"@type":"BreadcrumbList","@id":"https:\/\/www.altercampagne.net\/?p=4463#breadcrumb","itemListElement":[{"@type":"ListItem","position":1,"name":"Accueil","item":"https:\/\/www.altercampagne.net\/"},{"@type":"ListItem","position":2,"name":"L\u2019Altertour passera d\u00e9but juillet \u00e0 Annecy, Chamb\u00e9ry, Sainte-Marie d\u2019Alloix et Grenoble"}]},{"@type":"WebSite","@id":"https:\/\/www.altercampagne.net\/#website","url":"https:\/\/www.altercampagne.net\/","name":"AlterTour","description":"Reliez les Alternatives \u00e0 v\u00e9lo","potentialAction":[{"@type":"SearchAction","target":{"@type":"EntryPoint","urlTemplate":"https:\/\/www.altercampagne.net\/?s={search_term_string}"},"query-input":{"@type":"PropertyValueSpecification","valueRequired":true,"valueName":"search_term_string"}}],"inLanguage":"fr-FR"},{"@type":"Person","@id":"https:\/\/www.altercampagne.net\/#\/schema\/person\/0f261460c09e430caa0f9bcffa319109","name":"Mathieu","image":{"@type":"ImageObject","inLanguage":"fr-FR","@id":"https:\/\/secure.gravatar.com\/avatar\/aa9d3d24c83f2141e5e2709d0f63d09a99f6be6bb7a50abc4915838d9f54501a?s=96&d=mm&r=g","url":"https:\/\/secure.gravatar.com\/avatar\/aa9d3d24c83f2141e5e2709d0f63d09a99f6be6bb7a50abc4915838d9f54501a?s=96&d=mm&r=g","contentUrl":"https:\/\/secure.gravatar.com\/avatar\/aa9d3d24c83f2141e5e2709d0f63d09a99f6be6bb7a50abc4915838d9f54501a?s=96&d=mm&r=g","caption":"Mathieu"},"url":"https:\/\/www.altercampagne.net\/?author=214"}]}},"_links":{"self":[{"href":"https:\/\/www.altercampagne.net\/index.php?rest_route=\/wp\/v2\/posts\/4463","targetHints":{"allow":["GET"]}}],"collection":[{"href":"https:\/\/www.altercampagne.net\/index.php?rest_route=\/wp\/v2\/posts"}],"about":[{"href":"https:\/\/www.altercampagne.net\/index.php?rest_route=\/wp\/v2\/types\/post"}],"author":[{"embeddable":true,"href":"https:\/\/www.altercampagne.net\/index.php?rest_route=\/wp\/v2\/users\/214"}],"replies":[{"embeddable":true,"href":"https:\/\/www.altercampagne.net\/index.php?rest_route=%2Fwp%2Fv2%2Fcomments&post=4463"}],"version-history":[{"count":0,"href":"https:\/\/www.altercampagne.net\/index.php?rest_route=\/wp\/v2\/posts\/4463\/revisions"}],"wp:attachment":[{"href":"https:\/\/www.altercampagne.net\/index.php?rest_route=%2Fwp%2Fv2%2Fmedia&parent=4463"}],"wp:term":[{"taxonomy":"category","embeddable":true,"href":"https:\/\/www.altercampagne.net\/index.php?rest_route=%2Fwp%2Fv2%2Fcategories&post=4463"},{"taxonomy":"post_tag","embeddable":true,"href":"https:\/\/www.altercampagne.net\/index.php?rest_route=%2Fwp%2Fv2%2Ftags&post=4463"}],"curies":[{"name":"wp","href":"https:\/\/api.w.org\/{rel}","templated":true}]}}