{"id":4465,"date":"2011-06-25T17:30:41","date_gmt":"2011-06-25T15:30:41","guid":{"rendered":"http:\/\/www.altercampagne.net\/?p=4465"},"modified":"2016-04-21T17:32:52","modified_gmt":"2016-04-21T15:32:52","slug":"laltertour-arrive-en-provence","status":"publish","type":"post","link":"https:\/\/www.altercampagne.net\/?p=4465","title":{"rendered":"L\u2019AlterTour arrive en Provence"},"content":{"rendered":"<p>L\u2019AlterTour, pour une plan\u00e8te sans dopage, sera en Provence du mercredi 20 juillet 2011 \u00e0 Limans (pr\u00e8s de Forcalquier) au vendredi 29 juillet \u00e0 Fontvieille (pr\u00e8s d\u2019Arles) en passant par Saignon (Apt), M\u00e9rindol, Mallemort (pique-nique chez <a class=\"spip_in\" href=\"http:\/\/lespaniersmarseillais.org\/-Robert-Roussier-\">Robert,<\/a> agriculteur-conseil des Paniers, le dimanche 24 juillet 2011) Le Thor, Avignon, Sulauze, Fontvieille, Arles.<\/p>\n<p>Les PAMA co-organisent ce tron\u00e7on.<\/p>\n<p>Inscrivez-vous pour donner quelques coups de p\u00e9dale avec les altercyclistes, venus de toute la France et d\u2019ailleurs\u00a0!<\/p>\n<p style=\"text-align: right;\"><strong>Les paniers Marseillais<\/strong><\/p>\n","protected":false},"excerpt":{"rendered":"<p>L\u2019AlterTour, pour une plan\u00e8te sans dopage, sera en Provence du mercredi 20 juillet 2011 \u00e0 Limans (pr\u00e8s de Forcalquier) au vendredi 29 juillet \u00e0 Fontvieille (pr\u00e8s d\u2019Arles) en passant par Saignon (Apt), M\u00e9rindol, Mallemort (pique-nique chez Robert, agriculteur-conseil des Paniers, le dimanche 24 juillet 2011) Le Thor, Avignon, Sulauze, Fontvieille, &#8230; <\/p>\n<div><a href=\"https:\/\/www.altercampagne.net\/?p=4465\" class=\"more-link\">Read More<\/a><\/div>\n","protected":false},"author":214,"featured_media":0,"comment_status":"closed","ping_status":"closed","sticky":false,"template":"","format":"standard","meta":{"footnotes":""},"categories":[1],"tags":[836,1072,1298,1401,1403,1428,1979,1984,1987,1990,1993,2048,2070,2071,2072],"class_list":["post-4465","post","type-post","status-publish","format-standard","hentry","category-non-classe","tag-altertour-2011","tag-saignon","tag-avignon","tag-merindol","tag-paniers-marseillais","tag-apt","tag-1979","tag-provence-alpes-cote-dazur","tag-limans","tag-le-thor","tag-fontvieille","tag-arles","tag-forcalquier","tag-mallemort","tag-sulauze","no-post-thumbnail"],"yoast_head":"<!-- This site is optimized with the Yoast SEO plugin v27.3 - https:\/\/yoast.com\/product\/yoast-seo-wordpress\/ -->\n<title>L\u2019AlterTour arrive en Provence - AlterTour<\/title>\n<meta name=\"robots\" content=\"index, follow, max-snippet:-1, max-image-preview:large, max-video-preview:-1\" \/>\n<link rel=\"canonical\" href=\"https:\/\/www.altercampagne.net\/?p=4465\" \/>\n<meta property=\"og:locale\" content=\"fr_FR\" \/>\n<meta property=\"og:type\" content=\"article\" \/>\n<meta property=\"og:title\" content=\"L\u2019AlterTour arrive en Provence - AlterTour\" \/>\n<meta property=\"og:description\" content=\"L\u2019AlterTour, pour une plan\u00e8te sans dopage, sera en Provence du mercredi 20 juillet 2011 \u00e0 Limans (pr\u00e8s de Forcalquier) au vendredi 29 juillet \u00e0 Fontvieille (pr\u00e8s d\u2019Arles) en passant par Saignon (Apt), M\u00e9rindol, Mallemort (pique-nique chez Robert, agriculteur-conseil des Paniers, le dimanche 24 juillet 2011) Le Thor, Avignon, Sulauze, Fontvieille, ... Read More\" \/>\n<meta property=\"og:url\" content=\"https:\/\/www.altercampagne.net\/?p=4465\" \/>\n<meta property=\"og:site_name\" content=\"AlterTour\" \/>\n<meta property=\"article:published_time\" content=\"2011-06-25T15:30:41+00:00\" \/>\n<meta property=\"article:modified_time\" content=\"2016-04-21T15:32:52+00:00\" \/>\n<meta name=\"author\" content=\"Mathieu\" \/>\n<meta name=\"twitter:card\" content=\"summary_large_image\" \/>\n<meta name=\"twitter:label1\" content=\"\u00c9crit par\" \/>\n\t<meta name=\"twitter:data1\" content=\"Mathieu\" \/>\n<script type=\"application\/ld+json\" class=\"yoast-schema-graph\">{\"@context\":\"https:\\\/\\\/schema.org\",\"@graph\":[{\"@type\":\"Article\",\"@id\":\"https:\\\/\\\/www.altercampagne.net\\\/?p=4465#article\",\"isPartOf\":{\"@id\":\"https:\\\/\\\/www.altercampagne.net\\\/?p=4465\"},\"author\":{\"name\":\"Mathieu\",\"@id\":\"https:\\\/\\\/www.altercampagne.net\\\/#\\\/schema\\\/person\\\/0f261460c09e430caa0f9bcffa319109\"},\"headline\":\"L\u2019AlterTour arrive en Provence\",\"datePublished\":\"2011-06-25T15:30:41+00:00\",\"dateModified\":\"2016-04-21T15:32:52+00:00\",\"mainEntityOfPage\":{\"@id\":\"https:\\\/\\\/www.altercampagne.net\\\/?p=4465\"},\"wordCount\":83,\"keywords\":[\"AlterTour 2011\",\"Saignon\",\"avignon\",\"Merindol\",\"Paniers Marseillais\",\"Apt\",\"2011\",\"Provence-Alpes-C\u00f4te d'Azur\",\"limans\",\"Le Thor\",\"Fontvieille\",\"Arles\",\"Forcalquier\",\"Mallemort\",\"Sulauze\"],\"inLanguage\":\"fr-FR\"},{\"@type\":\"WebPage\",\"@id\":\"https:\\\/\\\/www.altercampagne.net\\\/?p=4465\",\"url\":\"https:\\\/\\\/www.altercampagne.net\\\/?p=4465\",\"name\":\"L\u2019AlterTour arrive en Provence - AlterTour\",\"isPartOf\":{\"@id\":\"https:\\\/\\\/www.altercampagne.net\\\/#website\"},\"datePublished\":\"2011-06-25T15:30:41+00:00\",\"dateModified\":\"2016-04-21T15:32:52+00:00\",\"author\":{\"@id\":\"https:\\\/\\\/www.altercampagne.net\\\/#\\\/schema\\\/person\\\/0f261460c09e430caa0f9bcffa319109\"},\"breadcrumb\":{\"@id\":\"https:\\\/\\\/www.altercampagne.net\\\/?p=4465#breadcrumb\"},\"inLanguage\":\"fr-FR\",\"potentialAction\":[{\"@type\":\"ReadAction\",\"target\":[\"https:\\\/\\\/www.altercampagne.net\\\/?p=4465\"]}]},{\"@type\":\"BreadcrumbList\",\"@id\":\"https:\\\/\\\/www.altercampagne.net\\\/?p=4465#breadcrumb\",\"itemListElement\":[{\"@type\":\"ListItem\",\"position\":1,\"name\":\"Accueil\",\"item\":\"https:\\\/\\\/www.altercampagne.net\\\/\"},{\"@type\":\"ListItem\",\"position\":2,\"name\":\"L\u2019AlterTour arrive en Provence\"}]},{\"@type\":\"WebSite\",\"@id\":\"https:\\\/\\\/www.altercampagne.net\\\/#website\",\"url\":\"https:\\\/\\\/www.altercampagne.net\\\/\",\"name\":\"AlterTour\",\"description\":\"Reliez les Alternatives \u00e0 v\u00e9lo\",\"potentialAction\":[{\"@type\":\"SearchAction\",\"target\":{\"@type\":\"EntryPoint\",\"urlTemplate\":\"https:\\\/\\\/www.altercampagne.net\\\/?s={search_term_string}\"},\"query-input\":{\"@type\":\"PropertyValueSpecification\",\"valueRequired\":true,\"valueName\":\"search_term_string\"}}],\"inLanguage\":\"fr-FR\"},{\"@type\":\"Person\",\"@id\":\"https:\\\/\\\/www.altercampagne.net\\\/#\\\/schema\\\/person\\\/0f261460c09e430caa0f9bcffa319109\",\"name\":\"Mathieu\",\"image\":{\"@type\":\"ImageObject\",\"inLanguage\":\"fr-FR\",\"@id\":\"https:\\\/\\\/secure.gravatar.com\\\/avatar\\\/aa9d3d24c83f2141e5e2709d0f63d09a99f6be6bb7a50abc4915838d9f54501a?s=96&d=mm&r=g\",\"url\":\"https:\\\/\\\/secure.gravatar.com\\\/avatar\\\/aa9d3d24c83f2141e5e2709d0f63d09a99f6be6bb7a50abc4915838d9f54501a?s=96&d=mm&r=g\",\"contentUrl\":\"https:\\\/\\\/secure.gravatar.com\\\/avatar\\\/aa9d3d24c83f2141e5e2709d0f63d09a99f6be6bb7a50abc4915838d9f54501a?s=96&d=mm&r=g\",\"caption\":\"Mathieu\"},\"url\":\"https:\\\/\\\/www.altercampagne.net\\\/?author=214\"}]}<\/script>\n<!-- \/ Yoast SEO plugin. -->","yoast_head_json":{"title":"L\u2019AlterTour arrive en Provence - AlterTour","robots":{"index":"index","follow":"follow","max-snippet":"max-snippet:-1","max-image-preview":"max-image-preview:large","max-video-preview":"max-video-preview:-1"},"canonical":"https:\/\/www.altercampagne.net\/?p=4465","og_locale":"fr_FR","og_type":"article","og_title":"L\u2019AlterTour arrive en Provence - AlterTour","og_description":"L\u2019AlterTour, pour une plan\u00e8te sans dopage, sera en Provence du mercredi 20 juillet 2011 \u00e0 Limans (pr\u00e8s de Forcalquier) au vendredi 29 juillet \u00e0 Fontvieille (pr\u00e8s d\u2019Arles) en passant par Saignon (Apt), M\u00e9rindol, Mallemort (pique-nique chez Robert, agriculteur-conseil des Paniers, le dimanche 24 juillet 2011) Le Thor, Avignon, Sulauze, Fontvieille, ... Read More","og_url":"https:\/\/www.altercampagne.net\/?p=4465","og_site_name":"AlterTour","article_published_time":"2011-06-25T15:30:41+00:00","article_modified_time":"2016-04-21T15:32:52+00:00","author":"Mathieu","twitter_card":"summary_large_image","twitter_misc":{"\u00c9crit par":"Mathieu"},"schema":{"@context":"https:\/\/schema.org","@graph":[{"@type":"Article","@id":"https:\/\/www.altercampagne.net\/?p=4465#article","isPartOf":{"@id":"https:\/\/www.altercampagne.net\/?p=4465"},"author":{"name":"Mathieu","@id":"https:\/\/www.altercampagne.net\/#\/schema\/person\/0f261460c09e430caa0f9bcffa319109"},"headline":"L\u2019AlterTour arrive en Provence","datePublished":"2011-06-25T15:30:41+00:00","dateModified":"2016-04-21T15:32:52+00:00","mainEntityOfPage":{"@id":"https:\/\/www.altercampagne.net\/?p=4465"},"wordCount":83,"keywords":["AlterTour 2011","Saignon","avignon","Merindol","Paniers Marseillais","Apt","2011","Provence-Alpes-C\u00f4te d'Azur","limans","Le Thor","Fontvieille","Arles","Forcalquier","Mallemort","Sulauze"],"inLanguage":"fr-FR"},{"@type":"WebPage","@id":"https:\/\/www.altercampagne.net\/?p=4465","url":"https:\/\/www.altercampagne.net\/?p=4465","name":"L\u2019AlterTour arrive en Provence - AlterTour","isPartOf":{"@id":"https:\/\/www.altercampagne.net\/#website"},"datePublished":"2011-06-25T15:30:41+00:00","dateModified":"2016-04-21T15:32:52+00:00","author":{"@id":"https:\/\/www.altercampagne.net\/#\/schema\/person\/0f261460c09e430caa0f9bcffa319109"},"breadcrumb":{"@id":"https:\/\/www.altercampagne.net\/?p=4465#breadcrumb"},"inLanguage":"fr-FR","potentialAction":[{"@type":"ReadAction","target":["https:\/\/www.altercampagne.net\/?p=4465"]}]},{"@type":"BreadcrumbList","@id":"https:\/\/www.altercampagne.net\/?p=4465#breadcrumb","itemListElement":[{"@type":"ListItem","position":1,"name":"Accueil","item":"https:\/\/www.altercampagne.net\/"},{"@type":"ListItem","position":2,"name":"L\u2019AlterTour arrive en Provence"}]},{"@type":"WebSite","@id":"https:\/\/www.altercampagne.net\/#website","url":"https:\/\/www.altercampagne.net\/","name":"AlterTour","description":"Reliez les Alternatives \u00e0 v\u00e9lo","potentialAction":[{"@type":"SearchAction","target":{"@type":"EntryPoint","urlTemplate":"https:\/\/www.altercampagne.net\/?s={search_term_string}"},"query-input":{"@type":"PropertyValueSpecification","valueRequired":true,"valueName":"search_term_string"}}],"inLanguage":"fr-FR"},{"@type":"Person","@id":"https:\/\/www.altercampagne.net\/#\/schema\/person\/0f261460c09e430caa0f9bcffa319109","name":"Mathieu","image":{"@type":"ImageObject","inLanguage":"fr-FR","@id":"https:\/\/secure.gravatar.com\/avatar\/aa9d3d24c83f2141e5e2709d0f63d09a99f6be6bb7a50abc4915838d9f54501a?s=96&d=mm&r=g","url":"https:\/\/secure.gravatar.com\/avatar\/aa9d3d24c83f2141e5e2709d0f63d09a99f6be6bb7a50abc4915838d9f54501a?s=96&d=mm&r=g","contentUrl":"https:\/\/secure.gravatar.com\/avatar\/aa9d3d24c83f2141e5e2709d0f63d09a99f6be6bb7a50abc4915838d9f54501a?s=96&d=mm&r=g","caption":"Mathieu"},"url":"https:\/\/www.altercampagne.net\/?author=214"}]}},"_links":{"self":[{"href":"https:\/\/www.altercampagne.net\/index.php?rest_route=\/wp\/v2\/posts\/4465","targetHints":{"allow":["GET"]}}],"collection":[{"href":"https:\/\/www.altercampagne.net\/index.php?rest_route=\/wp\/v2\/posts"}],"about":[{"href":"https:\/\/www.altercampagne.net\/index.php?rest_route=\/wp\/v2\/types\/post"}],"author":[{"embeddable":true,"href":"https:\/\/www.altercampagne.net\/index.php?rest_route=\/wp\/v2\/users\/214"}],"replies":[{"embeddable":true,"href":"https:\/\/www.altercampagne.net\/index.php?rest_route=%2Fwp%2Fv2%2Fcomments&post=4465"}],"version-history":[{"count":0,"href":"https:\/\/www.altercampagne.net\/index.php?rest_route=\/wp\/v2\/posts\/4465\/revisions"}],"wp:attachment":[{"href":"https:\/\/www.altercampagne.net\/index.php?rest_route=%2Fwp%2Fv2%2Fmedia&parent=4465"}],"wp:term":[{"taxonomy":"category","embeddable":true,"href":"https:\/\/www.altercampagne.net\/index.php?rest_route=%2Fwp%2Fv2%2Fcategories&post=4465"},{"taxonomy":"post_tag","embeddable":true,"href":"https:\/\/www.altercampagne.net\/index.php?rest_route=%2Fwp%2Fv2%2Ftags&post=4465"}],"curies":[{"name":"wp","href":"https:\/\/api.w.org\/{rel}","templated":true}]}}