{"id":4467,"date":"2011-06-22T17:34:53","date_gmt":"2011-06-22T15:34:53","guid":{"rendered":"http:\/\/www.altercampagne.net\/?p=4467"},"modified":"2016-04-21T17:45:14","modified_gmt":"2016-04-21T15:45:14","slug":"laltertour-a-eourres","status":"publish","type":"post","link":"https:\/\/www.altercampagne.net\/?p=4467","title":{"rendered":"l&rsquo;AlterTour \u00e0 Eourres"},"content":{"rendered":"<p>Les 18 et 19 Juillet 2011, L&rsquo;AlterTour fait \u00e9tape \u00e0 Eourres et un programme des festivit\u00e9s et d&rsquo;\u00e9changes a \u00e9t\u00e9 sp\u00e9cialement pr\u00e9par\u00e9 pour cette occasion.<br \/>\nL&rsquo;AlterTour est une manifestation sportive et culturelle visant \u00e0 tisser des liens entre les lieux alternatifs, les alternatives et les humains qui les animent.<br \/>\nC&rsquo;est aussi un \u00e9v\u00e9nement militant en r\u00e9ponse au dopage dans le sport, l&rsquo;agriculture,<br \/>\nl&rsquo;\u00e9conomie, l&rsquo;enseignement, les t\u00e9l\u00e9communications&#8230;<br \/>\nL&rsquo;\u00e9dition 2011 relie Gen\u00e8ve au Larzac \u00e0 v\u00e9lo et s&rsquo;arr\u00eate pour une \u00e9tape de repos \u00e0 \u00c9ourres.<br \/>\n\u00c9ourres qui s&rsquo;inscrit dans la m\u00eame dynamique que ce tour cycliste solidaire en faveur de mod\u00e8les agricoles, \u00e9conomique et sociaux respectueux de l&rsquo;\u00eatre humain et de la nature est donc tr\u00e8s heureux d&rsquo;accueillir les altercyclistes<\/p>\n<p>PROGRAMME DES R\u00c9JOUISSANCES<\/p>\n<p>Lundi 18 Juillet 2011<br \/>\nL&rsquo;arriv\u00e9e festive du peloton d&rsquo;altercyclistes est pr\u00e9vue en fin de matin\u00e9e sous les acclamations des petits enfants et des plus grands enfants. Les villageois auront pr\u00e9par\u00e9 un repas type \u00ab\u00a0auberge espagnole\u00a0\u00bbo\u00f9 chacun pourra \u00eatre surpris par la cr\u00e9ativit\u00e9 culinaire et les saveurs des pr\u00e9parations o\u00f9 chacun pourra \u00eatre surpris par la cr\u00e9ativit\u00e9 culinaire et les saveurs des pr\u00e9parations.<\/p>\n<p>L&rsquo;apr\u00e8s-midi une promenade digestive est propos\u00e9e avec la visite du village par quelques conseillers municipaux, qui mettent l\u2019accent sur des particularit\u00e9s du village, du \u00ab\u00a0vivre \u00e0 Eourres\u00a0\u00bb.<\/p>\n<p>Le soir venu, Les altercyclistes se retrouvent \u00e0 la table du L\u00e9zard Vert, restaurant biologique du village qui ne manque jamais une occasion d&rsquo;\u00e9merveiller les papilles de ses convives.<\/p>\n<p>Dans la nuit, danse au sommet d&rsquo;une colline sur les sonorit\u00e9s reggae du So Divine Sound System anim\u00e9 par D.J. SelecktSam. Invit\u00e9 surprise, buvette et petite restauration sont assur\u00e9es. Une soir\u00e9e bien s\u00fbr dans la sobri\u00e9t\u00e9 heureuse.<\/p>\n<p>Apr\u00e8s une nuit de f\u00eate, le mardi-matin les habitants offrent le petit d\u00e9jeuner \u00e0 la maison et mettent \u00e0 disposition leur salle de bains. En effet, c&rsquo;est le jour de repos pour nos altercyclistes, l&rsquo;occasion de d\u00e9couvrir les environs proches, r\u00e9parer les v\u00e9los et refaire le monde.<\/p>\n<p>Une apr\u00e8s midi ensuite pour d\u00e9couvrir les acteurs et activit\u00e9s du village \u00e0 travers des visites et des animations gratuites :<\/p>\n<p>L&rsquo;apr\u00e8s-midi sera consacr\u00e9 \u00e0 la pr\u00e9sentation des diff\u00e9rents acteurs et activit\u00e9s qui font d&rsquo;\u00c9ourres un village atypique<\/p>\n<p>Dessins anim\u00e9s sous chapiteau pour le public familial. Oeuvres libre de droits diffus\u00e9es par le Cin\u00e9ma voyageur<br \/>\nYves Michel, un \u00e9diteur engag\u00e9 pour un autre monde : parcours, programme, qu&rsquo;est-ce qu&rsquo;un \u00e9diteur, vision du monde actuel, questions mon\u00e9taires<br \/>\nAssociation L.E.S.A et son sentier de l&rsquo;eau<br \/>\nDiaporamas photographiques de G\u00e9rard Schmitt, photographe de vie sauvage (3 diaporamas de 5 min.)<br \/>\nOsi\u00e9riculteurs-vanniers : L&rsquo;Oseraie du Possible et la d\u00e9couverte de son \u00e9co&rsquo;atelier construit en botte de paille &#8211; inscrit dans les cent fermes remarquables de la r\u00e9gion paca, ainsi que son activit\u00e9 autour du saule osier<\/p>\n<p>Enfin, l&rsquo;\u00e9tape s\u2019est cl\u00f4tur\u00e9e le mardi soir en compagnie du Cin\u00e9ma Voyageur pour une projection de documentaire en plein air au c\u0153ur du village : Paso una Abeja (Une abeille passe) &#8211; 52 minutes Documentaire &#8211; r\u00e9alis\u00e9 par Samuel Bettex et Florian Pourchi<\/p>\n<p>La projection a \u00e9t\u00e9 suivie d&rsquo;un d\u00e9bat sur le th\u00e8me des droits d&rsquo;auteur, des majors de l&rsquo;audiovisuel et l&rsquo;alternative du libre de droit.<\/p>\n<p style=\"text-align: right;\"><strong>La commune d&rsquo;Eourre<\/strong><\/p>\n","protected":false},"excerpt":{"rendered":"<p>Les 18 et 19 Juillet 2011, L&rsquo;AlterTour fait \u00e9tape \u00e0 Eourres et un programme des festivit\u00e9s et d&rsquo;\u00e9changes a \u00e9t\u00e9 sp\u00e9cialement pr\u00e9par\u00e9 pour cette occasion. L&rsquo;AlterTour est une manifestation sportive et culturelle visant \u00e0 tisser des liens entre les lieux alternatifs, les alternatives et les humains qui les animent. C&rsquo;est &#8230; <\/p>\n<div><a href=\"https:\/\/www.altercampagne.net\/?p=4467\" class=\"more-link\">Read More<\/a><\/div>\n","protected":false},"author":214,"featured_media":0,"comment_status":"closed","ping_status":"closed","sticky":false,"template":"","format":"standard","meta":{"footnotes":""},"categories":[1],"tags":[836,1433,1438,1440,1979,1983,1984,2073,2074,2075,2076,2077],"class_list":["post-4467","post","type-post","status-publish","format-standard","hentry","category-non-classe","tag-altertour-2011","tag-eourres","tag-yves-michel","tag-lezard-vert","tag-1979","tag-hautes-alpes","tag-provence-alpes-cote-dazur","tag-vivre-a-eourres","tag-so-divine-sound-system","tag-d-j-selecktsam","tag-association-l-e-s-a","tag-gerard-schmitt","no-post-thumbnail"],"yoast_head":"<!-- This site is optimized with the Yoast SEO plugin v27.3 - https:\/\/yoast.com\/product\/yoast-seo-wordpress\/ -->\n<title>l&#039;AlterTour \u00e0 Eourres - AlterTour<\/title>\n<meta name=\"robots\" content=\"index, follow, max-snippet:-1, max-image-preview:large, max-video-preview:-1\" \/>\n<link rel=\"canonical\" href=\"https:\/\/www.altercampagne.net\/?p=4467\" \/>\n<meta property=\"og:locale\" content=\"fr_FR\" \/>\n<meta property=\"og:type\" content=\"article\" \/>\n<meta property=\"og:title\" content=\"l&#039;AlterTour \u00e0 Eourres - AlterTour\" \/>\n<meta property=\"og:description\" content=\"Les 18 et 19 Juillet 2011, L&rsquo;AlterTour fait \u00e9tape \u00e0 Eourres et un programme des festivit\u00e9s et d&rsquo;\u00e9changes a \u00e9t\u00e9 sp\u00e9cialement pr\u00e9par\u00e9 pour cette occasion. L&rsquo;AlterTour est une manifestation sportive et culturelle visant \u00e0 tisser des liens entre les lieux alternatifs, les alternatives et les humains qui les animent. C&rsquo;est ... Read More\" \/>\n<meta property=\"og:url\" content=\"https:\/\/www.altercampagne.net\/?p=4467\" \/>\n<meta property=\"og:site_name\" content=\"AlterTour\" \/>\n<meta property=\"article:published_time\" content=\"2011-06-22T15:34:53+00:00\" \/>\n<meta property=\"article:modified_time\" content=\"2016-04-21T15:45:14+00:00\" \/>\n<meta name=\"author\" content=\"Mathieu\" \/>\n<meta name=\"twitter:card\" content=\"summary_large_image\" \/>\n<meta name=\"twitter:label1\" content=\"\u00c9crit par\" \/>\n\t<meta name=\"twitter:data1\" content=\"Mathieu\" \/>\n\t<meta name=\"twitter:label2\" content=\"Dur\u00e9e de lecture estim\u00e9e\" \/>\n\t<meta name=\"twitter:data2\" content=\"3 minutes\" \/>\n<script type=\"application\/ld+json\" class=\"yoast-schema-graph\">{\"@context\":\"https:\\\/\\\/schema.org\",\"@graph\":[{\"@type\":\"Article\",\"@id\":\"https:\\\/\\\/www.altercampagne.net\\\/?p=4467#article\",\"isPartOf\":{\"@id\":\"https:\\\/\\\/www.altercampagne.net\\\/?p=4467\"},\"author\":{\"name\":\"Mathieu\",\"@id\":\"https:\\\/\\\/www.altercampagne.net\\\/#\\\/schema\\\/person\\\/0f261460c09e430caa0f9bcffa319109\"},\"headline\":\"l&rsquo;AlterTour \u00e0 Eourres\",\"datePublished\":\"2011-06-22T15:34:53+00:00\",\"dateModified\":\"2016-04-21T15:45:14+00:00\",\"mainEntityOfPage\":{\"@id\":\"https:\\\/\\\/www.altercampagne.net\\\/?p=4467\"},\"wordCount\":602,\"keywords\":[\"AlterTour 2011\",\"\u00c9ourres\",\"Yves Michel\",\"L\u00e9zard vert\",\"2011\",\"Hautes-Alpes\",\"Provence-Alpes-C\u00f4te d'Azur\",\"vivre \u00e0 Eourres\",\"So Divine Sound System\",\"D.J. SelecktSam\",\"Association L.E.S.A\",\"G\u00e9rard Schmitt\"],\"inLanguage\":\"fr-FR\"},{\"@type\":\"WebPage\",\"@id\":\"https:\\\/\\\/www.altercampagne.net\\\/?p=4467\",\"url\":\"https:\\\/\\\/www.altercampagne.net\\\/?p=4467\",\"name\":\"l'AlterTour \u00e0 Eourres - AlterTour\",\"isPartOf\":{\"@id\":\"https:\\\/\\\/www.altercampagne.net\\\/#website\"},\"datePublished\":\"2011-06-22T15:34:53+00:00\",\"dateModified\":\"2016-04-21T15:45:14+00:00\",\"author\":{\"@id\":\"https:\\\/\\\/www.altercampagne.net\\\/#\\\/schema\\\/person\\\/0f261460c09e430caa0f9bcffa319109\"},\"breadcrumb\":{\"@id\":\"https:\\\/\\\/www.altercampagne.net\\\/?p=4467#breadcrumb\"},\"inLanguage\":\"fr-FR\",\"potentialAction\":[{\"@type\":\"ReadAction\",\"target\":[\"https:\\\/\\\/www.altercampagne.net\\\/?p=4467\"]}]},{\"@type\":\"BreadcrumbList\",\"@id\":\"https:\\\/\\\/www.altercampagne.net\\\/?p=4467#breadcrumb\",\"itemListElement\":[{\"@type\":\"ListItem\",\"position\":1,\"name\":\"Accueil\",\"item\":\"https:\\\/\\\/www.altercampagne.net\\\/\"},{\"@type\":\"ListItem\",\"position\":2,\"name\":\"l&rsquo;AlterTour \u00e0 Eourres\"}]},{\"@type\":\"WebSite\",\"@id\":\"https:\\\/\\\/www.altercampagne.net\\\/#website\",\"url\":\"https:\\\/\\\/www.altercampagne.net\\\/\",\"name\":\"AlterTour\",\"description\":\"Reliez les Alternatives \u00e0 v\u00e9lo\",\"potentialAction\":[{\"@type\":\"SearchAction\",\"target\":{\"@type\":\"EntryPoint\",\"urlTemplate\":\"https:\\\/\\\/www.altercampagne.net\\\/?s={search_term_string}\"},\"query-input\":{\"@type\":\"PropertyValueSpecification\",\"valueRequired\":true,\"valueName\":\"search_term_string\"}}],\"inLanguage\":\"fr-FR\"},{\"@type\":\"Person\",\"@id\":\"https:\\\/\\\/www.altercampagne.net\\\/#\\\/schema\\\/person\\\/0f261460c09e430caa0f9bcffa319109\",\"name\":\"Mathieu\",\"image\":{\"@type\":\"ImageObject\",\"inLanguage\":\"fr-FR\",\"@id\":\"https:\\\/\\\/secure.gravatar.com\\\/avatar\\\/aa9d3d24c83f2141e5e2709d0f63d09a99f6be6bb7a50abc4915838d9f54501a?s=96&d=mm&r=g\",\"url\":\"https:\\\/\\\/secure.gravatar.com\\\/avatar\\\/aa9d3d24c83f2141e5e2709d0f63d09a99f6be6bb7a50abc4915838d9f54501a?s=96&d=mm&r=g\",\"contentUrl\":\"https:\\\/\\\/secure.gravatar.com\\\/avatar\\\/aa9d3d24c83f2141e5e2709d0f63d09a99f6be6bb7a50abc4915838d9f54501a?s=96&d=mm&r=g\",\"caption\":\"Mathieu\"},\"url\":\"https:\\\/\\\/www.altercampagne.net\\\/?author=214\"}]}<\/script>\n<!-- \/ Yoast SEO plugin. -->","yoast_head_json":{"title":"l'AlterTour \u00e0 Eourres - AlterTour","robots":{"index":"index","follow":"follow","max-snippet":"max-snippet:-1","max-image-preview":"max-image-preview:large","max-video-preview":"max-video-preview:-1"},"canonical":"https:\/\/www.altercampagne.net\/?p=4467","og_locale":"fr_FR","og_type":"article","og_title":"l'AlterTour \u00e0 Eourres - AlterTour","og_description":"Les 18 et 19 Juillet 2011, L&rsquo;AlterTour fait \u00e9tape \u00e0 Eourres et un programme des festivit\u00e9s et d&rsquo;\u00e9changes a \u00e9t\u00e9 sp\u00e9cialement pr\u00e9par\u00e9 pour cette occasion. L&rsquo;AlterTour est une manifestation sportive et culturelle visant \u00e0 tisser des liens entre les lieux alternatifs, les alternatives et les humains qui les animent. C&rsquo;est ... Read More","og_url":"https:\/\/www.altercampagne.net\/?p=4467","og_site_name":"AlterTour","article_published_time":"2011-06-22T15:34:53+00:00","article_modified_time":"2016-04-21T15:45:14+00:00","author":"Mathieu","twitter_card":"summary_large_image","twitter_misc":{"\u00c9crit par":"Mathieu","Dur\u00e9e de lecture estim\u00e9e":"3 minutes"},"schema":{"@context":"https:\/\/schema.org","@graph":[{"@type":"Article","@id":"https:\/\/www.altercampagne.net\/?p=4467#article","isPartOf":{"@id":"https:\/\/www.altercampagne.net\/?p=4467"},"author":{"name":"Mathieu","@id":"https:\/\/www.altercampagne.net\/#\/schema\/person\/0f261460c09e430caa0f9bcffa319109"},"headline":"l&rsquo;AlterTour \u00e0 Eourres","datePublished":"2011-06-22T15:34:53+00:00","dateModified":"2016-04-21T15:45:14+00:00","mainEntityOfPage":{"@id":"https:\/\/www.altercampagne.net\/?p=4467"},"wordCount":602,"keywords":["AlterTour 2011","\u00c9ourres","Yves Michel","L\u00e9zard vert","2011","Hautes-Alpes","Provence-Alpes-C\u00f4te d'Azur","vivre \u00e0 Eourres","So Divine Sound System","D.J. SelecktSam","Association L.E.S.A","G\u00e9rard Schmitt"],"inLanguage":"fr-FR"},{"@type":"WebPage","@id":"https:\/\/www.altercampagne.net\/?p=4467","url":"https:\/\/www.altercampagne.net\/?p=4467","name":"l'AlterTour \u00e0 Eourres - AlterTour","isPartOf":{"@id":"https:\/\/www.altercampagne.net\/#website"},"datePublished":"2011-06-22T15:34:53+00:00","dateModified":"2016-04-21T15:45:14+00:00","author":{"@id":"https:\/\/www.altercampagne.net\/#\/schema\/person\/0f261460c09e430caa0f9bcffa319109"},"breadcrumb":{"@id":"https:\/\/www.altercampagne.net\/?p=4467#breadcrumb"},"inLanguage":"fr-FR","potentialAction":[{"@type":"ReadAction","target":["https:\/\/www.altercampagne.net\/?p=4467"]}]},{"@type":"BreadcrumbList","@id":"https:\/\/www.altercampagne.net\/?p=4467#breadcrumb","itemListElement":[{"@type":"ListItem","position":1,"name":"Accueil","item":"https:\/\/www.altercampagne.net\/"},{"@type":"ListItem","position":2,"name":"l&rsquo;AlterTour \u00e0 Eourres"}]},{"@type":"WebSite","@id":"https:\/\/www.altercampagne.net\/#website","url":"https:\/\/www.altercampagne.net\/","name":"AlterTour","description":"Reliez les Alternatives \u00e0 v\u00e9lo","potentialAction":[{"@type":"SearchAction","target":{"@type":"EntryPoint","urlTemplate":"https:\/\/www.altercampagne.net\/?s={search_term_string}"},"query-input":{"@type":"PropertyValueSpecification","valueRequired":true,"valueName":"search_term_string"}}],"inLanguage":"fr-FR"},{"@type":"Person","@id":"https:\/\/www.altercampagne.net\/#\/schema\/person\/0f261460c09e430caa0f9bcffa319109","name":"Mathieu","image":{"@type":"ImageObject","inLanguage":"fr-FR","@id":"https:\/\/secure.gravatar.com\/avatar\/aa9d3d24c83f2141e5e2709d0f63d09a99f6be6bb7a50abc4915838d9f54501a?s=96&d=mm&r=g","url":"https:\/\/secure.gravatar.com\/avatar\/aa9d3d24c83f2141e5e2709d0f63d09a99f6be6bb7a50abc4915838d9f54501a?s=96&d=mm&r=g","contentUrl":"https:\/\/secure.gravatar.com\/avatar\/aa9d3d24c83f2141e5e2709d0f63d09a99f6be6bb7a50abc4915838d9f54501a?s=96&d=mm&r=g","caption":"Mathieu"},"url":"https:\/\/www.altercampagne.net\/?author=214"}]}},"_links":{"self":[{"href":"https:\/\/www.altercampagne.net\/index.php?rest_route=\/wp\/v2\/posts\/4467","targetHints":{"allow":["GET"]}}],"collection":[{"href":"https:\/\/www.altercampagne.net\/index.php?rest_route=\/wp\/v2\/posts"}],"about":[{"href":"https:\/\/www.altercampagne.net\/index.php?rest_route=\/wp\/v2\/types\/post"}],"author":[{"embeddable":true,"href":"https:\/\/www.altercampagne.net\/index.php?rest_route=\/wp\/v2\/users\/214"}],"replies":[{"embeddable":true,"href":"https:\/\/www.altercampagne.net\/index.php?rest_route=%2Fwp%2Fv2%2Fcomments&post=4467"}],"version-history":[{"count":0,"href":"https:\/\/www.altercampagne.net\/index.php?rest_route=\/wp\/v2\/posts\/4467\/revisions"}],"wp:attachment":[{"href":"https:\/\/www.altercampagne.net\/index.php?rest_route=%2Fwp%2Fv2%2Fmedia&parent=4467"}],"wp:term":[{"taxonomy":"category","embeddable":true,"href":"https:\/\/www.altercampagne.net\/index.php?rest_route=%2Fwp%2Fv2%2Fcategories&post=4467"},{"taxonomy":"post_tag","embeddable":true,"href":"https:\/\/www.altercampagne.net\/index.php?rest_route=%2Fwp%2Fv2%2Ftags&post=4467"}],"curies":[{"name":"wp","href":"https:\/\/api.w.org\/{rel}","templated":true}]}}