{"id":4474,"date":"2011-01-15T17:52:58","date_gmt":"2011-01-15T16:52:58","guid":{"rendered":"http:\/\/www.altercampagne.net\/?p=4474"},"modified":"2020-02-24T17:06:16","modified_gmt":"2020-02-24T16:06:16","slug":"reunion-de-presentation-de-laltertour-2011-en-aveyron","status":"publish","type":"post","link":"https:\/\/www.altercampagne.net\/?p=4474","title":{"rendered":"R\u00e9union de pr\u00e9sentation de l\u2019Altertour 2011 en Aveyron"},"content":{"rendered":"<div class=\"crayon article-texte-5536 texte surlignable\">\n<p>AlterTour pour la sobri\u00e9t\u00e9 \u00e9nerg\u00e9tique<br class=\"manualbr\">F\u00eates, d\u00e9bats et relais cycliste \u00ab&nbsp;\u00e0 la carte&nbsp;\u00bb \u00e0 parcourir en famille<\/p>\n<p>En r\u00e9ponse au dopage dans le sport, dans l\u2019agriculture et dans l\u2019\u00e9conomie, l\u2019AlterTour est un tour cycliste solidaire pour un mod\u00e8le agricole et \u00e9conomique respectueux des hommes et de la nature.<\/p>\n<p>En 2011, la 4\u00e8me \u00e9dition partira d\u00e9but juillet de Gen\u00e8ve et terminera son parcours en ao\u00fbt dans les Grands Causses. Afin de constituer un comit\u00e9 local d\u2019organisation, nous convions toutes les personnes int\u00e9ress\u00e9es \u00e0 deux soir\u00e9es de pr\u00e9sentation de l\u2019AlterTour dans le Sud-Aveyron (entr\u00e9e libre). A cette occasion, une projection du film \u00ab&nbsp;On revient sur terre&nbsp;\u00bb de Suzanne K\u00f6r\u00f6si sera suivie d\u2019un d\u00e9bat.<\/p>\n<p>Le vendredi 14 janvier 2011 \u00e0 20h au Lieu-Dit<br class=\"manualbr\">5 rue de l\u2019industrie \u00e0 Saint-Affrique<\/p>\n<p>Le samedi 15 janvier \u00e0 20h \u00e0 la Librairie Plume(s)<br class=\"manualbr\">16 rue Saint-Martin \u00e0 Millau<\/p>\n<p>On revient sur terre<br class=\"manualbr\">Documentaire de Suzanne K\u00f6r\u00f6si (2008 &#8211; France &#8211; 84 minutes) &#8211; Production&nbsp;: Les films du r\u00e9veil<br class=\"manualbr\">En juillet 2007, Dominique, cycliste amateur et \u00e9cologiste, r\u00eave d\u2019un tour de France o\u00f9 les participants ne sont pas en comp\u00e9tition mais s\u2019entraident, et dans lequel le dopage n\u2019a aucune raison d\u2019\u00eatre. Six mois plus tard, le circuit avec ses vingt-six \u00e9tapes et autant de comit\u00e9s locaux d\u2019organisation, sur une boucle d\u2019environ trois mille kilom\u00e8tres autour du Massif Central, est pr\u00eat \u00e0 accueillir cet autre tour de France. Et le 4 juillet 2008, en m\u00eame temps que le Tour de France terni par les scandales de dopage, \u00ab&nbsp;l\u2019AlterTour pour une plan\u00e8te sans dopages&nbsp;\u00bb prend le d\u00e9part \u00e0 Cendras, pr\u00e8s d\u2019Al\u00e8s&#8230;<\/p>\n<p>ON REVIENT SUR TERRE est un road movie, qui rend hommage \u00e0 ceux et celles qui s\u2019engagent dans des alternatives, qui cr\u00e9ent et r\u00e9sistent, qui luttent contre le r\u00e9chauffement climatique et les in\u00e9galit\u00e9s sociales et bousculent les politiques. Il est le t\u00e9moignage d\u2019une France en mutation en ce d\u00e9but du troisi\u00e8me mill\u00e9naire, marqu\u00e9 par des probl\u00e8mes climatiques et \u00e9nerg\u00e9tiques sans pr\u00e9c\u00e9dent.<\/p>\n<p>L\u2019AlterTour pour la sobri\u00e9t\u00e9 \u00e9nerg\u00e9tique, c\u2019est&nbsp;:<br \/>\n<img loading=\"lazy\" decoding=\"async\" class=\"puce\" src=\"http:\/\/www.monde-solidaire.org\/spip\/local\/cache-vignettes\/L8xH11\/puce-32883.gif\" alt=\"-\" width=\"8\" height=\"11\">&nbsp;Un parcours cycliste en relais, familial, accessible \u00e0 toutes et \u00e0 tous, solidaire et sans comp\u00e9tition,<br \/>\n<img loading=\"lazy\" decoding=\"async\" class=\"puce\" src=\"http:\/\/www.monde-solidaire.org\/spip\/local\/cache-vignettes\/L8xH11\/puce-32883.gif\" alt=\"-\" width=\"8\" height=\"11\">&nbsp;Des visites de sites \u00e9ducatifs et des soir\u00e9es festives avec des conf\u00e9rences, des animations, des expositions et des d\u00e9bats, pour vous informer sur les alternatives existantes,<br \/>\n<img loading=\"lazy\" decoding=\"async\" class=\"puce\" src=\"http:\/\/www.monde-solidaire.org\/spip\/local\/cache-vignettes\/L8xH11\/puce-32883.gif\" alt=\"-\" width=\"8\" height=\"11\">&nbsp;Une caravane d\u2019information avec un Recueil des alternatives rencontr\u00e9es sur le parcours, un DVD du film de l\u2019AlterTour et des expositions,<br \/>\n<img loading=\"lazy\" decoding=\"async\" class=\"puce\" src=\"http:\/\/www.monde-solidaire.org\/spip\/local\/cache-vignettes\/L8xH11\/puce-32883.gif\" alt=\"-\" width=\"8\" height=\"11\">&nbsp;Des rendez-vous avec des manifestations amies.<\/p>\n<p>Contactez-nous si vous souhaitez vous inscrire ou vous joindre aux diff\u00e9rentes \u00e9quipes d\u00e9partementales afin de pr\u00e9parer le meilleur accueil possible aux alterCyclistes&nbsp;!<\/p>\n<p>Pour en savoir plus&nbsp;:<br class=\"manualbr\">Site Internet&nbsp;: <a class=\"spip_url spip_out auto\" href=\"http:\/\/www.altertour.net\" rel=\"nofollow external\">http:\/\/www.altertour.net<\/a><br class=\"manualbr\">Correspondants locaux pour l\u2019Aveyron&nbsp;:<br \/>\n<img loading=\"lazy\" decoding=\"async\" class=\"puce\" src=\"http:\/\/www.monde-solidaire.org\/spip\/local\/cache-vignettes\/L8xH11\/puce-32883.gif\" alt=\"-\" width=\"8\" height=\"11\">&nbsp;Robert Carri\u00e8re \/ Mobile&nbsp;: 06 26 26 70 95 \/ E-mail&nbsp;: r.carriere2@wanadoo.fr<br \/>\n<img loading=\"lazy\" decoding=\"async\" class=\"puce\" src=\"http:\/\/www.monde-solidaire.org\/spip\/local\/cache-vignettes\/L8xH11\/puce-32883.gif\" alt=\"-\" width=\"8\" height=\"11\">&nbsp;Kristell Gouillou \/ T\u00e9l\u00e9phone&nbsp;: 05 65 58 70 88 \/ E-mail&nbsp;: kristellgouillou@yahoo.fr<\/p>\n<\/div>\n","protected":false},"excerpt":{"rendered":"<p>AlterTour pour la sobri\u00e9t\u00e9 \u00e9nerg\u00e9tiqueF\u00eates, d\u00e9bats et relais cycliste \u00ab&nbsp;\u00e0 la carte&nbsp;\u00bb \u00e0 parcourir en famille En r\u00e9ponse au dopage dans le sport, dans l\u2019agriculture et dans l\u2019\u00e9conomie, l\u2019AlterTour est un tour cycliste solidaire pour un mod\u00e8le agricole et \u00e9conomique respectueux des hommes et de la nature. En 2011, la &#8230; <\/p>\n<div><a href=\"https:\/\/www.altercampagne.net\/?p=4474\" class=\"more-link\">Read More<\/a><\/div>\n","protected":false},"author":214,"featured_media":0,"comment_status":"closed","ping_status":"closed","sticky":false,"template":"","format":"standard","meta":{"footnotes":""},"categories":[3539],"tags":[836,1844,1923,1979,2022,2025,2083,2084],"class_list":["post-4474","post","type-post","status-publish","format-standard","hentry","category-we-de-preparation","tag-altertour-2011","tag-midi-pyrenees","tag-aveyron","tag-1979","tag-robert-carriere","tag-millau","tag-saint-affrique","tag-kristell-gouillou","no-post-thumbnail"],"yoast_head":"<!-- This site is optimized with the Yoast SEO plugin v27.3 - https:\/\/yoast.com\/product\/yoast-seo-wordpress\/ -->\n<title>R\u00e9union de pr\u00e9sentation de l\u2019Altertour 2011 en Aveyron - AlterTour<\/title>\n<meta name=\"robots\" content=\"index, follow, max-snippet:-1, max-image-preview:large, max-video-preview:-1\" \/>\n<link rel=\"canonical\" href=\"https:\/\/www.altercampagne.net\/?p=4474\" \/>\n<meta property=\"og:locale\" content=\"fr_FR\" \/>\n<meta property=\"og:type\" content=\"article\" \/>\n<meta property=\"og:title\" content=\"R\u00e9union de pr\u00e9sentation de l\u2019Altertour 2011 en Aveyron - AlterTour\" \/>\n<meta property=\"og:description\" content=\"AlterTour pour la sobri\u00e9t\u00e9 \u00e9nerg\u00e9tiqueF\u00eates, d\u00e9bats et relais cycliste \u00ab&nbsp;\u00e0 la carte&nbsp;\u00bb \u00e0 parcourir en famille En r\u00e9ponse au dopage dans le sport, dans l\u2019agriculture et dans l\u2019\u00e9conomie, l\u2019AlterTour est un tour cycliste solidaire pour un mod\u00e8le agricole et \u00e9conomique respectueux des hommes et de la nature. En 2011, la ... Read More\" \/>\n<meta property=\"og:url\" content=\"https:\/\/www.altercampagne.net\/?p=4474\" \/>\n<meta property=\"og:site_name\" content=\"AlterTour\" \/>\n<meta property=\"article:published_time\" content=\"2011-01-15T16:52:58+00:00\" \/>\n<meta property=\"article:modified_time\" content=\"2020-02-24T16:06:16+00:00\" \/>\n<meta property=\"og:image\" content=\"http:\/\/www.monde-solidaire.org\/spip\/local\/cache-vignettes\/L8xH11\/puce-32883.gif\" \/>\n<meta name=\"author\" content=\"Mathieu\" \/>\n<meta name=\"twitter:card\" content=\"summary_large_image\" \/>\n<meta name=\"twitter:label1\" content=\"\u00c9crit par\" \/>\n\t<meta name=\"twitter:data1\" content=\"Mathieu\" \/>\n\t<meta name=\"twitter:label2\" content=\"Dur\u00e9e de lecture estim\u00e9e\" \/>\n\t<meta name=\"twitter:data2\" content=\"3 minutes\" \/>\n<script type=\"application\/ld+json\" class=\"yoast-schema-graph\">{\"@context\":\"https:\\\/\\\/schema.org\",\"@graph\":[{\"@type\":\"Article\",\"@id\":\"https:\\\/\\\/www.altercampagne.net\\\/?p=4474#article\",\"isPartOf\":{\"@id\":\"https:\\\/\\\/www.altercampagne.net\\\/?p=4474\"},\"author\":{\"name\":\"Mathieu\",\"@id\":\"https:\\\/\\\/www.altercampagne.net\\\/#\\\/schema\\\/person\\\/0f261460c09e430caa0f9bcffa319109\"},\"headline\":\"R\u00e9union de pr\u00e9sentation de l\u2019Altertour 2011 en Aveyron\",\"datePublished\":\"2011-01-15T16:52:58+00:00\",\"dateModified\":\"2020-02-24T16:06:16+00:00\",\"mainEntityOfPage\":{\"@id\":\"https:\\\/\\\/www.altercampagne.net\\\/?p=4474\"},\"wordCount\":532,\"image\":{\"@id\":\"https:\\\/\\\/www.altercampagne.net\\\/?p=4474#primaryimage\"},\"thumbnailUrl\":\"http:\\\/\\\/www.monde-solidaire.org\\\/spip\\\/local\\\/cache-vignettes\\\/L8xH11\\\/puce-32883.gif\",\"keywords\":[\"AlterTour 2011\",\"Midi-Pyr\u00e9n\u00e9es\",\"Aveyron\",\"2011\",\"Robert Carri\u00e8re\",\"Millau\",\"Saint-Affrique\",\"Kristell Gouillou\"],\"articleSection\":[\"WE de pr\u00e9paration\"],\"inLanguage\":\"fr-FR\"},{\"@type\":\"WebPage\",\"@id\":\"https:\\\/\\\/www.altercampagne.net\\\/?p=4474\",\"url\":\"https:\\\/\\\/www.altercampagne.net\\\/?p=4474\",\"name\":\"R\u00e9union de pr\u00e9sentation de l\u2019Altertour 2011 en Aveyron - AlterTour\",\"isPartOf\":{\"@id\":\"https:\\\/\\\/www.altercampagne.net\\\/#website\"},\"primaryImageOfPage\":{\"@id\":\"https:\\\/\\\/www.altercampagne.net\\\/?p=4474#primaryimage\"},\"image\":{\"@id\":\"https:\\\/\\\/www.altercampagne.net\\\/?p=4474#primaryimage\"},\"thumbnailUrl\":\"http:\\\/\\\/www.monde-solidaire.org\\\/spip\\\/local\\\/cache-vignettes\\\/L8xH11\\\/puce-32883.gif\",\"datePublished\":\"2011-01-15T16:52:58+00:00\",\"dateModified\":\"2020-02-24T16:06:16+00:00\",\"author\":{\"@id\":\"https:\\\/\\\/www.altercampagne.net\\\/#\\\/schema\\\/person\\\/0f261460c09e430caa0f9bcffa319109\"},\"breadcrumb\":{\"@id\":\"https:\\\/\\\/www.altercampagne.net\\\/?p=4474#breadcrumb\"},\"inLanguage\":\"fr-FR\",\"potentialAction\":[{\"@type\":\"ReadAction\",\"target\":[\"https:\\\/\\\/www.altercampagne.net\\\/?p=4474\"]}]},{\"@type\":\"ImageObject\",\"inLanguage\":\"fr-FR\",\"@id\":\"https:\\\/\\\/www.altercampagne.net\\\/?p=4474#primaryimage\",\"url\":\"http:\\\/\\\/www.monde-solidaire.org\\\/spip\\\/local\\\/cache-vignettes\\\/L8xH11\\\/puce-32883.gif\",\"contentUrl\":\"http:\\\/\\\/www.monde-solidaire.org\\\/spip\\\/local\\\/cache-vignettes\\\/L8xH11\\\/puce-32883.gif\"},{\"@type\":\"BreadcrumbList\",\"@id\":\"https:\\\/\\\/www.altercampagne.net\\\/?p=4474#breadcrumb\",\"itemListElement\":[{\"@type\":\"ListItem\",\"position\":1,\"name\":\"Accueil\",\"item\":\"https:\\\/\\\/www.altercampagne.net\\\/\"},{\"@type\":\"ListItem\",\"position\":2,\"name\":\"R\u00e9union de pr\u00e9sentation de l\u2019Altertour 2011 en Aveyron\"}]},{\"@type\":\"WebSite\",\"@id\":\"https:\\\/\\\/www.altercampagne.net\\\/#website\",\"url\":\"https:\\\/\\\/www.altercampagne.net\\\/\",\"name\":\"AlterTour\",\"description\":\"Reliez les Alternatives \u00e0 v\u00e9lo\",\"potentialAction\":[{\"@type\":\"SearchAction\",\"target\":{\"@type\":\"EntryPoint\",\"urlTemplate\":\"https:\\\/\\\/www.altercampagne.net\\\/?s={search_term_string}\"},\"query-input\":{\"@type\":\"PropertyValueSpecification\",\"valueRequired\":true,\"valueName\":\"search_term_string\"}}],\"inLanguage\":\"fr-FR\"},{\"@type\":\"Person\",\"@id\":\"https:\\\/\\\/www.altercampagne.net\\\/#\\\/schema\\\/person\\\/0f261460c09e430caa0f9bcffa319109\",\"name\":\"Mathieu\",\"image\":{\"@type\":\"ImageObject\",\"inLanguage\":\"fr-FR\",\"@id\":\"https:\\\/\\\/secure.gravatar.com\\\/avatar\\\/aa9d3d24c83f2141e5e2709d0f63d09a99f6be6bb7a50abc4915838d9f54501a?s=96&d=mm&r=g\",\"url\":\"https:\\\/\\\/secure.gravatar.com\\\/avatar\\\/aa9d3d24c83f2141e5e2709d0f63d09a99f6be6bb7a50abc4915838d9f54501a?s=96&d=mm&r=g\",\"contentUrl\":\"https:\\\/\\\/secure.gravatar.com\\\/avatar\\\/aa9d3d24c83f2141e5e2709d0f63d09a99f6be6bb7a50abc4915838d9f54501a?s=96&d=mm&r=g\",\"caption\":\"Mathieu\"},\"url\":\"https:\\\/\\\/www.altercampagne.net\\\/?author=214\"}]}<\/script>\n<!-- \/ Yoast SEO plugin. -->","yoast_head_json":{"title":"R\u00e9union de pr\u00e9sentation de l\u2019Altertour 2011 en Aveyron - AlterTour","robots":{"index":"index","follow":"follow","max-snippet":"max-snippet:-1","max-image-preview":"max-image-preview:large","max-video-preview":"max-video-preview:-1"},"canonical":"https:\/\/www.altercampagne.net\/?p=4474","og_locale":"fr_FR","og_type":"article","og_title":"R\u00e9union de pr\u00e9sentation de l\u2019Altertour 2011 en Aveyron - AlterTour","og_description":"AlterTour pour la sobri\u00e9t\u00e9 \u00e9nerg\u00e9tiqueF\u00eates, d\u00e9bats et relais cycliste \u00ab&nbsp;\u00e0 la carte&nbsp;\u00bb \u00e0 parcourir en famille En r\u00e9ponse au dopage dans le sport, dans l\u2019agriculture et dans l\u2019\u00e9conomie, l\u2019AlterTour est un tour cycliste solidaire pour un mod\u00e8le agricole et \u00e9conomique respectueux des hommes et de la nature. En 2011, la ... Read More","og_url":"https:\/\/www.altercampagne.net\/?p=4474","og_site_name":"AlterTour","article_published_time":"2011-01-15T16:52:58+00:00","article_modified_time":"2020-02-24T16:06:16+00:00","og_image":[{"url":"http:\/\/www.monde-solidaire.org\/spip\/local\/cache-vignettes\/L8xH11\/puce-32883.gif","type":"","width":"","height":""}],"author":"Mathieu","twitter_card":"summary_large_image","twitter_misc":{"\u00c9crit par":"Mathieu","Dur\u00e9e de lecture estim\u00e9e":"3 minutes"},"schema":{"@context":"https:\/\/schema.org","@graph":[{"@type":"Article","@id":"https:\/\/www.altercampagne.net\/?p=4474#article","isPartOf":{"@id":"https:\/\/www.altercampagne.net\/?p=4474"},"author":{"name":"Mathieu","@id":"https:\/\/www.altercampagne.net\/#\/schema\/person\/0f261460c09e430caa0f9bcffa319109"},"headline":"R\u00e9union de pr\u00e9sentation de l\u2019Altertour 2011 en Aveyron","datePublished":"2011-01-15T16:52:58+00:00","dateModified":"2020-02-24T16:06:16+00:00","mainEntityOfPage":{"@id":"https:\/\/www.altercampagne.net\/?p=4474"},"wordCount":532,"image":{"@id":"https:\/\/www.altercampagne.net\/?p=4474#primaryimage"},"thumbnailUrl":"http:\/\/www.monde-solidaire.org\/spip\/local\/cache-vignettes\/L8xH11\/puce-32883.gif","keywords":["AlterTour 2011","Midi-Pyr\u00e9n\u00e9es","Aveyron","2011","Robert Carri\u00e8re","Millau","Saint-Affrique","Kristell Gouillou"],"articleSection":["WE de pr\u00e9paration"],"inLanguage":"fr-FR"},{"@type":"WebPage","@id":"https:\/\/www.altercampagne.net\/?p=4474","url":"https:\/\/www.altercampagne.net\/?p=4474","name":"R\u00e9union de pr\u00e9sentation de l\u2019Altertour 2011 en Aveyron - AlterTour","isPartOf":{"@id":"https:\/\/www.altercampagne.net\/#website"},"primaryImageOfPage":{"@id":"https:\/\/www.altercampagne.net\/?p=4474#primaryimage"},"image":{"@id":"https:\/\/www.altercampagne.net\/?p=4474#primaryimage"},"thumbnailUrl":"http:\/\/www.monde-solidaire.org\/spip\/local\/cache-vignettes\/L8xH11\/puce-32883.gif","datePublished":"2011-01-15T16:52:58+00:00","dateModified":"2020-02-24T16:06:16+00:00","author":{"@id":"https:\/\/www.altercampagne.net\/#\/schema\/person\/0f261460c09e430caa0f9bcffa319109"},"breadcrumb":{"@id":"https:\/\/www.altercampagne.net\/?p=4474#breadcrumb"},"inLanguage":"fr-FR","potentialAction":[{"@type":"ReadAction","target":["https:\/\/www.altercampagne.net\/?p=4474"]}]},{"@type":"ImageObject","inLanguage":"fr-FR","@id":"https:\/\/www.altercampagne.net\/?p=4474#primaryimage","url":"http:\/\/www.monde-solidaire.org\/spip\/local\/cache-vignettes\/L8xH11\/puce-32883.gif","contentUrl":"http:\/\/www.monde-solidaire.org\/spip\/local\/cache-vignettes\/L8xH11\/puce-32883.gif"},{"@type":"BreadcrumbList","@id":"https:\/\/www.altercampagne.net\/?p=4474#breadcrumb","itemListElement":[{"@type":"ListItem","position":1,"name":"Accueil","item":"https:\/\/www.altercampagne.net\/"},{"@type":"ListItem","position":2,"name":"R\u00e9union de pr\u00e9sentation de l\u2019Altertour 2011 en Aveyron"}]},{"@type":"WebSite","@id":"https:\/\/www.altercampagne.net\/#website","url":"https:\/\/www.altercampagne.net\/","name":"AlterTour","description":"Reliez les Alternatives \u00e0 v\u00e9lo","potentialAction":[{"@type":"SearchAction","target":{"@type":"EntryPoint","urlTemplate":"https:\/\/www.altercampagne.net\/?s={search_term_string}"},"query-input":{"@type":"PropertyValueSpecification","valueRequired":true,"valueName":"search_term_string"}}],"inLanguage":"fr-FR"},{"@type":"Person","@id":"https:\/\/www.altercampagne.net\/#\/schema\/person\/0f261460c09e430caa0f9bcffa319109","name":"Mathieu","image":{"@type":"ImageObject","inLanguage":"fr-FR","@id":"https:\/\/secure.gravatar.com\/avatar\/aa9d3d24c83f2141e5e2709d0f63d09a99f6be6bb7a50abc4915838d9f54501a?s=96&d=mm&r=g","url":"https:\/\/secure.gravatar.com\/avatar\/aa9d3d24c83f2141e5e2709d0f63d09a99f6be6bb7a50abc4915838d9f54501a?s=96&d=mm&r=g","contentUrl":"https:\/\/secure.gravatar.com\/avatar\/aa9d3d24c83f2141e5e2709d0f63d09a99f6be6bb7a50abc4915838d9f54501a?s=96&d=mm&r=g","caption":"Mathieu"},"url":"https:\/\/www.altercampagne.net\/?author=214"}]}},"_links":{"self":[{"href":"https:\/\/www.altercampagne.net\/index.php?rest_route=\/wp\/v2\/posts\/4474","targetHints":{"allow":["GET"]}}],"collection":[{"href":"https:\/\/www.altercampagne.net\/index.php?rest_route=\/wp\/v2\/posts"}],"about":[{"href":"https:\/\/www.altercampagne.net\/index.php?rest_route=\/wp\/v2\/types\/post"}],"author":[{"embeddable":true,"href":"https:\/\/www.altercampagne.net\/index.php?rest_route=\/wp\/v2\/users\/214"}],"replies":[{"embeddable":true,"href":"https:\/\/www.altercampagne.net\/index.php?rest_route=%2Fwp%2Fv2%2Fcomments&post=4474"}],"version-history":[{"count":1,"href":"https:\/\/www.altercampagne.net\/index.php?rest_route=\/wp\/v2\/posts\/4474\/revisions"}],"predecessor-version":[{"id":17418,"href":"https:\/\/www.altercampagne.net\/index.php?rest_route=\/wp\/v2\/posts\/4474\/revisions\/17418"}],"wp:attachment":[{"href":"https:\/\/www.altercampagne.net\/index.php?rest_route=%2Fwp%2Fv2%2Fmedia&parent=4474"}],"wp:term":[{"taxonomy":"category","embeddable":true,"href":"https:\/\/www.altercampagne.net\/index.php?rest_route=%2Fwp%2Fv2%2Fcategories&post=4474"},{"taxonomy":"post_tag","embeddable":true,"href":"https:\/\/www.altercampagne.net\/index.php?rest_route=%2Fwp%2Fv2%2Ftags&post=4474"}],"curies":[{"name":"wp","href":"https:\/\/api.w.org\/{rel}","templated":true}]}}