{"id":4476,"date":"2010-12-10T17:55:59","date_gmt":"2010-12-10T16:55:59","guid":{"rendered":"http:\/\/www.altercampagne.net\/?p=4476"},"modified":"2020-02-24T17:07:38","modified_gmt":"2020-02-24T16:07:38","slug":"les-trois-tours","status":"publish","type":"post","link":"https:\/\/www.altercampagne.net\/?p=4476","title":{"rendered":"Les trois Tours"},"content":{"rendered":"<p><img loading=\"lazy\" decoding=\"async\" class=\" alignleft\" src=\"http:\/\/altercampagne.free.fr\/pages\/2008\/AlterTour\/Revue-presse-2011\/Mathieu_Fromont.jpg\" alt=\"\" width=\"456\" height=\"349\">Pour illustrer par des exemples concrets de quelle mani\u00e8re nous pouvons jouer, aux c\u00f4t\u00e9s de la FNAP, ce r\u00f4le de catalyseur, de facilitateur de r\u00e9seau sur lequel nous insistions dans notre rapport d&rsquo;orientation, lors de notre AG de Cluny, le 27 novembre dernier, nous avions invit\u00e9 autour d&rsquo;une table ronde quatre amis pour qu&rsquo;ils \u00e9voquent les projets \u00e0 la r\u00e9alisation desquels ils avaient contribu\u00e9.<\/p>\n<p>Mathieu Fromont, nouveau salari\u00e9 d&rsquo;AlterTour, rappela les buts de cette association et les valeurs qu&rsquo;elle d\u00e9fend : celles d&rsquo;un monde sans dopants de toute nature ; cela vaut, bien s\u00fbr, pour le cyclisme, d&rsquo;o\u00f9 cette id\u00e9e de proposer \u00e0 des cyclotouristes \u00ab\u00a0sains\u00a0\u00bb de faire un vrai tour de France, en m\u00eame temps que l&rsquo;autre, pollu\u00e9 comme on le sait par toutes sortes de poisons, en demandant, sur son parcours, \u00e0 des accueillants d&rsquo;AP de bien vouloir participer \u00e0 l&rsquo;h\u00e9bergement. L&rsquo;ann\u00e9e prochaine, c&rsquo;est la France du sud-est qui sera visit\u00e9e, et Mathieu en profite donc pour lancer, par notre truchement, un appel aux nombreux accueillants de cette r\u00e9gion.<\/p>\n<p>C&rsquo;est le moment de rappeler que c&rsquo;est par l&rsquo;entremise de notre jeune association et plus pr\u00e9cis\u00e9ment de Gilbert Belgrano, \u00e0 l&rsquo;\u00e9poque notre secr\u00e9taire, que Dominique B\u00e9roule, l&rsquo;initiateur de cette belle id\u00e9e, fut mis en relation avec la FNAP ; ce n&rsquo;est pas innocent non plus d&rsquo;ajouter que cette rencontre eut lieu \u00e0 l&rsquo;occasion de l&rsquo;AG des Amis de la Conf&#8230;<\/p>\n<p>O\u00f9 l&rsquo;on retrouve la notion de r\u00e9seau ! Marie-Pierre Agn\u00e8s et Mathieu Glaymann purent ensuite pr\u00e9senter le projet Accueil Banlieues, qui a pour but d&rsquo;inviter des ruraux, accueillants ou amis, \u00e0 venir chez eux d\u00e9couvrir la banlieue sous un jour diff\u00e9rent de celui que v\u00e9hiculent \u00e0 l&rsquo;envi les m\u00e9dias \u00ab\u00a0dominants\u00a0\u00bb. Une premi\u00e8re exp\u00e9rience vient d&rsquo;avoir lieu, on en trouvera le compte-rendu et l&rsquo;analyse dans le dossier qui suit. Puis Jean-Paul Berthouze, qui fut, de 92 \u00e0 97, pr\u00e9sident de la FNAP et membre des Amis depuis sa retraite, raconta quelques-uns des combats que sa compagne, Ren\u00e9e De Rugy et lui-m\u00eame ont men\u00e9s, en insistant sur la cr\u00e9ation, en 1993, d&rsquo;un GFA (groupement foncier agricole) pour racheter une ferme , tout en haut de leur vall\u00e9e, \u00e0 1400 m d&rsquo;altitude, qui \u00e9tait convoit\u00e9e par un groupe de chasseurs.<\/p>\n<p>Ils trouv\u00e8rent en moins d&rsquo;une ann\u00e9e, en puisant dans le r\u00e9seau de tous les accueillis qui \u00e9taient pass\u00e9s chez eux ou les associations avec lesquelles ils avaient des liens, les 550 copropri\u00e9taires d\u00e9sireux de se partager les 1200 parts de 500 francs n\u00e9cessaires \u00e0 l&rsquo;achat et aux premiers travaux d&rsquo;am\u00e9nagement de cette ferme. Ce fut une des premi\u00e8res r\u00e9alisations qui ont permis la naissance de Terre de Liens.<\/p>\n<p>Depuis, ce lieu magnifique est g\u00e9r\u00e9 par une Association, C\u00e9cilatour, www.latour-borne.org, et sert de g\u00eete de montagne, d&rsquo;accueil de classes vertes, etc.<\/p>\n<p>Il termine par la lecture de ce tr\u00e8s beau texte de Ren\u00e9e, qui dit la n\u00e9cessit\u00e9 de l&rsquo;engagement politique, auquel nous pourrions souscrire sans r\u00e9serve, en des temps o\u00f9 la lutte citoyenne s&rsquo;impose avec plus de pr\u00e9gnance que jamais :<\/p>\n<p>Il est souvent de bon ton, dans ce genre d&rsquo;assembl\u00e9e, d&rsquo;affirmer \u00ab\u00a0Nous ne faisons pas de politique\u00a0\u00bb. Eh bien, nous, \u00e0 Borne, nous sommes fiers d&rsquo;affirmer \u00ab\u00a0Nous faisons et nous continuerons \u00e0 faire de la politique\u00a0\u00bb, c&rsquo;est \u00e0 dire d&rsquo;exercer notre citoyennet\u00e9, de vivre en adultes responsables de la Cit\u00e9, celle d&rsquo;ici et d&rsquo;ailleurs, parce que nous nous sentons citoyens du monde. Nous ne remettons notre avenir dans les mains de personne, f\u00fbt-il le meilleur des \u00e9lus ! Nous voulons garder le pouvoir de d\u00e9cider de nos vies, de celles de nos enfants et nous sommes heureux de penser qu&rsquo;une initiative comme celle-ci, qui se r\u00e9alise en toute ind\u00e9pendance, a re\u00e7u un \u00e9cho tel qu&rsquo;elle prouve que nous sommes encore nombreux \u00e0 croire au pouvoir du citoyen et \u00e0 l&rsquo;exercer.<\/p>\n<p>Continuons !<\/p>\n<p>Merci \u00e0 Jacques Devulder d&rsquo;avoir trouv\u00e9 le titre synth\u00e9tique de ce papier Les trois Tours, un titre de conte de No\u00ebl, pourrait-on penser, si ce n&rsquo;est que ce conte parle d&rsquo;utopies r\u00e9alis\u00e9es ! : Le Tour d&rsquo;AlterTour, les tours de Sarcelles o\u00f9 notre groupe a rencontr\u00e9 des habitants fiers de leur vie et de la convivialit\u00e9 que, dans des conditions difficiles, ils parviennent \u00e0 maintenir et la Tour de Borne !<\/p>\n<p>Trois beaux exemples, en v\u00e9rit\u00e9, qui ont permis que notre AG se termine sur une note d&rsquo;harmonie, de partage d&rsquo;exp\u00e9riences et d&rsquo;esp\u00e9rance.<\/p>\n<p style=\"text-align: right;\"><strong>Michel Leforestier<\/strong><\/p>\n","protected":false},"excerpt":{"rendered":"<p>Pour illustrer par des exemples concrets de quelle mani\u00e8re nous pouvons jouer, aux c\u00f4t\u00e9s de la FNAP, ce r\u00f4le de catalyseur, de facilitateur de r\u00e9seau sur lequel nous insistions dans notre rapport d&rsquo;orientation, lors de notre AG de Cluny, le 27 novembre dernier, nous avions invit\u00e9 autour d&rsquo;une table ronde &#8230; <\/p>\n<div><a href=\"https:\/\/www.altercampagne.net\/?p=4476\" class=\"more-link\">Read More<\/a><\/div>\n","protected":false},"author":214,"featured_media":0,"comment_status":"closed","ping_status":"closed","sticky":false,"template":"","format":"standard","meta":{"footnotes":""},"categories":[3541],"tags":[552,2085,2086,2087,2088],"class_list":["post-4476","post","type-post","status-publish","format-standard","hentry","category-partenaires","tag-mathieu-fromont","tag-amis-daccueil-paysan","tag-gilbert-belgrano","tag-dominique-beroule","tag-michel-leforestier","no-post-thumbnail"],"yoast_head":"<!-- This site is optimized with the Yoast SEO plugin v27.3 - https:\/\/yoast.com\/product\/yoast-seo-wordpress\/ -->\n<title>Les trois Tours - AlterTour<\/title>\n<meta name=\"robots\" content=\"index, follow, max-snippet:-1, max-image-preview:large, max-video-preview:-1\" \/>\n<link rel=\"canonical\" href=\"https:\/\/www.altercampagne.net\/?p=4476\" \/>\n<meta property=\"og:locale\" content=\"fr_FR\" \/>\n<meta property=\"og:type\" content=\"article\" \/>\n<meta property=\"og:title\" content=\"Les trois Tours - AlterTour\" \/>\n<meta property=\"og:description\" content=\"Pour illustrer par des exemples concrets de quelle mani\u00e8re nous pouvons jouer, aux c\u00f4t\u00e9s de la FNAP, ce r\u00f4le de catalyseur, de facilitateur de r\u00e9seau sur lequel nous insistions dans notre rapport d&rsquo;orientation, lors de notre AG de Cluny, le 27 novembre dernier, nous avions invit\u00e9 autour d&rsquo;une table ronde ... Read More\" \/>\n<meta property=\"og:url\" content=\"https:\/\/www.altercampagne.net\/?p=4476\" \/>\n<meta property=\"og:site_name\" content=\"AlterTour\" \/>\n<meta property=\"article:published_time\" content=\"2010-12-10T16:55:59+00:00\" \/>\n<meta property=\"article:modified_time\" content=\"2020-02-24T16:07:38+00:00\" \/>\n<meta property=\"og:image\" content=\"http:\/\/altercampagne.free.fr\/pages\/2008\/AlterTour\/Revue-presse-2011\/Mathieu_Fromont.jpg\" \/>\n<meta name=\"author\" content=\"Mathieu\" \/>\n<meta name=\"twitter:card\" content=\"summary_large_image\" \/>\n<meta name=\"twitter:label1\" content=\"\u00c9crit par\" \/>\n\t<meta name=\"twitter:data1\" content=\"Mathieu\" \/>\n\t<meta name=\"twitter:label2\" content=\"Dur\u00e9e de lecture estim\u00e9e\" \/>\n\t<meta name=\"twitter:data2\" content=\"4 minutes\" \/>\n<script type=\"application\/ld+json\" class=\"yoast-schema-graph\">{\"@context\":\"https:\\\/\\\/schema.org\",\"@graph\":[{\"@type\":\"Article\",\"@id\":\"https:\\\/\\\/www.altercampagne.net\\\/?p=4476#article\",\"isPartOf\":{\"@id\":\"https:\\\/\\\/www.altercampagne.net\\\/?p=4476\"},\"author\":{\"name\":\"Mathieu\",\"@id\":\"https:\\\/\\\/www.altercampagne.net\\\/#\\\/schema\\\/person\\\/0f261460c09e430caa0f9bcffa319109\"},\"headline\":\"Les trois Tours\",\"datePublished\":\"2010-12-10T16:55:59+00:00\",\"dateModified\":\"2020-02-24T16:07:38+00:00\",\"mainEntityOfPage\":{\"@id\":\"https:\\\/\\\/www.altercampagne.net\\\/?p=4476\"},\"wordCount\":810,\"image\":{\"@id\":\"https:\\\/\\\/www.altercampagne.net\\\/?p=4476#primaryimage\"},\"thumbnailUrl\":\"http:\\\/\\\/altercampagne.free.fr\\\/pages\\\/2008\\\/AlterTour\\\/Revue-presse-2011\\\/Mathieu_Fromont.jpg\",\"keywords\":[\"Mathieu Fromont\",\"Amis d'Accueil Paysan\",\"Gilbert Belgrano\",\"Dominique B\u00e9roule\",\"Michel Leforestier\"],\"articleSection\":[\"Partenaires\"],\"inLanguage\":\"fr-FR\"},{\"@type\":\"WebPage\",\"@id\":\"https:\\\/\\\/www.altercampagne.net\\\/?p=4476\",\"url\":\"https:\\\/\\\/www.altercampagne.net\\\/?p=4476\",\"name\":\"Les trois Tours - AlterTour\",\"isPartOf\":{\"@id\":\"https:\\\/\\\/www.altercampagne.net\\\/#website\"},\"primaryImageOfPage\":{\"@id\":\"https:\\\/\\\/www.altercampagne.net\\\/?p=4476#primaryimage\"},\"image\":{\"@id\":\"https:\\\/\\\/www.altercampagne.net\\\/?p=4476#primaryimage\"},\"thumbnailUrl\":\"http:\\\/\\\/altercampagne.free.fr\\\/pages\\\/2008\\\/AlterTour\\\/Revue-presse-2011\\\/Mathieu_Fromont.jpg\",\"datePublished\":\"2010-12-10T16:55:59+00:00\",\"dateModified\":\"2020-02-24T16:07:38+00:00\",\"author\":{\"@id\":\"https:\\\/\\\/www.altercampagne.net\\\/#\\\/schema\\\/person\\\/0f261460c09e430caa0f9bcffa319109\"},\"breadcrumb\":{\"@id\":\"https:\\\/\\\/www.altercampagne.net\\\/?p=4476#breadcrumb\"},\"inLanguage\":\"fr-FR\",\"potentialAction\":[{\"@type\":\"ReadAction\",\"target\":[\"https:\\\/\\\/www.altercampagne.net\\\/?p=4476\"]}]},{\"@type\":\"ImageObject\",\"inLanguage\":\"fr-FR\",\"@id\":\"https:\\\/\\\/www.altercampagne.net\\\/?p=4476#primaryimage\",\"url\":\"http:\\\/\\\/altercampagne.free.fr\\\/pages\\\/2008\\\/AlterTour\\\/Revue-presse-2011\\\/Mathieu_Fromont.jpg\",\"contentUrl\":\"http:\\\/\\\/altercampagne.free.fr\\\/pages\\\/2008\\\/AlterTour\\\/Revue-presse-2011\\\/Mathieu_Fromont.jpg\"},{\"@type\":\"BreadcrumbList\",\"@id\":\"https:\\\/\\\/www.altercampagne.net\\\/?p=4476#breadcrumb\",\"itemListElement\":[{\"@type\":\"ListItem\",\"position\":1,\"name\":\"Accueil\",\"item\":\"https:\\\/\\\/www.altercampagne.net\\\/\"},{\"@type\":\"ListItem\",\"position\":2,\"name\":\"Les trois Tours\"}]},{\"@type\":\"WebSite\",\"@id\":\"https:\\\/\\\/www.altercampagne.net\\\/#website\",\"url\":\"https:\\\/\\\/www.altercampagne.net\\\/\",\"name\":\"AlterTour\",\"description\":\"Reliez les Alternatives \u00e0 v\u00e9lo\",\"potentialAction\":[{\"@type\":\"SearchAction\",\"target\":{\"@type\":\"EntryPoint\",\"urlTemplate\":\"https:\\\/\\\/www.altercampagne.net\\\/?s={search_term_string}\"},\"query-input\":{\"@type\":\"PropertyValueSpecification\",\"valueRequired\":true,\"valueName\":\"search_term_string\"}}],\"inLanguage\":\"fr-FR\"},{\"@type\":\"Person\",\"@id\":\"https:\\\/\\\/www.altercampagne.net\\\/#\\\/schema\\\/person\\\/0f261460c09e430caa0f9bcffa319109\",\"name\":\"Mathieu\",\"image\":{\"@type\":\"ImageObject\",\"inLanguage\":\"fr-FR\",\"@id\":\"https:\\\/\\\/secure.gravatar.com\\\/avatar\\\/aa9d3d24c83f2141e5e2709d0f63d09a99f6be6bb7a50abc4915838d9f54501a?s=96&d=mm&r=g\",\"url\":\"https:\\\/\\\/secure.gravatar.com\\\/avatar\\\/aa9d3d24c83f2141e5e2709d0f63d09a99f6be6bb7a50abc4915838d9f54501a?s=96&d=mm&r=g\",\"contentUrl\":\"https:\\\/\\\/secure.gravatar.com\\\/avatar\\\/aa9d3d24c83f2141e5e2709d0f63d09a99f6be6bb7a50abc4915838d9f54501a?s=96&d=mm&r=g\",\"caption\":\"Mathieu\"},\"url\":\"https:\\\/\\\/www.altercampagne.net\\\/?author=214\"}]}<\/script>\n<!-- \/ Yoast SEO plugin. -->","yoast_head_json":{"title":"Les trois Tours - AlterTour","robots":{"index":"index","follow":"follow","max-snippet":"max-snippet:-1","max-image-preview":"max-image-preview:large","max-video-preview":"max-video-preview:-1"},"canonical":"https:\/\/www.altercampagne.net\/?p=4476","og_locale":"fr_FR","og_type":"article","og_title":"Les trois Tours - AlterTour","og_description":"Pour illustrer par des exemples concrets de quelle mani\u00e8re nous pouvons jouer, aux c\u00f4t\u00e9s de la FNAP, ce r\u00f4le de catalyseur, de facilitateur de r\u00e9seau sur lequel nous insistions dans notre rapport d&rsquo;orientation, lors de notre AG de Cluny, le 27 novembre dernier, nous avions invit\u00e9 autour d&rsquo;une table ronde ... Read More","og_url":"https:\/\/www.altercampagne.net\/?p=4476","og_site_name":"AlterTour","article_published_time":"2010-12-10T16:55:59+00:00","article_modified_time":"2020-02-24T16:07:38+00:00","og_image":[{"url":"http:\/\/altercampagne.free.fr\/pages\/2008\/AlterTour\/Revue-presse-2011\/Mathieu_Fromont.jpg","type":"","width":"","height":""}],"author":"Mathieu","twitter_card":"summary_large_image","twitter_misc":{"\u00c9crit par":"Mathieu","Dur\u00e9e de lecture estim\u00e9e":"4 minutes"},"schema":{"@context":"https:\/\/schema.org","@graph":[{"@type":"Article","@id":"https:\/\/www.altercampagne.net\/?p=4476#article","isPartOf":{"@id":"https:\/\/www.altercampagne.net\/?p=4476"},"author":{"name":"Mathieu","@id":"https:\/\/www.altercampagne.net\/#\/schema\/person\/0f261460c09e430caa0f9bcffa319109"},"headline":"Les trois Tours","datePublished":"2010-12-10T16:55:59+00:00","dateModified":"2020-02-24T16:07:38+00:00","mainEntityOfPage":{"@id":"https:\/\/www.altercampagne.net\/?p=4476"},"wordCount":810,"image":{"@id":"https:\/\/www.altercampagne.net\/?p=4476#primaryimage"},"thumbnailUrl":"http:\/\/altercampagne.free.fr\/pages\/2008\/AlterTour\/Revue-presse-2011\/Mathieu_Fromont.jpg","keywords":["Mathieu Fromont","Amis d'Accueil Paysan","Gilbert Belgrano","Dominique B\u00e9roule","Michel Leforestier"],"articleSection":["Partenaires"],"inLanguage":"fr-FR"},{"@type":"WebPage","@id":"https:\/\/www.altercampagne.net\/?p=4476","url":"https:\/\/www.altercampagne.net\/?p=4476","name":"Les trois Tours - AlterTour","isPartOf":{"@id":"https:\/\/www.altercampagne.net\/#website"},"primaryImageOfPage":{"@id":"https:\/\/www.altercampagne.net\/?p=4476#primaryimage"},"image":{"@id":"https:\/\/www.altercampagne.net\/?p=4476#primaryimage"},"thumbnailUrl":"http:\/\/altercampagne.free.fr\/pages\/2008\/AlterTour\/Revue-presse-2011\/Mathieu_Fromont.jpg","datePublished":"2010-12-10T16:55:59+00:00","dateModified":"2020-02-24T16:07:38+00:00","author":{"@id":"https:\/\/www.altercampagne.net\/#\/schema\/person\/0f261460c09e430caa0f9bcffa319109"},"breadcrumb":{"@id":"https:\/\/www.altercampagne.net\/?p=4476#breadcrumb"},"inLanguage":"fr-FR","potentialAction":[{"@type":"ReadAction","target":["https:\/\/www.altercampagne.net\/?p=4476"]}]},{"@type":"ImageObject","inLanguage":"fr-FR","@id":"https:\/\/www.altercampagne.net\/?p=4476#primaryimage","url":"http:\/\/altercampagne.free.fr\/pages\/2008\/AlterTour\/Revue-presse-2011\/Mathieu_Fromont.jpg","contentUrl":"http:\/\/altercampagne.free.fr\/pages\/2008\/AlterTour\/Revue-presse-2011\/Mathieu_Fromont.jpg"},{"@type":"BreadcrumbList","@id":"https:\/\/www.altercampagne.net\/?p=4476#breadcrumb","itemListElement":[{"@type":"ListItem","position":1,"name":"Accueil","item":"https:\/\/www.altercampagne.net\/"},{"@type":"ListItem","position":2,"name":"Les trois Tours"}]},{"@type":"WebSite","@id":"https:\/\/www.altercampagne.net\/#website","url":"https:\/\/www.altercampagne.net\/","name":"AlterTour","description":"Reliez les Alternatives \u00e0 v\u00e9lo","potentialAction":[{"@type":"SearchAction","target":{"@type":"EntryPoint","urlTemplate":"https:\/\/www.altercampagne.net\/?s={search_term_string}"},"query-input":{"@type":"PropertyValueSpecification","valueRequired":true,"valueName":"search_term_string"}}],"inLanguage":"fr-FR"},{"@type":"Person","@id":"https:\/\/www.altercampagne.net\/#\/schema\/person\/0f261460c09e430caa0f9bcffa319109","name":"Mathieu","image":{"@type":"ImageObject","inLanguage":"fr-FR","@id":"https:\/\/secure.gravatar.com\/avatar\/aa9d3d24c83f2141e5e2709d0f63d09a99f6be6bb7a50abc4915838d9f54501a?s=96&d=mm&r=g","url":"https:\/\/secure.gravatar.com\/avatar\/aa9d3d24c83f2141e5e2709d0f63d09a99f6be6bb7a50abc4915838d9f54501a?s=96&d=mm&r=g","contentUrl":"https:\/\/secure.gravatar.com\/avatar\/aa9d3d24c83f2141e5e2709d0f63d09a99f6be6bb7a50abc4915838d9f54501a?s=96&d=mm&r=g","caption":"Mathieu"},"url":"https:\/\/www.altercampagne.net\/?author=214"}]}},"_links":{"self":[{"href":"https:\/\/www.altercampagne.net\/index.php?rest_route=\/wp\/v2\/posts\/4476","targetHints":{"allow":["GET"]}}],"collection":[{"href":"https:\/\/www.altercampagne.net\/index.php?rest_route=\/wp\/v2\/posts"}],"about":[{"href":"https:\/\/www.altercampagne.net\/index.php?rest_route=\/wp\/v2\/types\/post"}],"author":[{"embeddable":true,"href":"https:\/\/www.altercampagne.net\/index.php?rest_route=\/wp\/v2\/users\/214"}],"replies":[{"embeddable":true,"href":"https:\/\/www.altercampagne.net\/index.php?rest_route=%2Fwp%2Fv2%2Fcomments&post=4476"}],"version-history":[{"count":1,"href":"https:\/\/www.altercampagne.net\/index.php?rest_route=\/wp\/v2\/posts\/4476\/revisions"}],"predecessor-version":[{"id":17420,"href":"https:\/\/www.altercampagne.net\/index.php?rest_route=\/wp\/v2\/posts\/4476\/revisions\/17420"}],"wp:attachment":[{"href":"https:\/\/www.altercampagne.net\/index.php?rest_route=%2Fwp%2Fv2%2Fmedia&parent=4476"}],"wp:term":[{"taxonomy":"category","embeddable":true,"href":"https:\/\/www.altercampagne.net\/index.php?rest_route=%2Fwp%2Fv2%2Fcategories&post=4476"},{"taxonomy":"post_tag","embeddable":true,"href":"https:\/\/www.altercampagne.net\/index.php?rest_route=%2Fwp%2Fv2%2Ftags&post=4476"}],"curies":[{"name":"wp","href":"https:\/\/api.w.org\/{rel}","templated":true}]}}