{"id":4483,"date":"2010-02-02T13:24:43","date_gmt":"2010-02-02T12:24:43","guid":{"rendered":"http:\/\/www.altercampagne.net\/?p=4483"},"modified":"2016-04-23T13:34:06","modified_gmt":"2016-04-23T11:34:06","slug":"entre-deux-altertours-cest-encore-de-laltertour","status":"publish","type":"post","link":"https:\/\/www.altercampagne.net\/?p=4483","title":{"rendered":"Entre deux AlterTours, c\u2019est encore de l\u2019AlterTour"},"content":{"rendered":"<p><img loading=\"lazy\" decoding=\"async\" class=\" alignleft\" src=\"http:\/\/altercampagne.free.fr\/pages\/2008\/AlterTour\/doc\/Couverture-SilenceFev2010-S.jpg\" alt=\"\" width=\"275\" height=\"387\" \/>Ces deux derniers \u00e9t\u00e9s, lorsque l\u2019AlterTour encha\u00eenait les alternatives, l\u2019attention des cyclistes \u00e9tait surtout orient\u00e9e vers l\u2019action. Il s\u2019agissait de faire conna\u00eetre des initiatives locales, tout en exp\u00e9rimentant une vie collective en d\u00e9calage avec nos habitudes. Sur cet autre tour, on pratique en effet la convivialit\u00e9 et la solidarit\u00e9, sans distinction d\u2019age ou de position sociale. On y d\u00e9couvre d\u2019autres mode de vie, tels que la simplicit\u00e9 volontaire ; on \u00e9volue sans \u2018carapace \u00e0 moteur\u2019 dans des paysages vivants, en ne regardant plus seulement le monde \u00e0 travers un pare-brise ou la lucarne d\u2019un \u00e9cran ; on y dialogue beaucoup.<br \/>\nPlus libre entre deux AlterTours, la r\u00e9flexion quitte la route, \u00e0 l\u2019heure des bilans et de la pr\u00e9paration d\u2019une prochaine \u00e9dition.<\/p>\n<p><strong>Ces deux derniers \u00e9t\u00e9s, le verbe \u2018\u00eatre\u2019 a \u00e9t\u00e9 le premier auxiliaire, le v\u00e9lo des \u2018alter\u2019.<\/strong><\/p>\n<p>De l\u2019avis unanime des cyclistes qui ont eu le bonheur de participer aux deux manifestations, la cuv\u00e9e 2009 de l\u2019AlterTour n\u2019a rien \u00e0 envier \u00e0 celle de 2008. Ces deux derniers \u00e9t\u00e9s, ils ont d\u00e9couvert d\u2019autres chemins que celui dict\u00e9 par une soci\u00e9t\u00e9 impr\u00e9gn\u00e9e de comp\u00e9tition, motiv\u00e9e par le profit, la rentabilit\u00e9, la croissance \u00e9conomique, et ayant recours \u00e0 tous les dopages. Limit\u00e9e la premi\u00e8re ann\u00e9e au dopage agricole, la r\u00e9flexion men\u00e9e entre deux AlterTours a permis de d\u00e9noncer d\u2019autres secteurs d\u2019activit\u00e9 touch\u00e9s par ce ph\u00e9nom\u00e8ne, tels que l\u2019\u00e9conomie (S!lence n\u00b0368), la production d\u2019\u00e9nergie, les transports, les t\u00e9l\u00e9communications. La presse r\u00e9gionale \u00e9crite et t\u00e9l\u00e9vis\u00e9e a propag\u00e9 le message, en allant parfois plus loin [1] : un reportage a notamment \u00e9t\u00e9 suscit\u00e9 cet \u00e9t\u00e9 par un Communiqu\u00e9 de Presse des cyclistes sur les contr\u00f4les anti-dopage \u00e9lectromagn\u00e9tique [1].<\/p>\n<p>Dans la micro-soci\u00e9t\u00e9 sans dopages des \u2018altercyclistes\u2019, l\u2019absence de hi\u00e9rarchie appelle un proc\u00e9d\u00e9 de r\u00e9gulation efficace : le Cercle de parole [2]. La vie collective implique des t\u00e2ches consid\u00e9r\u00e9es comme aussi valorisantes les unes que les autres, avec cependant des retours d\u2019effort plus ou moins imm\u00e9diats, \u00e0 court-terme : cuisine, gestion du mat\u00e9riel, interventions en public, nettoyage ; \u00e0 moyen-terme : coordination avec les accueillants, contact avec les m\u00e9dias, finalisation et fl\u00e9chage \u00e9ventuel du circuit ; \u00e0 long-terme : r\u00e9daction de communiqu\u00e9s et d\u2019articles, tournage de s\u00e9quences film\u00e9es. Entre deux AlterTours, cette exp\u00e9rience peut \u00eatre transmise, comme par Genevi\u00e8ve de St-Hilaire (45) \u00e0 un groupe d\u2019adolescents, \u00ab encore \u00e9merveill\u00e9e d\u2019avoir pu transmettre \u00e0 ces jeunes un peu de ce que l\u2019AlterTour lui a apport\u00e9, dont : \u00eatre heureux dans la simplicit\u00e9 volontaire et le partage au quotidien. \u00bb<\/p>\n<p><strong>Ils auront, les alters, un \u2018avoir\u2019 limit\u00e9, mais suffisant pour s\u2019\u00e9lever : l\u2019eau d\u00e9salt\u00e8re.<\/strong><\/p>\n<p>L\u2019ann\u00e9e \u00ab altertouresque \u00bb se divise actuellement en trois p\u00e9riodes : neuf mois de gestation du projet, un mois de r\u00e9alisation, deux mois de finitions. Entre deux AlterTours, l\u2019aventure collective continue\u2026 Beaucoup d\u2019altercyclistes deviennent r\u00e9cidivistes. Certains n\u2019imaginent pas revenir sur le tour sans avoir contribu\u00e9 \u00e0 sa pr\u00e9paration. C\u2019est ainsi que ceux-l\u00e0 se retrouvent chaque mois quelque part en France, et organisent \u00e9galement des r\u00e9unions hebdomadaires sur Internet, pour affiner progressivement le circuit qu\u2019ils exploreront et le cadre logistique dans lequel ils \u00e9volueront l\u2019\u00e9t\u00e9 suivant. Ils con\u00e7oivent \u00e0 la fois le contenu d\u2019un \u00e9v\u00e9nement d\u2019un mois et demi, et la mani\u00e8re de l\u2019organiser. Car les options sont multiples en la mati\u00e8re, et l\u2019absence de hi\u00e9rarchie dans le groupe de coordinateurs ne signifie pas l\u2019absence d\u2019organisation. Des outils de partage d\u2019informations structur\u00e9es sont mis en place, permettant \u00e0 chacun de contribuer au projet en fonction de ses disponibilit\u00e9s, et aussi parfois d\u2019am\u00e9liorer ses comp\u00e9tences en fonction des besoins. Du c\u00f4t\u00e9 des h\u00f4tes, le niveau de satisfaction semble en d\u00e9finitive \u00eatre proportionnel \u00e0 l\u2019investissement collectif r\u00e9alis\u00e9 avant le passage des cyclistes. La r\u00e9ussite du projet peut m\u00eame conduire, comme \u00e0 Domfront ou Strasbourg, \u00e0 la cr\u00e9ation d\u2019associations destin\u00e9es \u00e0 promouvoir par la suite les alternatives locales, y compris l\u2019agriculture paysanne (AMAP). La tendance actuelle est donc de d\u00e9marrer de bonne heure la pr\u00e9paration du tour, en y incluant de l\u2019\u00e9ducation populaire \u00ab en interne \u00bb pour une meilleure connaissance et un partage possible des t\u00e2ches.<\/p>\n<p>Il y a de l\u2019admiration entre les cyclistes et leurs h\u00f4tes, d\u2019o\u00f9 une \u00e9mulation certaine. Les \u00ab accueillants \u00bb sont impressionn\u00e9s par la performance sportive et la curiosit\u00e9 des cyclistes sur les domaines abord\u00e9s lors des soir\u00e9es-d\u00e9bats. L\u2019envie de rouler sur le tour l\u2019ann\u00e9e suivante a m\u00eame parfois \u00e9t\u00e9 exprim\u00e9e, \u00ab \u00e0 condition de trouver une personne pour remplacer \u00bb au fournil ou aux champs. R\u00e9ciproquement, les cyclistes les plus enthousiastes changent entre deux AlterTours de couleur de maillot : le vert devient le rouge des organisateurs locaux. Comme pr\u00e9c\u00e9demment indiqu\u00e9, certains participent m\u00eame l\u2019ann\u00e9e suivante \u00e0 l\u2019organisation nationale, tel Mathieu de Besan\u00e7on devenu coordinateur de l\u2019\u00e9dition 2009. Cette tendance s\u2019accentue pour la prochaine \u00e9dition : des citoyens de Jersey, venus \u00e0 la rencontre des cyclistes en 2009, les invitent \u00e0 une grande manifestation publique qui r\u00e9unira le 17 juillet 2010 des membres de leur gouvernement et des responsables d\u2019associations locales. Du c\u00f4t\u00e9 des cyclistes, comme l\u2019exprime Jean-Pierre, l\u2019engagement en direction des alternatives peut aller jusqu\u2019\u00e0 \u00ab vivre beaucoup plus en coh\u00e9rence avec leurs id\u00e9es, \u00e0 longueur d\u2019ann\u00e9e. Autrement dit, devenir \u00e0 leur tour r\u00e9volutionnaires (au sens: porteurs d\u2019un projet alternatif) \u00bb pour ne pas se limiter au r\u00f4le de t\u00e9moin admiratif pendant un mois sur l\u2019AlterTour.<\/p>\n<p>L\u2019id\u00e9e d\u2019organiser un AlterTour continuel a \u00e9t\u00e9 sugg\u00e9r\u00e9e. Les cyclistes consacreraient alors une partie de leur temps libre sur le tour \u00e0 pr\u00e9parer le circuit parcouru par d\u2019autres, quelques mois plus tard : un sch\u00e9ma qui ajouterait une autre dimension \u00e0 la solidarit\u00e9. Entre deux AlterTours, ce serait alors toujours vraiment de l\u2019AlterTour.<\/p>\n<p style=\"text-align: right;\"><strong>Josy d&rsquo;Orthez<br \/>\n&amp; Dom de Chevreuse<\/strong><\/p>\n<p style=\"text-align: left;\">[1] <a href=\"http:\/\/altercampagne.free.fr\/pages\/2008\/AlterTour\/doc\/Revue2Presse_AT2009.pdf\">Revue de Presse 2009<\/a> (55 pages)<\/p>\n[2] Chacun prend la parole \u00e0 tour de r\u00f4le, sans \u00eatre interrompu. Le Cercle de parole ne donne pas seulement \u00e0 chaque individu la possibilit\u00e9 d\u2019exprimer sa perception d\u2019une situation et de participer \u00e0 la conduite du groupe, il l\u2019entra\u00eene aussi \u00e0 contr\u00f4ler son impulsivit\u00e9.<\/p>\n<p><a id=\"SilenceMicroondes\" name=\"SilenceMicroondes\"><\/a>[3] <span style=\"text-decoration: underline;\">Figure\u00a01<\/span>. R\u00e9sultat des contr\u00f4les anti-dopage \u00e9lectromagn\u00e9tique par micro-ondes, r\u00e9alis\u00e9s pendant l\u2019Altertour par Philippe de Chamb\u00e9ry (73) et cartographi\u00e9s entre deux Altertours par Nolwenn de Vannes (56). Une enqu\u00eate du <em>Monde<\/em> a confirm\u00e9 la pr\u00e9sence d\u2019antennes-relais dans des clochers d\u2019\u00e9glise, avanc\u00e9e par les m\u00e9decins de l\u2019Altertour 2009.<\/p>\n","protected":false},"excerpt":{"rendered":"<p>Ces deux derniers \u00e9t\u00e9s, lorsque l\u2019AlterTour encha\u00eenait les alternatives, l\u2019attention des cyclistes \u00e9tait surtout orient\u00e9e vers l\u2019action. Il s\u2019agissait de faire conna\u00eetre des initiatives locales, tout en exp\u00e9rimentant une vie collective en d\u00e9calage avec nos habitudes. Sur cet autre tour, on pratique en effet la convivialit\u00e9 et la solidarit\u00e9, sans &#8230; <\/p>\n<div><a href=\"https:\/\/www.altercampagne.net\/?p=4483\" class=\"more-link\">Read More<\/a><\/div>\n","protected":false},"author":214,"featured_media":0,"comment_status":"closed","ping_status":"closed","sticky":false,"template":"","format":"standard","meta":{"footnotes":""},"categories":[239],"tags":[13,1301,2095],"class_list":["post-4483","post","type-post","status-publish","format-standard","hentry","category-revue-de-presse","tag-revue-silence","tag-altertour-2010","tag-2095","no-post-thumbnail"],"yoast_head":"<!-- This site is optimized with the Yoast SEO plugin v27.3 - https:\/\/yoast.com\/product\/yoast-seo-wordpress\/ -->\n<title>Entre deux AlterTours, c\u2019est encore de l\u2019AlterTour - AlterTour<\/title>\n<meta name=\"robots\" content=\"index, follow, max-snippet:-1, max-image-preview:large, max-video-preview:-1\" \/>\n<link rel=\"canonical\" href=\"https:\/\/www.altercampagne.net\/?p=4483\" \/>\n<meta property=\"og:locale\" content=\"fr_FR\" \/>\n<meta property=\"og:type\" content=\"article\" \/>\n<meta property=\"og:title\" content=\"Entre deux AlterTours, c\u2019est encore de l\u2019AlterTour - AlterTour\" \/>\n<meta property=\"og:description\" content=\"Ces deux derniers \u00e9t\u00e9s, lorsque l\u2019AlterTour encha\u00eenait les alternatives, l\u2019attention des cyclistes \u00e9tait surtout orient\u00e9e vers l\u2019action. Il s\u2019agissait de faire conna\u00eetre des initiatives locales, tout en exp\u00e9rimentant une vie collective en d\u00e9calage avec nos habitudes. Sur cet autre tour, on pratique en effet la convivialit\u00e9 et la solidarit\u00e9, sans ... Read More\" \/>\n<meta property=\"og:url\" content=\"https:\/\/www.altercampagne.net\/?p=4483\" \/>\n<meta property=\"og:site_name\" content=\"AlterTour\" \/>\n<meta property=\"article:published_time\" content=\"2010-02-02T12:24:43+00:00\" \/>\n<meta property=\"article:modified_time\" content=\"2016-04-23T11:34:06+00:00\" \/>\n<meta property=\"og:image\" content=\"http:\/\/altercampagne.free.fr\/pages\/2008\/AlterTour\/doc\/Couverture-SilenceFev2010-S.jpg\" \/>\n<meta name=\"author\" content=\"Mathieu\" \/>\n<meta name=\"twitter:card\" content=\"summary_large_image\" \/>\n<meta name=\"twitter:label1\" content=\"\u00c9crit par\" \/>\n\t<meta name=\"twitter:data1\" content=\"Mathieu\" \/>\n\t<meta name=\"twitter:label2\" content=\"Dur\u00e9e de lecture estim\u00e9e\" \/>\n\t<meta name=\"twitter:data2\" content=\"6 minutes\" \/>\n<script type=\"application\/ld+json\" class=\"yoast-schema-graph\">{\"@context\":\"https:\\\/\\\/schema.org\",\"@graph\":[{\"@type\":\"Article\",\"@id\":\"https:\\\/\\\/www.altercampagne.net\\\/?p=4483#article\",\"isPartOf\":{\"@id\":\"https:\\\/\\\/www.altercampagne.net\\\/?p=4483\"},\"author\":{\"name\":\"Mathieu\",\"@id\":\"https:\\\/\\\/www.altercampagne.net\\\/#\\\/schema\\\/person\\\/0f261460c09e430caa0f9bcffa319109\"},\"headline\":\"Entre deux AlterTours, c\u2019est encore de l\u2019AlterTour\",\"datePublished\":\"2010-02-02T12:24:43+00:00\",\"dateModified\":\"2016-04-23T11:34:06+00:00\",\"mainEntityOfPage\":{\"@id\":\"https:\\\/\\\/www.altercampagne.net\\\/?p=4483\"},\"wordCount\":1161,\"image\":{\"@id\":\"https:\\\/\\\/www.altercampagne.net\\\/?p=4483#primaryimage\"},\"thumbnailUrl\":\"http:\\\/\\\/altercampagne.free.fr\\\/pages\\\/2008\\\/AlterTour\\\/doc\\\/Couverture-SilenceFev2010-S.jpg\",\"keywords\":[\"revue Silence\",\"AlterTour 2010\",\"2010\"],\"articleSection\":[\"Revue de presse\"],\"inLanguage\":\"fr-FR\"},{\"@type\":\"WebPage\",\"@id\":\"https:\\\/\\\/www.altercampagne.net\\\/?p=4483\",\"url\":\"https:\\\/\\\/www.altercampagne.net\\\/?p=4483\",\"name\":\"Entre deux AlterTours, c\u2019est encore de l\u2019AlterTour - AlterTour\",\"isPartOf\":{\"@id\":\"https:\\\/\\\/www.altercampagne.net\\\/#website\"},\"primaryImageOfPage\":{\"@id\":\"https:\\\/\\\/www.altercampagne.net\\\/?p=4483#primaryimage\"},\"image\":{\"@id\":\"https:\\\/\\\/www.altercampagne.net\\\/?p=4483#primaryimage\"},\"thumbnailUrl\":\"http:\\\/\\\/altercampagne.free.fr\\\/pages\\\/2008\\\/AlterTour\\\/doc\\\/Couverture-SilenceFev2010-S.jpg\",\"datePublished\":\"2010-02-02T12:24:43+00:00\",\"dateModified\":\"2016-04-23T11:34:06+00:00\",\"author\":{\"@id\":\"https:\\\/\\\/www.altercampagne.net\\\/#\\\/schema\\\/person\\\/0f261460c09e430caa0f9bcffa319109\"},\"breadcrumb\":{\"@id\":\"https:\\\/\\\/www.altercampagne.net\\\/?p=4483#breadcrumb\"},\"inLanguage\":\"fr-FR\",\"potentialAction\":[{\"@type\":\"ReadAction\",\"target\":[\"https:\\\/\\\/www.altercampagne.net\\\/?p=4483\"]}]},{\"@type\":\"ImageObject\",\"inLanguage\":\"fr-FR\",\"@id\":\"https:\\\/\\\/www.altercampagne.net\\\/?p=4483#primaryimage\",\"url\":\"http:\\\/\\\/altercampagne.free.fr\\\/pages\\\/2008\\\/AlterTour\\\/doc\\\/Couverture-SilenceFev2010-S.jpg\",\"contentUrl\":\"http:\\\/\\\/altercampagne.free.fr\\\/pages\\\/2008\\\/AlterTour\\\/doc\\\/Couverture-SilenceFev2010-S.jpg\"},{\"@type\":\"BreadcrumbList\",\"@id\":\"https:\\\/\\\/www.altercampagne.net\\\/?p=4483#breadcrumb\",\"itemListElement\":[{\"@type\":\"ListItem\",\"position\":1,\"name\":\"Accueil\",\"item\":\"https:\\\/\\\/www.altercampagne.net\\\/\"},{\"@type\":\"ListItem\",\"position\":2,\"name\":\"Entre deux AlterTours, c\u2019est encore de l\u2019AlterTour\"}]},{\"@type\":\"WebSite\",\"@id\":\"https:\\\/\\\/www.altercampagne.net\\\/#website\",\"url\":\"https:\\\/\\\/www.altercampagne.net\\\/\",\"name\":\"AlterTour\",\"description\":\"Reliez les Alternatives \u00e0 v\u00e9lo\",\"potentialAction\":[{\"@type\":\"SearchAction\",\"target\":{\"@type\":\"EntryPoint\",\"urlTemplate\":\"https:\\\/\\\/www.altercampagne.net\\\/?s={search_term_string}\"},\"query-input\":{\"@type\":\"PropertyValueSpecification\",\"valueRequired\":true,\"valueName\":\"search_term_string\"}}],\"inLanguage\":\"fr-FR\"},{\"@type\":\"Person\",\"@id\":\"https:\\\/\\\/www.altercampagne.net\\\/#\\\/schema\\\/person\\\/0f261460c09e430caa0f9bcffa319109\",\"name\":\"Mathieu\",\"image\":{\"@type\":\"ImageObject\",\"inLanguage\":\"fr-FR\",\"@id\":\"https:\\\/\\\/secure.gravatar.com\\\/avatar\\\/aa9d3d24c83f2141e5e2709d0f63d09a99f6be6bb7a50abc4915838d9f54501a?s=96&d=mm&r=g\",\"url\":\"https:\\\/\\\/secure.gravatar.com\\\/avatar\\\/aa9d3d24c83f2141e5e2709d0f63d09a99f6be6bb7a50abc4915838d9f54501a?s=96&d=mm&r=g\",\"contentUrl\":\"https:\\\/\\\/secure.gravatar.com\\\/avatar\\\/aa9d3d24c83f2141e5e2709d0f63d09a99f6be6bb7a50abc4915838d9f54501a?s=96&d=mm&r=g\",\"caption\":\"Mathieu\"},\"url\":\"https:\\\/\\\/www.altercampagne.net\\\/?author=214\"}]}<\/script>\n<!-- \/ Yoast SEO plugin. -->","yoast_head_json":{"title":"Entre deux AlterTours, c\u2019est encore de l\u2019AlterTour - AlterTour","robots":{"index":"index","follow":"follow","max-snippet":"max-snippet:-1","max-image-preview":"max-image-preview:large","max-video-preview":"max-video-preview:-1"},"canonical":"https:\/\/www.altercampagne.net\/?p=4483","og_locale":"fr_FR","og_type":"article","og_title":"Entre deux AlterTours, c\u2019est encore de l\u2019AlterTour - AlterTour","og_description":"Ces deux derniers \u00e9t\u00e9s, lorsque l\u2019AlterTour encha\u00eenait les alternatives, l\u2019attention des cyclistes \u00e9tait surtout orient\u00e9e vers l\u2019action. Il s\u2019agissait de faire conna\u00eetre des initiatives locales, tout en exp\u00e9rimentant une vie collective en d\u00e9calage avec nos habitudes. Sur cet autre tour, on pratique en effet la convivialit\u00e9 et la solidarit\u00e9, sans ... Read More","og_url":"https:\/\/www.altercampagne.net\/?p=4483","og_site_name":"AlterTour","article_published_time":"2010-02-02T12:24:43+00:00","article_modified_time":"2016-04-23T11:34:06+00:00","og_image":[{"url":"http:\/\/altercampagne.free.fr\/pages\/2008\/AlterTour\/doc\/Couverture-SilenceFev2010-S.jpg","type":"","width":"","height":""}],"author":"Mathieu","twitter_card":"summary_large_image","twitter_misc":{"\u00c9crit par":"Mathieu","Dur\u00e9e de lecture estim\u00e9e":"6 minutes"},"schema":{"@context":"https:\/\/schema.org","@graph":[{"@type":"Article","@id":"https:\/\/www.altercampagne.net\/?p=4483#article","isPartOf":{"@id":"https:\/\/www.altercampagne.net\/?p=4483"},"author":{"name":"Mathieu","@id":"https:\/\/www.altercampagne.net\/#\/schema\/person\/0f261460c09e430caa0f9bcffa319109"},"headline":"Entre deux AlterTours, c\u2019est encore de l\u2019AlterTour","datePublished":"2010-02-02T12:24:43+00:00","dateModified":"2016-04-23T11:34:06+00:00","mainEntityOfPage":{"@id":"https:\/\/www.altercampagne.net\/?p=4483"},"wordCount":1161,"image":{"@id":"https:\/\/www.altercampagne.net\/?p=4483#primaryimage"},"thumbnailUrl":"http:\/\/altercampagne.free.fr\/pages\/2008\/AlterTour\/doc\/Couverture-SilenceFev2010-S.jpg","keywords":["revue Silence","AlterTour 2010","2010"],"articleSection":["Revue de presse"],"inLanguage":"fr-FR"},{"@type":"WebPage","@id":"https:\/\/www.altercampagne.net\/?p=4483","url":"https:\/\/www.altercampagne.net\/?p=4483","name":"Entre deux AlterTours, c\u2019est encore de l\u2019AlterTour - AlterTour","isPartOf":{"@id":"https:\/\/www.altercampagne.net\/#website"},"primaryImageOfPage":{"@id":"https:\/\/www.altercampagne.net\/?p=4483#primaryimage"},"image":{"@id":"https:\/\/www.altercampagne.net\/?p=4483#primaryimage"},"thumbnailUrl":"http:\/\/altercampagne.free.fr\/pages\/2008\/AlterTour\/doc\/Couverture-SilenceFev2010-S.jpg","datePublished":"2010-02-02T12:24:43+00:00","dateModified":"2016-04-23T11:34:06+00:00","author":{"@id":"https:\/\/www.altercampagne.net\/#\/schema\/person\/0f261460c09e430caa0f9bcffa319109"},"breadcrumb":{"@id":"https:\/\/www.altercampagne.net\/?p=4483#breadcrumb"},"inLanguage":"fr-FR","potentialAction":[{"@type":"ReadAction","target":["https:\/\/www.altercampagne.net\/?p=4483"]}]},{"@type":"ImageObject","inLanguage":"fr-FR","@id":"https:\/\/www.altercampagne.net\/?p=4483#primaryimage","url":"http:\/\/altercampagne.free.fr\/pages\/2008\/AlterTour\/doc\/Couverture-SilenceFev2010-S.jpg","contentUrl":"http:\/\/altercampagne.free.fr\/pages\/2008\/AlterTour\/doc\/Couverture-SilenceFev2010-S.jpg"},{"@type":"BreadcrumbList","@id":"https:\/\/www.altercampagne.net\/?p=4483#breadcrumb","itemListElement":[{"@type":"ListItem","position":1,"name":"Accueil","item":"https:\/\/www.altercampagne.net\/"},{"@type":"ListItem","position":2,"name":"Entre deux AlterTours, c\u2019est encore de l\u2019AlterTour"}]},{"@type":"WebSite","@id":"https:\/\/www.altercampagne.net\/#website","url":"https:\/\/www.altercampagne.net\/","name":"AlterTour","description":"Reliez les Alternatives \u00e0 v\u00e9lo","potentialAction":[{"@type":"SearchAction","target":{"@type":"EntryPoint","urlTemplate":"https:\/\/www.altercampagne.net\/?s={search_term_string}"},"query-input":{"@type":"PropertyValueSpecification","valueRequired":true,"valueName":"search_term_string"}}],"inLanguage":"fr-FR"},{"@type":"Person","@id":"https:\/\/www.altercampagne.net\/#\/schema\/person\/0f261460c09e430caa0f9bcffa319109","name":"Mathieu","image":{"@type":"ImageObject","inLanguage":"fr-FR","@id":"https:\/\/secure.gravatar.com\/avatar\/aa9d3d24c83f2141e5e2709d0f63d09a99f6be6bb7a50abc4915838d9f54501a?s=96&d=mm&r=g","url":"https:\/\/secure.gravatar.com\/avatar\/aa9d3d24c83f2141e5e2709d0f63d09a99f6be6bb7a50abc4915838d9f54501a?s=96&d=mm&r=g","contentUrl":"https:\/\/secure.gravatar.com\/avatar\/aa9d3d24c83f2141e5e2709d0f63d09a99f6be6bb7a50abc4915838d9f54501a?s=96&d=mm&r=g","caption":"Mathieu"},"url":"https:\/\/www.altercampagne.net\/?author=214"}]}},"_links":{"self":[{"href":"https:\/\/www.altercampagne.net\/index.php?rest_route=\/wp\/v2\/posts\/4483","targetHints":{"allow":["GET"]}}],"collection":[{"href":"https:\/\/www.altercampagne.net\/index.php?rest_route=\/wp\/v2\/posts"}],"about":[{"href":"https:\/\/www.altercampagne.net\/index.php?rest_route=\/wp\/v2\/types\/post"}],"author":[{"embeddable":true,"href":"https:\/\/www.altercampagne.net\/index.php?rest_route=\/wp\/v2\/users\/214"}],"replies":[{"embeddable":true,"href":"https:\/\/www.altercampagne.net\/index.php?rest_route=%2Fwp%2Fv2%2Fcomments&post=4483"}],"version-history":[{"count":0,"href":"https:\/\/www.altercampagne.net\/index.php?rest_route=\/wp\/v2\/posts\/4483\/revisions"}],"wp:attachment":[{"href":"https:\/\/www.altercampagne.net\/index.php?rest_route=%2Fwp%2Fv2%2Fmedia&parent=4483"}],"wp:term":[{"taxonomy":"category","embeddable":true,"href":"https:\/\/www.altercampagne.net\/index.php?rest_route=%2Fwp%2Fv2%2Fcategories&post=4483"},{"taxonomy":"post_tag","embeddable":true,"href":"https:\/\/www.altercampagne.net\/index.php?rest_route=%2Fwp%2Fv2%2Ftags&post=4483"}],"curies":[{"name":"wp","href":"https:\/\/api.w.org\/{rel}","templated":true}]}}