{"id":4485,"date":"2009-05-02T13:36:02","date_gmt":"2009-05-02T11:36:02","guid":{"rendered":"http:\/\/www.altercampagne.net\/?p=4485"},"modified":"2016-04-23T13:39:20","modified_gmt":"2016-04-23T11:39:20","slug":"laltertour-sur-les-chemins-de-la-solidarite","status":"publish","type":"post","link":"https:\/\/www.altercampagne.net\/?p=4485","title":{"rendered":"L\u2019AlterTour sur les chemins de la solidarit\u00e9"},"content":{"rendered":"<p><em>\u00a0Creuser les chemins de la solidarit\u00e9 plut\u00f4t que suivre l\u2019autoroute sans issue de la comp\u00e9tition : la <\/em>Conf\u00e9d\u00e9ration Paysanne<em> accompagne la deuxi\u00e8me \u00e9dition de l\u2019AlterTour qui, en juillet au nord de la Loire, parcourra les chemins reliant un arc-en-ciel d\u2019initiatives exemplaires.<\/em><\/p>\n<p>Sortant de la projection d\u2019\u00abOn revient sur Terre\u00bb (1), le documentaire tourn\u00e9 en juillet 2008 pendant la premi\u00e8re \u00e9dition de l\u2019AlterTour, la journaliste Ruth St\u00e9gassy (2) se d\u00e9clarait revigor\u00e9e par le bonheur \u00e9vident de tous les acteurs. Le film met en sc\u00e8ne un groupe de cyclistes nomades qui part pendant un mois \u00e0 la rencontre de militants s\u00e9dentaires : paysans, \u00e9lus, b\u00e9n\u00e9voles, tous promoteurs de l\u2019\u00e9cologie. Les s\u00e9dentaires y t\u00e9moignent notamment de leur exp\u00e9rience militante. On est loin d\u2019images montrant des paysans reclus, parfois d\u00e9prim\u00e9s, sans avenir apparent. Comme l\u2019exprime l\u2019artisan boulanger, cycliste et \u00e9diteur Thierry Baffou : \u00ab <em>Ce sont les politiques locaux qui viennent nous voir. A partir du moment o\u00f9 on montre sur un lieu que quelque chose fonctionne, on a d\u00e9j\u00e0 un certain cr\u00e9dit, le message est d&rsquo;autant plus facile \u00e0 passer. Je peux me permettre apr\u00e8s de d\u00e9noncer ce qu&rsquo;ils font parce qu&rsquo;ils se rendent compte que je propose quelque chose qui fonctionne. Je pense que \u00e7a, c&rsquo;est important : ne pas \u00eatre que dans l&rsquo;aspect n\u00e9gatif de la d\u00e9nonciation, mais dans la proposition.<\/em> \u00bb<br \/>\nL\u2019AlterTour veut faire conna\u00eetre des initiatives m\u00e9ritant d\u2019\u00eatre reproduites. L\u2019existence de tant d\u2019alternatives, notamment agricoles, fut une source d\u2019\u00e9tonnement en 2008. Le circuit 2009 procurera sans doute autant d\u2019espoir \u00e0 ceux qui creusent les chemins de la solidarit\u00e9 en \u00e9vitant l\u2019autoroute de la comp\u00e9tition.<\/p>\n<p>L\u2019id\u00e9e de base \u00e9tait de montrer le parall\u00e8le existant entre le dopage dans le sport de comp\u00e9tition et certains proc\u00e9d\u00e9s de l\u2019agriculture productiviste (cf. dossier CS n\u00b0230). L\u2019actualit\u00e9 nous oblige cette ann\u00e9e \u00e0 consid\u00e9rer d\u2019autres formes de dopage tout aussi pr\u00e9occupantes : le dopage financier, dont la connotation positive d\u2019hier ne r\u00e9siste pas \u00e0 la crise d\u2019aujourd\u2019hui, mais aussi le dopage des transports, ou celui des t\u00e9l\u00e9communications par les micro-ondes.<\/p>\n<p>En d\u00e9finitive, le dopage concerne <strong>tout proc\u00e9d\u00e9 qui am\u00e9liore temporairement certaines performances mais cr\u00e9\u00e9 sur le long terme une d\u00e9pendance, voire une d\u00e9gradation<\/strong>. Cette d\u00e9gradation s\u2019\u00e9tend g\u00e9n\u00e9ralement au del\u00e0 de l\u2019organisme dop\u00e9, ce qui pose un grave probl\u00e8me de soci\u00e9t\u00e9. Les retomb\u00e9es des diff\u00e9rentes formes que rev\u00eat le dopage sont nombreuses sur nos vies, mais aussi et avant tout sur l\u2019avenir de la plan\u00e8te. Toute manifestation visant \u00e0 faire prendre conscience de cette situation est salutaire.<br \/>\nIl s\u2019agit de mettre en avant des alternatives concr\u00e8tes et de favoriser la naissance d\u2019initiatives locales courageuses, en allant soutenir celles et ceux qui tentent d\u2019\u00e9viter que de grands projets institutionnels \u00ab occupent le terrain \u00bb, au sens propre comme au figur\u00e9. L\u2019AlterTour passe ainsi par des sites envisag\u00e9s pour accueillir des projets au co\u00fbt exorbitant, \u00e0 la finalit\u00e9 discutable et aux cons\u00e9quences n\u00e9fastes pour l\u2019\u00e9cologie. Initi\u00e9s il y a plusieurs ann\u00e9es, lorsque certains \u00e9lus ou \u00e9conomistes pouvaient encore croire au mythe de la croissance illimit\u00e9e, ces projets ne r\u00e9pondent plus \u00e0 un r\u00e9el besoin, sauf peut-\u00eatre celui de continuer \u00e0 faire tourner les industries du b\u00e9ton, de l\u2019asphalte, du p\u00e9trole et de l\u2019uranium. La population locale s\u2019y oppose, leur pr\u00e9f\u00e9rant la pr\u00e9servation de l\u2019environnement et le maintien d\u2019une agriculture durable. L\u2019AlterTour passera donc par des lieux de r\u00e9sistance aux grands centres commerciaux, aux complexes autoroutiers, \u00e0 des centrale nucl\u00e9aire, port m\u00e9thanier et a\u00e9roport. L\u2019arriv\u00e9e aura lieu ainsi le 8 ao\u00fbt au camp-climat concern\u00e9 par le projet de second a\u00e9roport de Nantes, pr\u00e9vu sur des terres agricoles \u00e0 Notre-Dame-des-Landes. Un site et un combat embl\u00e9matiques contre un projet d\u2019un autre temps (cf. CS n\u00b0223), une sc\u00e8ne finale adapt\u00e9e au nouveau sc\u00e9nario \u00e9crit par des cyclistes et leurs h\u00f4tes.<\/p>\n<p style=\"text-align: right;\"><a href=\"http:\/\/www.confederationpaysanne.fr\/campsol2.php3\">Campagnes Solidaires<\/a><\/p>\n<p>(1) <span class=\"Style25\">La bande annonce du film et toutes les infos sur l\u2019AlterTour 2009 sont sur : <a href=\"http:\/\/www.altertour.net\">www.altertour.net<\/a><\/span><br \/>\n(2) <span class=\"Style25\">Journaliste \u00e0 France Culture, Ruth Stegassy anime tous les samedis matin \u00ab Terre \u00e0 terre \u00bb, \u00e9mission de r\u00e9f\u00e9rence sur l\u2019\u00e9cologie. <\/span><span style=\"font-family: Georgia,Times New Roman,Times,serif; font-size: medium;\"><br \/>\n<\/span><\/p>\n","protected":false},"excerpt":{"rendered":"<p>\u00a0Creuser les chemins de la solidarit\u00e9 plut\u00f4t que suivre l\u2019autoroute sans issue de la comp\u00e9tition : la Conf\u00e9d\u00e9ration Paysanne accompagne la deuxi\u00e8me \u00e9dition de l\u2019AlterTour qui, en juillet au nord de la Loire, parcourra les chemins reliant un arc-en-ciel d\u2019initiatives exemplaires. Sortant de la projection d\u2019\u00abOn revient sur Terre\u00bb (1), &#8230; <\/p>\n<div><a href=\"https:\/\/www.altercampagne.net\/?p=4485\" class=\"more-link\">Read More<\/a><\/div>\n","protected":false},"author":214,"featured_media":0,"comment_status":"closed","ping_status":"closed","sticky":false,"template":"","format":"standard","meta":{"footnotes":""},"categories":[239],"tags":[416,449,831,894,2096,2097,2098],"class_list":["post-4485","post","type-post","status-publish","format-standard","hentry","category-revue-de-presse","tag-mayenne","tag-confederation-paysanne","tag-altertour-2009","tag-pays-de-la-loire","tag-2096","tag-campagnes-solidaires","tag-thierry-baffou","no-post-thumbnail"],"yoast_head":"<!-- This site is optimized with the Yoast SEO plugin v27.3 - https:\/\/yoast.com\/product\/yoast-seo-wordpress\/ -->\n<title>L\u2019AlterTour sur les chemins de la solidarit\u00e9 - AlterTour<\/title>\n<meta name=\"robots\" content=\"index, follow, max-snippet:-1, max-image-preview:large, max-video-preview:-1\" \/>\n<link rel=\"canonical\" href=\"https:\/\/www.altercampagne.net\/?p=4485\" \/>\n<meta property=\"og:locale\" content=\"fr_FR\" \/>\n<meta property=\"og:type\" content=\"article\" \/>\n<meta property=\"og:title\" content=\"L\u2019AlterTour sur les chemins de la solidarit\u00e9 - AlterTour\" \/>\n<meta property=\"og:description\" content=\"\u00a0Creuser les chemins de la solidarit\u00e9 plut\u00f4t que suivre l\u2019autoroute sans issue de la comp\u00e9tition : la Conf\u00e9d\u00e9ration Paysanne accompagne la deuxi\u00e8me \u00e9dition de l\u2019AlterTour qui, en juillet au nord de la Loire, parcourra les chemins reliant un arc-en-ciel d\u2019initiatives exemplaires. Sortant de la projection d\u2019\u00abOn revient sur Terre\u00bb (1), ... Read More\" \/>\n<meta property=\"og:url\" content=\"https:\/\/www.altercampagne.net\/?p=4485\" \/>\n<meta property=\"og:site_name\" content=\"AlterTour\" \/>\n<meta property=\"article:published_time\" content=\"2009-05-02T11:36:02+00:00\" \/>\n<meta property=\"article:modified_time\" content=\"2016-04-23T11:39:20+00:00\" \/>\n<meta name=\"author\" content=\"Mathieu\" \/>\n<meta name=\"twitter:card\" content=\"summary_large_image\" \/>\n<meta name=\"twitter:label1\" content=\"\u00c9crit par\" \/>\n\t<meta name=\"twitter:data1\" content=\"Mathieu\" \/>\n\t<meta name=\"twitter:label2\" content=\"Dur\u00e9e de lecture estim\u00e9e\" \/>\n\t<meta name=\"twitter:data2\" content=\"4 minutes\" \/>\n<script type=\"application\/ld+json\" class=\"yoast-schema-graph\">{\"@context\":\"https:\\\/\\\/schema.org\",\"@graph\":[{\"@type\":\"Article\",\"@id\":\"https:\\\/\\\/www.altercampagne.net\\\/?p=4485#article\",\"isPartOf\":{\"@id\":\"https:\\\/\\\/www.altercampagne.net\\\/?p=4485\"},\"author\":{\"name\":\"Mathieu\",\"@id\":\"https:\\\/\\\/www.altercampagne.net\\\/#\\\/schema\\\/person\\\/0f261460c09e430caa0f9bcffa319109\"},\"headline\":\"L\u2019AlterTour sur les chemins de la solidarit\u00e9\",\"datePublished\":\"2009-05-02T11:36:02+00:00\",\"dateModified\":\"2016-04-23T11:39:20+00:00\",\"mainEntityOfPage\":{\"@id\":\"https:\\\/\\\/www.altercampagne.net\\\/?p=4485\"},\"wordCount\":765,\"keywords\":[\"mayenne\",\"conf\u00e9d\u00e9ration paysanne\",\"AlterTour 2009\",\"Pays de la Loire\",\"2009\",\"Campagnes Solidaires\",\"Thierry Baffou\"],\"articleSection\":[\"Revue de presse\"],\"inLanguage\":\"fr-FR\"},{\"@type\":\"WebPage\",\"@id\":\"https:\\\/\\\/www.altercampagne.net\\\/?p=4485\",\"url\":\"https:\\\/\\\/www.altercampagne.net\\\/?p=4485\",\"name\":\"L\u2019AlterTour sur les chemins de la solidarit\u00e9 - AlterTour\",\"isPartOf\":{\"@id\":\"https:\\\/\\\/www.altercampagne.net\\\/#website\"},\"datePublished\":\"2009-05-02T11:36:02+00:00\",\"dateModified\":\"2016-04-23T11:39:20+00:00\",\"author\":{\"@id\":\"https:\\\/\\\/www.altercampagne.net\\\/#\\\/schema\\\/person\\\/0f261460c09e430caa0f9bcffa319109\"},\"breadcrumb\":{\"@id\":\"https:\\\/\\\/www.altercampagne.net\\\/?p=4485#breadcrumb\"},\"inLanguage\":\"fr-FR\",\"potentialAction\":[{\"@type\":\"ReadAction\",\"target\":[\"https:\\\/\\\/www.altercampagne.net\\\/?p=4485\"]}]},{\"@type\":\"BreadcrumbList\",\"@id\":\"https:\\\/\\\/www.altercampagne.net\\\/?p=4485#breadcrumb\",\"itemListElement\":[{\"@type\":\"ListItem\",\"position\":1,\"name\":\"Accueil\",\"item\":\"https:\\\/\\\/www.altercampagne.net\\\/\"},{\"@type\":\"ListItem\",\"position\":2,\"name\":\"L\u2019AlterTour sur les chemins de la solidarit\u00e9\"}]},{\"@type\":\"WebSite\",\"@id\":\"https:\\\/\\\/www.altercampagne.net\\\/#website\",\"url\":\"https:\\\/\\\/www.altercampagne.net\\\/\",\"name\":\"AlterTour\",\"description\":\"Reliez les Alternatives \u00e0 v\u00e9lo\",\"potentialAction\":[{\"@type\":\"SearchAction\",\"target\":{\"@type\":\"EntryPoint\",\"urlTemplate\":\"https:\\\/\\\/www.altercampagne.net\\\/?s={search_term_string}\"},\"query-input\":{\"@type\":\"PropertyValueSpecification\",\"valueRequired\":true,\"valueName\":\"search_term_string\"}}],\"inLanguage\":\"fr-FR\"},{\"@type\":\"Person\",\"@id\":\"https:\\\/\\\/www.altercampagne.net\\\/#\\\/schema\\\/person\\\/0f261460c09e430caa0f9bcffa319109\",\"name\":\"Mathieu\",\"image\":{\"@type\":\"ImageObject\",\"inLanguage\":\"fr-FR\",\"@id\":\"https:\\\/\\\/secure.gravatar.com\\\/avatar\\\/aa9d3d24c83f2141e5e2709d0f63d09a99f6be6bb7a50abc4915838d9f54501a?s=96&d=mm&r=g\",\"url\":\"https:\\\/\\\/secure.gravatar.com\\\/avatar\\\/aa9d3d24c83f2141e5e2709d0f63d09a99f6be6bb7a50abc4915838d9f54501a?s=96&d=mm&r=g\",\"contentUrl\":\"https:\\\/\\\/secure.gravatar.com\\\/avatar\\\/aa9d3d24c83f2141e5e2709d0f63d09a99f6be6bb7a50abc4915838d9f54501a?s=96&d=mm&r=g\",\"caption\":\"Mathieu\"},\"url\":\"https:\\\/\\\/www.altercampagne.net\\\/?author=214\"}]}<\/script>\n<!-- \/ Yoast SEO plugin. -->","yoast_head_json":{"title":"L\u2019AlterTour sur les chemins de la solidarit\u00e9 - AlterTour","robots":{"index":"index","follow":"follow","max-snippet":"max-snippet:-1","max-image-preview":"max-image-preview:large","max-video-preview":"max-video-preview:-1"},"canonical":"https:\/\/www.altercampagne.net\/?p=4485","og_locale":"fr_FR","og_type":"article","og_title":"L\u2019AlterTour sur les chemins de la solidarit\u00e9 - AlterTour","og_description":"\u00a0Creuser les chemins de la solidarit\u00e9 plut\u00f4t que suivre l\u2019autoroute sans issue de la comp\u00e9tition : la Conf\u00e9d\u00e9ration Paysanne accompagne la deuxi\u00e8me \u00e9dition de l\u2019AlterTour qui, en juillet au nord de la Loire, parcourra les chemins reliant un arc-en-ciel d\u2019initiatives exemplaires. Sortant de la projection d\u2019\u00abOn revient sur Terre\u00bb (1), ... Read More","og_url":"https:\/\/www.altercampagne.net\/?p=4485","og_site_name":"AlterTour","article_published_time":"2009-05-02T11:36:02+00:00","article_modified_time":"2016-04-23T11:39:20+00:00","author":"Mathieu","twitter_card":"summary_large_image","twitter_misc":{"\u00c9crit par":"Mathieu","Dur\u00e9e de lecture estim\u00e9e":"4 minutes"},"schema":{"@context":"https:\/\/schema.org","@graph":[{"@type":"Article","@id":"https:\/\/www.altercampagne.net\/?p=4485#article","isPartOf":{"@id":"https:\/\/www.altercampagne.net\/?p=4485"},"author":{"name":"Mathieu","@id":"https:\/\/www.altercampagne.net\/#\/schema\/person\/0f261460c09e430caa0f9bcffa319109"},"headline":"L\u2019AlterTour sur les chemins de la solidarit\u00e9","datePublished":"2009-05-02T11:36:02+00:00","dateModified":"2016-04-23T11:39:20+00:00","mainEntityOfPage":{"@id":"https:\/\/www.altercampagne.net\/?p=4485"},"wordCount":765,"keywords":["mayenne","conf\u00e9d\u00e9ration paysanne","AlterTour 2009","Pays de la Loire","2009","Campagnes Solidaires","Thierry Baffou"],"articleSection":["Revue de presse"],"inLanguage":"fr-FR"},{"@type":"WebPage","@id":"https:\/\/www.altercampagne.net\/?p=4485","url":"https:\/\/www.altercampagne.net\/?p=4485","name":"L\u2019AlterTour sur les chemins de la solidarit\u00e9 - AlterTour","isPartOf":{"@id":"https:\/\/www.altercampagne.net\/#website"},"datePublished":"2009-05-02T11:36:02+00:00","dateModified":"2016-04-23T11:39:20+00:00","author":{"@id":"https:\/\/www.altercampagne.net\/#\/schema\/person\/0f261460c09e430caa0f9bcffa319109"},"breadcrumb":{"@id":"https:\/\/www.altercampagne.net\/?p=4485#breadcrumb"},"inLanguage":"fr-FR","potentialAction":[{"@type":"ReadAction","target":["https:\/\/www.altercampagne.net\/?p=4485"]}]},{"@type":"BreadcrumbList","@id":"https:\/\/www.altercampagne.net\/?p=4485#breadcrumb","itemListElement":[{"@type":"ListItem","position":1,"name":"Accueil","item":"https:\/\/www.altercampagne.net\/"},{"@type":"ListItem","position":2,"name":"L\u2019AlterTour sur les chemins de la solidarit\u00e9"}]},{"@type":"WebSite","@id":"https:\/\/www.altercampagne.net\/#website","url":"https:\/\/www.altercampagne.net\/","name":"AlterTour","description":"Reliez les Alternatives \u00e0 v\u00e9lo","potentialAction":[{"@type":"SearchAction","target":{"@type":"EntryPoint","urlTemplate":"https:\/\/www.altercampagne.net\/?s={search_term_string}"},"query-input":{"@type":"PropertyValueSpecification","valueRequired":true,"valueName":"search_term_string"}}],"inLanguage":"fr-FR"},{"@type":"Person","@id":"https:\/\/www.altercampagne.net\/#\/schema\/person\/0f261460c09e430caa0f9bcffa319109","name":"Mathieu","image":{"@type":"ImageObject","inLanguage":"fr-FR","@id":"https:\/\/secure.gravatar.com\/avatar\/aa9d3d24c83f2141e5e2709d0f63d09a99f6be6bb7a50abc4915838d9f54501a?s=96&d=mm&r=g","url":"https:\/\/secure.gravatar.com\/avatar\/aa9d3d24c83f2141e5e2709d0f63d09a99f6be6bb7a50abc4915838d9f54501a?s=96&d=mm&r=g","contentUrl":"https:\/\/secure.gravatar.com\/avatar\/aa9d3d24c83f2141e5e2709d0f63d09a99f6be6bb7a50abc4915838d9f54501a?s=96&d=mm&r=g","caption":"Mathieu"},"url":"https:\/\/www.altercampagne.net\/?author=214"}]}},"_links":{"self":[{"href":"https:\/\/www.altercampagne.net\/index.php?rest_route=\/wp\/v2\/posts\/4485","targetHints":{"allow":["GET"]}}],"collection":[{"href":"https:\/\/www.altercampagne.net\/index.php?rest_route=\/wp\/v2\/posts"}],"about":[{"href":"https:\/\/www.altercampagne.net\/index.php?rest_route=\/wp\/v2\/types\/post"}],"author":[{"embeddable":true,"href":"https:\/\/www.altercampagne.net\/index.php?rest_route=\/wp\/v2\/users\/214"}],"replies":[{"embeddable":true,"href":"https:\/\/www.altercampagne.net\/index.php?rest_route=%2Fwp%2Fv2%2Fcomments&post=4485"}],"version-history":[{"count":0,"href":"https:\/\/www.altercampagne.net\/index.php?rest_route=\/wp\/v2\/posts\/4485\/revisions"}],"wp:attachment":[{"href":"https:\/\/www.altercampagne.net\/index.php?rest_route=%2Fwp%2Fv2%2Fmedia&parent=4485"}],"wp:term":[{"taxonomy":"category","embeddable":true,"href":"https:\/\/www.altercampagne.net\/index.php?rest_route=%2Fwp%2Fv2%2Fcategories&post=4485"},{"taxonomy":"post_tag","embeddable":true,"href":"https:\/\/www.altercampagne.net\/index.php?rest_route=%2Fwp%2Fv2%2Ftags&post=4485"}],"curies":[{"name":"wp","href":"https:\/\/api.w.org\/{rel}","templated":true}]}}