{"id":4487,"date":"2009-04-02T13:39:56","date_gmt":"2009-04-02T11:39:56","guid":{"rendered":"http:\/\/www.altercampagne.net\/?p=4487"},"modified":"2016-04-23T13:45:37","modified_gmt":"2016-04-23T11:45:37","slug":"au-lieu-de-regarder-le-tour-de-france-participer-a-laltertour","status":"publish","type":"post","link":"https:\/\/www.altercampagne.net\/?p=4487","title":{"rendered":"Au lieu de regarder le Tour de France : participer \u00e0 l&rsquo;AlterTour"},"content":{"rendered":"<p class=\"Style13\"><em>\u00a0Cet \u00e9t\u00e9, cela vous dirait-il de faire quelques jours de balade en v\u00e9lo, solo ou en famille, et de rencontrer producteurs bio et autres alternatives sur le parcours ?<br \/>\nC\u2019est ce que vous propose l\u2019Altertour, un demi-tour de France cycliste solidaire, qui se fait en relais avec l\u2019assistance d\u2019un bus, et dont les \u00e9tapes sont ponctu\u00e9es de soir\u00e9es festives avec films et d\u00e9bats sur le th\u00e8me \u201cpour un mod\u00e8le agricole et \u00e9conomique respectueux des hommes et de la nature.\u201d&#8230;<\/em><\/p>\n<p><span class=\"Style141\">Chouette programme !<\/span><\/p>\n<p><strong>Une aventure humaine<\/strong><\/p>\n<p>Le premier Altertour a eu lieu en 2008. Dom appr\u00e9cie la qualit\u00e9 des liens humains tiss\u00e9s pendant cette \u00e9preuve solidaire qui associait des personnes de 8 \u00e0 88 ans, ayant des situations professionnelles diff\u00e9rentes : \u201cLes liens tiss\u00e9s pendant l\u2019AlterTour entre cyclistes et accueillants sont ceux de personnes ayant partag\u00e9 une \u00e9preuve humaine unique, sans discrimination d\u2019age ni de profession, et o\u00f9 l\u2019initiative de chacun est encourag\u00e9e.\u201d<\/p>\n<p>Pour beaucoup, ces relations se sont prolong\u00e9es depuis l&rsquo;\u00e9t\u00e9 avec l\u2019\u00e9laboration de l\u2019AlterTour 2009. A chaque \u00e9tape, un comit\u00e9 d\u2019accueil et d\u2019organisation se met en place. Les anciens aident les nouveaux organisateurs et passent le relais&#8230; Pour certains, venus du cyclisme, c\u2019est une d\u00e9couverte compl\u00e8te de toutes ces alternatives \u00e9cologiques, et de ces mani\u00e8res de fonctionner &#8230; diff\u00e9rentes\u2026<\/p>\n<p>Dom : \u201cPour cet autre tour, on essaie que la r\u00e9alisation soit exemplaire, qu&rsquo;elle soit en elle-m\u00eame une d\u00e9monstration du message port\u00e9\u201d.<\/p>\n<p><strong>Quel est ce message ?<\/strong><\/p>\n<p><strong>&gt;&gt;<\/strong> La voie de la comp\u00e9titivit\u00e9 est une autoroute sans issue.<br \/>\nFifi : \u00ab <em>La comp\u00e9tition aveugle que se livrent les individus, les groupements et les nations n\u2019est que le simulacre de la guerre de tous contre tous et finira par an\u00e9antir toute vie. L\u2019attitude dissidente majeure au syst\u00e8me dominant peut \u00eatre r\u00e9sum\u00e9e dans la formule : Je ne suis pas un concurrent.<\/em> \u00bb<\/p>\n<p><strong>&gt;&gt;<\/strong> Il existe des alternatives r\u00e9alistes \u00e0 la tentative actuelle de sauvetage du \u00ab chacun pour soi \u00bb \u00e9conomique, co\u00fbteux pour la collectivit\u00e9 et pour son service public, et qui nous est pourtant pr\u00e9sent\u00e9 comme la solution unique \u00e0 la crise que traverse la soci\u00e9t\u00e9 depuis quelques mois.<br \/>\n<strong>&gt;&gt;<\/strong> A l&rsquo;oppos\u00e9, trop de grands projets institutionnels menacent l\u2019environnement, et alors que leur co\u00fbt est exorbitant, d&rsquo;une part leur finalit\u00e9 est tr\u00e8s discutable et d&rsquo;autre part ils auraient de tr\u00e8s n\u00e9fastes cons\u00e9quences \u00e9cologiques. L\u2019AlterTour a donc \u00e9galement pour objectif de soutenir les initiatives locales courageuses de celles et ceux qui luttent contre ces projets.<br \/>\nCes projets que la crise \u00e9conomique finit de disqualifier ; la population locale s\u2019y oppose, leur pr\u00e9f\u00e9rant la pr\u00e9servation de l\u2019environnement, et le maintien d\u2019une agriculture durable. Il s&rsquo;agit de grand centres commerciaux, de complexes autoroutiers, de port m\u00e9thanier (St-Jouaint, soir\u00e9e du 29 juillet), de centrale nucl\u00e9aire (Penly, \u00e9tape du 27 juillet) ou du doublement d&rsquo;un a\u00e9roport (Notre-Dame-des-Landes, arriv\u00e9e au Camp Action Climat le 8 ao\u00fbt 09).<br \/>\nL\u2019arriv\u00e9e du prochain AlterTour aura effectivement lieu \u00e0 Notre-Dame-des-Landes, pendant le camp-action-climat international pr\u00e9vu pour informer le public sur le projet de second a\u00e9roport de Nantes. Le co\u00fbt en est estim\u00e9 \u00e0 3 milliards d\u2019euros, alors que l\u2019a\u00e9roport existant serait actuellement sous-exploit\u00e9 ; ses cons\u00e9quences \u00e9cologiques sont celles d\u2019un a\u00e9roport (faut-il en dire plus ?). Sans oublier qu&rsquo;il accro\u00eetrait encore la d\u00e9localisation, et donc le ch\u00f4mage dans l&rsquo;hexagone.<br \/>\n<span style=\"font-family: Georgia,Times New Roman,Times,serif; font-size: medium;\">(&#8230;)<\/span><\/p>\n<p style=\"text-align: right;\"><a href=\"http:\/\/www.passerelleco.info\/article.php?id_article=888\" target=\"_blank\">Revue Passerelle Eco n\u00b033<\/a><\/p>\n","protected":false},"excerpt":{"rendered":"<p>\u00a0Cet \u00e9t\u00e9, cela vous dirait-il de faire quelques jours de balade en v\u00e9lo, solo ou en famille, et de rencontrer producteurs bio et autres alternatives sur le parcours ? C\u2019est ce que vous propose l\u2019Altertour, un demi-tour de France cycliste solidaire, qui se fait en relais avec l\u2019assistance d\u2019un bus, &#8230; <\/p>\n<div><a href=\"https:\/\/www.altercampagne.net\/?p=4487\" class=\"more-link\">Read More<\/a><\/div>\n","protected":false},"author":214,"featured_media":0,"comment_status":"closed","ping_status":"closed","sticky":false,"template":"","format":"standard","meta":{"footnotes":""},"categories":[239],"tags":[144,414,418,831,894,1323,2096,2099,2100,2101,2102,2103],"class_list":["post-4487","post","type-post","status-publish","format-standard","hentry","category-revue-de-presse","tag-notre-dame-des-landes","tag-loire-atlantique","tag-passerelle-eco","tag-altertour-2009","tag-pays-de-la-loire","tag-camp-action-climat","tag-2096","tag-saint-jouin-bruneval","tag-seine-maritime","tag-normandie","tag-haute-normandie","tag-penly","no-post-thumbnail"],"yoast_head":"<!-- This site is optimized with the Yoast SEO plugin v27.3 - https:\/\/yoast.com\/product\/yoast-seo-wordpress\/ -->\n<title>Au lieu de regarder le Tour de France : participer \u00e0 l&#039;AlterTour - AlterTour<\/title>\n<meta name=\"robots\" content=\"index, follow, max-snippet:-1, max-image-preview:large, max-video-preview:-1\" \/>\n<link rel=\"canonical\" href=\"https:\/\/www.altercampagne.net\/?p=4487\" \/>\n<meta property=\"og:locale\" content=\"fr_FR\" \/>\n<meta property=\"og:type\" content=\"article\" \/>\n<meta property=\"og:title\" content=\"Au lieu de regarder le Tour de France : participer \u00e0 l&#039;AlterTour - AlterTour\" \/>\n<meta property=\"og:description\" content=\"\u00a0Cet \u00e9t\u00e9, cela vous dirait-il de faire quelques jours de balade en v\u00e9lo, solo ou en famille, et de rencontrer producteurs bio et autres alternatives sur le parcours ? C\u2019est ce que vous propose l\u2019Altertour, un demi-tour de France cycliste solidaire, qui se fait en relais avec l\u2019assistance d\u2019un bus, ... Read More\" \/>\n<meta property=\"og:url\" content=\"https:\/\/www.altercampagne.net\/?p=4487\" \/>\n<meta property=\"og:site_name\" content=\"AlterTour\" \/>\n<meta property=\"article:published_time\" content=\"2009-04-02T11:39:56+00:00\" \/>\n<meta property=\"article:modified_time\" content=\"2016-04-23T11:45:37+00:00\" \/>\n<meta name=\"author\" content=\"Mathieu\" \/>\n<meta name=\"twitter:card\" content=\"summary_large_image\" \/>\n<meta name=\"twitter:label1\" content=\"\u00c9crit par\" \/>\n\t<meta name=\"twitter:data1\" content=\"Mathieu\" \/>\n\t<meta name=\"twitter:label2\" content=\"Dur\u00e9e de lecture estim\u00e9e\" \/>\n\t<meta name=\"twitter:data2\" content=\"3 minutes\" \/>\n<script type=\"application\/ld+json\" class=\"yoast-schema-graph\">{\"@context\":\"https:\\\/\\\/schema.org\",\"@graph\":[{\"@type\":\"Article\",\"@id\":\"https:\\\/\\\/www.altercampagne.net\\\/?p=4487#article\",\"isPartOf\":{\"@id\":\"https:\\\/\\\/www.altercampagne.net\\\/?p=4487\"},\"author\":{\"name\":\"Mathieu\",\"@id\":\"https:\\\/\\\/www.altercampagne.net\\\/#\\\/schema\\\/person\\\/0f261460c09e430caa0f9bcffa319109\"},\"headline\":\"Au lieu de regarder le Tour de France : participer \u00e0 l&rsquo;AlterTour\",\"datePublished\":\"2009-04-02T11:39:56+00:00\",\"dateModified\":\"2016-04-23T11:45:37+00:00\",\"mainEntityOfPage\":{\"@id\":\"https:\\\/\\\/www.altercampagne.net\\\/?p=4487\"},\"wordCount\":613,\"keywords\":[\"Notre Dame des Landes\",\"loire atlantique\",\"passerelle eco\",\"AlterTour 2009\",\"Pays de la Loire\",\"Camp Action Climat\",\"2009\",\"Saint-Jouin-Bruneval\",\"Seine-Maritime\",\"Normandie\",\"Haute-Normandie\",\"Penly\"],\"articleSection\":[\"Revue de presse\"],\"inLanguage\":\"fr-FR\"},{\"@type\":\"WebPage\",\"@id\":\"https:\\\/\\\/www.altercampagne.net\\\/?p=4487\",\"url\":\"https:\\\/\\\/www.altercampagne.net\\\/?p=4487\",\"name\":\"Au lieu de regarder le Tour de France : participer \u00e0 l'AlterTour - AlterTour\",\"isPartOf\":{\"@id\":\"https:\\\/\\\/www.altercampagne.net\\\/#website\"},\"datePublished\":\"2009-04-02T11:39:56+00:00\",\"dateModified\":\"2016-04-23T11:45:37+00:00\",\"author\":{\"@id\":\"https:\\\/\\\/www.altercampagne.net\\\/#\\\/schema\\\/person\\\/0f261460c09e430caa0f9bcffa319109\"},\"breadcrumb\":{\"@id\":\"https:\\\/\\\/www.altercampagne.net\\\/?p=4487#breadcrumb\"},\"inLanguage\":\"fr-FR\",\"potentialAction\":[{\"@type\":\"ReadAction\",\"target\":[\"https:\\\/\\\/www.altercampagne.net\\\/?p=4487\"]}]},{\"@type\":\"BreadcrumbList\",\"@id\":\"https:\\\/\\\/www.altercampagne.net\\\/?p=4487#breadcrumb\",\"itemListElement\":[{\"@type\":\"ListItem\",\"position\":1,\"name\":\"Accueil\",\"item\":\"https:\\\/\\\/www.altercampagne.net\\\/\"},{\"@type\":\"ListItem\",\"position\":2,\"name\":\"Au lieu de regarder le Tour de France : participer \u00e0 l&rsquo;AlterTour\"}]},{\"@type\":\"WebSite\",\"@id\":\"https:\\\/\\\/www.altercampagne.net\\\/#website\",\"url\":\"https:\\\/\\\/www.altercampagne.net\\\/\",\"name\":\"AlterTour\",\"description\":\"Reliez les Alternatives \u00e0 v\u00e9lo\",\"potentialAction\":[{\"@type\":\"SearchAction\",\"target\":{\"@type\":\"EntryPoint\",\"urlTemplate\":\"https:\\\/\\\/www.altercampagne.net\\\/?s={search_term_string}\"},\"query-input\":{\"@type\":\"PropertyValueSpecification\",\"valueRequired\":true,\"valueName\":\"search_term_string\"}}],\"inLanguage\":\"fr-FR\"},{\"@type\":\"Person\",\"@id\":\"https:\\\/\\\/www.altercampagne.net\\\/#\\\/schema\\\/person\\\/0f261460c09e430caa0f9bcffa319109\",\"name\":\"Mathieu\",\"image\":{\"@type\":\"ImageObject\",\"inLanguage\":\"fr-FR\",\"@id\":\"https:\\\/\\\/secure.gravatar.com\\\/avatar\\\/aa9d3d24c83f2141e5e2709d0f63d09a99f6be6bb7a50abc4915838d9f54501a?s=96&d=mm&r=g\",\"url\":\"https:\\\/\\\/secure.gravatar.com\\\/avatar\\\/aa9d3d24c83f2141e5e2709d0f63d09a99f6be6bb7a50abc4915838d9f54501a?s=96&d=mm&r=g\",\"contentUrl\":\"https:\\\/\\\/secure.gravatar.com\\\/avatar\\\/aa9d3d24c83f2141e5e2709d0f63d09a99f6be6bb7a50abc4915838d9f54501a?s=96&d=mm&r=g\",\"caption\":\"Mathieu\"},\"url\":\"https:\\\/\\\/www.altercampagne.net\\\/?author=214\"}]}<\/script>\n<!-- \/ Yoast SEO plugin. -->","yoast_head_json":{"title":"Au lieu de regarder le Tour de France : participer \u00e0 l'AlterTour - AlterTour","robots":{"index":"index","follow":"follow","max-snippet":"max-snippet:-1","max-image-preview":"max-image-preview:large","max-video-preview":"max-video-preview:-1"},"canonical":"https:\/\/www.altercampagne.net\/?p=4487","og_locale":"fr_FR","og_type":"article","og_title":"Au lieu de regarder le Tour de France : participer \u00e0 l'AlterTour - AlterTour","og_description":"\u00a0Cet \u00e9t\u00e9, cela vous dirait-il de faire quelques jours de balade en v\u00e9lo, solo ou en famille, et de rencontrer producteurs bio et autres alternatives sur le parcours ? C\u2019est ce que vous propose l\u2019Altertour, un demi-tour de France cycliste solidaire, qui se fait en relais avec l\u2019assistance d\u2019un bus, ... Read More","og_url":"https:\/\/www.altercampagne.net\/?p=4487","og_site_name":"AlterTour","article_published_time":"2009-04-02T11:39:56+00:00","article_modified_time":"2016-04-23T11:45:37+00:00","author":"Mathieu","twitter_card":"summary_large_image","twitter_misc":{"\u00c9crit par":"Mathieu","Dur\u00e9e de lecture estim\u00e9e":"3 minutes"},"schema":{"@context":"https:\/\/schema.org","@graph":[{"@type":"Article","@id":"https:\/\/www.altercampagne.net\/?p=4487#article","isPartOf":{"@id":"https:\/\/www.altercampagne.net\/?p=4487"},"author":{"name":"Mathieu","@id":"https:\/\/www.altercampagne.net\/#\/schema\/person\/0f261460c09e430caa0f9bcffa319109"},"headline":"Au lieu de regarder le Tour de France : participer \u00e0 l&rsquo;AlterTour","datePublished":"2009-04-02T11:39:56+00:00","dateModified":"2016-04-23T11:45:37+00:00","mainEntityOfPage":{"@id":"https:\/\/www.altercampagne.net\/?p=4487"},"wordCount":613,"keywords":["Notre Dame des Landes","loire atlantique","passerelle eco","AlterTour 2009","Pays de la Loire","Camp Action Climat","2009","Saint-Jouin-Bruneval","Seine-Maritime","Normandie","Haute-Normandie","Penly"],"articleSection":["Revue de presse"],"inLanguage":"fr-FR"},{"@type":"WebPage","@id":"https:\/\/www.altercampagne.net\/?p=4487","url":"https:\/\/www.altercampagne.net\/?p=4487","name":"Au lieu de regarder le Tour de France : participer \u00e0 l'AlterTour - AlterTour","isPartOf":{"@id":"https:\/\/www.altercampagne.net\/#website"},"datePublished":"2009-04-02T11:39:56+00:00","dateModified":"2016-04-23T11:45:37+00:00","author":{"@id":"https:\/\/www.altercampagne.net\/#\/schema\/person\/0f261460c09e430caa0f9bcffa319109"},"breadcrumb":{"@id":"https:\/\/www.altercampagne.net\/?p=4487#breadcrumb"},"inLanguage":"fr-FR","potentialAction":[{"@type":"ReadAction","target":["https:\/\/www.altercampagne.net\/?p=4487"]}]},{"@type":"BreadcrumbList","@id":"https:\/\/www.altercampagne.net\/?p=4487#breadcrumb","itemListElement":[{"@type":"ListItem","position":1,"name":"Accueil","item":"https:\/\/www.altercampagne.net\/"},{"@type":"ListItem","position":2,"name":"Au lieu de regarder le Tour de France : participer \u00e0 l&rsquo;AlterTour"}]},{"@type":"WebSite","@id":"https:\/\/www.altercampagne.net\/#website","url":"https:\/\/www.altercampagne.net\/","name":"AlterTour","description":"Reliez les Alternatives \u00e0 v\u00e9lo","potentialAction":[{"@type":"SearchAction","target":{"@type":"EntryPoint","urlTemplate":"https:\/\/www.altercampagne.net\/?s={search_term_string}"},"query-input":{"@type":"PropertyValueSpecification","valueRequired":true,"valueName":"search_term_string"}}],"inLanguage":"fr-FR"},{"@type":"Person","@id":"https:\/\/www.altercampagne.net\/#\/schema\/person\/0f261460c09e430caa0f9bcffa319109","name":"Mathieu","image":{"@type":"ImageObject","inLanguage":"fr-FR","@id":"https:\/\/secure.gravatar.com\/avatar\/aa9d3d24c83f2141e5e2709d0f63d09a99f6be6bb7a50abc4915838d9f54501a?s=96&d=mm&r=g","url":"https:\/\/secure.gravatar.com\/avatar\/aa9d3d24c83f2141e5e2709d0f63d09a99f6be6bb7a50abc4915838d9f54501a?s=96&d=mm&r=g","contentUrl":"https:\/\/secure.gravatar.com\/avatar\/aa9d3d24c83f2141e5e2709d0f63d09a99f6be6bb7a50abc4915838d9f54501a?s=96&d=mm&r=g","caption":"Mathieu"},"url":"https:\/\/www.altercampagne.net\/?author=214"}]}},"_links":{"self":[{"href":"https:\/\/www.altercampagne.net\/index.php?rest_route=\/wp\/v2\/posts\/4487","targetHints":{"allow":["GET"]}}],"collection":[{"href":"https:\/\/www.altercampagne.net\/index.php?rest_route=\/wp\/v2\/posts"}],"about":[{"href":"https:\/\/www.altercampagne.net\/index.php?rest_route=\/wp\/v2\/types\/post"}],"author":[{"embeddable":true,"href":"https:\/\/www.altercampagne.net\/index.php?rest_route=\/wp\/v2\/users\/214"}],"replies":[{"embeddable":true,"href":"https:\/\/www.altercampagne.net\/index.php?rest_route=%2Fwp%2Fv2%2Fcomments&post=4487"}],"version-history":[{"count":0,"href":"https:\/\/www.altercampagne.net\/index.php?rest_route=\/wp\/v2\/posts\/4487\/revisions"}],"wp:attachment":[{"href":"https:\/\/www.altercampagne.net\/index.php?rest_route=%2Fwp%2Fv2%2Fmedia&parent=4487"}],"wp:term":[{"taxonomy":"category","embeddable":true,"href":"https:\/\/www.altercampagne.net\/index.php?rest_route=%2Fwp%2Fv2%2Fcategories&post=4487"},{"taxonomy":"post_tag","embeddable":true,"href":"https:\/\/www.altercampagne.net\/index.php?rest_route=%2Fwp%2Fv2%2Ftags&post=4487"}],"curies":[{"name":"wp","href":"https:\/\/api.w.org\/{rel}","templated":true}]}}