{"id":4499,"date":"2010-06-24T14:06:29","date_gmt":"2010-06-24T12:06:29","guid":{"rendered":"http:\/\/www.altercampagne.net\/?p=4499"},"modified":"2016-04-23T14:08:14","modified_gmt":"2016-04-23T12:08:14","slug":"le-tour-vire-au-vert","status":"publish","type":"post","link":"https:\/\/www.altercampagne.net\/?p=4499","title":{"rendered":"Le Tour vire au vert"},"content":{"rendered":"<p>\u00c0 l\u2019heure o\u00f9 le football se noie d\u00e9finitivement dans le ridicule et o\u00f9 l\u2019on soup\u00e7onne les coureurs cyclistes d\u2019utiliser des v\u00e9los \u00e0 moteur, l\u2019AlterTour 2010 apporte un peu de fra\u00eecheur et de \u00ab fond \u00bb \u00e0 l\u2019effort physique. Le \u00ab tour cycliste familial en relais solidaires pour une nature sans dopage \u00bb s\u2019\u00e9lancera le 2 juillet de la mairie du IIe arrondissement de Paris pour rallier l\u2019\u00cele-Saint-Denis. Suivront 44 \u00e9tapes sur un trac\u00e9 de 2 000 km dans le grand Ouest de la\u00a0France, du Finist\u00e8re \u00e0 la Creuse en passant par la Vend\u00e9e et l\u2019Indre-et-Loire. Au programme, tout au long de parcours\u00a0: conf\u00e9rences, expositions, visites, d\u00e9bats et \u00e9valuation de \u00ab\u00a0<em>l\u2019impact du dopage \u00e9conomique du territoire par le couple \u00ab\u00a0b\u00e9ton-bitume\u00a0\u00bb\u00a0\u00bb<\/em><\/p>\n<p style=\"text-align: right;\"><strong>Xavier Frison, Politis<\/strong><\/p>\n","protected":false},"excerpt":{"rendered":"<p>\u00c0 l\u2019heure o\u00f9 le football se noie d\u00e9finitivement dans le ridicule et o\u00f9 l\u2019on soup\u00e7onne les coureurs cyclistes d\u2019utiliser des v\u00e9los \u00e0 moteur, l\u2019AlterTour 2010 apporte un peu de fra\u00eecheur et de \u00ab fond \u00bb \u00e0 l\u2019effort physique. Le \u00ab tour cycliste familial en relais solidaires pour une nature sans &#8230; <\/p>\n<div><a href=\"https:\/\/www.altercampagne.net\/?p=4499\" class=\"more-link\">Read More<\/a><\/div>\n","protected":false},"author":214,"featured_media":0,"comment_status":"closed","ping_status":"closed","sticky":false,"template":"","format":"standard","meta":{"footnotes":""},"categories":[239],"tags":[1301,1790,2095],"class_list":["post-4499","post","type-post","status-publish","format-standard","hentry","category-revue-de-presse","tag-altertour-2010","tag-politis","tag-2095","no-post-thumbnail"],"yoast_head":"<!-- This site is optimized with the Yoast SEO plugin v27.3 - https:\/\/yoast.com\/product\/yoast-seo-wordpress\/ -->\n<title>Le Tour vire au vert - AlterTour<\/title>\n<meta name=\"robots\" content=\"index, follow, max-snippet:-1, max-image-preview:large, max-video-preview:-1\" \/>\n<link rel=\"canonical\" href=\"https:\/\/www.altercampagne.net\/?p=4499\" \/>\n<meta property=\"og:locale\" content=\"fr_FR\" \/>\n<meta property=\"og:type\" content=\"article\" \/>\n<meta property=\"og:title\" content=\"Le Tour vire au vert - AlterTour\" \/>\n<meta property=\"og:description\" content=\"\u00c0 l\u2019heure o\u00f9 le football se noie d\u00e9finitivement dans le ridicule et o\u00f9 l\u2019on soup\u00e7onne les coureurs cyclistes d\u2019utiliser des v\u00e9los \u00e0 moteur, l\u2019AlterTour 2010 apporte un peu de fra\u00eecheur et de \u00ab fond \u00bb \u00e0 l\u2019effort physique. Le \u00ab tour cycliste familial en relais solidaires pour une nature sans ... Read More\" \/>\n<meta property=\"og:url\" content=\"https:\/\/www.altercampagne.net\/?p=4499\" \/>\n<meta property=\"og:site_name\" content=\"AlterTour\" \/>\n<meta property=\"article:published_time\" content=\"2010-06-24T12:06:29+00:00\" \/>\n<meta property=\"article:modified_time\" content=\"2016-04-23T12:08:14+00:00\" \/>\n<meta name=\"author\" content=\"Mathieu\" \/>\n<meta name=\"twitter:card\" content=\"summary_large_image\" \/>\n<meta name=\"twitter:label1\" content=\"\u00c9crit par\" \/>\n\t<meta name=\"twitter:data1\" content=\"Mathieu\" \/>\n\t<meta name=\"twitter:label2\" content=\"Dur\u00e9e de lecture estim\u00e9e\" \/>\n\t<meta name=\"twitter:data2\" content=\"1 minute\" \/>\n<script type=\"application\/ld+json\" class=\"yoast-schema-graph\">{\"@context\":\"https:\\\/\\\/schema.org\",\"@graph\":[{\"@type\":\"Article\",\"@id\":\"https:\\\/\\\/www.altercampagne.net\\\/?p=4499#article\",\"isPartOf\":{\"@id\":\"https:\\\/\\\/www.altercampagne.net\\\/?p=4499\"},\"author\":{\"name\":\"Mathieu\",\"@id\":\"https:\\\/\\\/www.altercampagne.net\\\/#\\\/schema\\\/person\\\/0f261460c09e430caa0f9bcffa319109\"},\"headline\":\"Le Tour vire au vert\",\"datePublished\":\"2010-06-24T12:06:29+00:00\",\"dateModified\":\"2016-04-23T12:08:14+00:00\",\"mainEntityOfPage\":{\"@id\":\"https:\\\/\\\/www.altercampagne.net\\\/?p=4499\"},\"wordCount\":133,\"keywords\":[\"AlterTour 2010\",\"Politis\",\"2010\"],\"articleSection\":[\"Revue de presse\"],\"inLanguage\":\"fr-FR\"},{\"@type\":\"WebPage\",\"@id\":\"https:\\\/\\\/www.altercampagne.net\\\/?p=4499\",\"url\":\"https:\\\/\\\/www.altercampagne.net\\\/?p=4499\",\"name\":\"Le Tour vire au vert - AlterTour\",\"isPartOf\":{\"@id\":\"https:\\\/\\\/www.altercampagne.net\\\/#website\"},\"datePublished\":\"2010-06-24T12:06:29+00:00\",\"dateModified\":\"2016-04-23T12:08:14+00:00\",\"author\":{\"@id\":\"https:\\\/\\\/www.altercampagne.net\\\/#\\\/schema\\\/person\\\/0f261460c09e430caa0f9bcffa319109\"},\"breadcrumb\":{\"@id\":\"https:\\\/\\\/www.altercampagne.net\\\/?p=4499#breadcrumb\"},\"inLanguage\":\"fr-FR\",\"potentialAction\":[{\"@type\":\"ReadAction\",\"target\":[\"https:\\\/\\\/www.altercampagne.net\\\/?p=4499\"]}]},{\"@type\":\"BreadcrumbList\",\"@id\":\"https:\\\/\\\/www.altercampagne.net\\\/?p=4499#breadcrumb\",\"itemListElement\":[{\"@type\":\"ListItem\",\"position\":1,\"name\":\"Accueil\",\"item\":\"https:\\\/\\\/www.altercampagne.net\\\/\"},{\"@type\":\"ListItem\",\"position\":2,\"name\":\"Le Tour vire au vert\"}]},{\"@type\":\"WebSite\",\"@id\":\"https:\\\/\\\/www.altercampagne.net\\\/#website\",\"url\":\"https:\\\/\\\/www.altercampagne.net\\\/\",\"name\":\"AlterTour\",\"description\":\"Reliez les Alternatives \u00e0 v\u00e9lo\",\"potentialAction\":[{\"@type\":\"SearchAction\",\"target\":{\"@type\":\"EntryPoint\",\"urlTemplate\":\"https:\\\/\\\/www.altercampagne.net\\\/?s={search_term_string}\"},\"query-input\":{\"@type\":\"PropertyValueSpecification\",\"valueRequired\":true,\"valueName\":\"search_term_string\"}}],\"inLanguage\":\"fr-FR\"},{\"@type\":\"Person\",\"@id\":\"https:\\\/\\\/www.altercampagne.net\\\/#\\\/schema\\\/person\\\/0f261460c09e430caa0f9bcffa319109\",\"name\":\"Mathieu\",\"image\":{\"@type\":\"ImageObject\",\"inLanguage\":\"fr-FR\",\"@id\":\"https:\\\/\\\/secure.gravatar.com\\\/avatar\\\/aa9d3d24c83f2141e5e2709d0f63d09a99f6be6bb7a50abc4915838d9f54501a?s=96&d=mm&r=g\",\"url\":\"https:\\\/\\\/secure.gravatar.com\\\/avatar\\\/aa9d3d24c83f2141e5e2709d0f63d09a99f6be6bb7a50abc4915838d9f54501a?s=96&d=mm&r=g\",\"contentUrl\":\"https:\\\/\\\/secure.gravatar.com\\\/avatar\\\/aa9d3d24c83f2141e5e2709d0f63d09a99f6be6bb7a50abc4915838d9f54501a?s=96&d=mm&r=g\",\"caption\":\"Mathieu\"},\"url\":\"https:\\\/\\\/www.altercampagne.net\\\/?author=214\"}]}<\/script>\n<!-- \/ Yoast SEO plugin. -->","yoast_head_json":{"title":"Le Tour vire au vert - AlterTour","robots":{"index":"index","follow":"follow","max-snippet":"max-snippet:-1","max-image-preview":"max-image-preview:large","max-video-preview":"max-video-preview:-1"},"canonical":"https:\/\/www.altercampagne.net\/?p=4499","og_locale":"fr_FR","og_type":"article","og_title":"Le Tour vire au vert - AlterTour","og_description":"\u00c0 l\u2019heure o\u00f9 le football se noie d\u00e9finitivement dans le ridicule et o\u00f9 l\u2019on soup\u00e7onne les coureurs cyclistes d\u2019utiliser des v\u00e9los \u00e0 moteur, l\u2019AlterTour 2010 apporte un peu de fra\u00eecheur et de \u00ab fond \u00bb \u00e0 l\u2019effort physique. Le \u00ab tour cycliste familial en relais solidaires pour une nature sans ... Read More","og_url":"https:\/\/www.altercampagne.net\/?p=4499","og_site_name":"AlterTour","article_published_time":"2010-06-24T12:06:29+00:00","article_modified_time":"2016-04-23T12:08:14+00:00","author":"Mathieu","twitter_card":"summary_large_image","twitter_misc":{"\u00c9crit par":"Mathieu","Dur\u00e9e de lecture estim\u00e9e":"1 minute"},"schema":{"@context":"https:\/\/schema.org","@graph":[{"@type":"Article","@id":"https:\/\/www.altercampagne.net\/?p=4499#article","isPartOf":{"@id":"https:\/\/www.altercampagne.net\/?p=4499"},"author":{"name":"Mathieu","@id":"https:\/\/www.altercampagne.net\/#\/schema\/person\/0f261460c09e430caa0f9bcffa319109"},"headline":"Le Tour vire au vert","datePublished":"2010-06-24T12:06:29+00:00","dateModified":"2016-04-23T12:08:14+00:00","mainEntityOfPage":{"@id":"https:\/\/www.altercampagne.net\/?p=4499"},"wordCount":133,"keywords":["AlterTour 2010","Politis","2010"],"articleSection":["Revue de presse"],"inLanguage":"fr-FR"},{"@type":"WebPage","@id":"https:\/\/www.altercampagne.net\/?p=4499","url":"https:\/\/www.altercampagne.net\/?p=4499","name":"Le Tour vire au vert - AlterTour","isPartOf":{"@id":"https:\/\/www.altercampagne.net\/#website"},"datePublished":"2010-06-24T12:06:29+00:00","dateModified":"2016-04-23T12:08:14+00:00","author":{"@id":"https:\/\/www.altercampagne.net\/#\/schema\/person\/0f261460c09e430caa0f9bcffa319109"},"breadcrumb":{"@id":"https:\/\/www.altercampagne.net\/?p=4499#breadcrumb"},"inLanguage":"fr-FR","potentialAction":[{"@type":"ReadAction","target":["https:\/\/www.altercampagne.net\/?p=4499"]}]},{"@type":"BreadcrumbList","@id":"https:\/\/www.altercampagne.net\/?p=4499#breadcrumb","itemListElement":[{"@type":"ListItem","position":1,"name":"Accueil","item":"https:\/\/www.altercampagne.net\/"},{"@type":"ListItem","position":2,"name":"Le Tour vire au vert"}]},{"@type":"WebSite","@id":"https:\/\/www.altercampagne.net\/#website","url":"https:\/\/www.altercampagne.net\/","name":"AlterTour","description":"Reliez les Alternatives \u00e0 v\u00e9lo","potentialAction":[{"@type":"SearchAction","target":{"@type":"EntryPoint","urlTemplate":"https:\/\/www.altercampagne.net\/?s={search_term_string}"},"query-input":{"@type":"PropertyValueSpecification","valueRequired":true,"valueName":"search_term_string"}}],"inLanguage":"fr-FR"},{"@type":"Person","@id":"https:\/\/www.altercampagne.net\/#\/schema\/person\/0f261460c09e430caa0f9bcffa319109","name":"Mathieu","image":{"@type":"ImageObject","inLanguage":"fr-FR","@id":"https:\/\/secure.gravatar.com\/avatar\/aa9d3d24c83f2141e5e2709d0f63d09a99f6be6bb7a50abc4915838d9f54501a?s=96&d=mm&r=g","url":"https:\/\/secure.gravatar.com\/avatar\/aa9d3d24c83f2141e5e2709d0f63d09a99f6be6bb7a50abc4915838d9f54501a?s=96&d=mm&r=g","contentUrl":"https:\/\/secure.gravatar.com\/avatar\/aa9d3d24c83f2141e5e2709d0f63d09a99f6be6bb7a50abc4915838d9f54501a?s=96&d=mm&r=g","caption":"Mathieu"},"url":"https:\/\/www.altercampagne.net\/?author=214"}]}},"_links":{"self":[{"href":"https:\/\/www.altercampagne.net\/index.php?rest_route=\/wp\/v2\/posts\/4499","targetHints":{"allow":["GET"]}}],"collection":[{"href":"https:\/\/www.altercampagne.net\/index.php?rest_route=\/wp\/v2\/posts"}],"about":[{"href":"https:\/\/www.altercampagne.net\/index.php?rest_route=\/wp\/v2\/types\/post"}],"author":[{"embeddable":true,"href":"https:\/\/www.altercampagne.net\/index.php?rest_route=\/wp\/v2\/users\/214"}],"replies":[{"embeddable":true,"href":"https:\/\/www.altercampagne.net\/index.php?rest_route=%2Fwp%2Fv2%2Fcomments&post=4499"}],"version-history":[{"count":0,"href":"https:\/\/www.altercampagne.net\/index.php?rest_route=\/wp\/v2\/posts\/4499\/revisions"}],"wp:attachment":[{"href":"https:\/\/www.altercampagne.net\/index.php?rest_route=%2Fwp%2Fv2%2Fmedia&parent=4499"}],"wp:term":[{"taxonomy":"category","embeddable":true,"href":"https:\/\/www.altercampagne.net\/index.php?rest_route=%2Fwp%2Fv2%2Fcategories&post=4499"},{"taxonomy":"post_tag","embeddable":true,"href":"https:\/\/www.altercampagne.net\/index.php?rest_route=%2Fwp%2Fv2%2Ftags&post=4499"}],"curies":[{"name":"wp","href":"https:\/\/api.w.org\/{rel}","templated":true}]}}