{"id":4505,"date":"2010-07-03T14:19:47","date_gmt":"2010-07-03T12:19:47","guid":{"rendered":"http:\/\/www.altercampagne.net\/?p=4505"},"modified":"2016-04-23T14:23:07","modified_gmt":"2016-04-23T12:23:07","slug":"la-ville-accueille-le-tour-de-france-alternatif","status":"publish","type":"post","link":"https:\/\/www.altercampagne.net\/?p=4505","title":{"rendered":"La ville accueille le Tour de France alternatif"},"content":{"rendered":"<p>Deux pelotons cyclistes, deux prologues, deux tours de\u00a0<a href=\"http:\/\/actualites.leparisien.fr\/france.html\">France<\/a>\u00a0de plus de 3000\u00a0km\u2026 mais deux \u00e9tats d&rsquo;esprits radicalement diff\u00e9rents. Tandis qu&rsquo;aujourd&rsquo;hui le 97e\u00a0Tour de\u00a0<a href=\"http:\/\/actualites.leparisien.fr\/france.html\">France<\/a>\u00a0roule son prologue \u00e0 Rotterdam, aux Pays-Bas, d&rsquo;autres coureurs p\u00e9daleront de\u00a0<a href=\"http:\/\/actualites.leparisien.fr\/paris.html\">Paris<\/a>\u00a0\u00e0\u2026 l&rsquo;Ile-Saint-Denis, d&rsquo;o\u00f9 partira demain la premi\u00e8re grande \u00e9tape du 3e \u00ab\u00a0Altertour\u00a0\u00bb, un Tour de France \u00ab\u00a0alternatif et familial\u00a0\u00bb, comme l&rsquo;expliquent ses organisateurs, contre le dopage. Le dopage en g\u00e9n\u00e9ral, celui des hommes et des cyclistes, mais pas seulement\u00a0: \u00ab\u00a0Le dopage des plantes avec les OGM et la logique de l&rsquo;agriculture productiviste, le dopage de la finance\u2026 c&rsquo;est l&rsquo;avenir de la plan\u00e8te qui est en jeu et que nous d\u00e9fendons!\u00a0\u00bb d\u00e9fend l&rsquo;h\u00f4te de ce tour d\u00e9cal\u00e9 et militant, le maire Vert de l&rsquo;Ile-Saint-Denis, Michel Bourgain. Cr\u00e9\u00e9 en\u00a02007 par le mouvement des Amis de la Terre, ce tour-l\u00e0 se veut \u00ab\u00a0solidaire, en opposition avec l&rsquo;esprit de comp\u00e9tition qui conduit au dopage dans le sport\u00a0\u00bb. Militer contre le dopage en g\u00e9n\u00e9ral Pr\u00e9par\u00e9 par des b\u00e9n\u00e9voles venus d&rsquo;associations et de mouvements \u00e9cologistes, l&rsquo;AlterTour et sa soixantaine de cyclistes attendus \u00e0 chaque \u00e9tape, parcourra presque autant de kilom\u00e8tres que le Tour du France, mais en prenant le chemin des \u00e9coliers et du terroir. Jusqu&rsquo;au 14\u00a0ao\u00fbt, il p\u00e9dalera ainsi de l&rsquo;Ile-Saint-Denis \u00e0 Jarnages, bourgade de la Creuse, apr\u00e8s avoir travers\u00e9 Tours, fait un crochet par l&rsquo;\u00eele de Jersey, la presqu&rsquo;\u00eele de Crozon\u2026 et tous les participants \u00ab\u00a0au pied lev\u00e9\u00a0\u00bb seront les bienvenus. Pour s&rsquo;y associer ou accueillir des cyclistes, il suffit de contacter le comit\u00e9 d&rsquo;organisation d&rsquo;une \u00e9tape sur le site http:\/\/www.altertour.net. Michel Bourgain est de ceux-l\u00e0. Apr\u00e8s avoir particip\u00e9 \u00e0 une \u00e9tape d&rsquo;un tour pr\u00e9c\u00e9dent, le maire Vert a accept\u00e9 d&rsquo;en donner le coup d&rsquo;envoi, et m\u00eame, c&rsquo;est promis, \u00ab\u00a0si je parviens \u00e0 remettre mon propre v\u00e9lo en \u00e9tat, je prendrai le d\u00e9part\u00a0\u00bb, se risque le maire. En attendant, il recevra les coureurs du prologue, cet apr\u00e8s-midi vers 18\u00a0heures au gymnase Arnold-G\u00e9raux, pour un repas suivi d&rsquo;une conf\u00e9rence sur le th\u00e8me de \u00ab\u00a0l&rsquo;exp\u00e9rience de gestion \u00e9cologique d&rsquo;une commune de banlieue\u00a0\u00bb, puis d&rsquo;un d\u00e9bat sur l&rsquo;agriculture bio pour tous en Ile-de-France. Le d\u00e9part de l&rsquo;AlterTour aura lieu demain, \u00e0 11\u00a0heures dans le parc d\u00e9partemental de l&rsquo;Ile-Saint-Denis.<\/p>\n<p style=\"text-align: right;\"><strong>Le Parisien<\/strong><\/p>\n","protected":false},"excerpt":{"rendered":"<p>Deux pelotons cyclistes, deux prologues, deux tours de\u00a0France\u00a0de plus de 3000\u00a0km\u2026 mais deux \u00e9tats d&rsquo;esprits radicalement diff\u00e9rents. Tandis qu&rsquo;aujourd&rsquo;hui le 97e\u00a0Tour de\u00a0France\u00a0roule son prologue \u00e0 Rotterdam, aux Pays-Bas, d&rsquo;autres coureurs p\u00e9daleront de\u00a0Paris\u00a0\u00e0\u2026 l&rsquo;Ile-Saint-Denis, d&rsquo;o\u00f9 partira demain la premi\u00e8re grande \u00e9tape du 3e \u00ab\u00a0Altertour\u00a0\u00bb, un Tour de France \u00ab\u00a0alternatif et familial\u00a0\u00bb, &#8230; <\/p>\n<div><a href=\"https:\/\/www.altercampagne.net\/?p=4505\" class=\"more-link\">Read More<\/a><\/div>\n","protected":false},"author":214,"featured_media":0,"comment_status":"closed","ping_status":"closed","sticky":false,"template":"","format":"standard","meta":{"footnotes":""},"categories":[239],"tags":[1301,2095,2108,2109],"class_list":["post-4505","post","type-post","status-publish","format-standard","hentry","category-revue-de-presse","tag-altertour-2010","tag-2095","tag-ile-saint-denis","tag-michel-bourgain","no-post-thumbnail"],"yoast_head":"<!-- This site is optimized with the Yoast SEO plugin v27.3 - https:\/\/yoast.com\/product\/yoast-seo-wordpress\/ -->\n<title>La ville accueille le Tour de France alternatif - AlterTour<\/title>\n<meta name=\"robots\" content=\"index, follow, max-snippet:-1, max-image-preview:large, max-video-preview:-1\" \/>\n<link rel=\"canonical\" href=\"https:\/\/www.altercampagne.net\/?p=4505\" \/>\n<meta property=\"og:locale\" content=\"fr_FR\" \/>\n<meta property=\"og:type\" content=\"article\" \/>\n<meta property=\"og:title\" content=\"La ville accueille le Tour de France alternatif - AlterTour\" \/>\n<meta property=\"og:description\" content=\"Deux pelotons cyclistes, deux prologues, deux tours de\u00a0France\u00a0de plus de 3000\u00a0km\u2026 mais deux \u00e9tats d&rsquo;esprits radicalement diff\u00e9rents. Tandis qu&rsquo;aujourd&rsquo;hui le 97e\u00a0Tour de\u00a0France\u00a0roule son prologue \u00e0 Rotterdam, aux Pays-Bas, d&rsquo;autres coureurs p\u00e9daleront de\u00a0Paris\u00a0\u00e0\u2026 l&rsquo;Ile-Saint-Denis, d&rsquo;o\u00f9 partira demain la premi\u00e8re grande \u00e9tape du 3e \u00ab\u00a0Altertour\u00a0\u00bb, un Tour de France \u00ab\u00a0alternatif et familial\u00a0\u00bb, ... Read More\" \/>\n<meta property=\"og:url\" content=\"https:\/\/www.altercampagne.net\/?p=4505\" \/>\n<meta property=\"og:site_name\" content=\"AlterTour\" \/>\n<meta property=\"article:published_time\" content=\"2010-07-03T12:19:47+00:00\" \/>\n<meta property=\"article:modified_time\" content=\"2016-04-23T12:23:07+00:00\" \/>\n<meta name=\"author\" content=\"Mathieu\" \/>\n<meta name=\"twitter:card\" content=\"summary_large_image\" \/>\n<meta name=\"twitter:label1\" content=\"\u00c9crit par\" \/>\n\t<meta name=\"twitter:data1\" content=\"Mathieu\" \/>\n\t<meta name=\"twitter:label2\" content=\"Dur\u00e9e de lecture estim\u00e9e\" \/>\n\t<meta name=\"twitter:data2\" content=\"2 minutes\" \/>\n<script type=\"application\/ld+json\" class=\"yoast-schema-graph\">{\"@context\":\"https:\\\/\\\/schema.org\",\"@graph\":[{\"@type\":\"Article\",\"@id\":\"https:\\\/\\\/www.altercampagne.net\\\/?p=4505#article\",\"isPartOf\":{\"@id\":\"https:\\\/\\\/www.altercampagne.net\\\/?p=4505\"},\"author\":{\"name\":\"Mathieu\",\"@id\":\"https:\\\/\\\/www.altercampagne.net\\\/#\\\/schema\\\/person\\\/0f261460c09e430caa0f9bcffa319109\"},\"headline\":\"La ville accueille le Tour de France alternatif\",\"datePublished\":\"2010-07-03T12:19:47+00:00\",\"dateModified\":\"2016-04-23T12:23:07+00:00\",\"mainEntityOfPage\":{\"@id\":\"https:\\\/\\\/www.altercampagne.net\\\/?p=4505\"},\"wordCount\":432,\"keywords\":[\"AlterTour 2010\",\"2010\",\"Ile-Saint-Denis\",\"Michel Bourgain\"],\"articleSection\":[\"Revue de presse\"],\"inLanguage\":\"fr-FR\"},{\"@type\":\"WebPage\",\"@id\":\"https:\\\/\\\/www.altercampagne.net\\\/?p=4505\",\"url\":\"https:\\\/\\\/www.altercampagne.net\\\/?p=4505\",\"name\":\"La ville accueille le Tour de France alternatif - AlterTour\",\"isPartOf\":{\"@id\":\"https:\\\/\\\/www.altercampagne.net\\\/#website\"},\"datePublished\":\"2010-07-03T12:19:47+00:00\",\"dateModified\":\"2016-04-23T12:23:07+00:00\",\"author\":{\"@id\":\"https:\\\/\\\/www.altercampagne.net\\\/#\\\/schema\\\/person\\\/0f261460c09e430caa0f9bcffa319109\"},\"breadcrumb\":{\"@id\":\"https:\\\/\\\/www.altercampagne.net\\\/?p=4505#breadcrumb\"},\"inLanguage\":\"fr-FR\",\"potentialAction\":[{\"@type\":\"ReadAction\",\"target\":[\"https:\\\/\\\/www.altercampagne.net\\\/?p=4505\"]}]},{\"@type\":\"BreadcrumbList\",\"@id\":\"https:\\\/\\\/www.altercampagne.net\\\/?p=4505#breadcrumb\",\"itemListElement\":[{\"@type\":\"ListItem\",\"position\":1,\"name\":\"Accueil\",\"item\":\"https:\\\/\\\/www.altercampagne.net\\\/\"},{\"@type\":\"ListItem\",\"position\":2,\"name\":\"La ville accueille le Tour de France alternatif\"}]},{\"@type\":\"WebSite\",\"@id\":\"https:\\\/\\\/www.altercampagne.net\\\/#website\",\"url\":\"https:\\\/\\\/www.altercampagne.net\\\/\",\"name\":\"AlterTour\",\"description\":\"Reliez les Alternatives \u00e0 v\u00e9lo\",\"potentialAction\":[{\"@type\":\"SearchAction\",\"target\":{\"@type\":\"EntryPoint\",\"urlTemplate\":\"https:\\\/\\\/www.altercampagne.net\\\/?s={search_term_string}\"},\"query-input\":{\"@type\":\"PropertyValueSpecification\",\"valueRequired\":true,\"valueName\":\"search_term_string\"}}],\"inLanguage\":\"fr-FR\"},{\"@type\":\"Person\",\"@id\":\"https:\\\/\\\/www.altercampagne.net\\\/#\\\/schema\\\/person\\\/0f261460c09e430caa0f9bcffa319109\",\"name\":\"Mathieu\",\"image\":{\"@type\":\"ImageObject\",\"inLanguage\":\"fr-FR\",\"@id\":\"https:\\\/\\\/secure.gravatar.com\\\/avatar\\\/aa9d3d24c83f2141e5e2709d0f63d09a99f6be6bb7a50abc4915838d9f54501a?s=96&d=mm&r=g\",\"url\":\"https:\\\/\\\/secure.gravatar.com\\\/avatar\\\/aa9d3d24c83f2141e5e2709d0f63d09a99f6be6bb7a50abc4915838d9f54501a?s=96&d=mm&r=g\",\"contentUrl\":\"https:\\\/\\\/secure.gravatar.com\\\/avatar\\\/aa9d3d24c83f2141e5e2709d0f63d09a99f6be6bb7a50abc4915838d9f54501a?s=96&d=mm&r=g\",\"caption\":\"Mathieu\"},\"url\":\"https:\\\/\\\/www.altercampagne.net\\\/?author=214\"}]}<\/script>\n<!-- \/ Yoast SEO plugin. -->","yoast_head_json":{"title":"La ville accueille le Tour de France alternatif - AlterTour","robots":{"index":"index","follow":"follow","max-snippet":"max-snippet:-1","max-image-preview":"max-image-preview:large","max-video-preview":"max-video-preview:-1"},"canonical":"https:\/\/www.altercampagne.net\/?p=4505","og_locale":"fr_FR","og_type":"article","og_title":"La ville accueille le Tour de France alternatif - AlterTour","og_description":"Deux pelotons cyclistes, deux prologues, deux tours de\u00a0France\u00a0de plus de 3000\u00a0km\u2026 mais deux \u00e9tats d&rsquo;esprits radicalement diff\u00e9rents. Tandis qu&rsquo;aujourd&rsquo;hui le 97e\u00a0Tour de\u00a0France\u00a0roule son prologue \u00e0 Rotterdam, aux Pays-Bas, d&rsquo;autres coureurs p\u00e9daleront de\u00a0Paris\u00a0\u00e0\u2026 l&rsquo;Ile-Saint-Denis, d&rsquo;o\u00f9 partira demain la premi\u00e8re grande \u00e9tape du 3e \u00ab\u00a0Altertour\u00a0\u00bb, un Tour de France \u00ab\u00a0alternatif et familial\u00a0\u00bb, ... Read More","og_url":"https:\/\/www.altercampagne.net\/?p=4505","og_site_name":"AlterTour","article_published_time":"2010-07-03T12:19:47+00:00","article_modified_time":"2016-04-23T12:23:07+00:00","author":"Mathieu","twitter_card":"summary_large_image","twitter_misc":{"\u00c9crit par":"Mathieu","Dur\u00e9e de lecture estim\u00e9e":"2 minutes"},"schema":{"@context":"https:\/\/schema.org","@graph":[{"@type":"Article","@id":"https:\/\/www.altercampagne.net\/?p=4505#article","isPartOf":{"@id":"https:\/\/www.altercampagne.net\/?p=4505"},"author":{"name":"Mathieu","@id":"https:\/\/www.altercampagne.net\/#\/schema\/person\/0f261460c09e430caa0f9bcffa319109"},"headline":"La ville accueille le Tour de France alternatif","datePublished":"2010-07-03T12:19:47+00:00","dateModified":"2016-04-23T12:23:07+00:00","mainEntityOfPage":{"@id":"https:\/\/www.altercampagne.net\/?p=4505"},"wordCount":432,"keywords":["AlterTour 2010","2010","Ile-Saint-Denis","Michel Bourgain"],"articleSection":["Revue de presse"],"inLanguage":"fr-FR"},{"@type":"WebPage","@id":"https:\/\/www.altercampagne.net\/?p=4505","url":"https:\/\/www.altercampagne.net\/?p=4505","name":"La ville accueille le Tour de France alternatif - AlterTour","isPartOf":{"@id":"https:\/\/www.altercampagne.net\/#website"},"datePublished":"2010-07-03T12:19:47+00:00","dateModified":"2016-04-23T12:23:07+00:00","author":{"@id":"https:\/\/www.altercampagne.net\/#\/schema\/person\/0f261460c09e430caa0f9bcffa319109"},"breadcrumb":{"@id":"https:\/\/www.altercampagne.net\/?p=4505#breadcrumb"},"inLanguage":"fr-FR","potentialAction":[{"@type":"ReadAction","target":["https:\/\/www.altercampagne.net\/?p=4505"]}]},{"@type":"BreadcrumbList","@id":"https:\/\/www.altercampagne.net\/?p=4505#breadcrumb","itemListElement":[{"@type":"ListItem","position":1,"name":"Accueil","item":"https:\/\/www.altercampagne.net\/"},{"@type":"ListItem","position":2,"name":"La ville accueille le Tour de France alternatif"}]},{"@type":"WebSite","@id":"https:\/\/www.altercampagne.net\/#website","url":"https:\/\/www.altercampagne.net\/","name":"AlterTour","description":"Reliez les Alternatives \u00e0 v\u00e9lo","potentialAction":[{"@type":"SearchAction","target":{"@type":"EntryPoint","urlTemplate":"https:\/\/www.altercampagne.net\/?s={search_term_string}"},"query-input":{"@type":"PropertyValueSpecification","valueRequired":true,"valueName":"search_term_string"}}],"inLanguage":"fr-FR"},{"@type":"Person","@id":"https:\/\/www.altercampagne.net\/#\/schema\/person\/0f261460c09e430caa0f9bcffa319109","name":"Mathieu","image":{"@type":"ImageObject","inLanguage":"fr-FR","@id":"https:\/\/secure.gravatar.com\/avatar\/aa9d3d24c83f2141e5e2709d0f63d09a99f6be6bb7a50abc4915838d9f54501a?s=96&d=mm&r=g","url":"https:\/\/secure.gravatar.com\/avatar\/aa9d3d24c83f2141e5e2709d0f63d09a99f6be6bb7a50abc4915838d9f54501a?s=96&d=mm&r=g","contentUrl":"https:\/\/secure.gravatar.com\/avatar\/aa9d3d24c83f2141e5e2709d0f63d09a99f6be6bb7a50abc4915838d9f54501a?s=96&d=mm&r=g","caption":"Mathieu"},"url":"https:\/\/www.altercampagne.net\/?author=214"}]}},"_links":{"self":[{"href":"https:\/\/www.altercampagne.net\/index.php?rest_route=\/wp\/v2\/posts\/4505","targetHints":{"allow":["GET"]}}],"collection":[{"href":"https:\/\/www.altercampagne.net\/index.php?rest_route=\/wp\/v2\/posts"}],"about":[{"href":"https:\/\/www.altercampagne.net\/index.php?rest_route=\/wp\/v2\/types\/post"}],"author":[{"embeddable":true,"href":"https:\/\/www.altercampagne.net\/index.php?rest_route=\/wp\/v2\/users\/214"}],"replies":[{"embeddable":true,"href":"https:\/\/www.altercampagne.net\/index.php?rest_route=%2Fwp%2Fv2%2Fcomments&post=4505"}],"version-history":[{"count":0,"href":"https:\/\/www.altercampagne.net\/index.php?rest_route=\/wp\/v2\/posts\/4505\/revisions"}],"wp:attachment":[{"href":"https:\/\/www.altercampagne.net\/index.php?rest_route=%2Fwp%2Fv2%2Fmedia&parent=4505"}],"wp:term":[{"taxonomy":"category","embeddable":true,"href":"https:\/\/www.altercampagne.net\/index.php?rest_route=%2Fwp%2Fv2%2Fcategories&post=4505"},{"taxonomy":"post_tag","embeddable":true,"href":"https:\/\/www.altercampagne.net\/index.php?rest_route=%2Fwp%2Fv2%2Ftags&post=4505"}],"curies":[{"name":"wp","href":"https:\/\/api.w.org\/{rel}","templated":true}]}}