{"id":4513,"date":"2010-07-05T14:33:01","date_gmt":"2010-07-05T12:33:01","guid":{"rendered":"http:\/\/www.altercampagne.net\/?p=4513"},"modified":"2016-04-23T14:36:08","modified_gmt":"2016-04-23T12:36:08","slug":"le-tour-de-france-ecolo-sur-les-terres-de-lex-circuit-de-f1","status":"publish","type":"post","link":"https:\/\/www.altercampagne.net\/?p=4513","title":{"rendered":"Le tour de France \u00e9colo sur les terres de l&rsquo;ex-circuit de F1"},"content":{"rendered":"<p>Il n\u2019y a pas eu de sprint \u00e0 l\u2019arriv\u00e9e, \u00e0 peine une acc\u00e9l\u00e9ration un peu lourde pour \u00eatre les premiers \u00e0 fouler ce fameux terrain de Flins qui devait accueillir le Grand Prix de France de Formule 1. La trentaine de coureurs cyclistes de l\u2019AlterTour, un mini-tour de France \u00e9colo, ont fait \u00e9tape hier sur le site de la ferme de la Haye, devenu l\u2019embl\u00e8me des d\u00e9fenseurs de l\u2019environnement.<\/p>\n<p>\u00ab\u00a0Il \u00e9tait important d\u2019\u00eatre l\u00e0 aujourd\u2019hui afin de rencontrer tous ceux qui ont particip\u00e9 \u00e0 cette victoire\u00a0\u00bb Herv\u00e9, un cycliste Dr\u00f4mois<\/p>\n<p>Chez eux, l\u2019esprit n\u2019est ni \u00e0 la comp\u00e9tition ni \u00e0 la course, mais \u00e0 la d\u00e9couverte, partout en France, de militants associatifs engag\u00e9s. Sous la tente blanche o\u00f9 des salades bio attendent ces sportifs, de nombreuses pancartes et articles de presse rappellent le combat gagn\u00e9\u00a0: l\u2019abandon du circuit de F1, au d\u00e9part voulu par le conseil g\u00e9n\u00e9ral des Yvelines. \u00ab\u00a0C\u2019est un dossier dont j\u2019ai entendu parler jusque chez moi dans la Dr\u00f4me, sourit Herv\u00e9 dont la bicyclette est \u00e9quip\u00e9e de 80 diodes fonctionnant \u00e0 l\u2019\u00e9nergie solaire ou avec une dynamo. Il \u00e9tait important d\u2019\u00eatre l\u00e0 aujourd\u2019hui afin de rencontrer tous ceux qui ont particip\u00e9 cette victoire\u00a0\u00bb, ajoute cet instituteur.<\/p>\n<p>M\u00e9connu du grand public, l\u2019initiative suscite un certain engouement. En t\u00e9moigne le nombre d\u2019h\u00f4tes \u00e0 Flins et ceux attendus aux Br\u00e9viaires, terminus de l\u2019\u00e9tape du jour. \u00ab\u00a0A l\u2019origine, l\u2019AlterTour c\u2019est un tour de France sans dopage. Outre le dopage en sport, nous souhaitons montrer notre refus des engrais et des insecticides dans l\u2019agriculture ou l\u2019utilisation des produits chimiques dans la vie courante.\u00a0\u00bb, pr\u00e9cise Jean-Jacques, arriv\u00e9 de Bretagne.<\/p>\n<p>Des hommes, des femmes, des jeunes ou des retrait\u00e9s composent cette petite troupe de passionn\u00e9s qui doit boucler son p\u00e9riple des routes de France le 14 ao\u00fbt, dans la Creuse. Bien longtemps apr\u00e8s les professionnels de la grande Boucle, mais au guidon de v\u00e9los patauds et apr\u00e8s avoir consomm\u00e9 uniquement des salades, des tomates et autres radis bio\u2026<\/p>\n<p style=\"text-align: right;\"><strong>Le Parisien<\/strong><\/p>\n","protected":false},"excerpt":{"rendered":"<p>Il n\u2019y a pas eu de sprint \u00e0 l\u2019arriv\u00e9e, \u00e0 peine une acc\u00e9l\u00e9ration un peu lourde pour \u00eatre les premiers \u00e0 fouler ce fameux terrain de Flins qui devait accueillir le Grand Prix de France de Formule 1. La trentaine de coureurs cyclistes de l\u2019AlterTour, un mini-tour de France \u00e9colo, &#8230; <\/p>\n<div><a href=\"https:\/\/www.altercampagne.net\/?p=4513\" class=\"more-link\">Read More<\/a><\/div>\n","protected":false},"author":214,"featured_media":0,"comment_status":"closed","ping_status":"closed","sticky":false,"template":"","format":"standard","meta":{"footnotes":""},"categories":[239],"tags":[1301,1490,2095,2118,2119,2120],"class_list":["post-4513","post","type-post","status-publish","format-standard","hentry","category-revue-de-presse","tag-altertour-2010","tag-ile-de-france","tag-2095","tag-flins","tag-flins-sans-f1","tag-yvelines","no-post-thumbnail"],"yoast_head":"<!-- This site is optimized with the Yoast SEO plugin v27.3 - https:\/\/yoast.com\/product\/yoast-seo-wordpress\/ -->\n<title>Le tour de France \u00e9colo sur les terres de l&#039;ex-circuit de F1 - AlterTour<\/title>\n<meta name=\"robots\" content=\"index, follow, max-snippet:-1, max-image-preview:large, max-video-preview:-1\" \/>\n<link rel=\"canonical\" href=\"https:\/\/www.altercampagne.net\/?p=4513\" \/>\n<meta property=\"og:locale\" content=\"fr_FR\" \/>\n<meta property=\"og:type\" content=\"article\" \/>\n<meta property=\"og:title\" content=\"Le tour de France \u00e9colo sur les terres de l&#039;ex-circuit de F1 - AlterTour\" \/>\n<meta property=\"og:description\" content=\"Il n\u2019y a pas eu de sprint \u00e0 l\u2019arriv\u00e9e, \u00e0 peine une acc\u00e9l\u00e9ration un peu lourde pour \u00eatre les premiers \u00e0 fouler ce fameux terrain de Flins qui devait accueillir le Grand Prix de France de Formule 1. La trentaine de coureurs cyclistes de l\u2019AlterTour, un mini-tour de France \u00e9colo, ... Read More\" \/>\n<meta property=\"og:url\" content=\"https:\/\/www.altercampagne.net\/?p=4513\" \/>\n<meta property=\"og:site_name\" content=\"AlterTour\" \/>\n<meta property=\"article:published_time\" content=\"2010-07-05T12:33:01+00:00\" \/>\n<meta property=\"article:modified_time\" content=\"2016-04-23T12:36:08+00:00\" \/>\n<meta name=\"author\" content=\"Mathieu\" \/>\n<meta name=\"twitter:card\" content=\"summary_large_image\" \/>\n<meta name=\"twitter:label1\" content=\"\u00c9crit par\" \/>\n\t<meta name=\"twitter:data1\" content=\"Mathieu\" \/>\n\t<meta name=\"twitter:label2\" content=\"Dur\u00e9e de lecture estim\u00e9e\" \/>\n\t<meta name=\"twitter:data2\" content=\"2 minutes\" \/>\n<script type=\"application\/ld+json\" class=\"yoast-schema-graph\">{\"@context\":\"https:\\\/\\\/schema.org\",\"@graph\":[{\"@type\":\"Article\",\"@id\":\"https:\\\/\\\/www.altercampagne.net\\\/?p=4513#article\",\"isPartOf\":{\"@id\":\"https:\\\/\\\/www.altercampagne.net\\\/?p=4513\"},\"author\":{\"name\":\"Mathieu\",\"@id\":\"https:\\\/\\\/www.altercampagne.net\\\/#\\\/schema\\\/person\\\/0f261460c09e430caa0f9bcffa319109\"},\"headline\":\"Le tour de France \u00e9colo sur les terres de l&rsquo;ex-circuit de F1\",\"datePublished\":\"2010-07-05T12:33:01+00:00\",\"dateModified\":\"2016-04-23T12:36:08+00:00\",\"mainEntityOfPage\":{\"@id\":\"https:\\\/\\\/www.altercampagne.net\\\/?p=4513\"},\"wordCount\":376,\"keywords\":[\"AlterTour 2010\",\"ile-de-france\",\"2010\",\"Flins\",\"Flins sans F1\",\"Yvelines\"],\"articleSection\":[\"Revue de presse\"],\"inLanguage\":\"fr-FR\"},{\"@type\":\"WebPage\",\"@id\":\"https:\\\/\\\/www.altercampagne.net\\\/?p=4513\",\"url\":\"https:\\\/\\\/www.altercampagne.net\\\/?p=4513\",\"name\":\"Le tour de France \u00e9colo sur les terres de l'ex-circuit de F1 - AlterTour\",\"isPartOf\":{\"@id\":\"https:\\\/\\\/www.altercampagne.net\\\/#website\"},\"datePublished\":\"2010-07-05T12:33:01+00:00\",\"dateModified\":\"2016-04-23T12:36:08+00:00\",\"author\":{\"@id\":\"https:\\\/\\\/www.altercampagne.net\\\/#\\\/schema\\\/person\\\/0f261460c09e430caa0f9bcffa319109\"},\"breadcrumb\":{\"@id\":\"https:\\\/\\\/www.altercampagne.net\\\/?p=4513#breadcrumb\"},\"inLanguage\":\"fr-FR\",\"potentialAction\":[{\"@type\":\"ReadAction\",\"target\":[\"https:\\\/\\\/www.altercampagne.net\\\/?p=4513\"]}]},{\"@type\":\"BreadcrumbList\",\"@id\":\"https:\\\/\\\/www.altercampagne.net\\\/?p=4513#breadcrumb\",\"itemListElement\":[{\"@type\":\"ListItem\",\"position\":1,\"name\":\"Accueil\",\"item\":\"https:\\\/\\\/www.altercampagne.net\\\/\"},{\"@type\":\"ListItem\",\"position\":2,\"name\":\"Le tour de France \u00e9colo sur les terres de l&rsquo;ex-circuit de F1\"}]},{\"@type\":\"WebSite\",\"@id\":\"https:\\\/\\\/www.altercampagne.net\\\/#website\",\"url\":\"https:\\\/\\\/www.altercampagne.net\\\/\",\"name\":\"AlterTour\",\"description\":\"Reliez les Alternatives \u00e0 v\u00e9lo\",\"potentialAction\":[{\"@type\":\"SearchAction\",\"target\":{\"@type\":\"EntryPoint\",\"urlTemplate\":\"https:\\\/\\\/www.altercampagne.net\\\/?s={search_term_string}\"},\"query-input\":{\"@type\":\"PropertyValueSpecification\",\"valueRequired\":true,\"valueName\":\"search_term_string\"}}],\"inLanguage\":\"fr-FR\"},{\"@type\":\"Person\",\"@id\":\"https:\\\/\\\/www.altercampagne.net\\\/#\\\/schema\\\/person\\\/0f261460c09e430caa0f9bcffa319109\",\"name\":\"Mathieu\",\"image\":{\"@type\":\"ImageObject\",\"inLanguage\":\"fr-FR\",\"@id\":\"https:\\\/\\\/secure.gravatar.com\\\/avatar\\\/aa9d3d24c83f2141e5e2709d0f63d09a99f6be6bb7a50abc4915838d9f54501a?s=96&d=mm&r=g\",\"url\":\"https:\\\/\\\/secure.gravatar.com\\\/avatar\\\/aa9d3d24c83f2141e5e2709d0f63d09a99f6be6bb7a50abc4915838d9f54501a?s=96&d=mm&r=g\",\"contentUrl\":\"https:\\\/\\\/secure.gravatar.com\\\/avatar\\\/aa9d3d24c83f2141e5e2709d0f63d09a99f6be6bb7a50abc4915838d9f54501a?s=96&d=mm&r=g\",\"caption\":\"Mathieu\"},\"url\":\"https:\\\/\\\/www.altercampagne.net\\\/?author=214\"}]}<\/script>\n<!-- \/ Yoast SEO plugin. -->","yoast_head_json":{"title":"Le tour de France \u00e9colo sur les terres de l'ex-circuit de F1 - AlterTour","robots":{"index":"index","follow":"follow","max-snippet":"max-snippet:-1","max-image-preview":"max-image-preview:large","max-video-preview":"max-video-preview:-1"},"canonical":"https:\/\/www.altercampagne.net\/?p=4513","og_locale":"fr_FR","og_type":"article","og_title":"Le tour de France \u00e9colo sur les terres de l'ex-circuit de F1 - AlterTour","og_description":"Il n\u2019y a pas eu de sprint \u00e0 l\u2019arriv\u00e9e, \u00e0 peine une acc\u00e9l\u00e9ration un peu lourde pour \u00eatre les premiers \u00e0 fouler ce fameux terrain de Flins qui devait accueillir le Grand Prix de France de Formule 1. La trentaine de coureurs cyclistes de l\u2019AlterTour, un mini-tour de France \u00e9colo, ... Read More","og_url":"https:\/\/www.altercampagne.net\/?p=4513","og_site_name":"AlterTour","article_published_time":"2010-07-05T12:33:01+00:00","article_modified_time":"2016-04-23T12:36:08+00:00","author":"Mathieu","twitter_card":"summary_large_image","twitter_misc":{"\u00c9crit par":"Mathieu","Dur\u00e9e de lecture estim\u00e9e":"2 minutes"},"schema":{"@context":"https:\/\/schema.org","@graph":[{"@type":"Article","@id":"https:\/\/www.altercampagne.net\/?p=4513#article","isPartOf":{"@id":"https:\/\/www.altercampagne.net\/?p=4513"},"author":{"name":"Mathieu","@id":"https:\/\/www.altercampagne.net\/#\/schema\/person\/0f261460c09e430caa0f9bcffa319109"},"headline":"Le tour de France \u00e9colo sur les terres de l&rsquo;ex-circuit de F1","datePublished":"2010-07-05T12:33:01+00:00","dateModified":"2016-04-23T12:36:08+00:00","mainEntityOfPage":{"@id":"https:\/\/www.altercampagne.net\/?p=4513"},"wordCount":376,"keywords":["AlterTour 2010","ile-de-france","2010","Flins","Flins sans F1","Yvelines"],"articleSection":["Revue de presse"],"inLanguage":"fr-FR"},{"@type":"WebPage","@id":"https:\/\/www.altercampagne.net\/?p=4513","url":"https:\/\/www.altercampagne.net\/?p=4513","name":"Le tour de France \u00e9colo sur les terres de l'ex-circuit de F1 - AlterTour","isPartOf":{"@id":"https:\/\/www.altercampagne.net\/#website"},"datePublished":"2010-07-05T12:33:01+00:00","dateModified":"2016-04-23T12:36:08+00:00","author":{"@id":"https:\/\/www.altercampagne.net\/#\/schema\/person\/0f261460c09e430caa0f9bcffa319109"},"breadcrumb":{"@id":"https:\/\/www.altercampagne.net\/?p=4513#breadcrumb"},"inLanguage":"fr-FR","potentialAction":[{"@type":"ReadAction","target":["https:\/\/www.altercampagne.net\/?p=4513"]}]},{"@type":"BreadcrumbList","@id":"https:\/\/www.altercampagne.net\/?p=4513#breadcrumb","itemListElement":[{"@type":"ListItem","position":1,"name":"Accueil","item":"https:\/\/www.altercampagne.net\/"},{"@type":"ListItem","position":2,"name":"Le tour de France \u00e9colo sur les terres de l&rsquo;ex-circuit de F1"}]},{"@type":"WebSite","@id":"https:\/\/www.altercampagne.net\/#website","url":"https:\/\/www.altercampagne.net\/","name":"AlterTour","description":"Reliez les Alternatives \u00e0 v\u00e9lo","potentialAction":[{"@type":"SearchAction","target":{"@type":"EntryPoint","urlTemplate":"https:\/\/www.altercampagne.net\/?s={search_term_string}"},"query-input":{"@type":"PropertyValueSpecification","valueRequired":true,"valueName":"search_term_string"}}],"inLanguage":"fr-FR"},{"@type":"Person","@id":"https:\/\/www.altercampagne.net\/#\/schema\/person\/0f261460c09e430caa0f9bcffa319109","name":"Mathieu","image":{"@type":"ImageObject","inLanguage":"fr-FR","@id":"https:\/\/secure.gravatar.com\/avatar\/aa9d3d24c83f2141e5e2709d0f63d09a99f6be6bb7a50abc4915838d9f54501a?s=96&d=mm&r=g","url":"https:\/\/secure.gravatar.com\/avatar\/aa9d3d24c83f2141e5e2709d0f63d09a99f6be6bb7a50abc4915838d9f54501a?s=96&d=mm&r=g","contentUrl":"https:\/\/secure.gravatar.com\/avatar\/aa9d3d24c83f2141e5e2709d0f63d09a99f6be6bb7a50abc4915838d9f54501a?s=96&d=mm&r=g","caption":"Mathieu"},"url":"https:\/\/www.altercampagne.net\/?author=214"}]}},"_links":{"self":[{"href":"https:\/\/www.altercampagne.net\/index.php?rest_route=\/wp\/v2\/posts\/4513","targetHints":{"allow":["GET"]}}],"collection":[{"href":"https:\/\/www.altercampagne.net\/index.php?rest_route=\/wp\/v2\/posts"}],"about":[{"href":"https:\/\/www.altercampagne.net\/index.php?rest_route=\/wp\/v2\/types\/post"}],"author":[{"embeddable":true,"href":"https:\/\/www.altercampagne.net\/index.php?rest_route=\/wp\/v2\/users\/214"}],"replies":[{"embeddable":true,"href":"https:\/\/www.altercampagne.net\/index.php?rest_route=%2Fwp%2Fv2%2Fcomments&post=4513"}],"version-history":[{"count":0,"href":"https:\/\/www.altercampagne.net\/index.php?rest_route=\/wp\/v2\/posts\/4513\/revisions"}],"wp:attachment":[{"href":"https:\/\/www.altercampagne.net\/index.php?rest_route=%2Fwp%2Fv2%2Fmedia&parent=4513"}],"wp:term":[{"taxonomy":"category","embeddable":true,"href":"https:\/\/www.altercampagne.net\/index.php?rest_route=%2Fwp%2Fv2%2Fcategories&post=4513"},{"taxonomy":"post_tag","embeddable":true,"href":"https:\/\/www.altercampagne.net\/index.php?rest_route=%2Fwp%2Fv2%2Ftags&post=4513"}],"curies":[{"name":"wp","href":"https:\/\/api.w.org\/{rel}","templated":true}]}}