{"id":4515,"date":"2010-07-06T14:36:52","date_gmt":"2010-07-06T12:36:52","guid":{"rendered":"http:\/\/www.altercampagne.net\/?p=4515"},"modified":"2020-03-06T11:48:55","modified_gmt":"2020-03-06T10:48:55","slug":"etape-a-la-ferme-de-la-haye-pour-lalter-tour-2010","status":"publish","type":"post","link":"https:\/\/www.altercampagne.net\/?p=4515","title":{"rendered":"Etape \u00e0 la Ferme de la Haye pour l\u2019Alter Tour 2010"},"content":{"rendered":"<p><img loading=\"lazy\" decoding=\"async\" class=\" alignright\" src=\"http:\/\/altercampagne.free.fr\/pages\/2008\/AlterTour\/Photos\/2010-07-06_Cyclistes_arrives_a_la_Ferme_de_la_Haye.jpg\" alt=\"\" width=\"293\" height=\"220\" \/>Lundi 5 juillet 2010, devant la Ferme de la Haye, l\u2019 \u00ab\u00a0Alter Tour 2010\u00a0\u00bb a fait \u00e9tape. Les cyclistes et la \u00ab\u00a0Karawane\u00a0\u00bb du Tour, puisque c\u2019est ainsi que se nomme leur car, furent accueilli par le Collectif Flins sans F1, dont Jean Mallet, par la Biocoop du Mantois, et, \u00e9galement par le r\u00e9alisateur du film \u00ab\u00a0Nos enfants nous accuseront\u00a0\u00bb, Jean-Paul Jaud.<\/p>\n<p><strong>La Karawane\u00a0<\/strong><\/p>\n<p>La tente fut dress\u00e9e vers midi, les tables pour le pique-nique install\u00e9es, de temps en temps couvertes en raison de la pluie fine, l\u2019exposition itin\u00e9rante du \u201cCollectif Flins sans F1\u201d retra\u00e7ant les actions et la victoire des opposants au circuit de F1 entre Flins et Les Mureaux fix\u00e9e et le public, plus d\u2019une quarantaine de personnes, fut \u00e9galement l\u00e0 pour attendre les cyclistes. Vers 13h30, ils sont arriv\u00e9s les uns apr\u00e8s les autres et en musique.<\/p>\n<p>Les derniers furent suivis de pr\u00e9s par le car de l\u2019\u201c<em>Alter Tour<\/em>\u201d\u00a0: \u00ab\u00a0<em>la Karawane<\/em>\u00a0\u00bb, comme cela est \u00e9crit sur son devant. C\u2019est un v\u00e9hicule multi-couleur- un rappel nostalgique aux ann\u00e9es 60-, qui est couvert de textes, de noms d\u2019association telle que le DAL (Droit Au Logement) et d\u2019articles. Ce car peut \u00eatre consid\u00e9r\u00e9 comme une exposition itin\u00e9rante sur les \u00ab\u00a0<em>alternatives<\/em>\u00a0\u00bb\u00a0!<\/p>\n<p><strong>Appeler le combat<\/strong><\/p>\n<p>Une fois que tout le monde fut arriv\u00e9 et que les cyclistes aient discut\u00e9s un peu avec toutes les personnes pr\u00e9sentes devant le Ferme de la Haye, il y a eu un rassemblement autour de Jean Mallet, Maire de M\u00e9zy Sur Seine et Conseiller R\u00e9gional d\u2019\u00cele de France. Ce dernier a alors prononc\u00e9 un discours pour rappeler le combat des opposants au projet de circuit de Formule 1 entre Flins et les Mureaux. Et, avec l\u2019aide Fabienne Lauret, membre du Collectif, qui a \u00e9num\u00e9r\u00e9e toutes les actions men\u00e9es par eux et la victoire\u00a0: \u00ab\u00a0<em>Nous avons gagn\u00e9<\/em>\u00a0\u00bb, a-t-elle d\u00e9clar\u00e9 \u00e0 plusieurs reprises, Jean Mallet a rappel\u00e9 l\u2019important de poursuivre le combat et de participer \u00e0 des actions telle que l\u2019\u201cAlter Tour 2010\u201d.<\/p>\n<p>La parole fut ensuite donn\u00e9e \u00e0 un repr\u00e9sentant de l\u2019\u201c<em>AlterTour<\/em>\u201d, arriv\u00e9 en v\u00e9lo et qui a prononc\u00e9 le discours suivant\u00a0: \u00ab\u00a0<em>Je voulais remercier le Collectif Flins sans F1 pour avoir accueilli l\u2019 \u00ab\u00a0Alter Tour\u00a0\u00a0\u00bb. Je voulais dire que je suis des Yvelines. Je suis un voisin. Je suis membre des Verts \u00e0 Rambouillet. On s\u2019est pas mal associ\u00e9 au combat contre la F1. Nous sommes all\u00e9s voir, par exemple, Christine Boutin, qui \u00e9tait ministre du Logement, ainsi que conseill\u00e8re g\u00e9n\u00e9rale et qui avait vot\u00e9e pour le circuit \u00e0 l\u2019\u00e9poque. Et nous lui avions dit \u00ab\u00a0qu\u2019il serait mieux de faire des logements qu\u2019un circuit de Formule1\u00a0\u00bb. Cela a du la faire r\u00e9fl\u00e9chir, car \u00e0 la suite de cela, elle a chang\u00e9 d\u2019opinion, ce qui a fait beaucoup de bruits au Conseil G\u00e9n\u00e9ral, je crois. L\u2019 \u00ab\u00a0Alter Tour\u00a0\u00bb, nous avions d\u00e9cid\u00e9 l\u2019an dernier, qu\u2019il passerait en r\u00e9gion parisienne. Il fallait absolument que nous passions ici. Et je m\u2019aper\u00e7ois aujourd\u2019hui, que c\u2019est r\u00e9ussi\u00a0! C\u2019est vraiment tr\u00e8s sympa. Le but de l\u2019 \u00ab\u00a0Alter Tour\u00a0\u00bb n\u2019est pas de faire du v\u00e9lo entre nous. Mais c\u2019est aussi de rencontrer du monde et de relier toutes les alternatives qu\u2019il y a en France. Depuis que nous sommes partis, c\u2019est tr\u00e8s, tr\u00e8s riche\u00a0! Nous sommes partis vendredi soir de Paris, et nous avons commenc\u00e9 par faire une conf\u00e9rence avec des m\u00e9decins, dont la personne, qui a fait des testes sur l\u2019EPO. Pour revenir sur l\u2019histoire de l\u2019 \u00ab\u00a0Alter Tour\u00a0\u00bb, pour ceux qui ne connaissent pas, c\u2019est un Tour de France, qui veut d\u00e9noncer le dopage dans tous les domaines\u00a0: d\u2019abord dans le sport, ensuite dans l\u2019agriculture, et pour finir dans l\u2019\u00e9conomie. C\u2019est pourquoi, cette ann\u00e9e, nous irons aussi faire un tour \u00e0 Jersey. Merci pour la Biocoop, qui nous accueille, pour l\u2019ambiance conviviale et merci au Collectif Flins sans F1.\u00a0<\/em>\u00a0\u00bb<\/p>\n<p><strong>Petite intervention de Jean-Paul Jaud<\/strong><\/p>\n<p>La parole fut laiss\u00e9e \u00e0 Jean-Paul Jaud, le r\u00e9alisateur de \u00ab\u00a0<em>Nos enfants nous accuseront\u00a0<\/em>\u00a0\u00bb. Ce dernier, qui appr\u00e9cie ce genre de manifestation, a prononc\u00e9 le discours qui suit\u00a0:<\/p>\n<p>\u00ab\u00a0J<em>e voulais dire d\u2019abord bravo aux gens du Collectif et au maire de M\u00e9zy sur Seine, le premier que j\u2019ai rencontr\u00e9 pour ce combat de la F1. Parce que c\u2019est un vrai combat, car vous l\u2019avez men\u00e9 jusqu\u2019au bout et puisque vous l\u2019avez gagn\u00e9. Donc, j\u2019en suis ravi et d\u2019autant plus qu\u2019il y a une s\u00e9quence dans le prochain film, la suite de \u00ab\u00a0Nos enfants nous accuseront\u00a0\u00bb, qui va s\u2019appeler \u00ab\u00a0Sever, la voix de nos enfants\u00a0\u00bb, qui sort au cin\u00e9ma le 10 novembre, qui est consacr\u00e9 bien s\u00fbr \u00e0 ce probl\u00e8me, ici, de circuit. J\u2019\u00e9tais venu faire une interview d\u2019un agriculteur, un jeune agriculteur, qui venait s\u2019installer avant de savoir le r\u00e9sultat. Et je suis ravi que vous ayez gagn\u00e9. Bravo\u00a0! Aussi, je veux dire combien je suis content, car je suis cycliste aussi. En tant que r\u00e9alisateur de t\u00e9l\u00e9vision, je suis dans l\u2019aventure de Canal + depuis le d\u00e9but et j\u2019ai film\u00e9 tous les sports, m\u00eame le Tour de France y a quelques ann\u00e9es. C\u2019est pourquoi je suis vraiment tr\u00e8s heureux d\u2019\u00eatre l\u00e0 aujourd\u2019hui. Car je crois que le vrai Tour de France c\u2019est le v\u00f4tre\u00a0! C\u2019est plus l\u2019autre. Il est d\u00e9pass\u00e9. C\u2019est comme ce que vous venez d\u2019\u00e9voquer \u00e0 propos du circuit de F1, c\u2019est quelque chose de d\u00e9passer. Et je pense qu\u2019aujourd\u2019hui, le vrai Tour de France, c\u2019est le v\u00f4tre\u00a0! Voil\u00e0\u00a0! Et je vous soutiendrais dans le mesure du possible et, dans tous les cas, je vous dis bravo et continuez\u00a0!<\/em>\u00a0\u00bb<\/p>\n<p>A la suite de ce discours, il fut applaudi aussi bien par les cyclistes de l\u2019Alter Tour que par les membres du Collectif. Un repas\/\u00e9tape fut organis\u00e9 avec l\u2019aide de la Biocoop du Mantois. Cette pause dura jusqu\u2019\u00e0 15h, puisque les cyclistes n\u2019avaient pas termin\u00e9 leur journ\u00e9e. D\u2019autres \u00e9tapes les attendaient en cette apr\u00e8s-midi.<\/p>\n<p style=\"text-align: right;\"><strong>Les Mureaux<\/strong><\/p>\n","protected":false},"excerpt":{"rendered":"<p>Lundi 5 juillet 2010, devant la Ferme de la Haye, l\u2019 \u00ab\u00a0Alter Tour 2010\u00a0\u00bb a fait \u00e9tape. Les cyclistes et la \u00ab\u00a0Karawane\u00a0\u00bb du Tour, puisque c\u2019est ainsi que se nomme leur car, furent accueilli par le Collectif Flins sans F1, dont Jean Mallet, par la Biocoop du Mantois, et, \u00e9galement &#8230; <\/p>\n<div><a href=\"https:\/\/www.altercampagne.net\/?p=4515\" class=\"more-link\">Read More<\/a><\/div>\n","protected":false},"author":214,"featured_media":17624,"comment_status":"closed","ping_status":"closed","sticky":false,"template":"","format":"standard","meta":{"footnotes":""},"categories":[239,3477,3542,3493],"tags":[1301,2095,2119,2121,2122,2123,2124,2125,2126],"class_list":["post-4515","post","type-post","status-publish","format-standard","has-post-thumbnail","hentry","category-revue-de-presse","category-ile-de-france","category-lutte","category-edition-2010","tag-altertour-2010","tag-2095","tag-flins-sans-f1","tag-ferme-de-la-haye","tag-jean-mallet","tag-jean-paul-jaud","tag-droit-au-logement","tag-dal","tag-mezy-sur-seine"],"yoast_head":"<!-- This site is optimized with the Yoast SEO plugin v27.3 - https:\/\/yoast.com\/product\/yoast-seo-wordpress\/ -->\n<title>Etape \u00e0 la Ferme de la Haye pour l\u2019Alter Tour 2010 - AlterTour<\/title>\n<meta name=\"robots\" content=\"index, follow, max-snippet:-1, max-image-preview:large, max-video-preview:-1\" \/>\n<link rel=\"canonical\" href=\"https:\/\/www.altercampagne.net\/?p=4515\" \/>\n<meta property=\"og:locale\" content=\"fr_FR\" \/>\n<meta property=\"og:type\" content=\"article\" \/>\n<meta property=\"og:title\" content=\"Etape \u00e0 la Ferme de la Haye pour l\u2019Alter Tour 2010 - AlterTour\" \/>\n<meta property=\"og:description\" content=\"Lundi 5 juillet 2010, devant la Ferme de la Haye, l\u2019 \u00ab\u00a0Alter Tour 2010\u00a0\u00bb a fait \u00e9tape. Les cyclistes et la \u00ab\u00a0Karawane\u00a0\u00bb du Tour, puisque c\u2019est ainsi que se nomme leur car, furent accueilli par le Collectif Flins sans F1, dont Jean Mallet, par la Biocoop du Mantois, et, \u00e9galement ... Read More\" \/>\n<meta property=\"og:url\" content=\"https:\/\/www.altercampagne.net\/?p=4515\" \/>\n<meta property=\"og:site_name\" content=\"AlterTour\" \/>\n<meta property=\"article:published_time\" content=\"2010-07-06T12:36:52+00:00\" \/>\n<meta property=\"article:modified_time\" content=\"2020-03-06T10:48:55+00:00\" \/>\n<meta property=\"og:image\" content=\"https:\/\/www.altercampagne.net\/wp-content\/uploads\/2010\/07\/DSCN3720.jpg\" \/>\n\t<meta property=\"og:image:width\" content=\"783\" \/>\n\t<meta property=\"og:image:height\" content=\"409\" \/>\n\t<meta property=\"og:image:type\" content=\"image\/jpeg\" \/>\n<meta name=\"author\" content=\"Mathieu\" \/>\n<meta name=\"twitter:card\" content=\"summary_large_image\" \/>\n<meta name=\"twitter:label1\" content=\"\u00c9crit par\" \/>\n\t<meta name=\"twitter:data1\" content=\"Mathieu\" \/>\n\t<meta name=\"twitter:label2\" content=\"Dur\u00e9e de lecture estim\u00e9e\" \/>\n\t<meta name=\"twitter:data2\" content=\"5 minutes\" \/>\n<script type=\"application\/ld+json\" class=\"yoast-schema-graph\">{\"@context\":\"https:\\\/\\\/schema.org\",\"@graph\":[{\"@type\":\"Article\",\"@id\":\"https:\\\/\\\/www.altercampagne.net\\\/?p=4515#article\",\"isPartOf\":{\"@id\":\"https:\\\/\\\/www.altercampagne.net\\\/?p=4515\"},\"author\":{\"name\":\"Mathieu\",\"@id\":\"https:\\\/\\\/www.altercampagne.net\\\/#\\\/schema\\\/person\\\/0f261460c09e430caa0f9bcffa319109\"},\"headline\":\"Etape \u00e0 la Ferme de la Haye pour l\u2019Alter Tour 2010\",\"datePublished\":\"2010-07-06T12:36:52+00:00\",\"dateModified\":\"2020-03-06T10:48:55+00:00\",\"mainEntityOfPage\":{\"@id\":\"https:\\\/\\\/www.altercampagne.net\\\/?p=4515\"},\"wordCount\":1085,\"image\":{\"@id\":\"https:\\\/\\\/www.altercampagne.net\\\/?p=4515#primaryimage\"},\"thumbnailUrl\":\"https:\\\/\\\/www.altercampagne.net\\\/wp-content\\\/uploads\\\/2010\\\/07\\\/DSCN3720.jpg\",\"keywords\":[\"AlterTour 2010\",\"2010\",\"Flins sans F1\",\"Ferme de la Haye\",\"Jean Mallet\",\"Jean-Paul Jaud\",\"Droit Au Logement\",\"DAL\",\"M\u00e9zy sur Seine\"],\"articleSection\":[\"Revue de presse\",\"\u00cele-de-France\",\"Lutte\",\"Edition 2010\"],\"inLanguage\":\"fr-FR\"},{\"@type\":\"WebPage\",\"@id\":\"https:\\\/\\\/www.altercampagne.net\\\/?p=4515\",\"url\":\"https:\\\/\\\/www.altercampagne.net\\\/?p=4515\",\"name\":\"Etape \u00e0 la Ferme de la Haye pour l\u2019Alter Tour 2010 - AlterTour\",\"isPartOf\":{\"@id\":\"https:\\\/\\\/www.altercampagne.net\\\/#website\"},\"primaryImageOfPage\":{\"@id\":\"https:\\\/\\\/www.altercampagne.net\\\/?p=4515#primaryimage\"},\"image\":{\"@id\":\"https:\\\/\\\/www.altercampagne.net\\\/?p=4515#primaryimage\"},\"thumbnailUrl\":\"https:\\\/\\\/www.altercampagne.net\\\/wp-content\\\/uploads\\\/2010\\\/07\\\/DSCN3720.jpg\",\"datePublished\":\"2010-07-06T12:36:52+00:00\",\"dateModified\":\"2020-03-06T10:48:55+00:00\",\"author\":{\"@id\":\"https:\\\/\\\/www.altercampagne.net\\\/#\\\/schema\\\/person\\\/0f261460c09e430caa0f9bcffa319109\"},\"breadcrumb\":{\"@id\":\"https:\\\/\\\/www.altercampagne.net\\\/?p=4515#breadcrumb\"},\"inLanguage\":\"fr-FR\",\"potentialAction\":[{\"@type\":\"ReadAction\",\"target\":[\"https:\\\/\\\/www.altercampagne.net\\\/?p=4515\"]}]},{\"@type\":\"ImageObject\",\"inLanguage\":\"fr-FR\",\"@id\":\"https:\\\/\\\/www.altercampagne.net\\\/?p=4515#primaryimage\",\"url\":\"https:\\\/\\\/www.altercampagne.net\\\/wp-content\\\/uploads\\\/2010\\\/07\\\/DSCN3720.jpg\",\"contentUrl\":\"https:\\\/\\\/www.altercampagne.net\\\/wp-content\\\/uploads\\\/2010\\\/07\\\/DSCN3720.jpg\",\"width\":783,\"height\":409},{\"@type\":\"BreadcrumbList\",\"@id\":\"https:\\\/\\\/www.altercampagne.net\\\/?p=4515#breadcrumb\",\"itemListElement\":[{\"@type\":\"ListItem\",\"position\":1,\"name\":\"Accueil\",\"item\":\"https:\\\/\\\/www.altercampagne.net\\\/\"},{\"@type\":\"ListItem\",\"position\":2,\"name\":\"Etape \u00e0 la Ferme de la Haye pour l\u2019Alter Tour 2010\"}]},{\"@type\":\"WebSite\",\"@id\":\"https:\\\/\\\/www.altercampagne.net\\\/#website\",\"url\":\"https:\\\/\\\/www.altercampagne.net\\\/\",\"name\":\"AlterTour\",\"description\":\"Reliez les Alternatives \u00e0 v\u00e9lo\",\"potentialAction\":[{\"@type\":\"SearchAction\",\"target\":{\"@type\":\"EntryPoint\",\"urlTemplate\":\"https:\\\/\\\/www.altercampagne.net\\\/?s={search_term_string}\"},\"query-input\":{\"@type\":\"PropertyValueSpecification\",\"valueRequired\":true,\"valueName\":\"search_term_string\"}}],\"inLanguage\":\"fr-FR\"},{\"@type\":\"Person\",\"@id\":\"https:\\\/\\\/www.altercampagne.net\\\/#\\\/schema\\\/person\\\/0f261460c09e430caa0f9bcffa319109\",\"name\":\"Mathieu\",\"image\":{\"@type\":\"ImageObject\",\"inLanguage\":\"fr-FR\",\"@id\":\"https:\\\/\\\/secure.gravatar.com\\\/avatar\\\/aa9d3d24c83f2141e5e2709d0f63d09a99f6be6bb7a50abc4915838d9f54501a?s=96&d=mm&r=g\",\"url\":\"https:\\\/\\\/secure.gravatar.com\\\/avatar\\\/aa9d3d24c83f2141e5e2709d0f63d09a99f6be6bb7a50abc4915838d9f54501a?s=96&d=mm&r=g\",\"contentUrl\":\"https:\\\/\\\/secure.gravatar.com\\\/avatar\\\/aa9d3d24c83f2141e5e2709d0f63d09a99f6be6bb7a50abc4915838d9f54501a?s=96&d=mm&r=g\",\"caption\":\"Mathieu\"},\"url\":\"https:\\\/\\\/www.altercampagne.net\\\/?author=214\"}]}<\/script>\n<!-- \/ Yoast SEO plugin. -->","yoast_head_json":{"title":"Etape \u00e0 la Ferme de la Haye pour l\u2019Alter Tour 2010 - AlterTour","robots":{"index":"index","follow":"follow","max-snippet":"max-snippet:-1","max-image-preview":"max-image-preview:large","max-video-preview":"max-video-preview:-1"},"canonical":"https:\/\/www.altercampagne.net\/?p=4515","og_locale":"fr_FR","og_type":"article","og_title":"Etape \u00e0 la Ferme de la Haye pour l\u2019Alter Tour 2010 - AlterTour","og_description":"Lundi 5 juillet 2010, devant la Ferme de la Haye, l\u2019 \u00ab\u00a0Alter Tour 2010\u00a0\u00bb a fait \u00e9tape. Les cyclistes et la \u00ab\u00a0Karawane\u00a0\u00bb du Tour, puisque c\u2019est ainsi que se nomme leur car, furent accueilli par le Collectif Flins sans F1, dont Jean Mallet, par la Biocoop du Mantois, et, \u00e9galement ... Read More","og_url":"https:\/\/www.altercampagne.net\/?p=4515","og_site_name":"AlterTour","article_published_time":"2010-07-06T12:36:52+00:00","article_modified_time":"2020-03-06T10:48:55+00:00","og_image":[{"width":783,"height":409,"url":"https:\/\/www.altercampagne.net\/wp-content\/uploads\/2010\/07\/DSCN3720.jpg","type":"image\/jpeg"}],"author":"Mathieu","twitter_card":"summary_large_image","twitter_misc":{"\u00c9crit par":"Mathieu","Dur\u00e9e de lecture estim\u00e9e":"5 minutes"},"schema":{"@context":"https:\/\/schema.org","@graph":[{"@type":"Article","@id":"https:\/\/www.altercampagne.net\/?p=4515#article","isPartOf":{"@id":"https:\/\/www.altercampagne.net\/?p=4515"},"author":{"name":"Mathieu","@id":"https:\/\/www.altercampagne.net\/#\/schema\/person\/0f261460c09e430caa0f9bcffa319109"},"headline":"Etape \u00e0 la Ferme de la Haye pour l\u2019Alter Tour 2010","datePublished":"2010-07-06T12:36:52+00:00","dateModified":"2020-03-06T10:48:55+00:00","mainEntityOfPage":{"@id":"https:\/\/www.altercampagne.net\/?p=4515"},"wordCount":1085,"image":{"@id":"https:\/\/www.altercampagne.net\/?p=4515#primaryimage"},"thumbnailUrl":"https:\/\/www.altercampagne.net\/wp-content\/uploads\/2010\/07\/DSCN3720.jpg","keywords":["AlterTour 2010","2010","Flins sans F1","Ferme de la Haye","Jean Mallet","Jean-Paul Jaud","Droit Au Logement","DAL","M\u00e9zy sur Seine"],"articleSection":["Revue de presse","\u00cele-de-France","Lutte","Edition 2010"],"inLanguage":"fr-FR"},{"@type":"WebPage","@id":"https:\/\/www.altercampagne.net\/?p=4515","url":"https:\/\/www.altercampagne.net\/?p=4515","name":"Etape \u00e0 la Ferme de la Haye pour l\u2019Alter Tour 2010 - AlterTour","isPartOf":{"@id":"https:\/\/www.altercampagne.net\/#website"},"primaryImageOfPage":{"@id":"https:\/\/www.altercampagne.net\/?p=4515#primaryimage"},"image":{"@id":"https:\/\/www.altercampagne.net\/?p=4515#primaryimage"},"thumbnailUrl":"https:\/\/www.altercampagne.net\/wp-content\/uploads\/2010\/07\/DSCN3720.jpg","datePublished":"2010-07-06T12:36:52+00:00","dateModified":"2020-03-06T10:48:55+00:00","author":{"@id":"https:\/\/www.altercampagne.net\/#\/schema\/person\/0f261460c09e430caa0f9bcffa319109"},"breadcrumb":{"@id":"https:\/\/www.altercampagne.net\/?p=4515#breadcrumb"},"inLanguage":"fr-FR","potentialAction":[{"@type":"ReadAction","target":["https:\/\/www.altercampagne.net\/?p=4515"]}]},{"@type":"ImageObject","inLanguage":"fr-FR","@id":"https:\/\/www.altercampagne.net\/?p=4515#primaryimage","url":"https:\/\/www.altercampagne.net\/wp-content\/uploads\/2010\/07\/DSCN3720.jpg","contentUrl":"https:\/\/www.altercampagne.net\/wp-content\/uploads\/2010\/07\/DSCN3720.jpg","width":783,"height":409},{"@type":"BreadcrumbList","@id":"https:\/\/www.altercampagne.net\/?p=4515#breadcrumb","itemListElement":[{"@type":"ListItem","position":1,"name":"Accueil","item":"https:\/\/www.altercampagne.net\/"},{"@type":"ListItem","position":2,"name":"Etape \u00e0 la Ferme de la Haye pour l\u2019Alter Tour 2010"}]},{"@type":"WebSite","@id":"https:\/\/www.altercampagne.net\/#website","url":"https:\/\/www.altercampagne.net\/","name":"AlterTour","description":"Reliez les Alternatives \u00e0 v\u00e9lo","potentialAction":[{"@type":"SearchAction","target":{"@type":"EntryPoint","urlTemplate":"https:\/\/www.altercampagne.net\/?s={search_term_string}"},"query-input":{"@type":"PropertyValueSpecification","valueRequired":true,"valueName":"search_term_string"}}],"inLanguage":"fr-FR"},{"@type":"Person","@id":"https:\/\/www.altercampagne.net\/#\/schema\/person\/0f261460c09e430caa0f9bcffa319109","name":"Mathieu","image":{"@type":"ImageObject","inLanguage":"fr-FR","@id":"https:\/\/secure.gravatar.com\/avatar\/aa9d3d24c83f2141e5e2709d0f63d09a99f6be6bb7a50abc4915838d9f54501a?s=96&d=mm&r=g","url":"https:\/\/secure.gravatar.com\/avatar\/aa9d3d24c83f2141e5e2709d0f63d09a99f6be6bb7a50abc4915838d9f54501a?s=96&d=mm&r=g","contentUrl":"https:\/\/secure.gravatar.com\/avatar\/aa9d3d24c83f2141e5e2709d0f63d09a99f6be6bb7a50abc4915838d9f54501a?s=96&d=mm&r=g","caption":"Mathieu"},"url":"https:\/\/www.altercampagne.net\/?author=214"}]}},"_links":{"self":[{"href":"https:\/\/www.altercampagne.net\/index.php?rest_route=\/wp\/v2\/posts\/4515","targetHints":{"allow":["GET"]}}],"collection":[{"href":"https:\/\/www.altercampagne.net\/index.php?rest_route=\/wp\/v2\/posts"}],"about":[{"href":"https:\/\/www.altercampagne.net\/index.php?rest_route=\/wp\/v2\/types\/post"}],"author":[{"embeddable":true,"href":"https:\/\/www.altercampagne.net\/index.php?rest_route=\/wp\/v2\/users\/214"}],"replies":[{"embeddable":true,"href":"https:\/\/www.altercampagne.net\/index.php?rest_route=%2Fwp%2Fv2%2Fcomments&post=4515"}],"version-history":[{"count":1,"href":"https:\/\/www.altercampagne.net\/index.php?rest_route=\/wp\/v2\/posts\/4515\/revisions"}],"predecessor-version":[{"id":17625,"href":"https:\/\/www.altercampagne.net\/index.php?rest_route=\/wp\/v2\/posts\/4515\/revisions\/17625"}],"wp:featuredmedia":[{"embeddable":true,"href":"https:\/\/www.altercampagne.net\/index.php?rest_route=\/wp\/v2\/media\/17624"}],"wp:attachment":[{"href":"https:\/\/www.altercampagne.net\/index.php?rest_route=%2Fwp%2Fv2%2Fmedia&parent=4515"}],"wp:term":[{"taxonomy":"category","embeddable":true,"href":"https:\/\/www.altercampagne.net\/index.php?rest_route=%2Fwp%2Fv2%2Fcategories&post=4515"},{"taxonomy":"post_tag","embeddable":true,"href":"https:\/\/www.altercampagne.net\/index.php?rest_route=%2Fwp%2Fv2%2Ftags&post=4515"}],"curies":[{"name":"wp","href":"https:\/\/api.w.org\/{rel}","templated":true}]}}