{"id":4521,"date":"2010-07-06T14:43:16","date_gmt":"2010-07-06T12:43:16","guid":{"rendered":"http:\/\/www.altercampagne.net\/?p=4521"},"modified":"2016-04-23T14:45:25","modified_gmt":"2016-04-23T12:45:25","slug":"laltertour-2010-fait-leloge-de-la-lenteur","status":"publish","type":"post","link":"https:\/\/www.altercampagne.net\/?p=4521","title":{"rendered":"L&rsquo;AlterTour 2010 fait l\u2019\u00e9loge de la lenteur"},"content":{"rendered":"<p style=\"text-align: justify;\"><span style=\"font-size: 11.0pt; font-family: 'Calibri','sans-serif';\">Deux fois moins de distance parcourue que l&rsquo;autre Tour de France cycliste, et en deux fois plus de temps, soit : 2000 km en six semaines sur un parcours &#8211; qui plus est &#8211; en forme d\u2019escargot. Cette contre-performance est bien compr\u00e9hensible, puisque les personnes de tous \u00e2ges qui participent \u00e0 l\u2019AlterTour ne prennent pas de substances dopantes.<\/span><\/p>\n<p style=\"text-align: justify;\"><span style=\"font-size: 11.0pt; font-family: 'Calibri','sans-serif';\">Elles forment un collectif solidaire pratiquant une activit\u00e9 physique mesur\u00e9e, qui puise son \u00e9nergie dans la convivialit\u00e9, la musique, le sentiment de participer \u00e0 quelque chose d&rsquo;utile, sans n\u00e9gliger le r\u00f4le de la sieste !<br \/>\nLa sieste, cette absence apparente d&rsquo;activit\u00e9, ce retrait du reste du monde en toute ind\u00e9pendance, qui pr\u00e9pare \u00e0 l&rsquo;effort futur ; exactement \u00e0 l&rsquo;oppos\u00e9 du dopage, stimulation artificielle qui rend d\u00e9pendant et d\u00e9grade durablement.<br \/>\nDans l\u2019\u00ab AlterTour \u00bb, ce n&rsquo;est pas la vitesse individuelle qui mesure la performance, mais la dur\u00e9e d&rsquo;un projet collectif qui comporte neuf mois de pr\u00e9paration suivis de six semaines de parcours en relais, du 3 juillet au 14 ao\u00fbt cette ann\u00e9e.<br \/>\nQuelques dizaines de b\u00e9n\u00e9voles ont assur\u00e9 le relais entre l&rsquo;\u00e9dition 2009 et l&rsquo;\u00e9dition 2010, incluant la r\u00e9daction d\u2019un livret sur l\u2019Artificialisation des sols, disponible sur le tour.<br \/>\nPr\u00e8s d\u2019une trentaine d\u2019organisations, cinq collectivit\u00e9s et la Fondation Un Monde Par Tous ont apport\u00e9 leur concours \u00e0 cette 3\u00e8me \u00e9dition de l\u2019AlterTour.<br \/>\nQuelques dates :<br \/>\n&#8211; Vendredi-soir, 2 juillet, \u00e0 19h30 \u00e0 la mairie du 2e arrondissement de Paris :<br \/>\nCONFERENCE DE PRESSE associ\u00e9e \u00e0 une conf\u00e9rence de scientifiques sur le dopage<br \/>\n&#8211; AlterPrologue, le 3 juillet : Visite de sites militants, possibilit\u00e9 de participation \u00e0 une V\u00e9lorution Universelle et grande soir\u00e9e festive \u00e0 l\u2019\u00cele-St-Denis, avec l\u2019Agronome Marc Dufumier<br \/>\n&#8211; D\u00e9part le dimanche 4 juillet \u00e0 10h30, en pr\u00e9sence de D\u00e9put\u00e9s, au Parc D\u00e9p. de l&rsquo;\u00eele-St-Denis<br \/>\n&#8211; Premi\u00e8re quinzaine de juillet : Programme th\u00e9matique et festif dans les r\u00e9gions \u00cele-de-France, dans le Centre et au nord des Pays de Loire (sur le site de l\u2019AlterTour)<br \/>\n&#8211; les 16-17-18 juillet : Escale dans un Paradis fiscal, avec notamment Eva Joly et John Christensen du r\u00e9seau International \u00ab Tax Justice \u00bb<br \/>\n&#8211; De mi-juillet \u00e0 mi-ao\u00fbt : Programme th\u00e9matique et festif en Bretagne, au sud des Pays de Loire en Poitou-Charentes et dans le Limousin (sur le site de l\u2019AlterTour)<br \/>\n&#8211; Arriv\u00e9e les 13-14 ao\u00fbt : AlterCamp \u00ab Services Public \u00bb avec Paul Ari\u00e8s, \u00e0 Jarnages (Creuse)<\/span><\/p>\n<p style=\"text-align: right;\"><strong>Bretagne Durable<\/strong><\/p>\n","protected":false},"excerpt":{"rendered":"<p>Deux fois moins de distance parcourue que l&rsquo;autre Tour de France cycliste, et en deux fois plus de temps, soit : 2000 km en six semaines sur un parcours &#8211; qui plus est &#8211; en forme d\u2019escargot. Cette contre-performance est bien compr\u00e9hensible, puisque les personnes de tous \u00e2ges qui participent &#8230; <\/p>\n<div><a href=\"https:\/\/www.altercampagne.net\/?p=4521\" class=\"more-link\">Read More<\/a><\/div>\n","protected":false},"author":214,"featured_media":0,"comment_status":"closed","ping_status":"closed","sticky":false,"template":"","format":"standard","meta":{"footnotes":""},"categories":[239],"tags":[1271,1272,1301,2095],"class_list":["post-4521","post","type-post","status-publish","format-standard","hentry","category-revue-de-presse","tag-marc-dufumier","tag-paul-aries","tag-altertour-2010","tag-2095","no-post-thumbnail"],"yoast_head":"<!-- This site is optimized with the Yoast SEO plugin v27.3 - https:\/\/yoast.com\/product\/yoast-seo-wordpress\/ -->\n<title>L&#039;AlterTour 2010 fait l\u2019\u00e9loge de la lenteur - AlterTour<\/title>\n<meta name=\"robots\" content=\"index, follow, max-snippet:-1, max-image-preview:large, max-video-preview:-1\" \/>\n<link rel=\"canonical\" href=\"https:\/\/www.altercampagne.net\/?p=4521\" \/>\n<meta property=\"og:locale\" content=\"fr_FR\" \/>\n<meta property=\"og:type\" content=\"article\" \/>\n<meta property=\"og:title\" content=\"L&#039;AlterTour 2010 fait l\u2019\u00e9loge de la lenteur - AlterTour\" \/>\n<meta property=\"og:description\" content=\"Deux fois moins de distance parcourue que l&rsquo;autre Tour de France cycliste, et en deux fois plus de temps, soit : 2000 km en six semaines sur un parcours &#8211; qui plus est &#8211; en forme d\u2019escargot. Cette contre-performance est bien compr\u00e9hensible, puisque les personnes de tous \u00e2ges qui participent ... Read More\" \/>\n<meta property=\"og:url\" content=\"https:\/\/www.altercampagne.net\/?p=4521\" \/>\n<meta property=\"og:site_name\" content=\"AlterTour\" \/>\n<meta property=\"article:published_time\" content=\"2010-07-06T12:43:16+00:00\" \/>\n<meta property=\"article:modified_time\" content=\"2016-04-23T12:45:25+00:00\" \/>\n<meta name=\"author\" content=\"Mathieu\" \/>\n<meta name=\"twitter:card\" content=\"summary_large_image\" \/>\n<meta name=\"twitter:label1\" content=\"\u00c9crit par\" \/>\n\t<meta name=\"twitter:data1\" content=\"Mathieu\" \/>\n\t<meta name=\"twitter:label2\" content=\"Dur\u00e9e de lecture estim\u00e9e\" \/>\n\t<meta name=\"twitter:data2\" content=\"2 minutes\" \/>\n<script type=\"application\/ld+json\" class=\"yoast-schema-graph\">{\"@context\":\"https:\\\/\\\/schema.org\",\"@graph\":[{\"@type\":\"Article\",\"@id\":\"https:\\\/\\\/www.altercampagne.net\\\/?p=4521#article\",\"isPartOf\":{\"@id\":\"https:\\\/\\\/www.altercampagne.net\\\/?p=4521\"},\"author\":{\"name\":\"Mathieu\",\"@id\":\"https:\\\/\\\/www.altercampagne.net\\\/#\\\/schema\\\/person\\\/0f261460c09e430caa0f9bcffa319109\"},\"headline\":\"L&rsquo;AlterTour 2010 fait l\u2019\u00e9loge de la lenteur\",\"datePublished\":\"2010-07-06T12:43:16+00:00\",\"dateModified\":\"2016-04-23T12:45:25+00:00\",\"mainEntityOfPage\":{\"@id\":\"https:\\\/\\\/www.altercampagne.net\\\/?p=4521\"},\"wordCount\":423,\"keywords\":[\"Marc Dufumier\",\"Paul Ari\u00e8s\",\"AlterTour 2010\",\"2010\"],\"articleSection\":[\"Revue de presse\"],\"inLanguage\":\"fr-FR\"},{\"@type\":\"WebPage\",\"@id\":\"https:\\\/\\\/www.altercampagne.net\\\/?p=4521\",\"url\":\"https:\\\/\\\/www.altercampagne.net\\\/?p=4521\",\"name\":\"L'AlterTour 2010 fait l\u2019\u00e9loge de la lenteur - AlterTour\",\"isPartOf\":{\"@id\":\"https:\\\/\\\/www.altercampagne.net\\\/#website\"},\"datePublished\":\"2010-07-06T12:43:16+00:00\",\"dateModified\":\"2016-04-23T12:45:25+00:00\",\"author\":{\"@id\":\"https:\\\/\\\/www.altercampagne.net\\\/#\\\/schema\\\/person\\\/0f261460c09e430caa0f9bcffa319109\"},\"breadcrumb\":{\"@id\":\"https:\\\/\\\/www.altercampagne.net\\\/?p=4521#breadcrumb\"},\"inLanguage\":\"fr-FR\",\"potentialAction\":[{\"@type\":\"ReadAction\",\"target\":[\"https:\\\/\\\/www.altercampagne.net\\\/?p=4521\"]}]},{\"@type\":\"BreadcrumbList\",\"@id\":\"https:\\\/\\\/www.altercampagne.net\\\/?p=4521#breadcrumb\",\"itemListElement\":[{\"@type\":\"ListItem\",\"position\":1,\"name\":\"Accueil\",\"item\":\"https:\\\/\\\/www.altercampagne.net\\\/\"},{\"@type\":\"ListItem\",\"position\":2,\"name\":\"L&rsquo;AlterTour 2010 fait l\u2019\u00e9loge de la lenteur\"}]},{\"@type\":\"WebSite\",\"@id\":\"https:\\\/\\\/www.altercampagne.net\\\/#website\",\"url\":\"https:\\\/\\\/www.altercampagne.net\\\/\",\"name\":\"AlterTour\",\"description\":\"Reliez les Alternatives \u00e0 v\u00e9lo\",\"potentialAction\":[{\"@type\":\"SearchAction\",\"target\":{\"@type\":\"EntryPoint\",\"urlTemplate\":\"https:\\\/\\\/www.altercampagne.net\\\/?s={search_term_string}\"},\"query-input\":{\"@type\":\"PropertyValueSpecification\",\"valueRequired\":true,\"valueName\":\"search_term_string\"}}],\"inLanguage\":\"fr-FR\"},{\"@type\":\"Person\",\"@id\":\"https:\\\/\\\/www.altercampagne.net\\\/#\\\/schema\\\/person\\\/0f261460c09e430caa0f9bcffa319109\",\"name\":\"Mathieu\",\"image\":{\"@type\":\"ImageObject\",\"inLanguage\":\"fr-FR\",\"@id\":\"https:\\\/\\\/secure.gravatar.com\\\/avatar\\\/aa9d3d24c83f2141e5e2709d0f63d09a99f6be6bb7a50abc4915838d9f54501a?s=96&d=mm&r=g\",\"url\":\"https:\\\/\\\/secure.gravatar.com\\\/avatar\\\/aa9d3d24c83f2141e5e2709d0f63d09a99f6be6bb7a50abc4915838d9f54501a?s=96&d=mm&r=g\",\"contentUrl\":\"https:\\\/\\\/secure.gravatar.com\\\/avatar\\\/aa9d3d24c83f2141e5e2709d0f63d09a99f6be6bb7a50abc4915838d9f54501a?s=96&d=mm&r=g\",\"caption\":\"Mathieu\"},\"url\":\"https:\\\/\\\/www.altercampagne.net\\\/?author=214\"}]}<\/script>\n<!-- \/ Yoast SEO plugin. -->","yoast_head_json":{"title":"L'AlterTour 2010 fait l\u2019\u00e9loge de la lenteur - AlterTour","robots":{"index":"index","follow":"follow","max-snippet":"max-snippet:-1","max-image-preview":"max-image-preview:large","max-video-preview":"max-video-preview:-1"},"canonical":"https:\/\/www.altercampagne.net\/?p=4521","og_locale":"fr_FR","og_type":"article","og_title":"L'AlterTour 2010 fait l\u2019\u00e9loge de la lenteur - AlterTour","og_description":"Deux fois moins de distance parcourue que l&rsquo;autre Tour de France cycliste, et en deux fois plus de temps, soit : 2000 km en six semaines sur un parcours &#8211; qui plus est &#8211; en forme d\u2019escargot. Cette contre-performance est bien compr\u00e9hensible, puisque les personnes de tous \u00e2ges qui participent ... Read More","og_url":"https:\/\/www.altercampagne.net\/?p=4521","og_site_name":"AlterTour","article_published_time":"2010-07-06T12:43:16+00:00","article_modified_time":"2016-04-23T12:45:25+00:00","author":"Mathieu","twitter_card":"summary_large_image","twitter_misc":{"\u00c9crit par":"Mathieu","Dur\u00e9e de lecture estim\u00e9e":"2 minutes"},"schema":{"@context":"https:\/\/schema.org","@graph":[{"@type":"Article","@id":"https:\/\/www.altercampagne.net\/?p=4521#article","isPartOf":{"@id":"https:\/\/www.altercampagne.net\/?p=4521"},"author":{"name":"Mathieu","@id":"https:\/\/www.altercampagne.net\/#\/schema\/person\/0f261460c09e430caa0f9bcffa319109"},"headline":"L&rsquo;AlterTour 2010 fait l\u2019\u00e9loge de la lenteur","datePublished":"2010-07-06T12:43:16+00:00","dateModified":"2016-04-23T12:45:25+00:00","mainEntityOfPage":{"@id":"https:\/\/www.altercampagne.net\/?p=4521"},"wordCount":423,"keywords":["Marc Dufumier","Paul Ari\u00e8s","AlterTour 2010","2010"],"articleSection":["Revue de presse"],"inLanguage":"fr-FR"},{"@type":"WebPage","@id":"https:\/\/www.altercampagne.net\/?p=4521","url":"https:\/\/www.altercampagne.net\/?p=4521","name":"L'AlterTour 2010 fait l\u2019\u00e9loge de la lenteur - AlterTour","isPartOf":{"@id":"https:\/\/www.altercampagne.net\/#website"},"datePublished":"2010-07-06T12:43:16+00:00","dateModified":"2016-04-23T12:45:25+00:00","author":{"@id":"https:\/\/www.altercampagne.net\/#\/schema\/person\/0f261460c09e430caa0f9bcffa319109"},"breadcrumb":{"@id":"https:\/\/www.altercampagne.net\/?p=4521#breadcrumb"},"inLanguage":"fr-FR","potentialAction":[{"@type":"ReadAction","target":["https:\/\/www.altercampagne.net\/?p=4521"]}]},{"@type":"BreadcrumbList","@id":"https:\/\/www.altercampagne.net\/?p=4521#breadcrumb","itemListElement":[{"@type":"ListItem","position":1,"name":"Accueil","item":"https:\/\/www.altercampagne.net\/"},{"@type":"ListItem","position":2,"name":"L&rsquo;AlterTour 2010 fait l\u2019\u00e9loge de la lenteur"}]},{"@type":"WebSite","@id":"https:\/\/www.altercampagne.net\/#website","url":"https:\/\/www.altercampagne.net\/","name":"AlterTour","description":"Reliez les Alternatives \u00e0 v\u00e9lo","potentialAction":[{"@type":"SearchAction","target":{"@type":"EntryPoint","urlTemplate":"https:\/\/www.altercampagne.net\/?s={search_term_string}"},"query-input":{"@type":"PropertyValueSpecification","valueRequired":true,"valueName":"search_term_string"}}],"inLanguage":"fr-FR"},{"@type":"Person","@id":"https:\/\/www.altercampagne.net\/#\/schema\/person\/0f261460c09e430caa0f9bcffa319109","name":"Mathieu","image":{"@type":"ImageObject","inLanguage":"fr-FR","@id":"https:\/\/secure.gravatar.com\/avatar\/aa9d3d24c83f2141e5e2709d0f63d09a99f6be6bb7a50abc4915838d9f54501a?s=96&d=mm&r=g","url":"https:\/\/secure.gravatar.com\/avatar\/aa9d3d24c83f2141e5e2709d0f63d09a99f6be6bb7a50abc4915838d9f54501a?s=96&d=mm&r=g","contentUrl":"https:\/\/secure.gravatar.com\/avatar\/aa9d3d24c83f2141e5e2709d0f63d09a99f6be6bb7a50abc4915838d9f54501a?s=96&d=mm&r=g","caption":"Mathieu"},"url":"https:\/\/www.altercampagne.net\/?author=214"}]}},"_links":{"self":[{"href":"https:\/\/www.altercampagne.net\/index.php?rest_route=\/wp\/v2\/posts\/4521","targetHints":{"allow":["GET"]}}],"collection":[{"href":"https:\/\/www.altercampagne.net\/index.php?rest_route=\/wp\/v2\/posts"}],"about":[{"href":"https:\/\/www.altercampagne.net\/index.php?rest_route=\/wp\/v2\/types\/post"}],"author":[{"embeddable":true,"href":"https:\/\/www.altercampagne.net\/index.php?rest_route=\/wp\/v2\/users\/214"}],"replies":[{"embeddable":true,"href":"https:\/\/www.altercampagne.net\/index.php?rest_route=%2Fwp%2Fv2%2Fcomments&post=4521"}],"version-history":[{"count":0,"href":"https:\/\/www.altercampagne.net\/index.php?rest_route=\/wp\/v2\/posts\/4521\/revisions"}],"wp:attachment":[{"href":"https:\/\/www.altercampagne.net\/index.php?rest_route=%2Fwp%2Fv2%2Fmedia&parent=4521"}],"wp:term":[{"taxonomy":"category","embeddable":true,"href":"https:\/\/www.altercampagne.net\/index.php?rest_route=%2Fwp%2Fv2%2Fcategories&post=4521"},{"taxonomy":"post_tag","embeddable":true,"href":"https:\/\/www.altercampagne.net\/index.php?rest_route=%2Fwp%2Fv2%2Ftags&post=4521"}],"curies":[{"name":"wp","href":"https:\/\/api.w.org\/{rel}","templated":true}]}}